{"id":17120,"date":"2026-01-16T11:00:08","date_gmt":"2026-01-16T17:00:08","guid":{"rendered":"https:\/\/www.nexoinformativo.mx\/?p=17120"},"modified":"2026-01-19T11:59:02","modified_gmt":"2026-01-19T17:59:02","slug":"congreso-de-queretaro-afianzara-sinergia-en-seguridad","status":"publish","type":"post","link":"https:\/\/www.nexoinformativo.mx\/index.php\/2026\/01\/16\/congreso-de-queretaro-afianzara-sinergia-en-seguridad\/","title":{"rendered":"Congreso de Quer\u00e9taro afianzar\u00e1 Sinergia en seguridad"},"content":{"rendered":"\r\n<p style=\"text-align: justify;\">Guillermo Vega Guerrero, presidente de la Comisi\u00f3n de Administraci\u00f3n y Procuraci\u00f3n de Justicia, inform\u00f3 que el Congreso de Quer\u00e9taro avanzar\u00e1 para que la estrategia Sinergia en materia de seguridad quede establecida en la ley, con el objetivo de fortalecer la coordinaci\u00f3n entre autoridades municipales y estatales en beneficio de la ciudadan\u00eda.<\/p>\r\n\r\n\r\n\r\n<p style=\"text-align: justify;\"><br \/>El legislador explic\u00f3 que la Sinergia ser\u00e1 encabezada por la Fiscal\u00eda del Estado, la cual coordinar\u00e1 las acciones conjuntas para lograr hallazgos y obtener datos que conduzcan a la detenci\u00f3n de criminales en Quer\u00e9taro. Destac\u00f3 que, aunque actualmente ya existe colaboraci\u00f3n entre las corporaciones de seguridad, es importante que esta cooperaci\u00f3n tambi\u00e9n quede formalizada por escrito.<\/p>\r\n\r\n\r\n\r\n<p style=\"text-align: justify;\"><br \/>Este lunes, la comisi\u00f3n que preside Vega Guerrero votar\u00e1 la propuesta para institucionalizar la Sinergia, con lo que se busca reforzar el trabajo conjunto de las instituciones de seguridad municipales y estatales a favor de la Fiscal\u00eda.<\/p>\r\n\r\n\r\n\r\n<p style=\"text-align: justify;\"><br \/>Adem\u00e1s, el Congreso iniciar\u00e1 los trabajos para homologar el marco normativo local con el federal en materia de extorsi\u00f3n, uno de los principales objetivos del Gobierno de M\u00e9xico en el combate a este delito.<\/p>\r\n<p>&nbsp;<\/p>\r\n<p style=\"text-align: center;\"><em><strong>\u00a1Informaci\u00f3n que transforma!<\/strong><\/em><\/p>\r\n","protected":false},"excerpt":{"rendered":"<p>Guillermo Vega Guerrero, presidente de la Comisi\u00f3n de Administraci\u00f3n y Procuraci\u00f3n de Justicia, inform\u00f3 que el Congreso de Quer\u00e9taro avanzar\u00e1 para que la estrategia Sinergia en materia de seguridad quede establecida en la ley, con el objetivo de fortalecer la coordinaci\u00f3n entre autoridades municipales y estatales en beneficio de la ciudadan\u00eda.<\/p>\n","protected":false},"author":3,"featured_media":17119,"comment_status":"open","ping_status":"open","sticky":false,"template":"","format":"standard","meta":{"footnotes":""},"categories":[1588,42,58],"tags":[5100,130,133,131,5101],"class_list":["post-17120","post","type-post","status-publish","format-standard","has-post-thumbnail","hentry","category-congreso","category-estado","category-ultima-hora","tag-congreso","tag-fiscalia","tag-queretaro","tag-seguridad","tag-sinergia"],"yoast_head":"<!-- This site is optimized with the Yoast SEO plugin v25.0 - https:\/\/yoast.com\/wordpress\/plugins\/seo\/ -->\n<title>Congreso de Quer\u00e9taro afianzar\u00e1 Sinergia en seguridad | Nexo Informativo Santiago de Quer\u00e9taro<\/title>\n<meta name=\"robots\" content=\"index, follow, max-snippet:-1, max-image-preview:large, max-video-preview:-1\" \/>\n<link rel=\"canonical\" href=\"https:\/\/www.nexoinformativo.mx\/index.php\/2026\/01\/16\/congreso-de-queretaro-afianzara-sinergia-en-seguridad\/\" \/>\n<meta property=\"og:locale\" content=\"es_MX\" \/>\n<meta property=\"og:type\" content=\"article\" \/>\n<meta property=\"og:title\" content=\"Congreso de Quer\u00e9taro afianzar\u00e1 Sinergia en seguridad | Nexo Informativo Santiago de Quer\u00e9taro\" \/>\n<meta property=\"og:description\" content=\"Guillermo Vega Guerrero, presidente de la Comisi\u00f3n de Administraci\u00f3n y Procuraci\u00f3n de Justicia, inform\u00f3 que el Congreso de Quer\u00e9taro avanzar\u00e1 para que la estrategia Sinergia en materia de seguridad quede establecida en la ley, con el objetivo de fortalecer la coordinaci\u00f3n entre autoridades municipales y estatales en beneficio de la ciudadan\u00eda.\" \/>\n<meta property=\"og:url\" content=\"https:\/\/www.nexoinformativo.mx\/index.php\/2026\/01\/16\/congreso-de-queretaro-afianzara-sinergia-en-seguridad\/\" \/>\n<meta property=\"og:site_name\" content=\"Nexo Informativo Santiago de Quer\u00e9taro\" \/>\n<meta property=\"article:publisher\" content=\"https:\/\/www.facebook.com\/people\/Nexo-Informativo\/61564066885511\/\" \/>\n<meta property=\"article:published_time\" content=\"2026-01-16T17:00:08+00:00\" \/>\n<meta property=\"article:modified_time\" content=\"2026-01-19T17:59:02+00:00\" \/>\n<meta property=\"og:image\" content=\"https:\/\/www.nexoinformativo.mx\/wp-content\/uploads\/2026\/01\/IMG-20260116-WA0013-e1768845452589.jpg\" \/>\n\t<meta property=\"og:image:width\" content=\"800\" \/>\n\t<meta property=\"og:image:height\" content=\"600\" \/>\n\t<meta property=\"og:image:type\" content=\"image\/jpeg\" \/>\n<meta name=\"author\" content=\"Nexo Informativo\" \/>\n<meta name=\"twitter:card\" content=\"summary_large_image\" \/>\n<meta name=\"twitter:label1\" content=\"Escrito por\" \/>\n\t<meta name=\"twitter:data1\" content=\"Nexo Informativo\" \/>\n\t<meta name=\"twitter:label2\" content=\"Tiempo de lectura\" \/>\n\t<meta name=\"twitter:data2\" content=\"2 minutos\" \/>\n<script type=\"application\/ld+json\" class=\"yoast-schema-graph\">{\"@context\":\"https:\/\/schema.org\",\"@graph\":[{\"@type\":\"Article\",\"@id\":\"https:\/\/www.nexoinformativo.mx\/index.php\/2026\/01\/16\/congreso-de-queretaro-afianzara-sinergia-en-seguridad\/#article\",\"isPartOf\":{\"@id\":\"https:\/\/www.nexoinformativo.mx\/index.php\/2026\/01\/16\/congreso-de-queretaro-afianzara-sinergia-en-seguridad\/\"},\"author\":{\"name\":\"Nexo Informativo\",\"@id\":\"https:\/\/www.nexoinformativo.mx\/#\/schema\/person\/7749d380ba08c8ca00d7bc76fd907b7d\"},\"headline\":\"Congreso de Quer\u00e9taro afianzar\u00e1 Sinergia en seguridad\",\"datePublished\":\"2026-01-16T17:00:08+00:00\",\"dateModified\":\"2026-01-19T17:59:02+00:00\",\"mainEntityOfPage\":{\"@id\":\"https:\/\/www.nexoinformativo.mx\/index.php\/2026\/01\/16\/congreso-de-queretaro-afianzara-sinergia-en-seguridad\/\"},\"wordCount\":208,\"commentCount\":0,\"publisher\":{\"@id\":\"https:\/\/www.nexoinformativo.mx\/#organization\"},\"image\":{\"@id\":\"https:\/\/www.nexoinformativo.mx\/index.php\/2026\/01\/16\/congreso-de-queretaro-afianzara-sinergia-en-seguridad\/#primaryimage\"},\"thumbnailUrl\":\"https:\/\/www.nexoinformativo.mx\/wp-content\/uploads\/2026\/01\/IMG-20260116-WA0013-e1768845452589.jpg\",\"keywords\":[\"Congreso\",\"Fiscal\u00eda\",\"Quer\u00e9taro\",\"Seguridad\",\"Sinergia\"],\"articleSection\":[\"Congreso\",\"Estado\",\"\u00daltima Hora\"],\"inLanguage\":\"es\",\"potentialAction\":[{\"@type\":\"CommentAction\",\"name\":\"Comment\",\"target\":[\"https:\/\/www.nexoinformativo.mx\/index.php\/2026\/01\/16\/congreso-de-queretaro-afianzara-sinergia-en-seguridad\/#respond\"]}]},{\"@type\":\"WebPage\",\"@id\":\"https:\/\/www.nexoinformativo.mx\/index.php\/2026\/01\/16\/congreso-de-queretaro-afianzara-sinergia-en-seguridad\/\",\"url\":\"https:\/\/www.nexoinformativo.mx\/index.php\/2026\/01\/16\/congreso-de-queretaro-afianzara-sinergia-en-seguridad\/\",\"name\":\"Congreso de Quer\u00e9taro afianzar\u00e1 Sinergia en seguridad | Nexo Informativo Santiago de Quer\u00e9taro\",\"isPartOf\":{\"@id\":\"https:\/\/www.nexoinformativo.mx\/#website\"},\"primaryImageOfPage\":{\"@id\":\"https:\/\/www.nexoinformativo.mx\/index.php\/2026\/01\/16\/congreso-de-queretaro-afianzara-sinergia-en-seguridad\/#primaryimage\"},\"image\":{\"@id\":\"https:\/\/www.nexoinformativo.mx\/index.php\/2026\/01\/16\/congreso-de-queretaro-afianzara-sinergia-en-seguridad\/#primaryimage\"},\"thumbnailUrl\":\"https:\/\/www.nexoinformativo.mx\/wp-content\/uploads\/2026\/01\/IMG-20260116-WA0013-e1768845452589.jpg\",\"datePublished\":\"2026-01-16T17:00:08+00:00\",\"dateModified\":\"2026-01-19T17:59:02+00:00\",\"breadcrumb\":{\"@id\":\"https:\/\/www.nexoinformativo.mx\/index.php\/2026\/01\/16\/congreso-de-queretaro-afianzara-sinergia-en-seguridad\/#breadcrumb\"},\"inLanguage\":\"es\",\"potentialAction\":[{\"@type\":\"ReadAction\",\"target\":[\"https:\/\/www.nexoinformativo.mx\/index.php\/2026\/01\/16\/congreso-de-queretaro-afianzara-sinergia-en-seguridad\/\"]}]},{\"@type\":\"ImageObject\",\"inLanguage\":\"es\",\"@id\":\"https:\/\/www.nexoinformativo.mx\/index.php\/2026\/01\/16\/congreso-de-queretaro-afianzara-sinergia-en-seguridad\/#primaryimage\",\"url\":\"https:\/\/www.nexoinformativo.mx\/wp-content\/uploads\/2026\/01\/IMG-20260116-WA0013-e1768845452589.jpg\",\"contentUrl\":\"https:\/\/www.nexoinformativo.mx\/wp-content\/uploads\/2026\/01\/IMG-20260116-WA0013-e1768845452589.jpg\",\"width\":800,\"height\":600},{\"@type\":\"BreadcrumbList\",\"@id\":\"https:\/\/www.nexoinformativo.mx\/index.php\/2026\/01\/16\/congreso-de-queretaro-afianzara-sinergia-en-seguridad\/#breadcrumb\",\"itemListElement\":[{\"@type\":\"ListItem\",\"position\":1,\"name\":\"Inicio\",\"item\":\"https:\/\/www.nexoinformativo.mx\/\"},{\"@type\":\"ListItem\",\"position\":2,\"name\":\"Congreso de Quer\u00e9taro afianzar\u00e1 Sinergia en seguridad\"}]},{\"@type\":\"WebSite\",\"@id\":\"https:\/\/www.nexoinformativo.mx\/#website\",\"url\":\"https:\/\/www.nexoinformativo.mx\/\",\"name\":\"Nexo Informativo Santiago de Quer\u00e9taro\",\"description\":\"Explora NexoInformativo y convi\u00e9rtete en parte de una comunidad que valora el conocimiento y la verdad. Tu nexoinformativo es tu puente hacia una comprensi\u00f3n m\u00e1s profunda del mundo que te rodea.\",\"publisher\":{\"@id\":\"https:\/\/www.nexoinformativo.mx\/#organization\"},\"potentialAction\":[{\"@type\":\"SearchAction\",\"target\":{\"@type\":\"EntryPoint\",\"urlTemplate\":\"https:\/\/www.nexoinformativo.mx\/?s={search_term_string}\"},\"query-input\":{\"@type\":\"PropertyValueSpecification\",\"valueRequired\":true,\"valueName\":\"search_term_string\"}}],\"inLanguage\":\"es\"},{\"@type\":\"Organization\",\"@id\":\"https:\/\/www.nexoinformativo.mx\/#organization\",\"name\":\"Nexo Informativo Santiago de Quer\u00e9taro\",\"url\":\"https:\/\/www.nexoinformativo.mx\/\",\"logo\":{\"@type\":\"ImageObject\",\"inLanguage\":\"es\",\"@id\":\"https:\/\/www.nexoinformativo.mx\/#\/schema\/logo\/image\/\",\"url\":\"https:\/\/www.nexoinformativo.mx\/wp-content\/uploads\/2024\/07\/nexoi-trasparente-2.png\",\"contentUrl\":\"https:\/\/www.nexoinformativo.mx\/wp-content\/uploads\/2024\/07\/nexoi-trasparente-2.png\",\"width\":816,\"height\":339,\"caption\":\"Nexo Informativo Santiago de Quer\u00e9taro\"},\"image\":{\"@id\":\"https:\/\/www.nexoinformativo.mx\/#\/schema\/logo\/image\/\"},\"sameAs\":[\"https:\/\/www.facebook.com\/people\/Nexo-Informativo\/61564066885511\/\"]},{\"@type\":\"Person\",\"@id\":\"https:\/\/www.nexoinformativo.mx\/#\/schema\/person\/7749d380ba08c8ca00d7bc76fd907b7d\",\"name\":\"Nexo Informativo\",\"image\":{\"@type\":\"ImageObject\",\"inLanguage\":\"es\",\"@id\":\"https:\/\/www.nexoinformativo.mx\/#\/schema\/person\/image\/\",\"url\":\"https:\/\/secure.gravatar.com\/avatar\/dde2928154642a13d95f87ddf1ea9718fe2b46760a005c53e41ff5ad610704e6?s=96&d=mm&r=g\",\"contentUrl\":\"https:\/\/secure.gravatar.com\/avatar\/dde2928154642a13d95f87ddf1ea9718fe2b46760a005c53e41ff5ad610704e6?s=96&d=mm&r=g\",\"caption\":\"Nexo Informativo\"},\"url\":\"https:\/\/www.nexoinformativo.mx\/index.php\/author\/edicion\/\"}]}<\/script>\n<!-- \/ Yoast SEO plugin. -->","yoast_head_json":{"title":"Congreso de Quer\u00e9taro afianzar\u00e1 Sinergia en seguridad | Nexo Informativo Santiago de Quer\u00e9taro","robots":{"index":"index","follow":"follow","max-snippet":"max-snippet:-1","max-image-preview":"max-image-preview:large","max-video-preview":"max-video-preview:-1"},"canonical":"https:\/\/www.nexoinformativo.mx\/index.php\/2026\/01\/16\/congreso-de-queretaro-afianzara-sinergia-en-seguridad\/","og_locale":"es_MX","og_type":"article","og_title":"Congreso de Quer\u00e9taro afianzar\u00e1 Sinergia en seguridad | Nexo Informativo Santiago de Quer\u00e9taro","og_description":"Guillermo Vega Guerrero, presidente de la Comisi\u00f3n de Administraci\u00f3n y Procuraci\u00f3n de Justicia, inform\u00f3 que el Congreso de Quer\u00e9taro avanzar\u00e1 para que la estrategia Sinergia en materia de seguridad quede establecida en la ley, con el objetivo de fortalecer la coordinaci\u00f3n entre autoridades municipales y estatales en beneficio de la ciudadan\u00eda.","og_url":"https:\/\/www.nexoinformativo.mx\/index.php\/2026\/01\/16\/congreso-de-queretaro-afianzara-sinergia-en-seguridad\/","og_site_name":"Nexo Informativo Santiago de Quer\u00e9taro","article_publisher":"https:\/\/www.facebook.com\/people\/Nexo-Informativo\/61564066885511\/","article_published_time":"2026-01-16T17:00:08+00:00","article_modified_time":"2026-01-19T17:59:02+00:00","og_image":[{"width":800,"height":600,"url":"https:\/\/www.nexoinformativo.mx\/wp-content\/uploads\/2026\/01\/IMG-20260116-WA0013-e1768845452589.jpg","type":"image\/jpeg"}],"author":"Nexo Informativo","twitter_card":"summary_large_image","twitter_misc":{"Escrito por":"Nexo Informativo","Tiempo de lectura":"2 minutos"},"schema":{"@context":"https:\/\/schema.org","@graph":[{"@type":"Article","@id":"https:\/\/www.nexoinformativo.mx\/index.php\/2026\/01\/16\/congreso-de-queretaro-afianzara-sinergia-en-seguridad\/#article","isPartOf":{"@id":"https:\/\/www.nexoinformativo.mx\/index.php\/2026\/01\/16\/congreso-de-queretaro-afianzara-sinergia-en-seguridad\/"},"author":{"name":"Nexo Informativo","@id":"https:\/\/www.nexoinformativo.mx\/#\/schema\/person\/7749d380ba08c8ca00d7bc76fd907b7d"},"headline":"Congreso de Quer\u00e9taro afianzar\u00e1 Sinergia en seguridad","datePublished":"2026-01-16T17:00:08+00:00","dateModified":"2026-01-19T17:59:02+00:00","mainEntityOfPage":{"@id":"https:\/\/www.nexoinformativo.mx\/index.php\/2026\/01\/16\/congreso-de-queretaro-afianzara-sinergia-en-seguridad\/"},"wordCount":208,"commentCount":0,"publisher":{"@id":"https:\/\/www.nexoinformativo.mx\/#organization"},"image":{"@id":"https:\/\/www.nexoinformativo.mx\/index.php\/2026\/01\/16\/congreso-de-queretaro-afianzara-sinergia-en-seguridad\/#primaryimage"},"thumbnailUrl":"https:\/\/www.nexoinformativo.mx\/wp-content\/uploads\/2026\/01\/IMG-20260116-WA0013-e1768845452589.jpg","keywords":["Congreso","Fiscal\u00eda","Quer\u00e9taro","Seguridad","Sinergia"],"articleSection":["Congreso","Estado","\u00daltima Hora"],"inLanguage":"es","potentialAction":[{"@type":"CommentAction","name":"Comment","target":["https:\/\/www.nexoinformativo.mx\/index.php\/2026\/01\/16\/congreso-de-queretaro-afianzara-sinergia-en-seguridad\/#respond"]}]},{"@type":"WebPage","@id":"https:\/\/www.nexoinformativo.mx\/index.php\/2026\/01\/16\/congreso-de-queretaro-afianzara-sinergia-en-seguridad\/","url":"https:\/\/www.nexoinformativo.mx\/index.php\/2026\/01\/16\/congreso-de-queretaro-afianzara-sinergia-en-seguridad\/","name":"Congreso de Quer\u00e9taro afianzar\u00e1 Sinergia en seguridad | Nexo Informativo Santiago de Quer\u00e9taro","isPartOf":{"@id":"https:\/\/www.nexoinformativo.mx\/#website"},"primaryImageOfPage":{"@id":"https:\/\/www.nexoinformativo.mx\/index.php\/2026\/01\/16\/congreso-de-queretaro-afianzara-sinergia-en-seguridad\/#primaryimage"},"image":{"@id":"https:\/\/www.nexoinformativo.mx\/index.php\/2026\/01\/16\/congreso-de-queretaro-afianzara-sinergia-en-seguridad\/#primaryimage"},"thumbnailUrl":"https:\/\/www.nexoinformativo.mx\/wp-content\/uploads\/2026\/01\/IMG-20260116-WA0013-e1768845452589.jpg","datePublished":"2026-01-16T17:00:08+00:00","dateModified":"2026-01-19T17:59:02+00:00","breadcrumb":{"@id":"https:\/\/www.nexoinformativo.mx\/index.php\/2026\/01\/16\/congreso-de-queretaro-afianzara-sinergia-en-seguridad\/#breadcrumb"},"inLanguage":"es","potentialAction":[{"@type":"ReadAction","target":["https:\/\/www.nexoinformativo.mx\/index.php\/2026\/01\/16\/congreso-de-queretaro-afianzara-sinergia-en-seguridad\/"]}]},{"@type":"ImageObject","inLanguage":"es","@id":"https:\/\/www.nexoinformativo.mx\/index.php\/2026\/01\/16\/congreso-de-queretaro-afianzara-sinergia-en-seguridad\/#primaryimage","url":"https:\/\/www.nexoinformativo.mx\/wp-content\/uploads\/2026\/01\/IMG-20260116-WA0013-e1768845452589.jpg","contentUrl":"https:\/\/www.nexoinformativo.mx\/wp-content\/uploads\/2026\/01\/IMG-20260116-WA0013-e1768845452589.jpg","width":800,"height":600},{"@type":"BreadcrumbList","@id":"https:\/\/www.nexoinformativo.mx\/index.php\/2026\/01\/16\/congreso-de-queretaro-afianzara-sinergia-en-seguridad\/#breadcrumb","itemListElement":[{"@type":"ListItem","position":1,"name":"Inicio","item":"https:\/\/www.nexoinformativo.mx\/"},{"@type":"ListItem","position":2,"name":"Congreso de Quer\u00e9taro afianzar\u00e1 Sinergia en seguridad"}]},{"@type":"WebSite","@id":"https:\/\/www.nexoinformativo.mx\/#website","url":"https:\/\/www.nexoinformativo.mx\/","name":"Nexo Informativo Santiago de Quer\u00e9taro","description":"Explora NexoInformativo y convi\u00e9rtete en parte de una comunidad que valora el conocimiento y la verdad. Tu nexoinformativo es tu puente hacia una comprensi\u00f3n m\u00e1s profunda del mundo que te rodea.","publisher":{"@id":"https:\/\/www.nexoinformativo.mx\/#organization"},"potentialAction":[{"@type":"SearchAction","target":{"@type":"EntryPoint","urlTemplate":"https:\/\/www.nexoinformativo.mx\/?s={search_term_string}"},"query-input":{"@type":"PropertyValueSpecification","valueRequired":true,"valueName":"search_term_string"}}],"inLanguage":"es"},{"@type":"Organization","@id":"https:\/\/www.nexoinformativo.mx\/#organization","name":"Nexo Informativo Santiago de Quer\u00e9taro","url":"https:\/\/www.nexoinformativo.mx\/","logo":{"@type":"ImageObject","inLanguage":"es","@id":"https:\/\/www.nexoinformativo.mx\/#\/schema\/logo\/image\/","url":"https:\/\/www.nexoinformativo.mx\/wp-content\/uploads\/2024\/07\/nexoi-trasparente-2.png","contentUrl":"https:\/\/www.nexoinformativo.mx\/wp-content\/uploads\/2024\/07\/nexoi-trasparente-2.png","width":816,"height":339,"caption":"Nexo Informativo Santiago de Quer\u00e9taro"},"image":{"@id":"https:\/\/www.nexoinformativo.mx\/#\/schema\/logo\/image\/"},"sameAs":["https:\/\/www.facebook.com\/people\/Nexo-Informativo\/61564066885511\/"]},{"@type":"Person","@id":"https:\/\/www.nexoinformativo.mx\/#\/schema\/person\/7749d380ba08c8ca00d7bc76fd907b7d","name":"Nexo Informativo","image":{"@type":"ImageObject","inLanguage":"es","@id":"https:\/\/www.nexoinformativo.mx\/#\/schema\/person\/image\/","url":"https:\/\/secure.gravatar.com\/avatar\/dde2928154642a13d95f87ddf1ea9718fe2b46760a005c53e41ff5ad610704e6?s=96&d=mm&r=g","contentUrl":"https:\/\/secure.gravatar.com\/avatar\/dde2928154642a13d95f87ddf1ea9718fe2b46760a005c53e41ff5ad610704e6?s=96&d=mm&r=g","caption":"Nexo Informativo"},"url":"https:\/\/www.nexoinformativo.mx\/index.php\/author\/edicion\/"}]}},"_links":{"self":[{"href":"https:\/\/www.nexoinformativo.mx\/index.php\/wp-json\/wp\/v2\/posts\/17120","targetHints":{"allow":["GET"]}}],"collection":[{"href":"https:\/\/www.nexoinformativo.mx\/index.php\/wp-json\/wp\/v2\/posts"}],"about":[{"href":"https:\/\/www.nexoinformativo.mx\/index.php\/wp-json\/wp\/v2\/types\/post"}],"author":[{"embeddable":true,"href":"https:\/\/www.nexoinformativo.mx\/index.php\/wp-json\/wp\/v2\/users\/3"}],"replies":[{"embeddable":true,"href":"https:\/\/www.nexoinformativo.mx\/index.php\/wp-json\/wp\/v2\/comments?post=17120"}],"version-history":[{"count":3,"href":"https:\/\/www.nexoinformativo.mx\/index.php\/wp-json\/wp\/v2\/posts\/17120\/revisions"}],"predecessor-version":[{"id":17137,"href":"https:\/\/www.nexoinformativo.mx\/index.php\/wp-json\/wp\/v2\/posts\/17120\/revisions\/17137"}],"wp:featuredmedia":[{"embeddable":true,"href":"https:\/\/www.nexoinformativo.mx\/index.php\/wp-json\/wp\/v2\/media\/17119"}],"wp:attachment":[{"href":"https:\/\/www.nexoinformativo.mx\/index.php\/wp-json\/wp\/v2\/media?parent=17120"}],"wp:term":[{"taxonomy":"category","embeddable":true,"href":"https:\/\/www.nexoinformativo.mx\/index.php\/wp-json\/wp\/v2\/categories?post=17120"},{"taxonomy":"post_tag","embeddable":true,"href":"https:\/\/www.nexoinformativo.mx\/index.php\/wp-json\/wp\/v2\/tags?post=17120"}],"curies":[{"name":"wp","href":"https:\/\/api.w.org\/{rel}","templated":true}]}}