{"id":17126,"date":"2026-01-16T19:00:48","date_gmt":"2026-01-17T01:00:48","guid":{"rendered":"https:\/\/www.nexoinformativo.mx\/?p=17126"},"modified":"2026-01-19T12:08:35","modified_gmt":"2026-01-19T18:08:35","slug":"fiscalia-ejecuta-seis-ordenes-de-aprehension-por-fraude-en-queretaro","status":"publish","type":"post","link":"https:\/\/www.nexoinformativo.mx\/index.php\/2026\/01\/16\/fiscalia-ejecuta-seis-ordenes-de-aprehension-por-fraude-en-queretaro\/","title":{"rendered":"Fiscal\u00eda ejecuta seis \u00f3rdenes de aprehensi\u00f3n por fraude en Quer\u00e9taro"},"content":{"rendered":"\r\n<p style=\"text-align: justify;\">La Fiscal\u00eda General del Estado de Quer\u00e9taro inform\u00f3 que, como parte de la estrategia Sinergia por Quer\u00e9taro, se dio seguimiento a investigaciones por fraude de alto impacto social, logrando la ejecuci\u00f3n de seis \u00f3rdenes de aprehensi\u00f3n tras cateos realizados en los municipios de Pedro Escobedo y Huimilpan.<\/p>\r\n\r\n\r\n\r\n<p style=\"text-align: justify;\"><br \/>Las acciones se desarrollaron mediante un trabajo coordinado de investigaci\u00f3n ministerial, policial y pericial, con el respaldo de la Guardia Nacional, el Ej\u00e9rcito Mexicano y la Polic\u00eda Estatal, fortaleciendo las labores de seguridad y procuraci\u00f3n de justicia en Quer\u00e9taro.<\/p>\r\n\r\n\r\n\r\n<p style=\"text-align: justify;\"><br \/>Las personas detenidas estar\u00edan vinculadas a un esquema de caja de ahorro que habr\u00eda generado afectaciones econ\u00f3micas a varias personas. Los implicados ya fueron puestos a disposici\u00f3n de la autoridad judicial, que ser\u00e1 la encargada de determinar su situaci\u00f3n jur\u00eddica conforme a la ley en M\u00e9xico.<\/p>\r\n<p>&nbsp;<\/p>\r\n<p style=\"text-align: center;\"><em><strong>\u00a1Informaci\u00f3n que transforma!<\/strong><\/em><\/p>\r\n","protected":false},"excerpt":{"rendered":"<p>La Fiscal\u00eda General del Estado de Quer\u00e9taro inform\u00f3 que, como parte de la estrategia Sinergia por Quer\u00e9taro, se dio seguimiento a investigaciones por fraude de alto impacto social, logrando la ejecuci\u00f3n de seis \u00f3rdenes de aprehensi\u00f3n tras cateos realizados en los municipios de Pedro Escobedo y Huimilpan.<\/p>\n","protected":false},"author":3,"featured_media":17125,"comment_status":"open","ping_status":"open","sticky":false,"template":"","format":"standard","meta":{"footnotes":""},"categories":[65,137,58],"tags":[5103,2822,133,131],"class_list":["post-17126","post","type-post","status-publish","format-standard","has-post-thumbnail","hentry","category-municipios","category-sucesos","category-ultima-hora","tag-combatealfraude","tag-fiscaliaqro","tag-queretaro","tag-seguridad"],"yoast_head":"<!-- This site is optimized with the Yoast SEO plugin v25.0 - https:\/\/yoast.com\/wordpress\/plugins\/seo\/ -->\n<title>Fiscal\u00eda ejecuta seis \u00f3rdenes de aprehensi\u00f3n por fraude en Quer\u00e9taro | Nexo Informativo Santiago de Quer\u00e9taro<\/title>\n<meta name=\"description\" content=\"Fiscal\u00eda ejecuta seis \u00f3rdenes de aprehensi\u00f3n por fraude en Quer\u00e9taro\" \/>\n<meta name=\"robots\" content=\"index, follow, max-snippet:-1, max-image-preview:large, max-video-preview:-1\" \/>\n<link rel=\"canonical\" href=\"https:\/\/www.nexoinformativo.mx\/index.php\/2026\/01\/16\/fiscalia-ejecuta-seis-ordenes-de-aprehension-por-fraude-en-queretaro\/\" \/>\n<meta property=\"og:locale\" content=\"es_MX\" \/>\n<meta property=\"og:type\" content=\"article\" \/>\n<meta property=\"og:title\" content=\"Fiscal\u00eda ejecuta seis \u00f3rdenes de aprehensi\u00f3n por fraude en Quer\u00e9taro | Nexo Informativo Santiago de Quer\u00e9taro\" \/>\n<meta property=\"og:description\" content=\"Fiscal\u00eda ejecuta seis \u00f3rdenes de aprehensi\u00f3n por fraude en Quer\u00e9taro\" \/>\n<meta property=\"og:url\" content=\"https:\/\/www.nexoinformativo.mx\/index.php\/2026\/01\/16\/fiscalia-ejecuta-seis-ordenes-de-aprehension-por-fraude-en-queretaro\/\" \/>\n<meta property=\"og:site_name\" content=\"Nexo Informativo Santiago de Quer\u00e9taro\" \/>\n<meta property=\"article:publisher\" content=\"https:\/\/www.facebook.com\/people\/Nexo-Informativo\/61564066885511\/\" \/>\n<meta property=\"article:published_time\" content=\"2026-01-17T01:00:48+00:00\" \/>\n<meta property=\"article:modified_time\" content=\"2026-01-19T18:08:35+00:00\" \/>\n<meta property=\"og:image\" content=\"https:\/\/www.nexoinformativo.mx\/wp-content\/uploads\/2026\/01\/20260116_185911-e1768846099630.jpg\" \/>\n\t<meta property=\"og:image:width\" content=\"800\" \/>\n\t<meta property=\"og:image:height\" content=\"505\" \/>\n\t<meta property=\"og:image:type\" content=\"image\/jpeg\" \/>\n<meta name=\"author\" content=\"Nexo Informativo\" \/>\n<meta name=\"twitter:card\" content=\"summary_large_image\" \/>\n<meta name=\"twitter:label1\" content=\"Escrito por\" \/>\n\t<meta name=\"twitter:data1\" content=\"Nexo Informativo\" \/>\n\t<meta name=\"twitter:label2\" content=\"Tiempo de lectura\" \/>\n\t<meta name=\"twitter:data2\" content=\"1 minuto\" \/>\n<script type=\"application\/ld+json\" class=\"yoast-schema-graph\">{\"@context\":\"https:\/\/schema.org\",\"@graph\":[{\"@type\":\"Article\",\"@id\":\"https:\/\/www.nexoinformativo.mx\/index.php\/2026\/01\/16\/fiscalia-ejecuta-seis-ordenes-de-aprehension-por-fraude-en-queretaro\/#article\",\"isPartOf\":{\"@id\":\"https:\/\/www.nexoinformativo.mx\/index.php\/2026\/01\/16\/fiscalia-ejecuta-seis-ordenes-de-aprehension-por-fraude-en-queretaro\/\"},\"author\":{\"name\":\"Nexo Informativo\",\"@id\":\"https:\/\/www.nexoinformativo.mx\/#\/schema\/person\/7749d380ba08c8ca00d7bc76fd907b7d\"},\"headline\":\"Fiscal\u00eda ejecuta seis \u00f3rdenes de aprehensi\u00f3n por fraude en Quer\u00e9taro\",\"datePublished\":\"2026-01-17T01:00:48+00:00\",\"dateModified\":\"2026-01-19T18:08:35+00:00\",\"mainEntityOfPage\":{\"@id\":\"https:\/\/www.nexoinformativo.mx\/index.php\/2026\/01\/16\/fiscalia-ejecuta-seis-ordenes-de-aprehension-por-fraude-en-queretaro\/\"},\"wordCount\":167,\"commentCount\":0,\"publisher\":{\"@id\":\"https:\/\/www.nexoinformativo.mx\/#organization\"},\"image\":{\"@id\":\"https:\/\/www.nexoinformativo.mx\/index.php\/2026\/01\/16\/fiscalia-ejecuta-seis-ordenes-de-aprehension-por-fraude-en-queretaro\/#primaryimage\"},\"thumbnailUrl\":\"https:\/\/www.nexoinformativo.mx\/wp-content\/uploads\/2026\/01\/20260116_185911-e1768846099630.jpg\",\"keywords\":[\"CombateAlFraude\",\"Fiscal\u00edaQro\",\"Quer\u00e9taro\",\"Seguridad\"],\"articleSection\":[\"Municipios\",\"Sucesos\",\"\u00daltima Hora\"],\"inLanguage\":\"es\",\"potentialAction\":[{\"@type\":\"CommentAction\",\"name\":\"Comment\",\"target\":[\"https:\/\/www.nexoinformativo.mx\/index.php\/2026\/01\/16\/fiscalia-ejecuta-seis-ordenes-de-aprehension-por-fraude-en-queretaro\/#respond\"]}]},{\"@type\":\"WebPage\",\"@id\":\"https:\/\/www.nexoinformativo.mx\/index.php\/2026\/01\/16\/fiscalia-ejecuta-seis-ordenes-de-aprehension-por-fraude-en-queretaro\/\",\"url\":\"https:\/\/www.nexoinformativo.mx\/index.php\/2026\/01\/16\/fiscalia-ejecuta-seis-ordenes-de-aprehension-por-fraude-en-queretaro\/\",\"name\":\"Fiscal\u00eda ejecuta seis \u00f3rdenes de aprehensi\u00f3n por fraude en Quer\u00e9taro | Nexo Informativo Santiago de Quer\u00e9taro\",\"isPartOf\":{\"@id\":\"https:\/\/www.nexoinformativo.mx\/#website\"},\"primaryImageOfPage\":{\"@id\":\"https:\/\/www.nexoinformativo.mx\/index.php\/2026\/01\/16\/fiscalia-ejecuta-seis-ordenes-de-aprehension-por-fraude-en-queretaro\/#primaryimage\"},\"image\":{\"@id\":\"https:\/\/www.nexoinformativo.mx\/index.php\/2026\/01\/16\/fiscalia-ejecuta-seis-ordenes-de-aprehension-por-fraude-en-queretaro\/#primaryimage\"},\"thumbnailUrl\":\"https:\/\/www.nexoinformativo.mx\/wp-content\/uploads\/2026\/01\/20260116_185911-e1768846099630.jpg\",\"datePublished\":\"2026-01-17T01:00:48+00:00\",\"dateModified\":\"2026-01-19T18:08:35+00:00\",\"description\":\"Fiscal\u00eda ejecuta seis \u00f3rdenes de aprehensi\u00f3n por fraude en Quer\u00e9taro\",\"breadcrumb\":{\"@id\":\"https:\/\/www.nexoinformativo.mx\/index.php\/2026\/01\/16\/fiscalia-ejecuta-seis-ordenes-de-aprehension-por-fraude-en-queretaro\/#breadcrumb\"},\"inLanguage\":\"es\",\"potentialAction\":[{\"@type\":\"ReadAction\",\"target\":[\"https:\/\/www.nexoinformativo.mx\/index.php\/2026\/01\/16\/fiscalia-ejecuta-seis-ordenes-de-aprehension-por-fraude-en-queretaro\/\"]}]},{\"@type\":\"ImageObject\",\"inLanguage\":\"es\",\"@id\":\"https:\/\/www.nexoinformativo.mx\/index.php\/2026\/01\/16\/fiscalia-ejecuta-seis-ordenes-de-aprehension-por-fraude-en-queretaro\/#primaryimage\",\"url\":\"https:\/\/www.nexoinformativo.mx\/wp-content\/uploads\/2026\/01\/20260116_185911-e1768846099630.jpg\",\"contentUrl\":\"https:\/\/www.nexoinformativo.mx\/wp-content\/uploads\/2026\/01\/20260116_185911-e1768846099630.jpg\",\"width\":800,\"height\":505},{\"@type\":\"BreadcrumbList\",\"@id\":\"https:\/\/www.nexoinformativo.mx\/index.php\/2026\/01\/16\/fiscalia-ejecuta-seis-ordenes-de-aprehension-por-fraude-en-queretaro\/#breadcrumb\",\"itemListElement\":[{\"@type\":\"ListItem\",\"position\":1,\"name\":\"Inicio\",\"item\":\"https:\/\/www.nexoinformativo.mx\/\"},{\"@type\":\"ListItem\",\"position\":2,\"name\":\"Fiscal\u00eda ejecuta seis \u00f3rdenes de aprehensi\u00f3n por fraude en Quer\u00e9taro\"}]},{\"@type\":\"WebSite\",\"@id\":\"https:\/\/www.nexoinformativo.mx\/#website\",\"url\":\"https:\/\/www.nexoinformativo.mx\/\",\"name\":\"Nexo Informativo Santiago de Quer\u00e9taro\",\"description\":\"Explora NexoInformativo y convi\u00e9rtete en parte de una comunidad que valora el conocimiento y la verdad. Tu nexoinformativo es tu puente hacia una comprensi\u00f3n m\u00e1s profunda del mundo que te rodea.\",\"publisher\":{\"@id\":\"https:\/\/www.nexoinformativo.mx\/#organization\"},\"potentialAction\":[{\"@type\":\"SearchAction\",\"target\":{\"@type\":\"EntryPoint\",\"urlTemplate\":\"https:\/\/www.nexoinformativo.mx\/?s={search_term_string}\"},\"query-input\":{\"@type\":\"PropertyValueSpecification\",\"valueRequired\":true,\"valueName\":\"search_term_string\"}}],\"inLanguage\":\"es\"},{\"@type\":\"Organization\",\"@id\":\"https:\/\/www.nexoinformativo.mx\/#organization\",\"name\":\"Nexo Informativo Santiago de Quer\u00e9taro\",\"url\":\"https:\/\/www.nexoinformativo.mx\/\",\"logo\":{\"@type\":\"ImageObject\",\"inLanguage\":\"es\",\"@id\":\"https:\/\/www.nexoinformativo.mx\/#\/schema\/logo\/image\/\",\"url\":\"https:\/\/www.nexoinformativo.mx\/wp-content\/uploads\/2024\/07\/nexoi-trasparente-2.png\",\"contentUrl\":\"https:\/\/www.nexoinformativo.mx\/wp-content\/uploads\/2024\/07\/nexoi-trasparente-2.png\",\"width\":816,\"height\":339,\"caption\":\"Nexo Informativo Santiago de Quer\u00e9taro\"},\"image\":{\"@id\":\"https:\/\/www.nexoinformativo.mx\/#\/schema\/logo\/image\/\"},\"sameAs\":[\"https:\/\/www.facebook.com\/people\/Nexo-Informativo\/61564066885511\/\"]},{\"@type\":\"Person\",\"@id\":\"https:\/\/www.nexoinformativo.mx\/#\/schema\/person\/7749d380ba08c8ca00d7bc76fd907b7d\",\"name\":\"Nexo Informativo\",\"image\":{\"@type\":\"ImageObject\",\"inLanguage\":\"es\",\"@id\":\"https:\/\/www.nexoinformativo.mx\/#\/schema\/person\/image\/\",\"url\":\"https:\/\/secure.gravatar.com\/avatar\/dde2928154642a13d95f87ddf1ea9718fe2b46760a005c53e41ff5ad610704e6?s=96&d=mm&r=g\",\"contentUrl\":\"https:\/\/secure.gravatar.com\/avatar\/dde2928154642a13d95f87ddf1ea9718fe2b46760a005c53e41ff5ad610704e6?s=96&d=mm&r=g\",\"caption\":\"Nexo Informativo\"},\"url\":\"https:\/\/www.nexoinformativo.mx\/index.php\/author\/edicion\/\"}]}<\/script>\n<!-- \/ Yoast SEO plugin. -->","yoast_head_json":{"title":"Fiscal\u00eda ejecuta seis \u00f3rdenes de aprehensi\u00f3n por fraude en Quer\u00e9taro | Nexo Informativo Santiago de Quer\u00e9taro","description":"Fiscal\u00eda ejecuta seis \u00f3rdenes de aprehensi\u00f3n por fraude en Quer\u00e9taro","robots":{"index":"index","follow":"follow","max-snippet":"max-snippet:-1","max-image-preview":"max-image-preview:large","max-video-preview":"max-video-preview:-1"},"canonical":"https:\/\/www.nexoinformativo.mx\/index.php\/2026\/01\/16\/fiscalia-ejecuta-seis-ordenes-de-aprehension-por-fraude-en-queretaro\/","og_locale":"es_MX","og_type":"article","og_title":"Fiscal\u00eda ejecuta seis \u00f3rdenes de aprehensi\u00f3n por fraude en Quer\u00e9taro | Nexo Informativo Santiago de Quer\u00e9taro","og_description":"Fiscal\u00eda ejecuta seis \u00f3rdenes de aprehensi\u00f3n por fraude en Quer\u00e9taro","og_url":"https:\/\/www.nexoinformativo.mx\/index.php\/2026\/01\/16\/fiscalia-ejecuta-seis-ordenes-de-aprehension-por-fraude-en-queretaro\/","og_site_name":"Nexo Informativo Santiago de Quer\u00e9taro","article_publisher":"https:\/\/www.facebook.com\/people\/Nexo-Informativo\/61564066885511\/","article_published_time":"2026-01-17T01:00:48+00:00","article_modified_time":"2026-01-19T18:08:35+00:00","og_image":[{"width":800,"height":505,"url":"https:\/\/www.nexoinformativo.mx\/wp-content\/uploads\/2026\/01\/20260116_185911-e1768846099630.jpg","type":"image\/jpeg"}],"author":"Nexo Informativo","twitter_card":"summary_large_image","twitter_misc":{"Escrito por":"Nexo Informativo","Tiempo de lectura":"1 minuto"},"schema":{"@context":"https:\/\/schema.org","@graph":[{"@type":"Article","@id":"https:\/\/www.nexoinformativo.mx\/index.php\/2026\/01\/16\/fiscalia-ejecuta-seis-ordenes-de-aprehension-por-fraude-en-queretaro\/#article","isPartOf":{"@id":"https:\/\/www.nexoinformativo.mx\/index.php\/2026\/01\/16\/fiscalia-ejecuta-seis-ordenes-de-aprehension-por-fraude-en-queretaro\/"},"author":{"name":"Nexo Informativo","@id":"https:\/\/www.nexoinformativo.mx\/#\/schema\/person\/7749d380ba08c8ca00d7bc76fd907b7d"},"headline":"Fiscal\u00eda ejecuta seis \u00f3rdenes de aprehensi\u00f3n por fraude en Quer\u00e9taro","datePublished":"2026-01-17T01:00:48+00:00","dateModified":"2026-01-19T18:08:35+00:00","mainEntityOfPage":{"@id":"https:\/\/www.nexoinformativo.mx\/index.php\/2026\/01\/16\/fiscalia-ejecuta-seis-ordenes-de-aprehension-por-fraude-en-queretaro\/"},"wordCount":167,"commentCount":0,"publisher":{"@id":"https:\/\/www.nexoinformativo.mx\/#organization"},"image":{"@id":"https:\/\/www.nexoinformativo.mx\/index.php\/2026\/01\/16\/fiscalia-ejecuta-seis-ordenes-de-aprehension-por-fraude-en-queretaro\/#primaryimage"},"thumbnailUrl":"https:\/\/www.nexoinformativo.mx\/wp-content\/uploads\/2026\/01\/20260116_185911-e1768846099630.jpg","keywords":["CombateAlFraude","Fiscal\u00edaQro","Quer\u00e9taro","Seguridad"],"articleSection":["Municipios","Sucesos","\u00daltima Hora"],"inLanguage":"es","potentialAction":[{"@type":"CommentAction","name":"Comment","target":["https:\/\/www.nexoinformativo.mx\/index.php\/2026\/01\/16\/fiscalia-ejecuta-seis-ordenes-de-aprehension-por-fraude-en-queretaro\/#respond"]}]},{"@type":"WebPage","@id":"https:\/\/www.nexoinformativo.mx\/index.php\/2026\/01\/16\/fiscalia-ejecuta-seis-ordenes-de-aprehension-por-fraude-en-queretaro\/","url":"https:\/\/www.nexoinformativo.mx\/index.php\/2026\/01\/16\/fiscalia-ejecuta-seis-ordenes-de-aprehension-por-fraude-en-queretaro\/","name":"Fiscal\u00eda ejecuta seis \u00f3rdenes de aprehensi\u00f3n por fraude en Quer\u00e9taro | Nexo Informativo Santiago de Quer\u00e9taro","isPartOf":{"@id":"https:\/\/www.nexoinformativo.mx\/#website"},"primaryImageOfPage":{"@id":"https:\/\/www.nexoinformativo.mx\/index.php\/2026\/01\/16\/fiscalia-ejecuta-seis-ordenes-de-aprehension-por-fraude-en-queretaro\/#primaryimage"},"image":{"@id":"https:\/\/www.nexoinformativo.mx\/index.php\/2026\/01\/16\/fiscalia-ejecuta-seis-ordenes-de-aprehension-por-fraude-en-queretaro\/#primaryimage"},"thumbnailUrl":"https:\/\/www.nexoinformativo.mx\/wp-content\/uploads\/2026\/01\/20260116_185911-e1768846099630.jpg","datePublished":"2026-01-17T01:00:48+00:00","dateModified":"2026-01-19T18:08:35+00:00","description":"Fiscal\u00eda ejecuta seis \u00f3rdenes de aprehensi\u00f3n por fraude en Quer\u00e9taro","breadcrumb":{"@id":"https:\/\/www.nexoinformativo.mx\/index.php\/2026\/01\/16\/fiscalia-ejecuta-seis-ordenes-de-aprehension-por-fraude-en-queretaro\/#breadcrumb"},"inLanguage":"es","potentialAction":[{"@type":"ReadAction","target":["https:\/\/www.nexoinformativo.mx\/index.php\/2026\/01\/16\/fiscalia-ejecuta-seis-ordenes-de-aprehension-por-fraude-en-queretaro\/"]}]},{"@type":"ImageObject","inLanguage":"es","@id":"https:\/\/www.nexoinformativo.mx\/index.php\/2026\/01\/16\/fiscalia-ejecuta-seis-ordenes-de-aprehension-por-fraude-en-queretaro\/#primaryimage","url":"https:\/\/www.nexoinformativo.mx\/wp-content\/uploads\/2026\/01\/20260116_185911-e1768846099630.jpg","contentUrl":"https:\/\/www.nexoinformativo.mx\/wp-content\/uploads\/2026\/01\/20260116_185911-e1768846099630.jpg","width":800,"height":505},{"@type":"BreadcrumbList","@id":"https:\/\/www.nexoinformativo.mx\/index.php\/2026\/01\/16\/fiscalia-ejecuta-seis-ordenes-de-aprehension-por-fraude-en-queretaro\/#breadcrumb","itemListElement":[{"@type":"ListItem","position":1,"name":"Inicio","item":"https:\/\/www.nexoinformativo.mx\/"},{"@type":"ListItem","position":2,"name":"Fiscal\u00eda ejecuta seis \u00f3rdenes de aprehensi\u00f3n por fraude en Quer\u00e9taro"}]},{"@type":"WebSite","@id":"https:\/\/www.nexoinformativo.mx\/#website","url":"https:\/\/www.nexoinformativo.mx\/","name":"Nexo Informativo Santiago de Quer\u00e9taro","description":"Explora NexoInformativo y convi\u00e9rtete en parte de una comunidad que valora el conocimiento y la verdad. Tu nexoinformativo es tu puente hacia una comprensi\u00f3n m\u00e1s profunda del mundo que te rodea.","publisher":{"@id":"https:\/\/www.nexoinformativo.mx\/#organization"},"potentialAction":[{"@type":"SearchAction","target":{"@type":"EntryPoint","urlTemplate":"https:\/\/www.nexoinformativo.mx\/?s={search_term_string}"},"query-input":{"@type":"PropertyValueSpecification","valueRequired":true,"valueName":"search_term_string"}}],"inLanguage":"es"},{"@type":"Organization","@id":"https:\/\/www.nexoinformativo.mx\/#organization","name":"Nexo Informativo Santiago de Quer\u00e9taro","url":"https:\/\/www.nexoinformativo.mx\/","logo":{"@type":"ImageObject","inLanguage":"es","@id":"https:\/\/www.nexoinformativo.mx\/#\/schema\/logo\/image\/","url":"https:\/\/www.nexoinformativo.mx\/wp-content\/uploads\/2024\/07\/nexoi-trasparente-2.png","contentUrl":"https:\/\/www.nexoinformativo.mx\/wp-content\/uploads\/2024\/07\/nexoi-trasparente-2.png","width":816,"height":339,"caption":"Nexo Informativo Santiago de Quer\u00e9taro"},"image":{"@id":"https:\/\/www.nexoinformativo.mx\/#\/schema\/logo\/image\/"},"sameAs":["https:\/\/www.facebook.com\/people\/Nexo-Informativo\/61564066885511\/"]},{"@type":"Person","@id":"https:\/\/www.nexoinformativo.mx\/#\/schema\/person\/7749d380ba08c8ca00d7bc76fd907b7d","name":"Nexo Informativo","image":{"@type":"ImageObject","inLanguage":"es","@id":"https:\/\/www.nexoinformativo.mx\/#\/schema\/person\/image\/","url":"https:\/\/secure.gravatar.com\/avatar\/dde2928154642a13d95f87ddf1ea9718fe2b46760a005c53e41ff5ad610704e6?s=96&d=mm&r=g","contentUrl":"https:\/\/secure.gravatar.com\/avatar\/dde2928154642a13d95f87ddf1ea9718fe2b46760a005c53e41ff5ad610704e6?s=96&d=mm&r=g","caption":"Nexo Informativo"},"url":"https:\/\/www.nexoinformativo.mx\/index.php\/author\/edicion\/"}]}},"_links":{"self":[{"href":"https:\/\/www.nexoinformativo.mx\/index.php\/wp-json\/wp\/v2\/posts\/17126","targetHints":{"allow":["GET"]}}],"collection":[{"href":"https:\/\/www.nexoinformativo.mx\/index.php\/wp-json\/wp\/v2\/posts"}],"about":[{"href":"https:\/\/www.nexoinformativo.mx\/index.php\/wp-json\/wp\/v2\/types\/post"}],"author":[{"embeddable":true,"href":"https:\/\/www.nexoinformativo.mx\/index.php\/wp-json\/wp\/v2\/users\/3"}],"replies":[{"embeddable":true,"href":"https:\/\/www.nexoinformativo.mx\/index.php\/wp-json\/wp\/v2\/comments?post=17126"}],"version-history":[{"count":3,"href":"https:\/\/www.nexoinformativo.mx\/index.php\/wp-json\/wp\/v2\/posts\/17126\/revisions"}],"predecessor-version":[{"id":17149,"href":"https:\/\/www.nexoinformativo.mx\/index.php\/wp-json\/wp\/v2\/posts\/17126\/revisions\/17149"}],"wp:featuredmedia":[{"embeddable":true,"href":"https:\/\/www.nexoinformativo.mx\/index.php\/wp-json\/wp\/v2\/media\/17125"}],"wp:attachment":[{"href":"https:\/\/www.nexoinformativo.mx\/index.php\/wp-json\/wp\/v2\/media?parent=17126"}],"wp:term":[{"taxonomy":"category","embeddable":true,"href":"https:\/\/www.nexoinformativo.mx\/index.php\/wp-json\/wp\/v2\/categories?post=17126"},{"taxonomy":"post_tag","embeddable":true,"href":"https:\/\/www.nexoinformativo.mx\/index.php\/wp-json\/wp\/v2\/tags?post=17126"}],"curies":[{"name":"wp","href":"https:\/\/api.w.org\/{rel}","templated":true}]}}