{"id":17132,"date":"2026-01-16T14:00:31","date_gmt":"2026-01-16T20:00:31","guid":{"rendered":"https:\/\/www.nexoinformativo.mx\/?p=17132"},"modified":"2026-01-19T12:05:38","modified_gmt":"2026-01-19T18:05:38","slug":"alertan-en-queretaro-sobre-falsos-cirujanos-esteticos","status":"publish","type":"post","link":"https:\/\/www.nexoinformativo.mx\/index.php\/2026\/01\/16\/alertan-en-queretaro-sobre-falsos-cirujanos-esteticos\/","title":{"rendered":"Alertan en Quer\u00e9taro sobre falsos cirujanos est\u00e9ticos"},"content":{"rendered":"\r\n<p style=\"text-align: justify;\">Arturo Vallejo, titular de la Direcci\u00f3n Estatal de Profesiones en Quer\u00e9taro, exhort\u00f3 a la ciudadan\u00eda a verificar las credenciales de m\u00e9dicos y especialistas antes de someterse a una cirug\u00eda o procedimiento est\u00e9tico, con el fin de evitar riesgos a la salud. Recalc\u00f3 la importancia de confirmar que quienes ofrecen estos servicios cuenten con preparaci\u00f3n profesional y c\u00e9dula vigente.<\/p>\r\n\r\n\r\n\r\n<p style=\"text-align: justify;\"><br \/>El funcionario inform\u00f3 que en Quer\u00e9taro se han detectado al menos cinco casos de personas que se hac\u00edan pasar por cirujanos pl\u00e1sticos y realizaban procedimientos est\u00e9ticos sin la formaci\u00f3n acad\u00e9mica ni los conocimientos necesarios, lo que representa un grave peligro para las y los pacientes.<\/p>\r\n\r\n\r\n\r\n<p style=\"text-align: justify;\"><br \/>Ante esta situaci\u00f3n, hizo un llamado a las y los ciudadanos de Quer\u00e9taro y M\u00e9xico a corroborar que los m\u00e9dicos est\u00e9n debidamente acreditados y registrados ante las autoridades competentes, antes de cualquier intervenci\u00f3n est\u00e9tica.<\/p>\r\n\r\n\r\n\r\n<p style=\"text-align: justify;\"><br \/>Agreg\u00f3 que varios de estos casos ya fueron denunciados ante la Fiscal\u00eda General del Estado, la cual ha solicitado el apoyo de la Direcci\u00f3n Estatal de Profesiones para la verificaci\u00f3n de denuncias contra presuntos profesionistas, con el objetivo de proteger la integridad y seguridad de los pacientes.<\/p>\r\n<p>&nbsp;<\/p>\r\n<p style=\"text-align: center;\"><em><strong>\u00a1Informaci\u00f3n que transforma!<\/strong><\/em><\/p>\r\n","protected":false},"excerpt":{"rendered":"<p>Arturo Vallejo, titular de la Direcci\u00f3n Estatal de Profesiones en Quer\u00e9taro, exhort\u00f3 a la ciudadan\u00eda a verificar las credenciales de m\u00e9dicos y especialistas antes de someterse a una cirug\u00eda o procedimiento est\u00e9tico, con el fin de evitar riesgos a la salud.<\/p>\n","protected":false},"author":3,"featured_media":17131,"comment_status":"open","ping_status":"open","sticky":false,"template":"","format":"standard","meta":{"footnotes":""},"categories":[42,58],"tags":[3271,130,1610,133,139],"class_list":["post-17132","post","type-post","status-publish","format-standard","has-post-thumbnail","hentry","category-estado","category-ultima-hora","tag-cirugiaestetica","tag-fiscalia","tag-mexico","tag-queretaro","tag-salud"],"yoast_head":"<!-- This site is optimized with the Yoast SEO plugin v25.0 - https:\/\/yoast.com\/wordpress\/plugins\/seo\/ -->\n<title>Alertan en Quer\u00e9taro sobre falsos cirujanos est\u00e9ticos | Nexo Informativo Santiago de Quer\u00e9taro<\/title>\n<meta name=\"robots\" content=\"index, follow, max-snippet:-1, max-image-preview:large, max-video-preview:-1\" \/>\n<link rel=\"canonical\" href=\"https:\/\/www.nexoinformativo.mx\/index.php\/2026\/01\/16\/alertan-en-queretaro-sobre-falsos-cirujanos-esteticos\/\" \/>\n<meta property=\"og:locale\" content=\"es_MX\" \/>\n<meta property=\"og:type\" content=\"article\" \/>\n<meta property=\"og:title\" content=\"Alertan en Quer\u00e9taro sobre falsos cirujanos est\u00e9ticos | Nexo Informativo Santiago de Quer\u00e9taro\" \/>\n<meta property=\"og:description\" content=\"Arturo Vallejo, titular de la Direcci\u00f3n Estatal de Profesiones en Quer\u00e9taro, exhort\u00f3 a la ciudadan\u00eda a verificar las credenciales de m\u00e9dicos y especialistas antes de someterse a una cirug\u00eda o procedimiento est\u00e9tico, con el fin de evitar riesgos a la salud.\" \/>\n<meta property=\"og:url\" content=\"https:\/\/www.nexoinformativo.mx\/index.php\/2026\/01\/16\/alertan-en-queretaro-sobre-falsos-cirujanos-esteticos\/\" \/>\n<meta property=\"og:site_name\" content=\"Nexo Informativo Santiago de Quer\u00e9taro\" \/>\n<meta property=\"article:publisher\" content=\"https:\/\/www.facebook.com\/people\/Nexo-Informativo\/61564066885511\/\" \/>\n<meta property=\"article:published_time\" content=\"2026-01-16T20:00:31+00:00\" \/>\n<meta property=\"article:modified_time\" content=\"2026-01-19T18:05:38+00:00\" \/>\n<meta property=\"og:image\" content=\"https:\/\/www.nexoinformativo.mx\/wp-content\/uploads\/2026\/01\/IMG-20260116-WA0009-e1768845912863.jpg\" \/>\n\t<meta property=\"og:image:width\" content=\"800\" \/>\n\t<meta property=\"og:image:height\" content=\"600\" \/>\n\t<meta property=\"og:image:type\" content=\"image\/jpeg\" \/>\n<meta name=\"author\" content=\"Nexo Informativo\" \/>\n<meta name=\"twitter:card\" content=\"summary_large_image\" \/>\n<meta name=\"twitter:label1\" content=\"Escrito por\" \/>\n\t<meta name=\"twitter:data1\" content=\"Nexo Informativo\" \/>\n\t<meta name=\"twitter:label2\" content=\"Tiempo de lectura\" \/>\n\t<meta name=\"twitter:data2\" content=\"2 minutos\" \/>\n<script type=\"application\/ld+json\" class=\"yoast-schema-graph\">{\"@context\":\"https:\/\/schema.org\",\"@graph\":[{\"@type\":\"Article\",\"@id\":\"https:\/\/www.nexoinformativo.mx\/index.php\/2026\/01\/16\/alertan-en-queretaro-sobre-falsos-cirujanos-esteticos\/#article\",\"isPartOf\":{\"@id\":\"https:\/\/www.nexoinformativo.mx\/index.php\/2026\/01\/16\/alertan-en-queretaro-sobre-falsos-cirujanos-esteticos\/\"},\"author\":{\"name\":\"Nexo Informativo\",\"@id\":\"https:\/\/www.nexoinformativo.mx\/#\/schema\/person\/7749d380ba08c8ca00d7bc76fd907b7d\"},\"headline\":\"Alertan en Quer\u00e9taro sobre falsos cirujanos est\u00e9ticos\",\"datePublished\":\"2026-01-16T20:00:31+00:00\",\"dateModified\":\"2026-01-19T18:05:38+00:00\",\"mainEntityOfPage\":{\"@id\":\"https:\/\/www.nexoinformativo.mx\/index.php\/2026\/01\/16\/alertan-en-queretaro-sobre-falsos-cirujanos-esteticos\/\"},\"wordCount\":222,\"commentCount\":0,\"publisher\":{\"@id\":\"https:\/\/www.nexoinformativo.mx\/#organization\"},\"image\":{\"@id\":\"https:\/\/www.nexoinformativo.mx\/index.php\/2026\/01\/16\/alertan-en-queretaro-sobre-falsos-cirujanos-esteticos\/#primaryimage\"},\"thumbnailUrl\":\"https:\/\/www.nexoinformativo.mx\/wp-content\/uploads\/2026\/01\/IMG-20260116-WA0009-e1768845912863.jpg\",\"keywords\":[\"Cirug\u00edaEst\u00e9tica\",\"Fiscal\u00eda\",\"M\u00e9xico\",\"Quer\u00e9taro\",\"salud\"],\"articleSection\":[\"Estado\",\"\u00daltima Hora\"],\"inLanguage\":\"es\",\"potentialAction\":[{\"@type\":\"CommentAction\",\"name\":\"Comment\",\"target\":[\"https:\/\/www.nexoinformativo.mx\/index.php\/2026\/01\/16\/alertan-en-queretaro-sobre-falsos-cirujanos-esteticos\/#respond\"]}]},{\"@type\":\"WebPage\",\"@id\":\"https:\/\/www.nexoinformativo.mx\/index.php\/2026\/01\/16\/alertan-en-queretaro-sobre-falsos-cirujanos-esteticos\/\",\"url\":\"https:\/\/www.nexoinformativo.mx\/index.php\/2026\/01\/16\/alertan-en-queretaro-sobre-falsos-cirujanos-esteticos\/\",\"name\":\"Alertan en Quer\u00e9taro sobre falsos cirujanos est\u00e9ticos | Nexo Informativo Santiago de Quer\u00e9taro\",\"isPartOf\":{\"@id\":\"https:\/\/www.nexoinformativo.mx\/#website\"},\"primaryImageOfPage\":{\"@id\":\"https:\/\/www.nexoinformativo.mx\/index.php\/2026\/01\/16\/alertan-en-queretaro-sobre-falsos-cirujanos-esteticos\/#primaryimage\"},\"image\":{\"@id\":\"https:\/\/www.nexoinformativo.mx\/index.php\/2026\/01\/16\/alertan-en-queretaro-sobre-falsos-cirujanos-esteticos\/#primaryimage\"},\"thumbnailUrl\":\"https:\/\/www.nexoinformativo.mx\/wp-content\/uploads\/2026\/01\/IMG-20260116-WA0009-e1768845912863.jpg\",\"datePublished\":\"2026-01-16T20:00:31+00:00\",\"dateModified\":\"2026-01-19T18:05:38+00:00\",\"breadcrumb\":{\"@id\":\"https:\/\/www.nexoinformativo.mx\/index.php\/2026\/01\/16\/alertan-en-queretaro-sobre-falsos-cirujanos-esteticos\/#breadcrumb\"},\"inLanguage\":\"es\",\"potentialAction\":[{\"@type\":\"ReadAction\",\"target\":[\"https:\/\/www.nexoinformativo.mx\/index.php\/2026\/01\/16\/alertan-en-queretaro-sobre-falsos-cirujanos-esteticos\/\"]}]},{\"@type\":\"ImageObject\",\"inLanguage\":\"es\",\"@id\":\"https:\/\/www.nexoinformativo.mx\/index.php\/2026\/01\/16\/alertan-en-queretaro-sobre-falsos-cirujanos-esteticos\/#primaryimage\",\"url\":\"https:\/\/www.nexoinformativo.mx\/wp-content\/uploads\/2026\/01\/IMG-20260116-WA0009-e1768845912863.jpg\",\"contentUrl\":\"https:\/\/www.nexoinformativo.mx\/wp-content\/uploads\/2026\/01\/IMG-20260116-WA0009-e1768845912863.jpg\",\"width\":800,\"height\":600},{\"@type\":\"BreadcrumbList\",\"@id\":\"https:\/\/www.nexoinformativo.mx\/index.php\/2026\/01\/16\/alertan-en-queretaro-sobre-falsos-cirujanos-esteticos\/#breadcrumb\",\"itemListElement\":[{\"@type\":\"ListItem\",\"position\":1,\"name\":\"Inicio\",\"item\":\"https:\/\/www.nexoinformativo.mx\/\"},{\"@type\":\"ListItem\",\"position\":2,\"name\":\"Alertan en Quer\u00e9taro sobre falsos cirujanos est\u00e9ticos\"}]},{\"@type\":\"WebSite\",\"@id\":\"https:\/\/www.nexoinformativo.mx\/#website\",\"url\":\"https:\/\/www.nexoinformativo.mx\/\",\"name\":\"Nexo Informativo Santiago de Quer\u00e9taro\",\"description\":\"Explora NexoInformativo y convi\u00e9rtete en parte de una comunidad que valora el conocimiento y la verdad. Tu nexoinformativo es tu puente hacia una comprensi\u00f3n m\u00e1s profunda del mundo que te rodea.\",\"publisher\":{\"@id\":\"https:\/\/www.nexoinformativo.mx\/#organization\"},\"potentialAction\":[{\"@type\":\"SearchAction\",\"target\":{\"@type\":\"EntryPoint\",\"urlTemplate\":\"https:\/\/www.nexoinformativo.mx\/?s={search_term_string}\"},\"query-input\":{\"@type\":\"PropertyValueSpecification\",\"valueRequired\":true,\"valueName\":\"search_term_string\"}}],\"inLanguage\":\"es\"},{\"@type\":\"Organization\",\"@id\":\"https:\/\/www.nexoinformativo.mx\/#organization\",\"name\":\"Nexo Informativo Santiago de Quer\u00e9taro\",\"url\":\"https:\/\/www.nexoinformativo.mx\/\",\"logo\":{\"@type\":\"ImageObject\",\"inLanguage\":\"es\",\"@id\":\"https:\/\/www.nexoinformativo.mx\/#\/schema\/logo\/image\/\",\"url\":\"https:\/\/www.nexoinformativo.mx\/wp-content\/uploads\/2024\/07\/nexoi-trasparente-2.png\",\"contentUrl\":\"https:\/\/www.nexoinformativo.mx\/wp-content\/uploads\/2024\/07\/nexoi-trasparente-2.png\",\"width\":816,\"height\":339,\"caption\":\"Nexo Informativo Santiago de Quer\u00e9taro\"},\"image\":{\"@id\":\"https:\/\/www.nexoinformativo.mx\/#\/schema\/logo\/image\/\"},\"sameAs\":[\"https:\/\/www.facebook.com\/people\/Nexo-Informativo\/61564066885511\/\"]},{\"@type\":\"Person\",\"@id\":\"https:\/\/www.nexoinformativo.mx\/#\/schema\/person\/7749d380ba08c8ca00d7bc76fd907b7d\",\"name\":\"Nexo Informativo\",\"image\":{\"@type\":\"ImageObject\",\"inLanguage\":\"es\",\"@id\":\"https:\/\/www.nexoinformativo.mx\/#\/schema\/person\/image\/\",\"url\":\"https:\/\/secure.gravatar.com\/avatar\/dde2928154642a13d95f87ddf1ea9718fe2b46760a005c53e41ff5ad610704e6?s=96&d=mm&r=g\",\"contentUrl\":\"https:\/\/secure.gravatar.com\/avatar\/dde2928154642a13d95f87ddf1ea9718fe2b46760a005c53e41ff5ad610704e6?s=96&d=mm&r=g\",\"caption\":\"Nexo Informativo\"},\"url\":\"https:\/\/www.nexoinformativo.mx\/index.php\/author\/edicion\/\"}]}<\/script>\n<!-- \/ Yoast SEO plugin. -->","yoast_head_json":{"title":"Alertan en Quer\u00e9taro sobre falsos cirujanos est\u00e9ticos | Nexo Informativo Santiago de Quer\u00e9taro","robots":{"index":"index","follow":"follow","max-snippet":"max-snippet:-1","max-image-preview":"max-image-preview:large","max-video-preview":"max-video-preview:-1"},"canonical":"https:\/\/www.nexoinformativo.mx\/index.php\/2026\/01\/16\/alertan-en-queretaro-sobre-falsos-cirujanos-esteticos\/","og_locale":"es_MX","og_type":"article","og_title":"Alertan en Quer\u00e9taro sobre falsos cirujanos est\u00e9ticos | Nexo Informativo Santiago de Quer\u00e9taro","og_description":"Arturo Vallejo, titular de la Direcci\u00f3n Estatal de Profesiones en Quer\u00e9taro, exhort\u00f3 a la ciudadan\u00eda a verificar las credenciales de m\u00e9dicos y especialistas antes de someterse a una cirug\u00eda o procedimiento est\u00e9tico, con el fin de evitar riesgos a la salud.","og_url":"https:\/\/www.nexoinformativo.mx\/index.php\/2026\/01\/16\/alertan-en-queretaro-sobre-falsos-cirujanos-esteticos\/","og_site_name":"Nexo Informativo Santiago de Quer\u00e9taro","article_publisher":"https:\/\/www.facebook.com\/people\/Nexo-Informativo\/61564066885511\/","article_published_time":"2026-01-16T20:00:31+00:00","article_modified_time":"2026-01-19T18:05:38+00:00","og_image":[{"width":800,"height":600,"url":"https:\/\/www.nexoinformativo.mx\/wp-content\/uploads\/2026\/01\/IMG-20260116-WA0009-e1768845912863.jpg","type":"image\/jpeg"}],"author":"Nexo Informativo","twitter_card":"summary_large_image","twitter_misc":{"Escrito por":"Nexo Informativo","Tiempo de lectura":"2 minutos"},"schema":{"@context":"https:\/\/schema.org","@graph":[{"@type":"Article","@id":"https:\/\/www.nexoinformativo.mx\/index.php\/2026\/01\/16\/alertan-en-queretaro-sobre-falsos-cirujanos-esteticos\/#article","isPartOf":{"@id":"https:\/\/www.nexoinformativo.mx\/index.php\/2026\/01\/16\/alertan-en-queretaro-sobre-falsos-cirujanos-esteticos\/"},"author":{"name":"Nexo Informativo","@id":"https:\/\/www.nexoinformativo.mx\/#\/schema\/person\/7749d380ba08c8ca00d7bc76fd907b7d"},"headline":"Alertan en Quer\u00e9taro sobre falsos cirujanos est\u00e9ticos","datePublished":"2026-01-16T20:00:31+00:00","dateModified":"2026-01-19T18:05:38+00:00","mainEntityOfPage":{"@id":"https:\/\/www.nexoinformativo.mx\/index.php\/2026\/01\/16\/alertan-en-queretaro-sobre-falsos-cirujanos-esteticos\/"},"wordCount":222,"commentCount":0,"publisher":{"@id":"https:\/\/www.nexoinformativo.mx\/#organization"},"image":{"@id":"https:\/\/www.nexoinformativo.mx\/index.php\/2026\/01\/16\/alertan-en-queretaro-sobre-falsos-cirujanos-esteticos\/#primaryimage"},"thumbnailUrl":"https:\/\/www.nexoinformativo.mx\/wp-content\/uploads\/2026\/01\/IMG-20260116-WA0009-e1768845912863.jpg","keywords":["Cirug\u00edaEst\u00e9tica","Fiscal\u00eda","M\u00e9xico","Quer\u00e9taro","salud"],"articleSection":["Estado","\u00daltima Hora"],"inLanguage":"es","potentialAction":[{"@type":"CommentAction","name":"Comment","target":["https:\/\/www.nexoinformativo.mx\/index.php\/2026\/01\/16\/alertan-en-queretaro-sobre-falsos-cirujanos-esteticos\/#respond"]}]},{"@type":"WebPage","@id":"https:\/\/www.nexoinformativo.mx\/index.php\/2026\/01\/16\/alertan-en-queretaro-sobre-falsos-cirujanos-esteticos\/","url":"https:\/\/www.nexoinformativo.mx\/index.php\/2026\/01\/16\/alertan-en-queretaro-sobre-falsos-cirujanos-esteticos\/","name":"Alertan en Quer\u00e9taro sobre falsos cirujanos est\u00e9ticos | Nexo Informativo Santiago de Quer\u00e9taro","isPartOf":{"@id":"https:\/\/www.nexoinformativo.mx\/#website"},"primaryImageOfPage":{"@id":"https:\/\/www.nexoinformativo.mx\/index.php\/2026\/01\/16\/alertan-en-queretaro-sobre-falsos-cirujanos-esteticos\/#primaryimage"},"image":{"@id":"https:\/\/www.nexoinformativo.mx\/index.php\/2026\/01\/16\/alertan-en-queretaro-sobre-falsos-cirujanos-esteticos\/#primaryimage"},"thumbnailUrl":"https:\/\/www.nexoinformativo.mx\/wp-content\/uploads\/2026\/01\/IMG-20260116-WA0009-e1768845912863.jpg","datePublished":"2026-01-16T20:00:31+00:00","dateModified":"2026-01-19T18:05:38+00:00","breadcrumb":{"@id":"https:\/\/www.nexoinformativo.mx\/index.php\/2026\/01\/16\/alertan-en-queretaro-sobre-falsos-cirujanos-esteticos\/#breadcrumb"},"inLanguage":"es","potentialAction":[{"@type":"ReadAction","target":["https:\/\/www.nexoinformativo.mx\/index.php\/2026\/01\/16\/alertan-en-queretaro-sobre-falsos-cirujanos-esteticos\/"]}]},{"@type":"ImageObject","inLanguage":"es","@id":"https:\/\/www.nexoinformativo.mx\/index.php\/2026\/01\/16\/alertan-en-queretaro-sobre-falsos-cirujanos-esteticos\/#primaryimage","url":"https:\/\/www.nexoinformativo.mx\/wp-content\/uploads\/2026\/01\/IMG-20260116-WA0009-e1768845912863.jpg","contentUrl":"https:\/\/www.nexoinformativo.mx\/wp-content\/uploads\/2026\/01\/IMG-20260116-WA0009-e1768845912863.jpg","width":800,"height":600},{"@type":"BreadcrumbList","@id":"https:\/\/www.nexoinformativo.mx\/index.php\/2026\/01\/16\/alertan-en-queretaro-sobre-falsos-cirujanos-esteticos\/#breadcrumb","itemListElement":[{"@type":"ListItem","position":1,"name":"Inicio","item":"https:\/\/www.nexoinformativo.mx\/"},{"@type":"ListItem","position":2,"name":"Alertan en Quer\u00e9taro sobre falsos cirujanos est\u00e9ticos"}]},{"@type":"WebSite","@id":"https:\/\/www.nexoinformativo.mx\/#website","url":"https:\/\/www.nexoinformativo.mx\/","name":"Nexo Informativo Santiago de Quer\u00e9taro","description":"Explora NexoInformativo y convi\u00e9rtete en parte de una comunidad que valora el conocimiento y la verdad. Tu nexoinformativo es tu puente hacia una comprensi\u00f3n m\u00e1s profunda del mundo que te rodea.","publisher":{"@id":"https:\/\/www.nexoinformativo.mx\/#organization"},"potentialAction":[{"@type":"SearchAction","target":{"@type":"EntryPoint","urlTemplate":"https:\/\/www.nexoinformativo.mx\/?s={search_term_string}"},"query-input":{"@type":"PropertyValueSpecification","valueRequired":true,"valueName":"search_term_string"}}],"inLanguage":"es"},{"@type":"Organization","@id":"https:\/\/www.nexoinformativo.mx\/#organization","name":"Nexo Informativo Santiago de Quer\u00e9taro","url":"https:\/\/www.nexoinformativo.mx\/","logo":{"@type":"ImageObject","inLanguage":"es","@id":"https:\/\/www.nexoinformativo.mx\/#\/schema\/logo\/image\/","url":"https:\/\/www.nexoinformativo.mx\/wp-content\/uploads\/2024\/07\/nexoi-trasparente-2.png","contentUrl":"https:\/\/www.nexoinformativo.mx\/wp-content\/uploads\/2024\/07\/nexoi-trasparente-2.png","width":816,"height":339,"caption":"Nexo Informativo Santiago de Quer\u00e9taro"},"image":{"@id":"https:\/\/www.nexoinformativo.mx\/#\/schema\/logo\/image\/"},"sameAs":["https:\/\/www.facebook.com\/people\/Nexo-Informativo\/61564066885511\/"]},{"@type":"Person","@id":"https:\/\/www.nexoinformativo.mx\/#\/schema\/person\/7749d380ba08c8ca00d7bc76fd907b7d","name":"Nexo Informativo","image":{"@type":"ImageObject","inLanguage":"es","@id":"https:\/\/www.nexoinformativo.mx\/#\/schema\/person\/image\/","url":"https:\/\/secure.gravatar.com\/avatar\/dde2928154642a13d95f87ddf1ea9718fe2b46760a005c53e41ff5ad610704e6?s=96&d=mm&r=g","contentUrl":"https:\/\/secure.gravatar.com\/avatar\/dde2928154642a13d95f87ddf1ea9718fe2b46760a005c53e41ff5ad610704e6?s=96&d=mm&r=g","caption":"Nexo Informativo"},"url":"https:\/\/www.nexoinformativo.mx\/index.php\/author\/edicion\/"}]}},"_links":{"self":[{"href":"https:\/\/www.nexoinformativo.mx\/index.php\/wp-json\/wp\/v2\/posts\/17132","targetHints":{"allow":["GET"]}}],"collection":[{"href":"https:\/\/www.nexoinformativo.mx\/index.php\/wp-json\/wp\/v2\/posts"}],"about":[{"href":"https:\/\/www.nexoinformativo.mx\/index.php\/wp-json\/wp\/v2\/types\/post"}],"author":[{"embeddable":true,"href":"https:\/\/www.nexoinformativo.mx\/index.php\/wp-json\/wp\/v2\/users\/3"}],"replies":[{"embeddable":true,"href":"https:\/\/www.nexoinformativo.mx\/index.php\/wp-json\/wp\/v2\/comments?post=17132"}],"version-history":[{"count":3,"href":"https:\/\/www.nexoinformativo.mx\/index.php\/wp-json\/wp\/v2\/posts\/17132\/revisions"}],"predecessor-version":[{"id":17144,"href":"https:\/\/www.nexoinformativo.mx\/index.php\/wp-json\/wp\/v2\/posts\/17132\/revisions\/17144"}],"wp:featuredmedia":[{"embeddable":true,"href":"https:\/\/www.nexoinformativo.mx\/index.php\/wp-json\/wp\/v2\/media\/17131"}],"wp:attachment":[{"href":"https:\/\/www.nexoinformativo.mx\/index.php\/wp-json\/wp\/v2\/media?parent=17132"}],"wp:term":[{"taxonomy":"category","embeddable":true,"href":"https:\/\/www.nexoinformativo.mx\/index.php\/wp-json\/wp\/v2\/categories?post=17132"},{"taxonomy":"post_tag","embeddable":true,"href":"https:\/\/www.nexoinformativo.mx\/index.php\/wp-json\/wp\/v2\/tags?post=17132"}],"curies":[{"name":"wp","href":"https:\/\/api.w.org\/{rel}","templated":true}]}}