{"id":1714,"date":"2024-09-09T11:00:36","date_gmt":"2024-09-09T17:00:36","guid":{"rendered":"https:\/\/www.nexoinformativo.mx\/?p=1714"},"modified":"2024-09-09T16:46:22","modified_gmt":"2024-09-09T22:46:22","slug":"continuan-trabajos-de-emergencia-tras-deslave-en-la-carretera-san-juan-del-rio-xilitla","status":"publish","type":"post","link":"https:\/\/www.nexoinformativo.mx\/index.php\/2024\/09\/09\/continuan-trabajos-de-emergencia-tras-deslave-en-la-carretera-san-juan-del-rio-xilitla\/","title":{"rendered":"Contin\u00faan trabajos de emergencia tras deslave en la carretera San Juan del R\u00edo \u2013 Xilitla"},"content":{"rendered":"<p style=\"text-align: justify;\">Contin\u00faan las labores de los servicios de emergencia en la carretera federal 120 San Juan del R\u00edo \u2013 Xilitla, a la altura del municipio de Pinal de Amoles, tras el deslave de tierra y material p\u00e9treo ocurrido la madrugada del s\u00e1bado. La vialidad sigue cerrada para veh\u00edculos particulares, pero se ha habilitado un camino alterno para el tr\u00e1nsito de unidades de emergencia y para facilitar las maniobras de la maquinaria que trabaja en el lugar.<\/p>\n<p>&nbsp;<\/p>\n<p style=\"text-align: justify;\">Actualmente, las autoridades emplean maquinaria especializada y realizan estudios t\u00e9cnicos con el objetivo de garantizar la seguridad tanto de los trabajadores como de la poblaci\u00f3n. Se prioriza la estabilidad del talud, evitando as\u00ed posibles riesgos adicionales en la zona afectada.<\/p>\n<p>&nbsp;<\/p>\n<p style=\"text-align: justify;\">Protecci\u00f3n Civil estatal y del municipio de Pinal de Amoles han solicitado a la ciudadan\u00eda seguir las indicaciones de las autoridades y tomar las medidas preventivas necesarias para evitar cualquier incidente. Mientras contin\u00faan los trabajos de remoci\u00f3n y estabilizaci\u00f3n, se recomienda no transitar por la zona y mantenerse informado a trav\u00e9s de los canales oficiales.<\/p>\n","protected":false},"excerpt":{"rendered":"<p>Contin\u00faan las labores de los servicios de emergencia en la carretera federal 120 San Juan del R\u00edo \u2013 Xilitla, a la altura del municipio de Pinal de Amoles, tras el deslave de tierra y material p\u00e9treo ocurrido la madrugada del s\u00e1bado. La vialidad sigue cerrada para veh\u00edculos particulares, pero se ha habilitado un camino alterno para el tr\u00e1nsito de unidades de emergencia y para facilitar las maniobras de la maquinaria que trabaja en el lugar.<\/p>\n","protected":false},"author":3,"featured_media":1715,"comment_status":"open","ping_status":"open","sticky":false,"template":"","format":"standard","meta":{"footnotes":""},"categories":[65,58],"tags":[584,586,154,585],"class_list":["post-1714","post","type-post","status-publish","format-standard","has-post-thumbnail","hentry","category-municipios","category-ultima-hora","tag-deslavepinaldeamoles","tag-emergenciasqueretaro","tag-proteccioncivil","tag-seguridadcarretera"],"yoast_head":"<!-- This site is optimized with the Yoast SEO plugin v25.0 - https:\/\/yoast.com\/wordpress\/plugins\/seo\/ -->\n<title>Contin\u00faan trabajos de emergencia tras deslave en la carretera San Juan del R\u00edo \u2013 Xilitla | Nexo Informativo Santiago de Quer\u00e9taro<\/title>\n<meta name=\"description\" content=\"Contin\u00faan trabajos de emergencia tras deslave en la carretera San Juan del R\u00edo \u2013 Xilitla\" \/>\n<meta name=\"robots\" content=\"index, follow, max-snippet:-1, max-image-preview:large, max-video-preview:-1\" \/>\n<link rel=\"canonical\" href=\"https:\/\/www.nexoinformativo.mx\/index.php\/2024\/09\/09\/continuan-trabajos-de-emergencia-tras-deslave-en-la-carretera-san-juan-del-rio-xilitla\/\" \/>\n<meta property=\"og:locale\" content=\"es_MX\" \/>\n<meta property=\"og:type\" content=\"article\" \/>\n<meta property=\"og:title\" content=\"Contin\u00faan trabajos de emergencia tras deslave en la carretera San Juan del R\u00edo \u2013 Xilitla | Nexo Informativo Santiago de Quer\u00e9taro\" \/>\n<meta property=\"og:description\" content=\"Contin\u00faan trabajos de emergencia tras deslave en la carretera San Juan del R\u00edo \u2013 Xilitla\" \/>\n<meta property=\"og:url\" content=\"https:\/\/www.nexoinformativo.mx\/index.php\/2024\/09\/09\/continuan-trabajos-de-emergencia-tras-deslave-en-la-carretera-san-juan-del-rio-xilitla\/\" \/>\n<meta property=\"og:site_name\" content=\"Nexo Informativo Santiago de Quer\u00e9taro\" \/>\n<meta property=\"article:publisher\" content=\"https:\/\/www.facebook.com\/people\/Nexo-Informativo\/61564066885511\/\" \/>\n<meta property=\"article:published_time\" content=\"2024-09-09T17:00:36+00:00\" \/>\n<meta property=\"article:modified_time\" content=\"2024-09-09T22:46:22+00:00\" \/>\n<meta property=\"og:image\" content=\"https:\/\/www.nexoinformativo.mx\/wp-content\/uploads\/2024\/09\/unnamed-5-1-e1725921865930.jpg\" \/>\n\t<meta property=\"og:image:width\" content=\"800\" \/>\n\t<meta property=\"og:image:height\" content=\"1425\" \/>\n\t<meta property=\"og:image:type\" content=\"image\/jpeg\" \/>\n<meta name=\"author\" content=\"Nexo Informativo\" \/>\n<meta name=\"twitter:card\" content=\"summary_large_image\" \/>\n<meta name=\"twitter:label1\" content=\"Escrito por\" \/>\n\t<meta name=\"twitter:data1\" content=\"Nexo Informativo\" \/>\n\t<meta name=\"twitter:label2\" content=\"Tiempo de lectura\" \/>\n\t<meta name=\"twitter:data2\" content=\"1 minuto\" \/>\n<script type=\"application\/ld+json\" class=\"yoast-schema-graph\">{\"@context\":\"https:\/\/schema.org\",\"@graph\":[{\"@type\":\"Article\",\"@id\":\"https:\/\/www.nexoinformativo.mx\/index.php\/2024\/09\/09\/continuan-trabajos-de-emergencia-tras-deslave-en-la-carretera-san-juan-del-rio-xilitla\/#article\",\"isPartOf\":{\"@id\":\"https:\/\/www.nexoinformativo.mx\/index.php\/2024\/09\/09\/continuan-trabajos-de-emergencia-tras-deslave-en-la-carretera-san-juan-del-rio-xilitla\/\"},\"author\":{\"name\":\"Nexo Informativo\",\"@id\":\"https:\/\/www.nexoinformativo.mx\/#\/schema\/person\/7749d380ba08c8ca00d7bc76fd907b7d\"},\"headline\":\"Contin\u00faan trabajos de emergencia tras deslave en la carretera San Juan del R\u00edo \u2013 Xilitla\",\"datePublished\":\"2024-09-09T17:00:36+00:00\",\"dateModified\":\"2024-09-09T22:46:22+00:00\",\"mainEntityOfPage\":{\"@id\":\"https:\/\/www.nexoinformativo.mx\/index.php\/2024\/09\/09\/continuan-trabajos-de-emergencia-tras-deslave-en-la-carretera-san-juan-del-rio-xilitla\/\"},\"wordCount\":200,\"commentCount\":0,\"publisher\":{\"@id\":\"https:\/\/www.nexoinformativo.mx\/#organization\"},\"image\":{\"@id\":\"https:\/\/www.nexoinformativo.mx\/index.php\/2024\/09\/09\/continuan-trabajos-de-emergencia-tras-deslave-en-la-carretera-san-juan-del-rio-xilitla\/#primaryimage\"},\"thumbnailUrl\":\"https:\/\/www.nexoinformativo.mx\/wp-content\/uploads\/2024\/09\/unnamed-5-1-e1725921865930.jpg\",\"keywords\":[\"DeslavePinalDeAmoles\",\"EmergenciasQuer\u00e9taro\",\"proteccioncivil\",\"SeguridadCarretera\"],\"articleSection\":[\"Municipios\",\"\u00daltima Hora\"],\"inLanguage\":\"es\",\"potentialAction\":[{\"@type\":\"CommentAction\",\"name\":\"Comment\",\"target\":[\"https:\/\/www.nexoinformativo.mx\/index.php\/2024\/09\/09\/continuan-trabajos-de-emergencia-tras-deslave-en-la-carretera-san-juan-del-rio-xilitla\/#respond\"]}]},{\"@type\":\"WebPage\",\"@id\":\"https:\/\/www.nexoinformativo.mx\/index.php\/2024\/09\/09\/continuan-trabajos-de-emergencia-tras-deslave-en-la-carretera-san-juan-del-rio-xilitla\/\",\"url\":\"https:\/\/www.nexoinformativo.mx\/index.php\/2024\/09\/09\/continuan-trabajos-de-emergencia-tras-deslave-en-la-carretera-san-juan-del-rio-xilitla\/\",\"name\":\"Contin\u00faan trabajos de emergencia tras deslave en la carretera San Juan del R\u00edo \u2013 Xilitla | Nexo Informativo Santiago de Quer\u00e9taro\",\"isPartOf\":{\"@id\":\"https:\/\/www.nexoinformativo.mx\/#website\"},\"primaryImageOfPage\":{\"@id\":\"https:\/\/www.nexoinformativo.mx\/index.php\/2024\/09\/09\/continuan-trabajos-de-emergencia-tras-deslave-en-la-carretera-san-juan-del-rio-xilitla\/#primaryimage\"},\"image\":{\"@id\":\"https:\/\/www.nexoinformativo.mx\/index.php\/2024\/09\/09\/continuan-trabajos-de-emergencia-tras-deslave-en-la-carretera-san-juan-del-rio-xilitla\/#primaryimage\"},\"thumbnailUrl\":\"https:\/\/www.nexoinformativo.mx\/wp-content\/uploads\/2024\/09\/unnamed-5-1-e1725921865930.jpg\",\"datePublished\":\"2024-09-09T17:00:36+00:00\",\"dateModified\":\"2024-09-09T22:46:22+00:00\",\"description\":\"Contin\u00faan trabajos de emergencia tras deslave en la carretera San Juan del R\u00edo \u2013 Xilitla\",\"breadcrumb\":{\"@id\":\"https:\/\/www.nexoinformativo.mx\/index.php\/2024\/09\/09\/continuan-trabajos-de-emergencia-tras-deslave-en-la-carretera-san-juan-del-rio-xilitla\/#breadcrumb\"},\"inLanguage\":\"es\",\"potentialAction\":[{\"@type\":\"ReadAction\",\"target\":[\"https:\/\/www.nexoinformativo.mx\/index.php\/2024\/09\/09\/continuan-trabajos-de-emergencia-tras-deslave-en-la-carretera-san-juan-del-rio-xilitla\/\"]}]},{\"@type\":\"ImageObject\",\"inLanguage\":\"es\",\"@id\":\"https:\/\/www.nexoinformativo.mx\/index.php\/2024\/09\/09\/continuan-trabajos-de-emergencia-tras-deslave-en-la-carretera-san-juan-del-rio-xilitla\/#primaryimage\",\"url\":\"https:\/\/www.nexoinformativo.mx\/wp-content\/uploads\/2024\/09\/unnamed-5-1-e1725921865930.jpg\",\"contentUrl\":\"https:\/\/www.nexoinformativo.mx\/wp-content\/uploads\/2024\/09\/unnamed-5-1-e1725921865930.jpg\",\"width\":800,\"height\":1425},{\"@type\":\"BreadcrumbList\",\"@id\":\"https:\/\/www.nexoinformativo.mx\/index.php\/2024\/09\/09\/continuan-trabajos-de-emergencia-tras-deslave-en-la-carretera-san-juan-del-rio-xilitla\/#breadcrumb\",\"itemListElement\":[{\"@type\":\"ListItem\",\"position\":1,\"name\":\"Inicio\",\"item\":\"https:\/\/www.nexoinformativo.mx\/\"},{\"@type\":\"ListItem\",\"position\":2,\"name\":\"Contin\u00faan trabajos de emergencia tras deslave en la carretera San Juan del R\u00edo \u2013 Xilitla\"}]},{\"@type\":\"WebSite\",\"@id\":\"https:\/\/www.nexoinformativo.mx\/#website\",\"url\":\"https:\/\/www.nexoinformativo.mx\/\",\"name\":\"Nexo Informativo Santiago de Quer\u00e9taro\",\"description\":\"Explora NexoInformativo y convi\u00e9rtete en parte de una comunidad que valora el conocimiento y la verdad. Tu nexoinformativo es tu puente hacia una comprensi\u00f3n m\u00e1s profunda del mundo que te rodea.\",\"publisher\":{\"@id\":\"https:\/\/www.nexoinformativo.mx\/#organization\"},\"potentialAction\":[{\"@type\":\"SearchAction\",\"target\":{\"@type\":\"EntryPoint\",\"urlTemplate\":\"https:\/\/www.nexoinformativo.mx\/?s={search_term_string}\"},\"query-input\":{\"@type\":\"PropertyValueSpecification\",\"valueRequired\":true,\"valueName\":\"search_term_string\"}}],\"inLanguage\":\"es\"},{\"@type\":\"Organization\",\"@id\":\"https:\/\/www.nexoinformativo.mx\/#organization\",\"name\":\"Nexo Informativo Santiago de Quer\u00e9taro\",\"url\":\"https:\/\/www.nexoinformativo.mx\/\",\"logo\":{\"@type\":\"ImageObject\",\"inLanguage\":\"es\",\"@id\":\"https:\/\/www.nexoinformativo.mx\/#\/schema\/logo\/image\/\",\"url\":\"https:\/\/www.nexoinformativo.mx\/wp-content\/uploads\/2024\/07\/nexoi-trasparente-2.png\",\"contentUrl\":\"https:\/\/www.nexoinformativo.mx\/wp-content\/uploads\/2024\/07\/nexoi-trasparente-2.png\",\"width\":816,\"height\":339,\"caption\":\"Nexo Informativo Santiago de Quer\u00e9taro\"},\"image\":{\"@id\":\"https:\/\/www.nexoinformativo.mx\/#\/schema\/logo\/image\/\"},\"sameAs\":[\"https:\/\/www.facebook.com\/people\/Nexo-Informativo\/61564066885511\/\"]},{\"@type\":\"Person\",\"@id\":\"https:\/\/www.nexoinformativo.mx\/#\/schema\/person\/7749d380ba08c8ca00d7bc76fd907b7d\",\"name\":\"Nexo Informativo\",\"image\":{\"@type\":\"ImageObject\",\"inLanguage\":\"es\",\"@id\":\"https:\/\/www.nexoinformativo.mx\/#\/schema\/person\/image\/\",\"url\":\"https:\/\/secure.gravatar.com\/avatar\/dde2928154642a13d95f87ddf1ea9718fe2b46760a005c53e41ff5ad610704e6?s=96&d=mm&r=g\",\"contentUrl\":\"https:\/\/secure.gravatar.com\/avatar\/dde2928154642a13d95f87ddf1ea9718fe2b46760a005c53e41ff5ad610704e6?s=96&d=mm&r=g\",\"caption\":\"Nexo Informativo\"},\"url\":\"https:\/\/www.nexoinformativo.mx\/index.php\/author\/edicion\/\"}]}<\/script>\n<!-- \/ Yoast SEO plugin. -->","yoast_head_json":{"title":"Contin\u00faan trabajos de emergencia tras deslave en la carretera San Juan del R\u00edo \u2013 Xilitla | Nexo Informativo Santiago de Quer\u00e9taro","description":"Contin\u00faan trabajos de emergencia tras deslave en la carretera San Juan del R\u00edo \u2013 Xilitla","robots":{"index":"index","follow":"follow","max-snippet":"max-snippet:-1","max-image-preview":"max-image-preview:large","max-video-preview":"max-video-preview:-1"},"canonical":"https:\/\/www.nexoinformativo.mx\/index.php\/2024\/09\/09\/continuan-trabajos-de-emergencia-tras-deslave-en-la-carretera-san-juan-del-rio-xilitla\/","og_locale":"es_MX","og_type":"article","og_title":"Contin\u00faan trabajos de emergencia tras deslave en la carretera San Juan del R\u00edo \u2013 Xilitla | Nexo Informativo Santiago de Quer\u00e9taro","og_description":"Contin\u00faan trabajos de emergencia tras deslave en la carretera San Juan del R\u00edo \u2013 Xilitla","og_url":"https:\/\/www.nexoinformativo.mx\/index.php\/2024\/09\/09\/continuan-trabajos-de-emergencia-tras-deslave-en-la-carretera-san-juan-del-rio-xilitla\/","og_site_name":"Nexo Informativo Santiago de Quer\u00e9taro","article_publisher":"https:\/\/www.facebook.com\/people\/Nexo-Informativo\/61564066885511\/","article_published_time":"2024-09-09T17:00:36+00:00","article_modified_time":"2024-09-09T22:46:22+00:00","og_image":[{"width":800,"height":1425,"url":"https:\/\/www.nexoinformativo.mx\/wp-content\/uploads\/2024\/09\/unnamed-5-1-e1725921865930.jpg","type":"image\/jpeg"}],"author":"Nexo Informativo","twitter_card":"summary_large_image","twitter_misc":{"Escrito por":"Nexo Informativo","Tiempo de lectura":"1 minuto"},"schema":{"@context":"https:\/\/schema.org","@graph":[{"@type":"Article","@id":"https:\/\/www.nexoinformativo.mx\/index.php\/2024\/09\/09\/continuan-trabajos-de-emergencia-tras-deslave-en-la-carretera-san-juan-del-rio-xilitla\/#article","isPartOf":{"@id":"https:\/\/www.nexoinformativo.mx\/index.php\/2024\/09\/09\/continuan-trabajos-de-emergencia-tras-deslave-en-la-carretera-san-juan-del-rio-xilitla\/"},"author":{"name":"Nexo Informativo","@id":"https:\/\/www.nexoinformativo.mx\/#\/schema\/person\/7749d380ba08c8ca00d7bc76fd907b7d"},"headline":"Contin\u00faan trabajos de emergencia tras deslave en la carretera San Juan del R\u00edo \u2013 Xilitla","datePublished":"2024-09-09T17:00:36+00:00","dateModified":"2024-09-09T22:46:22+00:00","mainEntityOfPage":{"@id":"https:\/\/www.nexoinformativo.mx\/index.php\/2024\/09\/09\/continuan-trabajos-de-emergencia-tras-deslave-en-la-carretera-san-juan-del-rio-xilitla\/"},"wordCount":200,"commentCount":0,"publisher":{"@id":"https:\/\/www.nexoinformativo.mx\/#organization"},"image":{"@id":"https:\/\/www.nexoinformativo.mx\/index.php\/2024\/09\/09\/continuan-trabajos-de-emergencia-tras-deslave-en-la-carretera-san-juan-del-rio-xilitla\/#primaryimage"},"thumbnailUrl":"https:\/\/www.nexoinformativo.mx\/wp-content\/uploads\/2024\/09\/unnamed-5-1-e1725921865930.jpg","keywords":["DeslavePinalDeAmoles","EmergenciasQuer\u00e9taro","proteccioncivil","SeguridadCarretera"],"articleSection":["Municipios","\u00daltima Hora"],"inLanguage":"es","potentialAction":[{"@type":"CommentAction","name":"Comment","target":["https:\/\/www.nexoinformativo.mx\/index.php\/2024\/09\/09\/continuan-trabajos-de-emergencia-tras-deslave-en-la-carretera-san-juan-del-rio-xilitla\/#respond"]}]},{"@type":"WebPage","@id":"https:\/\/www.nexoinformativo.mx\/index.php\/2024\/09\/09\/continuan-trabajos-de-emergencia-tras-deslave-en-la-carretera-san-juan-del-rio-xilitla\/","url":"https:\/\/www.nexoinformativo.mx\/index.php\/2024\/09\/09\/continuan-trabajos-de-emergencia-tras-deslave-en-la-carretera-san-juan-del-rio-xilitla\/","name":"Contin\u00faan trabajos de emergencia tras deslave en la carretera San Juan del R\u00edo \u2013 Xilitla | Nexo Informativo Santiago de Quer\u00e9taro","isPartOf":{"@id":"https:\/\/www.nexoinformativo.mx\/#website"},"primaryImageOfPage":{"@id":"https:\/\/www.nexoinformativo.mx\/index.php\/2024\/09\/09\/continuan-trabajos-de-emergencia-tras-deslave-en-la-carretera-san-juan-del-rio-xilitla\/#primaryimage"},"image":{"@id":"https:\/\/www.nexoinformativo.mx\/index.php\/2024\/09\/09\/continuan-trabajos-de-emergencia-tras-deslave-en-la-carretera-san-juan-del-rio-xilitla\/#primaryimage"},"thumbnailUrl":"https:\/\/www.nexoinformativo.mx\/wp-content\/uploads\/2024\/09\/unnamed-5-1-e1725921865930.jpg","datePublished":"2024-09-09T17:00:36+00:00","dateModified":"2024-09-09T22:46:22+00:00","description":"Contin\u00faan trabajos de emergencia tras deslave en la carretera San Juan del R\u00edo \u2013 Xilitla","breadcrumb":{"@id":"https:\/\/www.nexoinformativo.mx\/index.php\/2024\/09\/09\/continuan-trabajos-de-emergencia-tras-deslave-en-la-carretera-san-juan-del-rio-xilitla\/#breadcrumb"},"inLanguage":"es","potentialAction":[{"@type":"ReadAction","target":["https:\/\/www.nexoinformativo.mx\/index.php\/2024\/09\/09\/continuan-trabajos-de-emergencia-tras-deslave-en-la-carretera-san-juan-del-rio-xilitla\/"]}]},{"@type":"ImageObject","inLanguage":"es","@id":"https:\/\/www.nexoinformativo.mx\/index.php\/2024\/09\/09\/continuan-trabajos-de-emergencia-tras-deslave-en-la-carretera-san-juan-del-rio-xilitla\/#primaryimage","url":"https:\/\/www.nexoinformativo.mx\/wp-content\/uploads\/2024\/09\/unnamed-5-1-e1725921865930.jpg","contentUrl":"https:\/\/www.nexoinformativo.mx\/wp-content\/uploads\/2024\/09\/unnamed-5-1-e1725921865930.jpg","width":800,"height":1425},{"@type":"BreadcrumbList","@id":"https:\/\/www.nexoinformativo.mx\/index.php\/2024\/09\/09\/continuan-trabajos-de-emergencia-tras-deslave-en-la-carretera-san-juan-del-rio-xilitla\/#breadcrumb","itemListElement":[{"@type":"ListItem","position":1,"name":"Inicio","item":"https:\/\/www.nexoinformativo.mx\/"},{"@type":"ListItem","position":2,"name":"Contin\u00faan trabajos de emergencia tras deslave en la carretera San Juan del R\u00edo \u2013 Xilitla"}]},{"@type":"WebSite","@id":"https:\/\/www.nexoinformativo.mx\/#website","url":"https:\/\/www.nexoinformativo.mx\/","name":"Nexo Informativo Santiago de Quer\u00e9taro","description":"Explora NexoInformativo y convi\u00e9rtete en parte de una comunidad que valora el conocimiento y la verdad. Tu nexoinformativo es tu puente hacia una comprensi\u00f3n m\u00e1s profunda del mundo que te rodea.","publisher":{"@id":"https:\/\/www.nexoinformativo.mx\/#organization"},"potentialAction":[{"@type":"SearchAction","target":{"@type":"EntryPoint","urlTemplate":"https:\/\/www.nexoinformativo.mx\/?s={search_term_string}"},"query-input":{"@type":"PropertyValueSpecification","valueRequired":true,"valueName":"search_term_string"}}],"inLanguage":"es"},{"@type":"Organization","@id":"https:\/\/www.nexoinformativo.mx\/#organization","name":"Nexo Informativo Santiago de Quer\u00e9taro","url":"https:\/\/www.nexoinformativo.mx\/","logo":{"@type":"ImageObject","inLanguage":"es","@id":"https:\/\/www.nexoinformativo.mx\/#\/schema\/logo\/image\/","url":"https:\/\/www.nexoinformativo.mx\/wp-content\/uploads\/2024\/07\/nexoi-trasparente-2.png","contentUrl":"https:\/\/www.nexoinformativo.mx\/wp-content\/uploads\/2024\/07\/nexoi-trasparente-2.png","width":816,"height":339,"caption":"Nexo Informativo Santiago de Quer\u00e9taro"},"image":{"@id":"https:\/\/www.nexoinformativo.mx\/#\/schema\/logo\/image\/"},"sameAs":["https:\/\/www.facebook.com\/people\/Nexo-Informativo\/61564066885511\/"]},{"@type":"Person","@id":"https:\/\/www.nexoinformativo.mx\/#\/schema\/person\/7749d380ba08c8ca00d7bc76fd907b7d","name":"Nexo Informativo","image":{"@type":"ImageObject","inLanguage":"es","@id":"https:\/\/www.nexoinformativo.mx\/#\/schema\/person\/image\/","url":"https:\/\/secure.gravatar.com\/avatar\/dde2928154642a13d95f87ddf1ea9718fe2b46760a005c53e41ff5ad610704e6?s=96&d=mm&r=g","contentUrl":"https:\/\/secure.gravatar.com\/avatar\/dde2928154642a13d95f87ddf1ea9718fe2b46760a005c53e41ff5ad610704e6?s=96&d=mm&r=g","caption":"Nexo Informativo"},"url":"https:\/\/www.nexoinformativo.mx\/index.php\/author\/edicion\/"}]}},"_links":{"self":[{"href":"https:\/\/www.nexoinformativo.mx\/index.php\/wp-json\/wp\/v2\/posts\/1714","targetHints":{"allow":["GET"]}}],"collection":[{"href":"https:\/\/www.nexoinformativo.mx\/index.php\/wp-json\/wp\/v2\/posts"}],"about":[{"href":"https:\/\/www.nexoinformativo.mx\/index.php\/wp-json\/wp\/v2\/types\/post"}],"author":[{"embeddable":true,"href":"https:\/\/www.nexoinformativo.mx\/index.php\/wp-json\/wp\/v2\/users\/3"}],"replies":[{"embeddable":true,"href":"https:\/\/www.nexoinformativo.mx\/index.php\/wp-json\/wp\/v2\/comments?post=1714"}],"version-history":[{"count":2,"href":"https:\/\/www.nexoinformativo.mx\/index.php\/wp-json\/wp\/v2\/posts\/1714\/revisions"}],"predecessor-version":[{"id":1718,"href":"https:\/\/www.nexoinformativo.mx\/index.php\/wp-json\/wp\/v2\/posts\/1714\/revisions\/1718"}],"wp:featuredmedia":[{"embeddable":true,"href":"https:\/\/www.nexoinformativo.mx\/index.php\/wp-json\/wp\/v2\/media\/1715"}],"wp:attachment":[{"href":"https:\/\/www.nexoinformativo.mx\/index.php\/wp-json\/wp\/v2\/media?parent=1714"}],"wp:term":[{"taxonomy":"category","embeddable":true,"href":"https:\/\/www.nexoinformativo.mx\/index.php\/wp-json\/wp\/v2\/categories?post=1714"},{"taxonomy":"post_tag","embeddable":true,"href":"https:\/\/www.nexoinformativo.mx\/index.php\/wp-json\/wp\/v2\/tags?post=1714"}],"curies":[{"name":"wp","href":"https:\/\/api.w.org\/{rel}","templated":true}]}}