{"id":17151,"date":"2026-01-23T10:00:29","date_gmt":"2026-01-23T16:00:29","guid":{"rendered":"https:\/\/www.nexoinformativo.mx\/?p=17151"},"modified":"2026-01-25T16:52:18","modified_gmt":"2026-01-25T22:52:18","slug":"fiscalia-asegura-armas-y-fauna-exotica-en-cateo-en-santa-rosa-jauregui","status":"publish","type":"post","link":"https:\/\/www.nexoinformativo.mx\/index.php\/2026\/01\/23\/fiscalia-asegura-armas-y-fauna-exotica-en-cateo-en-santa-rosa-jauregui\/","title":{"rendered":"Fiscal\u00eda asegura armas y fauna ex\u00f3tica en cateo en Santa Rosa J\u00e1uregui"},"content":{"rendered":"\r\n<p style=\"text-align: justify;\">La Fiscal\u00eda General del Estado de Quer\u00e9taro inform\u00f3 que, como parte de la estrategia Sinergia por Quer\u00e9taro, se realiz\u00f3 un cateo en un inmueble ubicado en la delegaci\u00f3n Santa Rosa J\u00e1uregui, derivado de una investigaci\u00f3n por delitos contra la salud. La diligencia se llev\u00f3 a cabo el pasado 11 de enero de 2026.<\/p>\r\n\r\n\r\n\r\n<p style=\"text-align: justify;\"><br \/>Durante el operativo, personal ministerial y de la Polic\u00eda de Investigaci\u00f3n del Delito asegur\u00f3 armas de fuego largas y cortas, cartuchos de distintos calibres, documentaci\u00f3n oficial, placas vehiculares, una contadora de billetes y diversos objetos relacionados con la investigaci\u00f3n.<\/p>\r\n\r\n\r\n\r\n<p style=\"text-align: justify;\"><br \/>En el lugar tambi\u00e9n fue localizada fauna ex\u00f3tica y dom\u00e9stica, entre ellos dos tigres, un jaguar negro, un jaguar, caballos, caninos, pavoreales, un mapache y guacamayas. Por ello, se dio aviso inmediato a las autoridades competentes para su valoraci\u00f3n, resguardo y atenci\u00f3n conforme a los protocolos.<\/p>\r\n\r\n\r\n\r\n<p style=\"text-align: justify;\"><br \/>Tras el cateo, el inmueble qued\u00f3 asegurado por la Fiscal\u00eda de Quer\u00e9taro, mientras contin\u00faan las investigaciones para esclarecer los hechos y determinar responsabilidades, como parte de las acciones de seguridad en Quer\u00e9taro y M\u00e9xico.<\/p>\r\n<p>&nbsp;<\/p>\r\n<p style=\"text-align: center;\"><em><strong>\u00a1Informaci\u00f3n que transforma!<\/strong><\/em><\/p>\r\n","protected":false},"excerpt":{"rendered":"<p>La Fiscal\u00eda General del Estado de Quer\u00e9taro inform\u00f3 que, como parte de la estrategia Sinergia por Quer\u00e9taro, se realiz\u00f3 un cateo en un inmueble ubicado en la delegaci\u00f3n Santa Rosa J\u00e1uregui, derivado de una investigaci\u00f3n por delitos contra la salud.<\/p>\n","protected":false},"author":3,"featured_media":17150,"comment_status":"open","ping_status":"open","sticky":false,"template":"","format":"standard","meta":{"footnotes":""},"categories":[65,137,58],"tags":[130,133,575,131,3655],"class_list":["post-17151","post","type-post","status-publish","format-standard","has-post-thumbnail","hentry","category-municipios","category-sucesos","category-ultima-hora","tag-fiscalia","tag-queretaro","tag-santarosajauregui","tag-seguridad","tag-sinergiaporqueretaro"],"yoast_head":"<!-- This site is optimized with the Yoast SEO plugin v25.0 - https:\/\/yoast.com\/wordpress\/plugins\/seo\/ -->\n<title>Fiscal\u00eda asegura armas y fauna ex\u00f3tica en cateo en Santa Rosa J\u00e1uregui | Nexo Informativo Santiago de Quer\u00e9taro<\/title>\n<meta name=\"robots\" content=\"index, follow, max-snippet:-1, max-image-preview:large, max-video-preview:-1\" \/>\n<link rel=\"canonical\" href=\"https:\/\/www.nexoinformativo.mx\/index.php\/2026\/01\/23\/fiscalia-asegura-armas-y-fauna-exotica-en-cateo-en-santa-rosa-jauregui\/\" \/>\n<meta property=\"og:locale\" content=\"es_MX\" \/>\n<meta property=\"og:type\" content=\"article\" \/>\n<meta property=\"og:title\" content=\"Fiscal\u00eda asegura armas y fauna ex\u00f3tica en cateo en Santa Rosa J\u00e1uregui | Nexo Informativo Santiago de Quer\u00e9taro\" \/>\n<meta property=\"og:description\" content=\"La Fiscal\u00eda General del Estado de Quer\u00e9taro inform\u00f3 que, como parte de la estrategia Sinergia por Quer\u00e9taro, se realiz\u00f3 un cateo en un inmueble ubicado en la delegaci\u00f3n Santa Rosa J\u00e1uregui, derivado de una investigaci\u00f3n por delitos contra la salud.\" \/>\n<meta property=\"og:url\" content=\"https:\/\/www.nexoinformativo.mx\/index.php\/2026\/01\/23\/fiscalia-asegura-armas-y-fauna-exotica-en-cateo-en-santa-rosa-jauregui\/\" \/>\n<meta property=\"og:site_name\" content=\"Nexo Informativo Santiago de Quer\u00e9taro\" \/>\n<meta property=\"article:publisher\" content=\"https:\/\/www.facebook.com\/people\/Nexo-Informativo\/61564066885511\/\" \/>\n<meta property=\"article:published_time\" content=\"2026-01-23T16:00:29+00:00\" \/>\n<meta property=\"article:modified_time\" content=\"2026-01-25T22:52:18+00:00\" \/>\n<meta property=\"og:image\" content=\"https:\/\/www.nexoinformativo.mx\/wp-content\/uploads\/2026\/01\/IMG-20260123-WA0006.jpg\" \/>\n\t<meta property=\"og:image:width\" content=\"1600\" \/>\n\t<meta property=\"og:image:height\" content=\"1010\" \/>\n\t<meta property=\"og:image:type\" content=\"image\/jpeg\" \/>\n<meta name=\"author\" content=\"Nexo Informativo\" \/>\n<meta name=\"twitter:card\" content=\"summary_large_image\" \/>\n<meta name=\"twitter:label1\" content=\"Escrito por\" \/>\n\t<meta name=\"twitter:data1\" content=\"Nexo Informativo\" \/>\n\t<meta name=\"twitter:label2\" content=\"Tiempo de lectura\" \/>\n\t<meta name=\"twitter:data2\" content=\"2 minutos\" \/>\n<script type=\"application\/ld+json\" class=\"yoast-schema-graph\">{\"@context\":\"https:\/\/schema.org\",\"@graph\":[{\"@type\":\"Article\",\"@id\":\"https:\/\/www.nexoinformativo.mx\/index.php\/2026\/01\/23\/fiscalia-asegura-armas-y-fauna-exotica-en-cateo-en-santa-rosa-jauregui\/#article\",\"isPartOf\":{\"@id\":\"https:\/\/www.nexoinformativo.mx\/index.php\/2026\/01\/23\/fiscalia-asegura-armas-y-fauna-exotica-en-cateo-en-santa-rosa-jauregui\/\"},\"author\":{\"name\":\"Nexo Informativo\",\"@id\":\"https:\/\/www.nexoinformativo.mx\/#\/schema\/person\/7749d380ba08c8ca00d7bc76fd907b7d\"},\"headline\":\"Fiscal\u00eda asegura armas y fauna ex\u00f3tica en cateo en Santa Rosa J\u00e1uregui\",\"datePublished\":\"2026-01-23T16:00:29+00:00\",\"dateModified\":\"2026-01-25T22:52:18+00:00\",\"mainEntityOfPage\":{\"@id\":\"https:\/\/www.nexoinformativo.mx\/index.php\/2026\/01\/23\/fiscalia-asegura-armas-y-fauna-exotica-en-cateo-en-santa-rosa-jauregui\/\"},\"wordCount\":210,\"commentCount\":0,\"publisher\":{\"@id\":\"https:\/\/www.nexoinformativo.mx\/#organization\"},\"image\":{\"@id\":\"https:\/\/www.nexoinformativo.mx\/index.php\/2026\/01\/23\/fiscalia-asegura-armas-y-fauna-exotica-en-cateo-en-santa-rosa-jauregui\/#primaryimage\"},\"thumbnailUrl\":\"https:\/\/www.nexoinformativo.mx\/wp-content\/uploads\/2026\/01\/IMG-20260123-WA0006.jpg\",\"keywords\":[\"Fiscal\u00eda\",\"Quer\u00e9taro\",\"SantaRosaJ\u00e1uregui\",\"Seguridad\",\"SinergiaPorQuer\u00e9taro\"],\"articleSection\":[\"Municipios\",\"Sucesos\",\"\u00daltima Hora\"],\"inLanguage\":\"es\",\"potentialAction\":[{\"@type\":\"CommentAction\",\"name\":\"Comment\",\"target\":[\"https:\/\/www.nexoinformativo.mx\/index.php\/2026\/01\/23\/fiscalia-asegura-armas-y-fauna-exotica-en-cateo-en-santa-rosa-jauregui\/#respond\"]}]},{\"@type\":\"WebPage\",\"@id\":\"https:\/\/www.nexoinformativo.mx\/index.php\/2026\/01\/23\/fiscalia-asegura-armas-y-fauna-exotica-en-cateo-en-santa-rosa-jauregui\/\",\"url\":\"https:\/\/www.nexoinformativo.mx\/index.php\/2026\/01\/23\/fiscalia-asegura-armas-y-fauna-exotica-en-cateo-en-santa-rosa-jauregui\/\",\"name\":\"Fiscal\u00eda asegura armas y fauna ex\u00f3tica en cateo en Santa Rosa J\u00e1uregui | Nexo Informativo Santiago de Quer\u00e9taro\",\"isPartOf\":{\"@id\":\"https:\/\/www.nexoinformativo.mx\/#website\"},\"primaryImageOfPage\":{\"@id\":\"https:\/\/www.nexoinformativo.mx\/index.php\/2026\/01\/23\/fiscalia-asegura-armas-y-fauna-exotica-en-cateo-en-santa-rosa-jauregui\/#primaryimage\"},\"image\":{\"@id\":\"https:\/\/www.nexoinformativo.mx\/index.php\/2026\/01\/23\/fiscalia-asegura-armas-y-fauna-exotica-en-cateo-en-santa-rosa-jauregui\/#primaryimage\"},\"thumbnailUrl\":\"https:\/\/www.nexoinformativo.mx\/wp-content\/uploads\/2026\/01\/IMG-20260123-WA0006.jpg\",\"datePublished\":\"2026-01-23T16:00:29+00:00\",\"dateModified\":\"2026-01-25T22:52:18+00:00\",\"breadcrumb\":{\"@id\":\"https:\/\/www.nexoinformativo.mx\/index.php\/2026\/01\/23\/fiscalia-asegura-armas-y-fauna-exotica-en-cateo-en-santa-rosa-jauregui\/#breadcrumb\"},\"inLanguage\":\"es\",\"potentialAction\":[{\"@type\":\"ReadAction\",\"target\":[\"https:\/\/www.nexoinformativo.mx\/index.php\/2026\/01\/23\/fiscalia-asegura-armas-y-fauna-exotica-en-cateo-en-santa-rosa-jauregui\/\"]}]},{\"@type\":\"ImageObject\",\"inLanguage\":\"es\",\"@id\":\"https:\/\/www.nexoinformativo.mx\/index.php\/2026\/01\/23\/fiscalia-asegura-armas-y-fauna-exotica-en-cateo-en-santa-rosa-jauregui\/#primaryimage\",\"url\":\"https:\/\/www.nexoinformativo.mx\/wp-content\/uploads\/2026\/01\/IMG-20260123-WA0006.jpg\",\"contentUrl\":\"https:\/\/www.nexoinformativo.mx\/wp-content\/uploads\/2026\/01\/IMG-20260123-WA0006.jpg\",\"width\":1600,\"height\":1010},{\"@type\":\"BreadcrumbList\",\"@id\":\"https:\/\/www.nexoinformativo.mx\/index.php\/2026\/01\/23\/fiscalia-asegura-armas-y-fauna-exotica-en-cateo-en-santa-rosa-jauregui\/#breadcrumb\",\"itemListElement\":[{\"@type\":\"ListItem\",\"position\":1,\"name\":\"Inicio\",\"item\":\"https:\/\/www.nexoinformativo.mx\/\"},{\"@type\":\"ListItem\",\"position\":2,\"name\":\"Fiscal\u00eda asegura armas y fauna ex\u00f3tica en cateo en Santa Rosa J\u00e1uregui\"}]},{\"@type\":\"WebSite\",\"@id\":\"https:\/\/www.nexoinformativo.mx\/#website\",\"url\":\"https:\/\/www.nexoinformativo.mx\/\",\"name\":\"Nexo Informativo Santiago de Quer\u00e9taro\",\"description\":\"Explora NexoInformativo y convi\u00e9rtete en parte de una comunidad que valora el conocimiento y la verdad. Tu nexoinformativo es tu puente hacia una comprensi\u00f3n m\u00e1s profunda del mundo que te rodea.\",\"publisher\":{\"@id\":\"https:\/\/www.nexoinformativo.mx\/#organization\"},\"potentialAction\":[{\"@type\":\"SearchAction\",\"target\":{\"@type\":\"EntryPoint\",\"urlTemplate\":\"https:\/\/www.nexoinformativo.mx\/?s={search_term_string}\"},\"query-input\":{\"@type\":\"PropertyValueSpecification\",\"valueRequired\":true,\"valueName\":\"search_term_string\"}}],\"inLanguage\":\"es\"},{\"@type\":\"Organization\",\"@id\":\"https:\/\/www.nexoinformativo.mx\/#organization\",\"name\":\"Nexo Informativo Santiago de Quer\u00e9taro\",\"url\":\"https:\/\/www.nexoinformativo.mx\/\",\"logo\":{\"@type\":\"ImageObject\",\"inLanguage\":\"es\",\"@id\":\"https:\/\/www.nexoinformativo.mx\/#\/schema\/logo\/image\/\",\"url\":\"https:\/\/www.nexoinformativo.mx\/wp-content\/uploads\/2024\/07\/nexoi-trasparente-2.png\",\"contentUrl\":\"https:\/\/www.nexoinformativo.mx\/wp-content\/uploads\/2024\/07\/nexoi-trasparente-2.png\",\"width\":816,\"height\":339,\"caption\":\"Nexo Informativo Santiago de Quer\u00e9taro\"},\"image\":{\"@id\":\"https:\/\/www.nexoinformativo.mx\/#\/schema\/logo\/image\/\"},\"sameAs\":[\"https:\/\/www.facebook.com\/people\/Nexo-Informativo\/61564066885511\/\"]},{\"@type\":\"Person\",\"@id\":\"https:\/\/www.nexoinformativo.mx\/#\/schema\/person\/7749d380ba08c8ca00d7bc76fd907b7d\",\"name\":\"Nexo Informativo\",\"image\":{\"@type\":\"ImageObject\",\"inLanguage\":\"es\",\"@id\":\"https:\/\/www.nexoinformativo.mx\/#\/schema\/person\/image\/\",\"url\":\"https:\/\/secure.gravatar.com\/avatar\/dde2928154642a13d95f87ddf1ea9718fe2b46760a005c53e41ff5ad610704e6?s=96&d=mm&r=g\",\"contentUrl\":\"https:\/\/secure.gravatar.com\/avatar\/dde2928154642a13d95f87ddf1ea9718fe2b46760a005c53e41ff5ad610704e6?s=96&d=mm&r=g\",\"caption\":\"Nexo Informativo\"},\"url\":\"https:\/\/www.nexoinformativo.mx\/index.php\/author\/edicion\/\"}]}<\/script>\n<!-- \/ Yoast SEO plugin. -->","yoast_head_json":{"title":"Fiscal\u00eda asegura armas y fauna ex\u00f3tica en cateo en Santa Rosa J\u00e1uregui | Nexo Informativo Santiago de Quer\u00e9taro","robots":{"index":"index","follow":"follow","max-snippet":"max-snippet:-1","max-image-preview":"max-image-preview:large","max-video-preview":"max-video-preview:-1"},"canonical":"https:\/\/www.nexoinformativo.mx\/index.php\/2026\/01\/23\/fiscalia-asegura-armas-y-fauna-exotica-en-cateo-en-santa-rosa-jauregui\/","og_locale":"es_MX","og_type":"article","og_title":"Fiscal\u00eda asegura armas y fauna ex\u00f3tica en cateo en Santa Rosa J\u00e1uregui | Nexo Informativo Santiago de Quer\u00e9taro","og_description":"La Fiscal\u00eda General del Estado de Quer\u00e9taro inform\u00f3 que, como parte de la estrategia Sinergia por Quer\u00e9taro, se realiz\u00f3 un cateo en un inmueble ubicado en la delegaci\u00f3n Santa Rosa J\u00e1uregui, derivado de una investigaci\u00f3n por delitos contra la salud.","og_url":"https:\/\/www.nexoinformativo.mx\/index.php\/2026\/01\/23\/fiscalia-asegura-armas-y-fauna-exotica-en-cateo-en-santa-rosa-jauregui\/","og_site_name":"Nexo Informativo Santiago de Quer\u00e9taro","article_publisher":"https:\/\/www.facebook.com\/people\/Nexo-Informativo\/61564066885511\/","article_published_time":"2026-01-23T16:00:29+00:00","article_modified_time":"2026-01-25T22:52:18+00:00","og_image":[{"width":1600,"height":1010,"url":"https:\/\/www.nexoinformativo.mx\/wp-content\/uploads\/2026\/01\/IMG-20260123-WA0006.jpg","type":"image\/jpeg"}],"author":"Nexo Informativo","twitter_card":"summary_large_image","twitter_misc":{"Escrito por":"Nexo Informativo","Tiempo de lectura":"2 minutos"},"schema":{"@context":"https:\/\/schema.org","@graph":[{"@type":"Article","@id":"https:\/\/www.nexoinformativo.mx\/index.php\/2026\/01\/23\/fiscalia-asegura-armas-y-fauna-exotica-en-cateo-en-santa-rosa-jauregui\/#article","isPartOf":{"@id":"https:\/\/www.nexoinformativo.mx\/index.php\/2026\/01\/23\/fiscalia-asegura-armas-y-fauna-exotica-en-cateo-en-santa-rosa-jauregui\/"},"author":{"name":"Nexo Informativo","@id":"https:\/\/www.nexoinformativo.mx\/#\/schema\/person\/7749d380ba08c8ca00d7bc76fd907b7d"},"headline":"Fiscal\u00eda asegura armas y fauna ex\u00f3tica en cateo en Santa Rosa J\u00e1uregui","datePublished":"2026-01-23T16:00:29+00:00","dateModified":"2026-01-25T22:52:18+00:00","mainEntityOfPage":{"@id":"https:\/\/www.nexoinformativo.mx\/index.php\/2026\/01\/23\/fiscalia-asegura-armas-y-fauna-exotica-en-cateo-en-santa-rosa-jauregui\/"},"wordCount":210,"commentCount":0,"publisher":{"@id":"https:\/\/www.nexoinformativo.mx\/#organization"},"image":{"@id":"https:\/\/www.nexoinformativo.mx\/index.php\/2026\/01\/23\/fiscalia-asegura-armas-y-fauna-exotica-en-cateo-en-santa-rosa-jauregui\/#primaryimage"},"thumbnailUrl":"https:\/\/www.nexoinformativo.mx\/wp-content\/uploads\/2026\/01\/IMG-20260123-WA0006.jpg","keywords":["Fiscal\u00eda","Quer\u00e9taro","SantaRosaJ\u00e1uregui","Seguridad","SinergiaPorQuer\u00e9taro"],"articleSection":["Municipios","Sucesos","\u00daltima Hora"],"inLanguage":"es","potentialAction":[{"@type":"CommentAction","name":"Comment","target":["https:\/\/www.nexoinformativo.mx\/index.php\/2026\/01\/23\/fiscalia-asegura-armas-y-fauna-exotica-en-cateo-en-santa-rosa-jauregui\/#respond"]}]},{"@type":"WebPage","@id":"https:\/\/www.nexoinformativo.mx\/index.php\/2026\/01\/23\/fiscalia-asegura-armas-y-fauna-exotica-en-cateo-en-santa-rosa-jauregui\/","url":"https:\/\/www.nexoinformativo.mx\/index.php\/2026\/01\/23\/fiscalia-asegura-armas-y-fauna-exotica-en-cateo-en-santa-rosa-jauregui\/","name":"Fiscal\u00eda asegura armas y fauna ex\u00f3tica en cateo en Santa Rosa J\u00e1uregui | Nexo Informativo Santiago de Quer\u00e9taro","isPartOf":{"@id":"https:\/\/www.nexoinformativo.mx\/#website"},"primaryImageOfPage":{"@id":"https:\/\/www.nexoinformativo.mx\/index.php\/2026\/01\/23\/fiscalia-asegura-armas-y-fauna-exotica-en-cateo-en-santa-rosa-jauregui\/#primaryimage"},"image":{"@id":"https:\/\/www.nexoinformativo.mx\/index.php\/2026\/01\/23\/fiscalia-asegura-armas-y-fauna-exotica-en-cateo-en-santa-rosa-jauregui\/#primaryimage"},"thumbnailUrl":"https:\/\/www.nexoinformativo.mx\/wp-content\/uploads\/2026\/01\/IMG-20260123-WA0006.jpg","datePublished":"2026-01-23T16:00:29+00:00","dateModified":"2026-01-25T22:52:18+00:00","breadcrumb":{"@id":"https:\/\/www.nexoinformativo.mx\/index.php\/2026\/01\/23\/fiscalia-asegura-armas-y-fauna-exotica-en-cateo-en-santa-rosa-jauregui\/#breadcrumb"},"inLanguage":"es","potentialAction":[{"@type":"ReadAction","target":["https:\/\/www.nexoinformativo.mx\/index.php\/2026\/01\/23\/fiscalia-asegura-armas-y-fauna-exotica-en-cateo-en-santa-rosa-jauregui\/"]}]},{"@type":"ImageObject","inLanguage":"es","@id":"https:\/\/www.nexoinformativo.mx\/index.php\/2026\/01\/23\/fiscalia-asegura-armas-y-fauna-exotica-en-cateo-en-santa-rosa-jauregui\/#primaryimage","url":"https:\/\/www.nexoinformativo.mx\/wp-content\/uploads\/2026\/01\/IMG-20260123-WA0006.jpg","contentUrl":"https:\/\/www.nexoinformativo.mx\/wp-content\/uploads\/2026\/01\/IMG-20260123-WA0006.jpg","width":1600,"height":1010},{"@type":"BreadcrumbList","@id":"https:\/\/www.nexoinformativo.mx\/index.php\/2026\/01\/23\/fiscalia-asegura-armas-y-fauna-exotica-en-cateo-en-santa-rosa-jauregui\/#breadcrumb","itemListElement":[{"@type":"ListItem","position":1,"name":"Inicio","item":"https:\/\/www.nexoinformativo.mx\/"},{"@type":"ListItem","position":2,"name":"Fiscal\u00eda asegura armas y fauna ex\u00f3tica en cateo en Santa Rosa J\u00e1uregui"}]},{"@type":"WebSite","@id":"https:\/\/www.nexoinformativo.mx\/#website","url":"https:\/\/www.nexoinformativo.mx\/","name":"Nexo Informativo Santiago de Quer\u00e9taro","description":"Explora NexoInformativo y convi\u00e9rtete en parte de una comunidad que valora el conocimiento y la verdad. Tu nexoinformativo es tu puente hacia una comprensi\u00f3n m\u00e1s profunda del mundo que te rodea.","publisher":{"@id":"https:\/\/www.nexoinformativo.mx\/#organization"},"potentialAction":[{"@type":"SearchAction","target":{"@type":"EntryPoint","urlTemplate":"https:\/\/www.nexoinformativo.mx\/?s={search_term_string}"},"query-input":{"@type":"PropertyValueSpecification","valueRequired":true,"valueName":"search_term_string"}}],"inLanguage":"es"},{"@type":"Organization","@id":"https:\/\/www.nexoinformativo.mx\/#organization","name":"Nexo Informativo Santiago de Quer\u00e9taro","url":"https:\/\/www.nexoinformativo.mx\/","logo":{"@type":"ImageObject","inLanguage":"es","@id":"https:\/\/www.nexoinformativo.mx\/#\/schema\/logo\/image\/","url":"https:\/\/www.nexoinformativo.mx\/wp-content\/uploads\/2024\/07\/nexoi-trasparente-2.png","contentUrl":"https:\/\/www.nexoinformativo.mx\/wp-content\/uploads\/2024\/07\/nexoi-trasparente-2.png","width":816,"height":339,"caption":"Nexo Informativo Santiago de Quer\u00e9taro"},"image":{"@id":"https:\/\/www.nexoinformativo.mx\/#\/schema\/logo\/image\/"},"sameAs":["https:\/\/www.facebook.com\/people\/Nexo-Informativo\/61564066885511\/"]},{"@type":"Person","@id":"https:\/\/www.nexoinformativo.mx\/#\/schema\/person\/7749d380ba08c8ca00d7bc76fd907b7d","name":"Nexo Informativo","image":{"@type":"ImageObject","inLanguage":"es","@id":"https:\/\/www.nexoinformativo.mx\/#\/schema\/person\/image\/","url":"https:\/\/secure.gravatar.com\/avatar\/dde2928154642a13d95f87ddf1ea9718fe2b46760a005c53e41ff5ad610704e6?s=96&d=mm&r=g","contentUrl":"https:\/\/secure.gravatar.com\/avatar\/dde2928154642a13d95f87ddf1ea9718fe2b46760a005c53e41ff5ad610704e6?s=96&d=mm&r=g","caption":"Nexo Informativo"},"url":"https:\/\/www.nexoinformativo.mx\/index.php\/author\/edicion\/"}]}},"_links":{"self":[{"href":"https:\/\/www.nexoinformativo.mx\/index.php\/wp-json\/wp\/v2\/posts\/17151","targetHints":{"allow":["GET"]}}],"collection":[{"href":"https:\/\/www.nexoinformativo.mx\/index.php\/wp-json\/wp\/v2\/posts"}],"about":[{"href":"https:\/\/www.nexoinformativo.mx\/index.php\/wp-json\/wp\/v2\/types\/post"}],"author":[{"embeddable":true,"href":"https:\/\/www.nexoinformativo.mx\/index.php\/wp-json\/wp\/v2\/users\/3"}],"replies":[{"embeddable":true,"href":"https:\/\/www.nexoinformativo.mx\/index.php\/wp-json\/wp\/v2\/comments?post=17151"}],"version-history":[{"count":3,"href":"https:\/\/www.nexoinformativo.mx\/index.php\/wp-json\/wp\/v2\/posts\/17151\/revisions"}],"predecessor-version":[{"id":17183,"href":"https:\/\/www.nexoinformativo.mx\/index.php\/wp-json\/wp\/v2\/posts\/17151\/revisions\/17183"}],"wp:featuredmedia":[{"embeddable":true,"href":"https:\/\/www.nexoinformativo.mx\/index.php\/wp-json\/wp\/v2\/media\/17150"}],"wp:attachment":[{"href":"https:\/\/www.nexoinformativo.mx\/index.php\/wp-json\/wp\/v2\/media?parent=17151"}],"wp:term":[{"taxonomy":"category","embeddable":true,"href":"https:\/\/www.nexoinformativo.mx\/index.php\/wp-json\/wp\/v2\/categories?post=17151"},{"taxonomy":"post_tag","embeddable":true,"href":"https:\/\/www.nexoinformativo.mx\/index.php\/wp-json\/wp\/v2\/tags?post=17151"}],"curies":[{"name":"wp","href":"https:\/\/api.w.org\/{rel}","templated":true}]}}