{"id":17154,"date":"2026-01-23T11:00:53","date_gmt":"2026-01-23T17:00:53","guid":{"rendered":"https:\/\/www.nexoinformativo.mx\/?p=17154"},"modified":"2026-01-25T16:53:45","modified_gmt":"2026-01-25T22:53:45","slug":"mauricio-kuri-impulsa-vinculos-estrategicos-entre-queretaro-y-espana","status":"publish","type":"post","link":"https:\/\/www.nexoinformativo.mx\/index.php\/2026\/01\/23\/mauricio-kuri-impulsa-vinculos-estrategicos-entre-queretaro-y-espana\/","title":{"rendered":"Mauricio Kuri impulsa v\u00ednculos estrat\u00e9gicos entre Quer\u00e9taro y Espa\u00f1a"},"content":{"rendered":"\r\n<p style=\"text-align: justify;\">Con el objetivo de fortalecer la proyecci\u00f3n internacional de Quer\u00e9taro, el gobernador Mauricio Kuri Gonz\u00e1lez sostuvo una reuni\u00f3n diplom\u00e1tica con el embajador de M\u00e9xico en Espa\u00f1a, Quirino Ordaz Coppel, durante las actividades de la FITUR 2026. El encuentro se centr\u00f3 en impulsar la presencia del estado en la econom\u00eda europea y promover la inversi\u00f3n en sectores clave como el turismo.<\/p>\r\n\r\n\r\n\r\n<p style=\"text-align: justify;\"><br \/>Durante la reuni\u00f3n, ambas autoridades coincidieron en la importancia de mantener una pol\u00edtica de apertura y colaboraci\u00f3n que permita consolidar los lazos entre Quer\u00e9taro y el pa\u00eds ib\u00e9rico. Se analizaron posibles esquemas de cooperaci\u00f3n para generar nuevas oportunidades de negocio e inversi\u00f3n.<\/p>\r\n\r\n\r\n\r\n<p style=\"text-align: justify;\"><br \/>Mauricio Kuri destac\u00f3 que esta gira de trabajo representa una ventana para llevar lo mejor de M\u00e9xico y Quer\u00e9taro al mundo, al promover la riqueza tur\u00edstica, cultural y econ\u00f3mica de la entidad. Subray\u00f3 que el acercamiento con Espa\u00f1a puede traducirse en beneficios directos para el desarrollo del estado.<\/p>\r\n\r\n\r\n\r\n<p style=\"text-align: justify;\"><br \/>El gobierno de Quer\u00e9taro reiter\u00f3 su compromiso de seguir fortaleciendo relaciones internacionales que impulsen el crecimiento econ\u00f3mico, el turismo y la atracci\u00f3n de inversiones, posicionando a la entidad como un destino competitivo a nivel global.<\/p>\r\n<p>&nbsp;<\/p>\r\n<p style=\"text-align: center;\"><em><strong>\u00a1Informaci\u00f3n que transforma!<\/strong><\/em><\/p>\r\n","protected":false},"excerpt":{"rendered":"<p>Con el objetivo de fortalecer la proyecci\u00f3n internacional de Quer\u00e9taro, el gobernador Mauricio Kuri Gonz\u00e1lez sostuvo una reuni\u00f3n diplom\u00e1tica con el embajador de M\u00e9xico en Espa\u00f1a, Quirino Ordaz Coppel, durante las actividades de la FITUR 2026.<\/p>\n","protected":false},"author":3,"featured_media":17153,"comment_status":"open","ping_status":"open","sticky":false,"template":"","format":"standard","meta":{"footnotes":""},"categories":[5,42,58],"tags":[5104,142,661,133,1686],"class_list":["post-17154","post","type-post","status-publish","format-standard","has-post-thumbnail","hentry","category-economia","category-estado","category-ultima-hora","tag-espana","tag-inversion","tag-mauriciokuri","tag-queretaro","tag-turismo"],"yoast_head":"<!-- This site is optimized with the Yoast SEO plugin v25.0 - https:\/\/yoast.com\/wordpress\/plugins\/seo\/ -->\n<title>Mauricio Kuri impulsa v\u00ednculos estrat\u00e9gicos entre Quer\u00e9taro y Espa\u00f1a | Nexo Informativo Santiago de Quer\u00e9taro<\/title>\n<meta name=\"robots\" content=\"index, follow, max-snippet:-1, max-image-preview:large, max-video-preview:-1\" \/>\n<link rel=\"canonical\" href=\"https:\/\/www.nexoinformativo.mx\/index.php\/2026\/01\/23\/mauricio-kuri-impulsa-vinculos-estrategicos-entre-queretaro-y-espana\/\" \/>\n<meta property=\"og:locale\" content=\"es_MX\" \/>\n<meta property=\"og:type\" content=\"article\" \/>\n<meta property=\"og:title\" content=\"Mauricio Kuri impulsa v\u00ednculos estrat\u00e9gicos entre Quer\u00e9taro y Espa\u00f1a | Nexo Informativo Santiago de Quer\u00e9taro\" \/>\n<meta property=\"og:description\" content=\"Con el objetivo de fortalecer la proyecci\u00f3n internacional de Quer\u00e9taro, el gobernador Mauricio Kuri Gonz\u00e1lez sostuvo una reuni\u00f3n diplom\u00e1tica con el embajador de M\u00e9xico en Espa\u00f1a, Quirino Ordaz Coppel, durante las actividades de la FITUR 2026.\" \/>\n<meta property=\"og:url\" content=\"https:\/\/www.nexoinformativo.mx\/index.php\/2026\/01\/23\/mauricio-kuri-impulsa-vinculos-estrategicos-entre-queretaro-y-espana\/\" \/>\n<meta property=\"og:site_name\" content=\"Nexo Informativo Santiago de Quer\u00e9taro\" \/>\n<meta property=\"article:publisher\" content=\"https:\/\/www.facebook.com\/people\/Nexo-Informativo\/61564066885511\/\" \/>\n<meta property=\"article:published_time\" content=\"2026-01-23T17:00:53+00:00\" \/>\n<meta property=\"article:modified_time\" content=\"2026-01-25T22:53:45+00:00\" \/>\n<meta property=\"og:image\" content=\"https:\/\/www.nexoinformativo.mx\/wp-content\/uploads\/2026\/01\/IMG-20260123-WA0002-e1769381618934.jpg\" \/>\n\t<meta property=\"og:image:width\" content=\"800\" \/>\n\t<meta property=\"og:image:height\" content=\"533\" \/>\n\t<meta property=\"og:image:type\" content=\"image\/jpeg\" \/>\n<meta name=\"author\" content=\"Nexo Informativo\" \/>\n<meta name=\"twitter:card\" content=\"summary_large_image\" \/>\n<meta name=\"twitter:label1\" content=\"Escrito por\" \/>\n\t<meta name=\"twitter:data1\" content=\"Nexo Informativo\" \/>\n\t<meta name=\"twitter:label2\" content=\"Tiempo de lectura\" \/>\n\t<meta name=\"twitter:data2\" content=\"2 minutos\" \/>\n<script type=\"application\/ld+json\" class=\"yoast-schema-graph\">{\"@context\":\"https:\/\/schema.org\",\"@graph\":[{\"@type\":\"Article\",\"@id\":\"https:\/\/www.nexoinformativo.mx\/index.php\/2026\/01\/23\/mauricio-kuri-impulsa-vinculos-estrategicos-entre-queretaro-y-espana\/#article\",\"isPartOf\":{\"@id\":\"https:\/\/www.nexoinformativo.mx\/index.php\/2026\/01\/23\/mauricio-kuri-impulsa-vinculos-estrategicos-entre-queretaro-y-espana\/\"},\"author\":{\"name\":\"Nexo Informativo\",\"@id\":\"https:\/\/www.nexoinformativo.mx\/#\/schema\/person\/7749d380ba08c8ca00d7bc76fd907b7d\"},\"headline\":\"Mauricio Kuri impulsa v\u00ednculos estrat\u00e9gicos entre Quer\u00e9taro y Espa\u00f1a\",\"datePublished\":\"2026-01-23T17:00:53+00:00\",\"dateModified\":\"2026-01-25T22:53:45+00:00\",\"mainEntityOfPage\":{\"@id\":\"https:\/\/www.nexoinformativo.mx\/index.php\/2026\/01\/23\/mauricio-kuri-impulsa-vinculos-estrategicos-entre-queretaro-y-espana\/\"},\"wordCount\":227,\"commentCount\":0,\"publisher\":{\"@id\":\"https:\/\/www.nexoinformativo.mx\/#organization\"},\"image\":{\"@id\":\"https:\/\/www.nexoinformativo.mx\/index.php\/2026\/01\/23\/mauricio-kuri-impulsa-vinculos-estrategicos-entre-queretaro-y-espana\/#primaryimage\"},\"thumbnailUrl\":\"https:\/\/www.nexoinformativo.mx\/wp-content\/uploads\/2026\/01\/IMG-20260123-WA0002-e1769381618934.jpg\",\"keywords\":[\"Espa\u00f1a\",\"Inversi\u00f3n\",\"MauricioKuri\",\"Quer\u00e9taro\",\"Turismo\"],\"articleSection\":[\"Econom\u00eda\",\"Estado\",\"\u00daltima Hora\"],\"inLanguage\":\"es\",\"potentialAction\":[{\"@type\":\"CommentAction\",\"name\":\"Comment\",\"target\":[\"https:\/\/www.nexoinformativo.mx\/index.php\/2026\/01\/23\/mauricio-kuri-impulsa-vinculos-estrategicos-entre-queretaro-y-espana\/#respond\"]}]},{\"@type\":\"WebPage\",\"@id\":\"https:\/\/www.nexoinformativo.mx\/index.php\/2026\/01\/23\/mauricio-kuri-impulsa-vinculos-estrategicos-entre-queretaro-y-espana\/\",\"url\":\"https:\/\/www.nexoinformativo.mx\/index.php\/2026\/01\/23\/mauricio-kuri-impulsa-vinculos-estrategicos-entre-queretaro-y-espana\/\",\"name\":\"Mauricio Kuri impulsa v\u00ednculos estrat\u00e9gicos entre Quer\u00e9taro y Espa\u00f1a | Nexo Informativo Santiago de Quer\u00e9taro\",\"isPartOf\":{\"@id\":\"https:\/\/www.nexoinformativo.mx\/#website\"},\"primaryImageOfPage\":{\"@id\":\"https:\/\/www.nexoinformativo.mx\/index.php\/2026\/01\/23\/mauricio-kuri-impulsa-vinculos-estrategicos-entre-queretaro-y-espana\/#primaryimage\"},\"image\":{\"@id\":\"https:\/\/www.nexoinformativo.mx\/index.php\/2026\/01\/23\/mauricio-kuri-impulsa-vinculos-estrategicos-entre-queretaro-y-espana\/#primaryimage\"},\"thumbnailUrl\":\"https:\/\/www.nexoinformativo.mx\/wp-content\/uploads\/2026\/01\/IMG-20260123-WA0002-e1769381618934.jpg\",\"datePublished\":\"2026-01-23T17:00:53+00:00\",\"dateModified\":\"2026-01-25T22:53:45+00:00\",\"breadcrumb\":{\"@id\":\"https:\/\/www.nexoinformativo.mx\/index.php\/2026\/01\/23\/mauricio-kuri-impulsa-vinculos-estrategicos-entre-queretaro-y-espana\/#breadcrumb\"},\"inLanguage\":\"es\",\"potentialAction\":[{\"@type\":\"ReadAction\",\"target\":[\"https:\/\/www.nexoinformativo.mx\/index.php\/2026\/01\/23\/mauricio-kuri-impulsa-vinculos-estrategicos-entre-queretaro-y-espana\/\"]}]},{\"@type\":\"ImageObject\",\"inLanguage\":\"es\",\"@id\":\"https:\/\/www.nexoinformativo.mx\/index.php\/2026\/01\/23\/mauricio-kuri-impulsa-vinculos-estrategicos-entre-queretaro-y-espana\/#primaryimage\",\"url\":\"https:\/\/www.nexoinformativo.mx\/wp-content\/uploads\/2026\/01\/IMG-20260123-WA0002-e1769381618934.jpg\",\"contentUrl\":\"https:\/\/www.nexoinformativo.mx\/wp-content\/uploads\/2026\/01\/IMG-20260123-WA0002-e1769381618934.jpg\",\"width\":800,\"height\":533},{\"@type\":\"BreadcrumbList\",\"@id\":\"https:\/\/www.nexoinformativo.mx\/index.php\/2026\/01\/23\/mauricio-kuri-impulsa-vinculos-estrategicos-entre-queretaro-y-espana\/#breadcrumb\",\"itemListElement\":[{\"@type\":\"ListItem\",\"position\":1,\"name\":\"Inicio\",\"item\":\"https:\/\/www.nexoinformativo.mx\/\"},{\"@type\":\"ListItem\",\"position\":2,\"name\":\"Mauricio Kuri impulsa v\u00ednculos estrat\u00e9gicos entre Quer\u00e9taro y Espa\u00f1a\"}]},{\"@type\":\"WebSite\",\"@id\":\"https:\/\/www.nexoinformativo.mx\/#website\",\"url\":\"https:\/\/www.nexoinformativo.mx\/\",\"name\":\"Nexo Informativo Santiago de Quer\u00e9taro\",\"description\":\"Explora NexoInformativo y convi\u00e9rtete en parte de una comunidad que valora el conocimiento y la verdad. Tu nexoinformativo es tu puente hacia una comprensi\u00f3n m\u00e1s profunda del mundo que te rodea.\",\"publisher\":{\"@id\":\"https:\/\/www.nexoinformativo.mx\/#organization\"},\"potentialAction\":[{\"@type\":\"SearchAction\",\"target\":{\"@type\":\"EntryPoint\",\"urlTemplate\":\"https:\/\/www.nexoinformativo.mx\/?s={search_term_string}\"},\"query-input\":{\"@type\":\"PropertyValueSpecification\",\"valueRequired\":true,\"valueName\":\"search_term_string\"}}],\"inLanguage\":\"es\"},{\"@type\":\"Organization\",\"@id\":\"https:\/\/www.nexoinformativo.mx\/#organization\",\"name\":\"Nexo Informativo Santiago de Quer\u00e9taro\",\"url\":\"https:\/\/www.nexoinformativo.mx\/\",\"logo\":{\"@type\":\"ImageObject\",\"inLanguage\":\"es\",\"@id\":\"https:\/\/www.nexoinformativo.mx\/#\/schema\/logo\/image\/\",\"url\":\"https:\/\/www.nexoinformativo.mx\/wp-content\/uploads\/2024\/07\/nexoi-trasparente-2.png\",\"contentUrl\":\"https:\/\/www.nexoinformativo.mx\/wp-content\/uploads\/2024\/07\/nexoi-trasparente-2.png\",\"width\":816,\"height\":339,\"caption\":\"Nexo Informativo Santiago de Quer\u00e9taro\"},\"image\":{\"@id\":\"https:\/\/www.nexoinformativo.mx\/#\/schema\/logo\/image\/\"},\"sameAs\":[\"https:\/\/www.facebook.com\/people\/Nexo-Informativo\/61564066885511\/\"]},{\"@type\":\"Person\",\"@id\":\"https:\/\/www.nexoinformativo.mx\/#\/schema\/person\/7749d380ba08c8ca00d7bc76fd907b7d\",\"name\":\"Nexo Informativo\",\"image\":{\"@type\":\"ImageObject\",\"inLanguage\":\"es\",\"@id\":\"https:\/\/www.nexoinformativo.mx\/#\/schema\/person\/image\/\",\"url\":\"https:\/\/secure.gravatar.com\/avatar\/dde2928154642a13d95f87ddf1ea9718fe2b46760a005c53e41ff5ad610704e6?s=96&d=mm&r=g\",\"contentUrl\":\"https:\/\/secure.gravatar.com\/avatar\/dde2928154642a13d95f87ddf1ea9718fe2b46760a005c53e41ff5ad610704e6?s=96&d=mm&r=g\",\"caption\":\"Nexo Informativo\"},\"url\":\"https:\/\/www.nexoinformativo.mx\/index.php\/author\/edicion\/\"}]}<\/script>\n<!-- \/ Yoast SEO plugin. -->","yoast_head_json":{"title":"Mauricio Kuri impulsa v\u00ednculos estrat\u00e9gicos entre Quer\u00e9taro y Espa\u00f1a | Nexo Informativo Santiago de Quer\u00e9taro","robots":{"index":"index","follow":"follow","max-snippet":"max-snippet:-1","max-image-preview":"max-image-preview:large","max-video-preview":"max-video-preview:-1"},"canonical":"https:\/\/www.nexoinformativo.mx\/index.php\/2026\/01\/23\/mauricio-kuri-impulsa-vinculos-estrategicos-entre-queretaro-y-espana\/","og_locale":"es_MX","og_type":"article","og_title":"Mauricio Kuri impulsa v\u00ednculos estrat\u00e9gicos entre Quer\u00e9taro y Espa\u00f1a | Nexo Informativo Santiago de Quer\u00e9taro","og_description":"Con el objetivo de fortalecer la proyecci\u00f3n internacional de Quer\u00e9taro, el gobernador Mauricio Kuri Gonz\u00e1lez sostuvo una reuni\u00f3n diplom\u00e1tica con el embajador de M\u00e9xico en Espa\u00f1a, Quirino Ordaz Coppel, durante las actividades de la FITUR 2026.","og_url":"https:\/\/www.nexoinformativo.mx\/index.php\/2026\/01\/23\/mauricio-kuri-impulsa-vinculos-estrategicos-entre-queretaro-y-espana\/","og_site_name":"Nexo Informativo Santiago de Quer\u00e9taro","article_publisher":"https:\/\/www.facebook.com\/people\/Nexo-Informativo\/61564066885511\/","article_published_time":"2026-01-23T17:00:53+00:00","article_modified_time":"2026-01-25T22:53:45+00:00","og_image":[{"width":800,"height":533,"url":"https:\/\/www.nexoinformativo.mx\/wp-content\/uploads\/2026\/01\/IMG-20260123-WA0002-e1769381618934.jpg","type":"image\/jpeg"}],"author":"Nexo Informativo","twitter_card":"summary_large_image","twitter_misc":{"Escrito por":"Nexo Informativo","Tiempo de lectura":"2 minutos"},"schema":{"@context":"https:\/\/schema.org","@graph":[{"@type":"Article","@id":"https:\/\/www.nexoinformativo.mx\/index.php\/2026\/01\/23\/mauricio-kuri-impulsa-vinculos-estrategicos-entre-queretaro-y-espana\/#article","isPartOf":{"@id":"https:\/\/www.nexoinformativo.mx\/index.php\/2026\/01\/23\/mauricio-kuri-impulsa-vinculos-estrategicos-entre-queretaro-y-espana\/"},"author":{"name":"Nexo Informativo","@id":"https:\/\/www.nexoinformativo.mx\/#\/schema\/person\/7749d380ba08c8ca00d7bc76fd907b7d"},"headline":"Mauricio Kuri impulsa v\u00ednculos estrat\u00e9gicos entre Quer\u00e9taro y Espa\u00f1a","datePublished":"2026-01-23T17:00:53+00:00","dateModified":"2026-01-25T22:53:45+00:00","mainEntityOfPage":{"@id":"https:\/\/www.nexoinformativo.mx\/index.php\/2026\/01\/23\/mauricio-kuri-impulsa-vinculos-estrategicos-entre-queretaro-y-espana\/"},"wordCount":227,"commentCount":0,"publisher":{"@id":"https:\/\/www.nexoinformativo.mx\/#organization"},"image":{"@id":"https:\/\/www.nexoinformativo.mx\/index.php\/2026\/01\/23\/mauricio-kuri-impulsa-vinculos-estrategicos-entre-queretaro-y-espana\/#primaryimage"},"thumbnailUrl":"https:\/\/www.nexoinformativo.mx\/wp-content\/uploads\/2026\/01\/IMG-20260123-WA0002-e1769381618934.jpg","keywords":["Espa\u00f1a","Inversi\u00f3n","MauricioKuri","Quer\u00e9taro","Turismo"],"articleSection":["Econom\u00eda","Estado","\u00daltima Hora"],"inLanguage":"es","potentialAction":[{"@type":"CommentAction","name":"Comment","target":["https:\/\/www.nexoinformativo.mx\/index.php\/2026\/01\/23\/mauricio-kuri-impulsa-vinculos-estrategicos-entre-queretaro-y-espana\/#respond"]}]},{"@type":"WebPage","@id":"https:\/\/www.nexoinformativo.mx\/index.php\/2026\/01\/23\/mauricio-kuri-impulsa-vinculos-estrategicos-entre-queretaro-y-espana\/","url":"https:\/\/www.nexoinformativo.mx\/index.php\/2026\/01\/23\/mauricio-kuri-impulsa-vinculos-estrategicos-entre-queretaro-y-espana\/","name":"Mauricio Kuri impulsa v\u00ednculos estrat\u00e9gicos entre Quer\u00e9taro y Espa\u00f1a | Nexo Informativo Santiago de Quer\u00e9taro","isPartOf":{"@id":"https:\/\/www.nexoinformativo.mx\/#website"},"primaryImageOfPage":{"@id":"https:\/\/www.nexoinformativo.mx\/index.php\/2026\/01\/23\/mauricio-kuri-impulsa-vinculos-estrategicos-entre-queretaro-y-espana\/#primaryimage"},"image":{"@id":"https:\/\/www.nexoinformativo.mx\/index.php\/2026\/01\/23\/mauricio-kuri-impulsa-vinculos-estrategicos-entre-queretaro-y-espana\/#primaryimage"},"thumbnailUrl":"https:\/\/www.nexoinformativo.mx\/wp-content\/uploads\/2026\/01\/IMG-20260123-WA0002-e1769381618934.jpg","datePublished":"2026-01-23T17:00:53+00:00","dateModified":"2026-01-25T22:53:45+00:00","breadcrumb":{"@id":"https:\/\/www.nexoinformativo.mx\/index.php\/2026\/01\/23\/mauricio-kuri-impulsa-vinculos-estrategicos-entre-queretaro-y-espana\/#breadcrumb"},"inLanguage":"es","potentialAction":[{"@type":"ReadAction","target":["https:\/\/www.nexoinformativo.mx\/index.php\/2026\/01\/23\/mauricio-kuri-impulsa-vinculos-estrategicos-entre-queretaro-y-espana\/"]}]},{"@type":"ImageObject","inLanguage":"es","@id":"https:\/\/www.nexoinformativo.mx\/index.php\/2026\/01\/23\/mauricio-kuri-impulsa-vinculos-estrategicos-entre-queretaro-y-espana\/#primaryimage","url":"https:\/\/www.nexoinformativo.mx\/wp-content\/uploads\/2026\/01\/IMG-20260123-WA0002-e1769381618934.jpg","contentUrl":"https:\/\/www.nexoinformativo.mx\/wp-content\/uploads\/2026\/01\/IMG-20260123-WA0002-e1769381618934.jpg","width":800,"height":533},{"@type":"BreadcrumbList","@id":"https:\/\/www.nexoinformativo.mx\/index.php\/2026\/01\/23\/mauricio-kuri-impulsa-vinculos-estrategicos-entre-queretaro-y-espana\/#breadcrumb","itemListElement":[{"@type":"ListItem","position":1,"name":"Inicio","item":"https:\/\/www.nexoinformativo.mx\/"},{"@type":"ListItem","position":2,"name":"Mauricio Kuri impulsa v\u00ednculos estrat\u00e9gicos entre Quer\u00e9taro y Espa\u00f1a"}]},{"@type":"WebSite","@id":"https:\/\/www.nexoinformativo.mx\/#website","url":"https:\/\/www.nexoinformativo.mx\/","name":"Nexo Informativo Santiago de Quer\u00e9taro","description":"Explora NexoInformativo y convi\u00e9rtete en parte de una comunidad que valora el conocimiento y la verdad. Tu nexoinformativo es tu puente hacia una comprensi\u00f3n m\u00e1s profunda del mundo que te rodea.","publisher":{"@id":"https:\/\/www.nexoinformativo.mx\/#organization"},"potentialAction":[{"@type":"SearchAction","target":{"@type":"EntryPoint","urlTemplate":"https:\/\/www.nexoinformativo.mx\/?s={search_term_string}"},"query-input":{"@type":"PropertyValueSpecification","valueRequired":true,"valueName":"search_term_string"}}],"inLanguage":"es"},{"@type":"Organization","@id":"https:\/\/www.nexoinformativo.mx\/#organization","name":"Nexo Informativo Santiago de Quer\u00e9taro","url":"https:\/\/www.nexoinformativo.mx\/","logo":{"@type":"ImageObject","inLanguage":"es","@id":"https:\/\/www.nexoinformativo.mx\/#\/schema\/logo\/image\/","url":"https:\/\/www.nexoinformativo.mx\/wp-content\/uploads\/2024\/07\/nexoi-trasparente-2.png","contentUrl":"https:\/\/www.nexoinformativo.mx\/wp-content\/uploads\/2024\/07\/nexoi-trasparente-2.png","width":816,"height":339,"caption":"Nexo Informativo Santiago de Quer\u00e9taro"},"image":{"@id":"https:\/\/www.nexoinformativo.mx\/#\/schema\/logo\/image\/"},"sameAs":["https:\/\/www.facebook.com\/people\/Nexo-Informativo\/61564066885511\/"]},{"@type":"Person","@id":"https:\/\/www.nexoinformativo.mx\/#\/schema\/person\/7749d380ba08c8ca00d7bc76fd907b7d","name":"Nexo Informativo","image":{"@type":"ImageObject","inLanguage":"es","@id":"https:\/\/www.nexoinformativo.mx\/#\/schema\/person\/image\/","url":"https:\/\/secure.gravatar.com\/avatar\/dde2928154642a13d95f87ddf1ea9718fe2b46760a005c53e41ff5ad610704e6?s=96&d=mm&r=g","contentUrl":"https:\/\/secure.gravatar.com\/avatar\/dde2928154642a13d95f87ddf1ea9718fe2b46760a005c53e41ff5ad610704e6?s=96&d=mm&r=g","caption":"Nexo Informativo"},"url":"https:\/\/www.nexoinformativo.mx\/index.php\/author\/edicion\/"}]}},"_links":{"self":[{"href":"https:\/\/www.nexoinformativo.mx\/index.php\/wp-json\/wp\/v2\/posts\/17154","targetHints":{"allow":["GET"]}}],"collection":[{"href":"https:\/\/www.nexoinformativo.mx\/index.php\/wp-json\/wp\/v2\/posts"}],"about":[{"href":"https:\/\/www.nexoinformativo.mx\/index.php\/wp-json\/wp\/v2\/types\/post"}],"author":[{"embeddable":true,"href":"https:\/\/www.nexoinformativo.mx\/index.php\/wp-json\/wp\/v2\/users\/3"}],"replies":[{"embeddable":true,"href":"https:\/\/www.nexoinformativo.mx\/index.php\/wp-json\/wp\/v2\/comments?post=17154"}],"version-history":[{"count":3,"href":"https:\/\/www.nexoinformativo.mx\/index.php\/wp-json\/wp\/v2\/posts\/17154\/revisions"}],"predecessor-version":[{"id":17185,"href":"https:\/\/www.nexoinformativo.mx\/index.php\/wp-json\/wp\/v2\/posts\/17154\/revisions\/17185"}],"wp:featuredmedia":[{"embeddable":true,"href":"https:\/\/www.nexoinformativo.mx\/index.php\/wp-json\/wp\/v2\/media\/17153"}],"wp:attachment":[{"href":"https:\/\/www.nexoinformativo.mx\/index.php\/wp-json\/wp\/v2\/media?parent=17154"}],"wp:term":[{"taxonomy":"category","embeddable":true,"href":"https:\/\/www.nexoinformativo.mx\/index.php\/wp-json\/wp\/v2\/categories?post=17154"},{"taxonomy":"post_tag","embeddable":true,"href":"https:\/\/www.nexoinformativo.mx\/index.php\/wp-json\/wp\/v2\/tags?post=17154"}],"curies":[{"name":"wp","href":"https:\/\/api.w.org\/{rel}","templated":true}]}}