{"id":17158,"date":"2026-01-23T12:00:48","date_gmt":"2026-01-23T18:00:48","guid":{"rendered":"https:\/\/www.nexoinformativo.mx\/?p=17158"},"modified":"2026-01-25T16:56:09","modified_gmt":"2026-01-25T22:56:09","slug":"queretaro-resiente-frente-frio-30-con-bajas-temperaturas-y-heladas","status":"publish","type":"post","link":"https:\/\/www.nexoinformativo.mx\/index.php\/2026\/01\/23\/queretaro-resiente-frente-frio-30-con-bajas-temperaturas-y-heladas\/","title":{"rendered":"Quer\u00e9taro resiente frente fr\u00edo 30 con bajas temperaturas y heladas"},"content":{"rendered":"\r\n<p style=\"text-align: justify;\">Quer\u00e9taro y gran parte de M\u00e9xico resentir\u00e1n los efectos del frente fr\u00edo n\u00famero 30, el cual se aproximar\u00e1 este viernes 23 de enero y se desplazar\u00e1 lentamente hasta el martes por el noreste, oriente y sureste del pa\u00eds. Este sistema estar\u00e1 impulsado por una masa de aire \u00e1rtico que provocar\u00e1 un fuerte descenso de temperaturas, evento de Norte y condiciones invernales severas en varias regiones.<\/p>\r\n\r\n\r\n\r\n<p style=\"text-align: justify;\"><br \/>Para el s\u00e1bado 24 de enero, se pronostican temperaturas de entre 0 y 5 grados Celsius en zonas monta\u00f1osas de Quer\u00e9taro, adem\u00e1s de heladas en gran parte del centro del pa\u00eds. A nivel nacional, tambi\u00e9n se prev\u00e9n lluvias fuertes, ca\u00edda de nieve o aguanieve en estados del norte, as\u00ed como rachas de viento intensas que podr\u00edan superar los 70 kil\u00f3metros por hora en diversas entidades.<\/p>\r\n\r\n\r\n\r\n<p style=\"text-align: justify;\"><br \/>El domingo 25 de enero continuar\u00e1n las bajas temperaturas, con heladas durante la madrugada y ambiente muy fr\u00edo en zonas altas. Asimismo, se esperan lluvias en el oriente y sureste del pa\u00eds, evento de Norte en el Golfo de M\u00e9xico y oleaje elevado en costas, lo que podr\u00eda generar riesgos para la poblaci\u00f3n.<\/p>\r\n\r\n\r\n\r\n<p style=\"text-align: justify;\"><br \/>Ante estas condiciones, autoridades recomiendan a la poblaci\u00f3n de Quer\u00e9taro y del pa\u00eds abrigarse adecuadamente, evitar cambios bruscos de temperatura y cuidar especialmente a ni\u00f1as, ni\u00f1os y adultos mayores. Tambi\u00e9n se exhorta a mantenerse atentos a los avisos del Servicio Meteorol\u00f3gico Nacional y seguir las recomendaciones de Protecci\u00f3n Civil, ya que el fr\u00edo podr\u00eda extenderse hasta el lunes 26 de enero.<\/p>\r\n<p>&nbsp;<\/p>\r\n<p style=\"text-align: center;\"><em><strong>\u00a1Informaci\u00f3n que transforma!<\/strong><\/em><\/p>\r\n","protected":false},"excerpt":{"rendered":"<p>Quer\u00e9taro y gran parte de M\u00e9xico resentir\u00e1n los efectos del frente fr\u00edo n\u00famero 30, el cual se aproximar\u00e1 este viernes 23 de enero y se desplazar\u00e1 lentamente hasta el martes por el noreste, oriente y sureste del pa\u00eds.<\/p>\n","protected":false},"author":3,"featured_media":17157,"comment_status":"open","ping_status":"open","sticky":false,"template":"","format":"standard","meta":{"footnotes":""},"categories":[42,88,58],"tags":[5106,1340,2790,5105,133],"class_list":["post-17158","post","type-post","status-publish","format-standard","has-post-thumbnail","hentry","category-estado","category-nacional","category-ultima-hora","tag-alertainvernal","tag-bajastemperaturas","tag-climamexico","tag-frentefrio30","tag-queretaro"],"yoast_head":"<!-- This site is optimized with the Yoast SEO plugin v25.0 - https:\/\/yoast.com\/wordpress\/plugins\/seo\/ -->\n<title>Quer\u00e9taro resiente frente fr\u00edo 30 con bajas temperaturas y heladas | Nexo Informativo Santiago de Quer\u00e9taro<\/title>\n<meta name=\"robots\" content=\"index, follow, max-snippet:-1, max-image-preview:large, max-video-preview:-1\" \/>\n<link rel=\"canonical\" href=\"https:\/\/www.nexoinformativo.mx\/index.php\/2026\/01\/23\/queretaro-resiente-frente-frio-30-con-bajas-temperaturas-y-heladas\/\" \/>\n<meta property=\"og:locale\" content=\"es_MX\" \/>\n<meta property=\"og:type\" content=\"article\" \/>\n<meta property=\"og:title\" content=\"Quer\u00e9taro resiente frente fr\u00edo 30 con bajas temperaturas y heladas | Nexo Informativo Santiago de Quer\u00e9taro\" \/>\n<meta property=\"og:description\" content=\"Quer\u00e9taro y gran parte de M\u00e9xico resentir\u00e1n los efectos del frente fr\u00edo n\u00famero 30, el cual se aproximar\u00e1 este viernes 23 de enero y se desplazar\u00e1 lentamente hasta el martes por el noreste, oriente y sureste del pa\u00eds.\" \/>\n<meta property=\"og:url\" content=\"https:\/\/www.nexoinformativo.mx\/index.php\/2026\/01\/23\/queretaro-resiente-frente-frio-30-con-bajas-temperaturas-y-heladas\/\" \/>\n<meta property=\"og:site_name\" content=\"Nexo Informativo Santiago de Quer\u00e9taro\" \/>\n<meta property=\"article:publisher\" content=\"https:\/\/www.facebook.com\/people\/Nexo-Informativo\/61564066885511\/\" \/>\n<meta property=\"article:published_time\" content=\"2026-01-23T18:00:48+00:00\" \/>\n<meta property=\"article:modified_time\" content=\"2026-01-25T22:56:09+00:00\" \/>\n<meta property=\"og:image\" content=\"https:\/\/www.nexoinformativo.mx\/wp-content\/uploads\/2026\/01\/IMG_20260123_141256.jpg\" \/>\n\t<meta property=\"og:image:width\" content=\"612\" \/>\n\t<meta property=\"og:image:height\" content=\"339\" \/>\n\t<meta property=\"og:image:type\" content=\"image\/jpeg\" \/>\n<meta name=\"author\" content=\"Nexo Informativo\" \/>\n<meta name=\"twitter:card\" content=\"summary_large_image\" \/>\n<meta name=\"twitter:label1\" content=\"Escrito por\" \/>\n\t<meta name=\"twitter:data1\" content=\"Nexo Informativo\" \/>\n\t<meta name=\"twitter:label2\" content=\"Tiempo de lectura\" \/>\n\t<meta name=\"twitter:data2\" content=\"2 minutos\" \/>\n<script type=\"application\/ld+json\" class=\"yoast-schema-graph\">{\"@context\":\"https:\/\/schema.org\",\"@graph\":[{\"@type\":\"Article\",\"@id\":\"https:\/\/www.nexoinformativo.mx\/index.php\/2026\/01\/23\/queretaro-resiente-frente-frio-30-con-bajas-temperaturas-y-heladas\/#article\",\"isPartOf\":{\"@id\":\"https:\/\/www.nexoinformativo.mx\/index.php\/2026\/01\/23\/queretaro-resiente-frente-frio-30-con-bajas-temperaturas-y-heladas\/\"},\"author\":{\"name\":\"Nexo Informativo\",\"@id\":\"https:\/\/www.nexoinformativo.mx\/#\/schema\/person\/7749d380ba08c8ca00d7bc76fd907b7d\"},\"headline\":\"Quer\u00e9taro resiente frente fr\u00edo 30 con bajas temperaturas y heladas\",\"datePublished\":\"2026-01-23T18:00:48+00:00\",\"dateModified\":\"2026-01-25T22:56:09+00:00\",\"mainEntityOfPage\":{\"@id\":\"https:\/\/www.nexoinformativo.mx\/index.php\/2026\/01\/23\/queretaro-resiente-frente-frio-30-con-bajas-temperaturas-y-heladas\/\"},\"wordCount\":284,\"commentCount\":0,\"publisher\":{\"@id\":\"https:\/\/www.nexoinformativo.mx\/#organization\"},\"image\":{\"@id\":\"https:\/\/www.nexoinformativo.mx\/index.php\/2026\/01\/23\/queretaro-resiente-frente-frio-30-con-bajas-temperaturas-y-heladas\/#primaryimage\"},\"thumbnailUrl\":\"https:\/\/www.nexoinformativo.mx\/wp-content\/uploads\/2026\/01\/IMG_20260123_141256.jpg\",\"keywords\":[\"AlertaInvernal\",\"bajasTemperaturas\",\"ClimaM\u00e9xico\",\"FrenteFr\u00edo30\",\"Quer\u00e9taro\"],\"articleSection\":[\"Estado\",\"Nacional\",\"\u00daltima Hora\"],\"inLanguage\":\"es\",\"potentialAction\":[{\"@type\":\"CommentAction\",\"name\":\"Comment\",\"target\":[\"https:\/\/www.nexoinformativo.mx\/index.php\/2026\/01\/23\/queretaro-resiente-frente-frio-30-con-bajas-temperaturas-y-heladas\/#respond\"]}]},{\"@type\":\"WebPage\",\"@id\":\"https:\/\/www.nexoinformativo.mx\/index.php\/2026\/01\/23\/queretaro-resiente-frente-frio-30-con-bajas-temperaturas-y-heladas\/\",\"url\":\"https:\/\/www.nexoinformativo.mx\/index.php\/2026\/01\/23\/queretaro-resiente-frente-frio-30-con-bajas-temperaturas-y-heladas\/\",\"name\":\"Quer\u00e9taro resiente frente fr\u00edo 30 con bajas temperaturas y heladas | Nexo Informativo Santiago de Quer\u00e9taro\",\"isPartOf\":{\"@id\":\"https:\/\/www.nexoinformativo.mx\/#website\"},\"primaryImageOfPage\":{\"@id\":\"https:\/\/www.nexoinformativo.mx\/index.php\/2026\/01\/23\/queretaro-resiente-frente-frio-30-con-bajas-temperaturas-y-heladas\/#primaryimage\"},\"image\":{\"@id\":\"https:\/\/www.nexoinformativo.mx\/index.php\/2026\/01\/23\/queretaro-resiente-frente-frio-30-con-bajas-temperaturas-y-heladas\/#primaryimage\"},\"thumbnailUrl\":\"https:\/\/www.nexoinformativo.mx\/wp-content\/uploads\/2026\/01\/IMG_20260123_141256.jpg\",\"datePublished\":\"2026-01-23T18:00:48+00:00\",\"dateModified\":\"2026-01-25T22:56:09+00:00\",\"breadcrumb\":{\"@id\":\"https:\/\/www.nexoinformativo.mx\/index.php\/2026\/01\/23\/queretaro-resiente-frente-frio-30-con-bajas-temperaturas-y-heladas\/#breadcrumb\"},\"inLanguage\":\"es\",\"potentialAction\":[{\"@type\":\"ReadAction\",\"target\":[\"https:\/\/www.nexoinformativo.mx\/index.php\/2026\/01\/23\/queretaro-resiente-frente-frio-30-con-bajas-temperaturas-y-heladas\/\"]}]},{\"@type\":\"ImageObject\",\"inLanguage\":\"es\",\"@id\":\"https:\/\/www.nexoinformativo.mx\/index.php\/2026\/01\/23\/queretaro-resiente-frente-frio-30-con-bajas-temperaturas-y-heladas\/#primaryimage\",\"url\":\"https:\/\/www.nexoinformativo.mx\/wp-content\/uploads\/2026\/01\/IMG_20260123_141256.jpg\",\"contentUrl\":\"https:\/\/www.nexoinformativo.mx\/wp-content\/uploads\/2026\/01\/IMG_20260123_141256.jpg\",\"width\":612,\"height\":339},{\"@type\":\"BreadcrumbList\",\"@id\":\"https:\/\/www.nexoinformativo.mx\/index.php\/2026\/01\/23\/queretaro-resiente-frente-frio-30-con-bajas-temperaturas-y-heladas\/#breadcrumb\",\"itemListElement\":[{\"@type\":\"ListItem\",\"position\":1,\"name\":\"Inicio\",\"item\":\"https:\/\/www.nexoinformativo.mx\/\"},{\"@type\":\"ListItem\",\"position\":2,\"name\":\"Quer\u00e9taro resiente frente fr\u00edo 30 con bajas temperaturas y heladas\"}]},{\"@type\":\"WebSite\",\"@id\":\"https:\/\/www.nexoinformativo.mx\/#website\",\"url\":\"https:\/\/www.nexoinformativo.mx\/\",\"name\":\"Nexo Informativo Santiago de Quer\u00e9taro\",\"description\":\"Explora NexoInformativo y convi\u00e9rtete en parte de una comunidad que valora el conocimiento y la verdad. Tu nexoinformativo es tu puente hacia una comprensi\u00f3n m\u00e1s profunda del mundo que te rodea.\",\"publisher\":{\"@id\":\"https:\/\/www.nexoinformativo.mx\/#organization\"},\"potentialAction\":[{\"@type\":\"SearchAction\",\"target\":{\"@type\":\"EntryPoint\",\"urlTemplate\":\"https:\/\/www.nexoinformativo.mx\/?s={search_term_string}\"},\"query-input\":{\"@type\":\"PropertyValueSpecification\",\"valueRequired\":true,\"valueName\":\"search_term_string\"}}],\"inLanguage\":\"es\"},{\"@type\":\"Organization\",\"@id\":\"https:\/\/www.nexoinformativo.mx\/#organization\",\"name\":\"Nexo Informativo Santiago de Quer\u00e9taro\",\"url\":\"https:\/\/www.nexoinformativo.mx\/\",\"logo\":{\"@type\":\"ImageObject\",\"inLanguage\":\"es\",\"@id\":\"https:\/\/www.nexoinformativo.mx\/#\/schema\/logo\/image\/\",\"url\":\"https:\/\/www.nexoinformativo.mx\/wp-content\/uploads\/2024\/07\/nexoi-trasparente-2.png\",\"contentUrl\":\"https:\/\/www.nexoinformativo.mx\/wp-content\/uploads\/2024\/07\/nexoi-trasparente-2.png\",\"width\":816,\"height\":339,\"caption\":\"Nexo Informativo Santiago de Quer\u00e9taro\"},\"image\":{\"@id\":\"https:\/\/www.nexoinformativo.mx\/#\/schema\/logo\/image\/\"},\"sameAs\":[\"https:\/\/www.facebook.com\/people\/Nexo-Informativo\/61564066885511\/\"]},{\"@type\":\"Person\",\"@id\":\"https:\/\/www.nexoinformativo.mx\/#\/schema\/person\/7749d380ba08c8ca00d7bc76fd907b7d\",\"name\":\"Nexo Informativo\",\"image\":{\"@type\":\"ImageObject\",\"inLanguage\":\"es\",\"@id\":\"https:\/\/www.nexoinformativo.mx\/#\/schema\/person\/image\/\",\"url\":\"https:\/\/secure.gravatar.com\/avatar\/dde2928154642a13d95f87ddf1ea9718fe2b46760a005c53e41ff5ad610704e6?s=96&d=mm&r=g\",\"contentUrl\":\"https:\/\/secure.gravatar.com\/avatar\/dde2928154642a13d95f87ddf1ea9718fe2b46760a005c53e41ff5ad610704e6?s=96&d=mm&r=g\",\"caption\":\"Nexo Informativo\"},\"url\":\"https:\/\/www.nexoinformativo.mx\/index.php\/author\/edicion\/\"}]}<\/script>\n<!-- \/ Yoast SEO plugin. -->","yoast_head_json":{"title":"Quer\u00e9taro resiente frente fr\u00edo 30 con bajas temperaturas y heladas | Nexo Informativo Santiago de Quer\u00e9taro","robots":{"index":"index","follow":"follow","max-snippet":"max-snippet:-1","max-image-preview":"max-image-preview:large","max-video-preview":"max-video-preview:-1"},"canonical":"https:\/\/www.nexoinformativo.mx\/index.php\/2026\/01\/23\/queretaro-resiente-frente-frio-30-con-bajas-temperaturas-y-heladas\/","og_locale":"es_MX","og_type":"article","og_title":"Quer\u00e9taro resiente frente fr\u00edo 30 con bajas temperaturas y heladas | Nexo Informativo Santiago de Quer\u00e9taro","og_description":"Quer\u00e9taro y gran parte de M\u00e9xico resentir\u00e1n los efectos del frente fr\u00edo n\u00famero 30, el cual se aproximar\u00e1 este viernes 23 de enero y se desplazar\u00e1 lentamente hasta el martes por el noreste, oriente y sureste del pa\u00eds.","og_url":"https:\/\/www.nexoinformativo.mx\/index.php\/2026\/01\/23\/queretaro-resiente-frente-frio-30-con-bajas-temperaturas-y-heladas\/","og_site_name":"Nexo Informativo Santiago de Quer\u00e9taro","article_publisher":"https:\/\/www.facebook.com\/people\/Nexo-Informativo\/61564066885511\/","article_published_time":"2026-01-23T18:00:48+00:00","article_modified_time":"2026-01-25T22:56:09+00:00","og_image":[{"width":612,"height":339,"url":"https:\/\/www.nexoinformativo.mx\/wp-content\/uploads\/2026\/01\/IMG_20260123_141256.jpg","type":"image\/jpeg"}],"author":"Nexo Informativo","twitter_card":"summary_large_image","twitter_misc":{"Escrito por":"Nexo Informativo","Tiempo de lectura":"2 minutos"},"schema":{"@context":"https:\/\/schema.org","@graph":[{"@type":"Article","@id":"https:\/\/www.nexoinformativo.mx\/index.php\/2026\/01\/23\/queretaro-resiente-frente-frio-30-con-bajas-temperaturas-y-heladas\/#article","isPartOf":{"@id":"https:\/\/www.nexoinformativo.mx\/index.php\/2026\/01\/23\/queretaro-resiente-frente-frio-30-con-bajas-temperaturas-y-heladas\/"},"author":{"name":"Nexo Informativo","@id":"https:\/\/www.nexoinformativo.mx\/#\/schema\/person\/7749d380ba08c8ca00d7bc76fd907b7d"},"headline":"Quer\u00e9taro resiente frente fr\u00edo 30 con bajas temperaturas y heladas","datePublished":"2026-01-23T18:00:48+00:00","dateModified":"2026-01-25T22:56:09+00:00","mainEntityOfPage":{"@id":"https:\/\/www.nexoinformativo.mx\/index.php\/2026\/01\/23\/queretaro-resiente-frente-frio-30-con-bajas-temperaturas-y-heladas\/"},"wordCount":284,"commentCount":0,"publisher":{"@id":"https:\/\/www.nexoinformativo.mx\/#organization"},"image":{"@id":"https:\/\/www.nexoinformativo.mx\/index.php\/2026\/01\/23\/queretaro-resiente-frente-frio-30-con-bajas-temperaturas-y-heladas\/#primaryimage"},"thumbnailUrl":"https:\/\/www.nexoinformativo.mx\/wp-content\/uploads\/2026\/01\/IMG_20260123_141256.jpg","keywords":["AlertaInvernal","bajasTemperaturas","ClimaM\u00e9xico","FrenteFr\u00edo30","Quer\u00e9taro"],"articleSection":["Estado","Nacional","\u00daltima Hora"],"inLanguage":"es","potentialAction":[{"@type":"CommentAction","name":"Comment","target":["https:\/\/www.nexoinformativo.mx\/index.php\/2026\/01\/23\/queretaro-resiente-frente-frio-30-con-bajas-temperaturas-y-heladas\/#respond"]}]},{"@type":"WebPage","@id":"https:\/\/www.nexoinformativo.mx\/index.php\/2026\/01\/23\/queretaro-resiente-frente-frio-30-con-bajas-temperaturas-y-heladas\/","url":"https:\/\/www.nexoinformativo.mx\/index.php\/2026\/01\/23\/queretaro-resiente-frente-frio-30-con-bajas-temperaturas-y-heladas\/","name":"Quer\u00e9taro resiente frente fr\u00edo 30 con bajas temperaturas y heladas | Nexo Informativo Santiago de Quer\u00e9taro","isPartOf":{"@id":"https:\/\/www.nexoinformativo.mx\/#website"},"primaryImageOfPage":{"@id":"https:\/\/www.nexoinformativo.mx\/index.php\/2026\/01\/23\/queretaro-resiente-frente-frio-30-con-bajas-temperaturas-y-heladas\/#primaryimage"},"image":{"@id":"https:\/\/www.nexoinformativo.mx\/index.php\/2026\/01\/23\/queretaro-resiente-frente-frio-30-con-bajas-temperaturas-y-heladas\/#primaryimage"},"thumbnailUrl":"https:\/\/www.nexoinformativo.mx\/wp-content\/uploads\/2026\/01\/IMG_20260123_141256.jpg","datePublished":"2026-01-23T18:00:48+00:00","dateModified":"2026-01-25T22:56:09+00:00","breadcrumb":{"@id":"https:\/\/www.nexoinformativo.mx\/index.php\/2026\/01\/23\/queretaro-resiente-frente-frio-30-con-bajas-temperaturas-y-heladas\/#breadcrumb"},"inLanguage":"es","potentialAction":[{"@type":"ReadAction","target":["https:\/\/www.nexoinformativo.mx\/index.php\/2026\/01\/23\/queretaro-resiente-frente-frio-30-con-bajas-temperaturas-y-heladas\/"]}]},{"@type":"ImageObject","inLanguage":"es","@id":"https:\/\/www.nexoinformativo.mx\/index.php\/2026\/01\/23\/queretaro-resiente-frente-frio-30-con-bajas-temperaturas-y-heladas\/#primaryimage","url":"https:\/\/www.nexoinformativo.mx\/wp-content\/uploads\/2026\/01\/IMG_20260123_141256.jpg","contentUrl":"https:\/\/www.nexoinformativo.mx\/wp-content\/uploads\/2026\/01\/IMG_20260123_141256.jpg","width":612,"height":339},{"@type":"BreadcrumbList","@id":"https:\/\/www.nexoinformativo.mx\/index.php\/2026\/01\/23\/queretaro-resiente-frente-frio-30-con-bajas-temperaturas-y-heladas\/#breadcrumb","itemListElement":[{"@type":"ListItem","position":1,"name":"Inicio","item":"https:\/\/www.nexoinformativo.mx\/"},{"@type":"ListItem","position":2,"name":"Quer\u00e9taro resiente frente fr\u00edo 30 con bajas temperaturas y heladas"}]},{"@type":"WebSite","@id":"https:\/\/www.nexoinformativo.mx\/#website","url":"https:\/\/www.nexoinformativo.mx\/","name":"Nexo Informativo Santiago de Quer\u00e9taro","description":"Explora NexoInformativo y convi\u00e9rtete en parte de una comunidad que valora el conocimiento y la verdad. Tu nexoinformativo es tu puente hacia una comprensi\u00f3n m\u00e1s profunda del mundo que te rodea.","publisher":{"@id":"https:\/\/www.nexoinformativo.mx\/#organization"},"potentialAction":[{"@type":"SearchAction","target":{"@type":"EntryPoint","urlTemplate":"https:\/\/www.nexoinformativo.mx\/?s={search_term_string}"},"query-input":{"@type":"PropertyValueSpecification","valueRequired":true,"valueName":"search_term_string"}}],"inLanguage":"es"},{"@type":"Organization","@id":"https:\/\/www.nexoinformativo.mx\/#organization","name":"Nexo Informativo Santiago de Quer\u00e9taro","url":"https:\/\/www.nexoinformativo.mx\/","logo":{"@type":"ImageObject","inLanguage":"es","@id":"https:\/\/www.nexoinformativo.mx\/#\/schema\/logo\/image\/","url":"https:\/\/www.nexoinformativo.mx\/wp-content\/uploads\/2024\/07\/nexoi-trasparente-2.png","contentUrl":"https:\/\/www.nexoinformativo.mx\/wp-content\/uploads\/2024\/07\/nexoi-trasparente-2.png","width":816,"height":339,"caption":"Nexo Informativo Santiago de Quer\u00e9taro"},"image":{"@id":"https:\/\/www.nexoinformativo.mx\/#\/schema\/logo\/image\/"},"sameAs":["https:\/\/www.facebook.com\/people\/Nexo-Informativo\/61564066885511\/"]},{"@type":"Person","@id":"https:\/\/www.nexoinformativo.mx\/#\/schema\/person\/7749d380ba08c8ca00d7bc76fd907b7d","name":"Nexo Informativo","image":{"@type":"ImageObject","inLanguage":"es","@id":"https:\/\/www.nexoinformativo.mx\/#\/schema\/person\/image\/","url":"https:\/\/secure.gravatar.com\/avatar\/dde2928154642a13d95f87ddf1ea9718fe2b46760a005c53e41ff5ad610704e6?s=96&d=mm&r=g","contentUrl":"https:\/\/secure.gravatar.com\/avatar\/dde2928154642a13d95f87ddf1ea9718fe2b46760a005c53e41ff5ad610704e6?s=96&d=mm&r=g","caption":"Nexo Informativo"},"url":"https:\/\/www.nexoinformativo.mx\/index.php\/author\/edicion\/"}]}},"_links":{"self":[{"href":"https:\/\/www.nexoinformativo.mx\/index.php\/wp-json\/wp\/v2\/posts\/17158","targetHints":{"allow":["GET"]}}],"collection":[{"href":"https:\/\/www.nexoinformativo.mx\/index.php\/wp-json\/wp\/v2\/posts"}],"about":[{"href":"https:\/\/www.nexoinformativo.mx\/index.php\/wp-json\/wp\/v2\/types\/post"}],"author":[{"embeddable":true,"href":"https:\/\/www.nexoinformativo.mx\/index.php\/wp-json\/wp\/v2\/users\/3"}],"replies":[{"embeddable":true,"href":"https:\/\/www.nexoinformativo.mx\/index.php\/wp-json\/wp\/v2\/comments?post=17158"}],"version-history":[{"count":3,"href":"https:\/\/www.nexoinformativo.mx\/index.php\/wp-json\/wp\/v2\/posts\/17158\/revisions"}],"predecessor-version":[{"id":17188,"href":"https:\/\/www.nexoinformativo.mx\/index.php\/wp-json\/wp\/v2\/posts\/17158\/revisions\/17188"}],"wp:featuredmedia":[{"embeddable":true,"href":"https:\/\/www.nexoinformativo.mx\/index.php\/wp-json\/wp\/v2\/media\/17157"}],"wp:attachment":[{"href":"https:\/\/www.nexoinformativo.mx\/index.php\/wp-json\/wp\/v2\/media?parent=17158"}],"wp:term":[{"taxonomy":"category","embeddable":true,"href":"https:\/\/www.nexoinformativo.mx\/index.php\/wp-json\/wp\/v2\/categories?post=17158"},{"taxonomy":"post_tag","embeddable":true,"href":"https:\/\/www.nexoinformativo.mx\/index.php\/wp-json\/wp\/v2\/tags?post=17158"}],"curies":[{"name":"wp","href":"https:\/\/api.w.org\/{rel}","templated":true}]}}