{"id":17173,"date":"2026-01-24T09:00:09","date_gmt":"2026-01-24T15:00:09","guid":{"rendered":"https:\/\/www.nexoinformativo.mx\/?p=17173"},"modified":"2026-01-25T17:00:31","modified_gmt":"2026-01-25T23:00:31","slug":"intensifica-sesa-vigilancia-y-vacunacion-contra-el-sarampion-en-queretaro","status":"publish","type":"post","link":"https:\/\/www.nexoinformativo.mx\/index.php\/2026\/01\/24\/intensifica-sesa-vigilancia-y-vacunacion-contra-el-sarampion-en-queretaro\/","title":{"rendered":"Intensifica SESA vigilancia y vacunaci\u00f3n contra el sarampi\u00f3n en Quer\u00e9taro"},"content":{"rendered":"\r\n<p style=\"text-align: justify;\">La Secretar\u00eda de Salud del estado de Quer\u00e9taro (SESA) inform\u00f3 que reforz\u00f3 de manera inmediata y permanente la vigilancia epidemiol\u00f3gica y las jornadas de vacunaci\u00f3n contra el sarampi\u00f3n, luego de confirmarse el primer caso en M\u00e9xico en febrero de 2025. Estas acciones se intensifican en la entidad para prevenir contagios y detectar oportunamente posibles casos.<\/p>\r\n\r\n\r\n\r\n<p style=\"text-align: justify;\"><br \/>Derivado de este fortalecimiento, se identificaron dos casos de sarampi\u00f3n en el municipio de Quer\u00e9taro, correspondientes a dos hermanos de 15 y 16 a\u00f1os de edad, quienes adquirieron la enfermedad en el estado de Chiapas, por lo que se consideran casos for\u00e1neos. Ambos pacientes presentan evoluci\u00f3n favorable, sin complicaciones, y permanecen bajo seguimiento m\u00e9dico y epidemiol\u00f3gico.<\/p>\r\n\r\n\r\n\r\n<p style=\"text-align: justify;\"><br \/>SESA mantiene activo el cerco epidemiol\u00f3gico, que incluye la b\u00fasqueda intencionada de casos probables, revisi\u00f3n de cartillas de vacunaci\u00f3n y aplicaci\u00f3n de dosis para completar esquemas, adem\u00e1s de la coordinaci\u00f3n interinstitucional con IMSS, ISSSTE y el sector privado, con el objetivo de evitar la transmisi\u00f3n comunitaria.<\/p>\r\n\r\n\r\n\r\n<p style=\"text-align: justify;\"><br \/>La dependencia reiter\u00f3 que el sarampi\u00f3n es una enfermedad altamente contagiosa, pero prevenible mediante la vacunaci\u00f3n. Por ello, exhort\u00f3 a la poblaci\u00f3n a revisar su Cartilla Nacional de Salud, completar el esquema de vacunaci\u00f3n y acudir de inmediato a la unidad m\u00e9dica m\u00e1s cercana ante s\u00edntomas como fiebre o erupciones en la piel, evitando la auto medicaci\u00f3n.<\/p>\r\n<p>&nbsp;<\/p>\r\n<p style=\"text-align: center;\"><em><strong>\u00a1Informaci\u00f3n que transforma!<\/strong><\/em><\/p>\r\n","protected":false},"excerpt":{"rendered":"<p>La Secretar\u00eda de Salud del estado de Quer\u00e9taro (SESA) inform\u00f3 que reforz\u00f3 de manera inmediata y permanente la vigilancia epidemiol\u00f3gica y las jornadas de vacunaci\u00f3n contra el sarampi\u00f3n, luego de confirmarse el primer caso en M\u00e9xico en febrero de 2025.<\/p>\n","protected":false},"author":3,"featured_media":17172,"comment_status":"open","ping_status":"open","sticky":false,"template":"","format":"standard","meta":{"footnotes":""},"categories":[42,58],"tags":[806,1054,3829,2068,3816],"class_list":["post-17173","post","type-post","status-publish","format-standard","has-post-thumbnail","hentry","category-estado","category-ultima-hora","tag-prevencion","tag-saludqueretaro","tag-sarampion","tag-sesa","tag-vacunacion"],"yoast_head":"<!-- This site is optimized with the Yoast SEO plugin v25.0 - https:\/\/yoast.com\/wordpress\/plugins\/seo\/ -->\n<title>Intensifica SESA vigilancia y vacunaci\u00f3n contra el sarampi\u00f3n en Quer\u00e9taro | Nexo Informativo Santiago de Quer\u00e9taro<\/title>\n<meta name=\"robots\" content=\"index, follow, max-snippet:-1, max-image-preview:large, max-video-preview:-1\" \/>\n<link rel=\"canonical\" href=\"https:\/\/www.nexoinformativo.mx\/index.php\/2026\/01\/24\/intensifica-sesa-vigilancia-y-vacunacion-contra-el-sarampion-en-queretaro\/\" \/>\n<meta property=\"og:locale\" content=\"es_MX\" \/>\n<meta property=\"og:type\" content=\"article\" \/>\n<meta property=\"og:title\" content=\"Intensifica SESA vigilancia y vacunaci\u00f3n contra el sarampi\u00f3n en Quer\u00e9taro | Nexo Informativo Santiago de Quer\u00e9taro\" \/>\n<meta property=\"og:description\" content=\"La Secretar\u00eda de Salud del estado de Quer\u00e9taro (SESA) inform\u00f3 que reforz\u00f3 de manera inmediata y permanente la vigilancia epidemiol\u00f3gica y las jornadas de vacunaci\u00f3n contra el sarampi\u00f3n, luego de confirmarse el primer caso en M\u00e9xico en febrero de 2025.\" \/>\n<meta property=\"og:url\" content=\"https:\/\/www.nexoinformativo.mx\/index.php\/2026\/01\/24\/intensifica-sesa-vigilancia-y-vacunacion-contra-el-sarampion-en-queretaro\/\" \/>\n<meta property=\"og:site_name\" content=\"Nexo Informativo Santiago de Quer\u00e9taro\" \/>\n<meta property=\"article:publisher\" content=\"https:\/\/www.facebook.com\/people\/Nexo-Informativo\/61564066885511\/\" \/>\n<meta property=\"article:published_time\" content=\"2026-01-24T15:00:09+00:00\" \/>\n<meta property=\"article:modified_time\" content=\"2026-01-25T23:00:31+00:00\" \/>\n<meta property=\"og:image\" content=\"https:\/\/www.nexoinformativo.mx\/wp-content\/uploads\/2026\/01\/71_273_50401_1435992088_IMG_7840-e1769382020478.jpeg\" \/>\n\t<meta property=\"og:image:width\" content=\"800\" \/>\n\t<meta property=\"og:image:height\" content=\"534\" \/>\n\t<meta property=\"og:image:type\" content=\"image\/jpeg\" \/>\n<meta name=\"author\" content=\"Nexo Informativo\" \/>\n<meta name=\"twitter:card\" content=\"summary_large_image\" \/>\n<meta name=\"twitter:label1\" content=\"Escrito por\" \/>\n\t<meta name=\"twitter:data1\" content=\"Nexo Informativo\" \/>\n\t<meta name=\"twitter:label2\" content=\"Tiempo de lectura\" \/>\n\t<meta name=\"twitter:data2\" content=\"2 minutos\" \/>\n<script type=\"application\/ld+json\" class=\"yoast-schema-graph\">{\"@context\":\"https:\/\/schema.org\",\"@graph\":[{\"@type\":\"Article\",\"@id\":\"https:\/\/www.nexoinformativo.mx\/index.php\/2026\/01\/24\/intensifica-sesa-vigilancia-y-vacunacion-contra-el-sarampion-en-queretaro\/#article\",\"isPartOf\":{\"@id\":\"https:\/\/www.nexoinformativo.mx\/index.php\/2026\/01\/24\/intensifica-sesa-vigilancia-y-vacunacion-contra-el-sarampion-en-queretaro\/\"},\"author\":{\"name\":\"Nexo Informativo\",\"@id\":\"https:\/\/www.nexoinformativo.mx\/#\/schema\/person\/7749d380ba08c8ca00d7bc76fd907b7d\"},\"headline\":\"Intensifica SESA vigilancia y vacunaci\u00f3n contra el sarampi\u00f3n en Quer\u00e9taro\",\"datePublished\":\"2026-01-24T15:00:09+00:00\",\"dateModified\":\"2026-01-25T23:00:31+00:00\",\"mainEntityOfPage\":{\"@id\":\"https:\/\/www.nexoinformativo.mx\/index.php\/2026\/01\/24\/intensifica-sesa-vigilancia-y-vacunacion-contra-el-sarampion-en-queretaro\/\"},\"wordCount\":258,\"commentCount\":0,\"publisher\":{\"@id\":\"https:\/\/www.nexoinformativo.mx\/#organization\"},\"image\":{\"@id\":\"https:\/\/www.nexoinformativo.mx\/index.php\/2026\/01\/24\/intensifica-sesa-vigilancia-y-vacunacion-contra-el-sarampion-en-queretaro\/#primaryimage\"},\"thumbnailUrl\":\"https:\/\/www.nexoinformativo.mx\/wp-content\/uploads\/2026\/01\/71_273_50401_1435992088_IMG_7840-e1769382020478.jpeg\",\"keywords\":[\"Prevenci\u00f3n\",\"SaludQuer\u00e9taro\",\"Sarampi\u00f3n\",\"SESA\",\"Vacunaci\u00f3n\"],\"articleSection\":[\"Estado\",\"\u00daltima Hora\"],\"inLanguage\":\"es\",\"potentialAction\":[{\"@type\":\"CommentAction\",\"name\":\"Comment\",\"target\":[\"https:\/\/www.nexoinformativo.mx\/index.php\/2026\/01\/24\/intensifica-sesa-vigilancia-y-vacunacion-contra-el-sarampion-en-queretaro\/#respond\"]}]},{\"@type\":\"WebPage\",\"@id\":\"https:\/\/www.nexoinformativo.mx\/index.php\/2026\/01\/24\/intensifica-sesa-vigilancia-y-vacunacion-contra-el-sarampion-en-queretaro\/\",\"url\":\"https:\/\/www.nexoinformativo.mx\/index.php\/2026\/01\/24\/intensifica-sesa-vigilancia-y-vacunacion-contra-el-sarampion-en-queretaro\/\",\"name\":\"Intensifica SESA vigilancia y vacunaci\u00f3n contra el sarampi\u00f3n en Quer\u00e9taro | Nexo Informativo Santiago de Quer\u00e9taro\",\"isPartOf\":{\"@id\":\"https:\/\/www.nexoinformativo.mx\/#website\"},\"primaryImageOfPage\":{\"@id\":\"https:\/\/www.nexoinformativo.mx\/index.php\/2026\/01\/24\/intensifica-sesa-vigilancia-y-vacunacion-contra-el-sarampion-en-queretaro\/#primaryimage\"},\"image\":{\"@id\":\"https:\/\/www.nexoinformativo.mx\/index.php\/2026\/01\/24\/intensifica-sesa-vigilancia-y-vacunacion-contra-el-sarampion-en-queretaro\/#primaryimage\"},\"thumbnailUrl\":\"https:\/\/www.nexoinformativo.mx\/wp-content\/uploads\/2026\/01\/71_273_50401_1435992088_IMG_7840-e1769382020478.jpeg\",\"datePublished\":\"2026-01-24T15:00:09+00:00\",\"dateModified\":\"2026-01-25T23:00:31+00:00\",\"breadcrumb\":{\"@id\":\"https:\/\/www.nexoinformativo.mx\/index.php\/2026\/01\/24\/intensifica-sesa-vigilancia-y-vacunacion-contra-el-sarampion-en-queretaro\/#breadcrumb\"},\"inLanguage\":\"es\",\"potentialAction\":[{\"@type\":\"ReadAction\",\"target\":[\"https:\/\/www.nexoinformativo.mx\/index.php\/2026\/01\/24\/intensifica-sesa-vigilancia-y-vacunacion-contra-el-sarampion-en-queretaro\/\"]}]},{\"@type\":\"ImageObject\",\"inLanguage\":\"es\",\"@id\":\"https:\/\/www.nexoinformativo.mx\/index.php\/2026\/01\/24\/intensifica-sesa-vigilancia-y-vacunacion-contra-el-sarampion-en-queretaro\/#primaryimage\",\"url\":\"https:\/\/www.nexoinformativo.mx\/wp-content\/uploads\/2026\/01\/71_273_50401_1435992088_IMG_7840-e1769382020478.jpeg\",\"contentUrl\":\"https:\/\/www.nexoinformativo.mx\/wp-content\/uploads\/2026\/01\/71_273_50401_1435992088_IMG_7840-e1769382020478.jpeg\",\"width\":800,\"height\":534},{\"@type\":\"BreadcrumbList\",\"@id\":\"https:\/\/www.nexoinformativo.mx\/index.php\/2026\/01\/24\/intensifica-sesa-vigilancia-y-vacunacion-contra-el-sarampion-en-queretaro\/#breadcrumb\",\"itemListElement\":[{\"@type\":\"ListItem\",\"position\":1,\"name\":\"Inicio\",\"item\":\"https:\/\/www.nexoinformativo.mx\/\"},{\"@type\":\"ListItem\",\"position\":2,\"name\":\"Intensifica SESA vigilancia y vacunaci\u00f3n contra el sarampi\u00f3n en Quer\u00e9taro\"}]},{\"@type\":\"WebSite\",\"@id\":\"https:\/\/www.nexoinformativo.mx\/#website\",\"url\":\"https:\/\/www.nexoinformativo.mx\/\",\"name\":\"Nexo Informativo Santiago de Quer\u00e9taro\",\"description\":\"Explora NexoInformativo y convi\u00e9rtete en parte de una comunidad que valora el conocimiento y la verdad. Tu nexoinformativo es tu puente hacia una comprensi\u00f3n m\u00e1s profunda del mundo que te rodea.\",\"publisher\":{\"@id\":\"https:\/\/www.nexoinformativo.mx\/#organization\"},\"potentialAction\":[{\"@type\":\"SearchAction\",\"target\":{\"@type\":\"EntryPoint\",\"urlTemplate\":\"https:\/\/www.nexoinformativo.mx\/?s={search_term_string}\"},\"query-input\":{\"@type\":\"PropertyValueSpecification\",\"valueRequired\":true,\"valueName\":\"search_term_string\"}}],\"inLanguage\":\"es\"},{\"@type\":\"Organization\",\"@id\":\"https:\/\/www.nexoinformativo.mx\/#organization\",\"name\":\"Nexo Informativo Santiago de Quer\u00e9taro\",\"url\":\"https:\/\/www.nexoinformativo.mx\/\",\"logo\":{\"@type\":\"ImageObject\",\"inLanguage\":\"es\",\"@id\":\"https:\/\/www.nexoinformativo.mx\/#\/schema\/logo\/image\/\",\"url\":\"https:\/\/www.nexoinformativo.mx\/wp-content\/uploads\/2024\/07\/nexoi-trasparente-2.png\",\"contentUrl\":\"https:\/\/www.nexoinformativo.mx\/wp-content\/uploads\/2024\/07\/nexoi-trasparente-2.png\",\"width\":816,\"height\":339,\"caption\":\"Nexo Informativo Santiago de Quer\u00e9taro\"},\"image\":{\"@id\":\"https:\/\/www.nexoinformativo.mx\/#\/schema\/logo\/image\/\"},\"sameAs\":[\"https:\/\/www.facebook.com\/people\/Nexo-Informativo\/61564066885511\/\"]},{\"@type\":\"Person\",\"@id\":\"https:\/\/www.nexoinformativo.mx\/#\/schema\/person\/7749d380ba08c8ca00d7bc76fd907b7d\",\"name\":\"Nexo Informativo\",\"image\":{\"@type\":\"ImageObject\",\"inLanguage\":\"es\",\"@id\":\"https:\/\/www.nexoinformativo.mx\/#\/schema\/person\/image\/\",\"url\":\"https:\/\/secure.gravatar.com\/avatar\/dde2928154642a13d95f87ddf1ea9718fe2b46760a005c53e41ff5ad610704e6?s=96&d=mm&r=g\",\"contentUrl\":\"https:\/\/secure.gravatar.com\/avatar\/dde2928154642a13d95f87ddf1ea9718fe2b46760a005c53e41ff5ad610704e6?s=96&d=mm&r=g\",\"caption\":\"Nexo Informativo\"},\"url\":\"https:\/\/www.nexoinformativo.mx\/index.php\/author\/edicion\/\"}]}<\/script>\n<!-- \/ Yoast SEO plugin. -->","yoast_head_json":{"title":"Intensifica SESA vigilancia y vacunaci\u00f3n contra el sarampi\u00f3n en Quer\u00e9taro | Nexo Informativo Santiago de Quer\u00e9taro","robots":{"index":"index","follow":"follow","max-snippet":"max-snippet:-1","max-image-preview":"max-image-preview:large","max-video-preview":"max-video-preview:-1"},"canonical":"https:\/\/www.nexoinformativo.mx\/index.php\/2026\/01\/24\/intensifica-sesa-vigilancia-y-vacunacion-contra-el-sarampion-en-queretaro\/","og_locale":"es_MX","og_type":"article","og_title":"Intensifica SESA vigilancia y vacunaci\u00f3n contra el sarampi\u00f3n en Quer\u00e9taro | Nexo Informativo Santiago de Quer\u00e9taro","og_description":"La Secretar\u00eda de Salud del estado de Quer\u00e9taro (SESA) inform\u00f3 que reforz\u00f3 de manera inmediata y permanente la vigilancia epidemiol\u00f3gica y las jornadas de vacunaci\u00f3n contra el sarampi\u00f3n, luego de confirmarse el primer caso en M\u00e9xico en febrero de 2025.","og_url":"https:\/\/www.nexoinformativo.mx\/index.php\/2026\/01\/24\/intensifica-sesa-vigilancia-y-vacunacion-contra-el-sarampion-en-queretaro\/","og_site_name":"Nexo Informativo Santiago de Quer\u00e9taro","article_publisher":"https:\/\/www.facebook.com\/people\/Nexo-Informativo\/61564066885511\/","article_published_time":"2026-01-24T15:00:09+00:00","article_modified_time":"2026-01-25T23:00:31+00:00","og_image":[{"width":800,"height":534,"url":"https:\/\/www.nexoinformativo.mx\/wp-content\/uploads\/2026\/01\/71_273_50401_1435992088_IMG_7840-e1769382020478.jpeg","type":"image\/jpeg"}],"author":"Nexo Informativo","twitter_card":"summary_large_image","twitter_misc":{"Escrito por":"Nexo Informativo","Tiempo de lectura":"2 minutos"},"schema":{"@context":"https:\/\/schema.org","@graph":[{"@type":"Article","@id":"https:\/\/www.nexoinformativo.mx\/index.php\/2026\/01\/24\/intensifica-sesa-vigilancia-y-vacunacion-contra-el-sarampion-en-queretaro\/#article","isPartOf":{"@id":"https:\/\/www.nexoinformativo.mx\/index.php\/2026\/01\/24\/intensifica-sesa-vigilancia-y-vacunacion-contra-el-sarampion-en-queretaro\/"},"author":{"name":"Nexo Informativo","@id":"https:\/\/www.nexoinformativo.mx\/#\/schema\/person\/7749d380ba08c8ca00d7bc76fd907b7d"},"headline":"Intensifica SESA vigilancia y vacunaci\u00f3n contra el sarampi\u00f3n en Quer\u00e9taro","datePublished":"2026-01-24T15:00:09+00:00","dateModified":"2026-01-25T23:00:31+00:00","mainEntityOfPage":{"@id":"https:\/\/www.nexoinformativo.mx\/index.php\/2026\/01\/24\/intensifica-sesa-vigilancia-y-vacunacion-contra-el-sarampion-en-queretaro\/"},"wordCount":258,"commentCount":0,"publisher":{"@id":"https:\/\/www.nexoinformativo.mx\/#organization"},"image":{"@id":"https:\/\/www.nexoinformativo.mx\/index.php\/2026\/01\/24\/intensifica-sesa-vigilancia-y-vacunacion-contra-el-sarampion-en-queretaro\/#primaryimage"},"thumbnailUrl":"https:\/\/www.nexoinformativo.mx\/wp-content\/uploads\/2026\/01\/71_273_50401_1435992088_IMG_7840-e1769382020478.jpeg","keywords":["Prevenci\u00f3n","SaludQuer\u00e9taro","Sarampi\u00f3n","SESA","Vacunaci\u00f3n"],"articleSection":["Estado","\u00daltima Hora"],"inLanguage":"es","potentialAction":[{"@type":"CommentAction","name":"Comment","target":["https:\/\/www.nexoinformativo.mx\/index.php\/2026\/01\/24\/intensifica-sesa-vigilancia-y-vacunacion-contra-el-sarampion-en-queretaro\/#respond"]}]},{"@type":"WebPage","@id":"https:\/\/www.nexoinformativo.mx\/index.php\/2026\/01\/24\/intensifica-sesa-vigilancia-y-vacunacion-contra-el-sarampion-en-queretaro\/","url":"https:\/\/www.nexoinformativo.mx\/index.php\/2026\/01\/24\/intensifica-sesa-vigilancia-y-vacunacion-contra-el-sarampion-en-queretaro\/","name":"Intensifica SESA vigilancia y vacunaci\u00f3n contra el sarampi\u00f3n en Quer\u00e9taro | Nexo Informativo Santiago de Quer\u00e9taro","isPartOf":{"@id":"https:\/\/www.nexoinformativo.mx\/#website"},"primaryImageOfPage":{"@id":"https:\/\/www.nexoinformativo.mx\/index.php\/2026\/01\/24\/intensifica-sesa-vigilancia-y-vacunacion-contra-el-sarampion-en-queretaro\/#primaryimage"},"image":{"@id":"https:\/\/www.nexoinformativo.mx\/index.php\/2026\/01\/24\/intensifica-sesa-vigilancia-y-vacunacion-contra-el-sarampion-en-queretaro\/#primaryimage"},"thumbnailUrl":"https:\/\/www.nexoinformativo.mx\/wp-content\/uploads\/2026\/01\/71_273_50401_1435992088_IMG_7840-e1769382020478.jpeg","datePublished":"2026-01-24T15:00:09+00:00","dateModified":"2026-01-25T23:00:31+00:00","breadcrumb":{"@id":"https:\/\/www.nexoinformativo.mx\/index.php\/2026\/01\/24\/intensifica-sesa-vigilancia-y-vacunacion-contra-el-sarampion-en-queretaro\/#breadcrumb"},"inLanguage":"es","potentialAction":[{"@type":"ReadAction","target":["https:\/\/www.nexoinformativo.mx\/index.php\/2026\/01\/24\/intensifica-sesa-vigilancia-y-vacunacion-contra-el-sarampion-en-queretaro\/"]}]},{"@type":"ImageObject","inLanguage":"es","@id":"https:\/\/www.nexoinformativo.mx\/index.php\/2026\/01\/24\/intensifica-sesa-vigilancia-y-vacunacion-contra-el-sarampion-en-queretaro\/#primaryimage","url":"https:\/\/www.nexoinformativo.mx\/wp-content\/uploads\/2026\/01\/71_273_50401_1435992088_IMG_7840-e1769382020478.jpeg","contentUrl":"https:\/\/www.nexoinformativo.mx\/wp-content\/uploads\/2026\/01\/71_273_50401_1435992088_IMG_7840-e1769382020478.jpeg","width":800,"height":534},{"@type":"BreadcrumbList","@id":"https:\/\/www.nexoinformativo.mx\/index.php\/2026\/01\/24\/intensifica-sesa-vigilancia-y-vacunacion-contra-el-sarampion-en-queretaro\/#breadcrumb","itemListElement":[{"@type":"ListItem","position":1,"name":"Inicio","item":"https:\/\/www.nexoinformativo.mx\/"},{"@type":"ListItem","position":2,"name":"Intensifica SESA vigilancia y vacunaci\u00f3n contra el sarampi\u00f3n en Quer\u00e9taro"}]},{"@type":"WebSite","@id":"https:\/\/www.nexoinformativo.mx\/#website","url":"https:\/\/www.nexoinformativo.mx\/","name":"Nexo Informativo Santiago de Quer\u00e9taro","description":"Explora NexoInformativo y convi\u00e9rtete en parte de una comunidad que valora el conocimiento y la verdad. Tu nexoinformativo es tu puente hacia una comprensi\u00f3n m\u00e1s profunda del mundo que te rodea.","publisher":{"@id":"https:\/\/www.nexoinformativo.mx\/#organization"},"potentialAction":[{"@type":"SearchAction","target":{"@type":"EntryPoint","urlTemplate":"https:\/\/www.nexoinformativo.mx\/?s={search_term_string}"},"query-input":{"@type":"PropertyValueSpecification","valueRequired":true,"valueName":"search_term_string"}}],"inLanguage":"es"},{"@type":"Organization","@id":"https:\/\/www.nexoinformativo.mx\/#organization","name":"Nexo Informativo Santiago de Quer\u00e9taro","url":"https:\/\/www.nexoinformativo.mx\/","logo":{"@type":"ImageObject","inLanguage":"es","@id":"https:\/\/www.nexoinformativo.mx\/#\/schema\/logo\/image\/","url":"https:\/\/www.nexoinformativo.mx\/wp-content\/uploads\/2024\/07\/nexoi-trasparente-2.png","contentUrl":"https:\/\/www.nexoinformativo.mx\/wp-content\/uploads\/2024\/07\/nexoi-trasparente-2.png","width":816,"height":339,"caption":"Nexo Informativo Santiago de Quer\u00e9taro"},"image":{"@id":"https:\/\/www.nexoinformativo.mx\/#\/schema\/logo\/image\/"},"sameAs":["https:\/\/www.facebook.com\/people\/Nexo-Informativo\/61564066885511\/"]},{"@type":"Person","@id":"https:\/\/www.nexoinformativo.mx\/#\/schema\/person\/7749d380ba08c8ca00d7bc76fd907b7d","name":"Nexo Informativo","image":{"@type":"ImageObject","inLanguage":"es","@id":"https:\/\/www.nexoinformativo.mx\/#\/schema\/person\/image\/","url":"https:\/\/secure.gravatar.com\/avatar\/dde2928154642a13d95f87ddf1ea9718fe2b46760a005c53e41ff5ad610704e6?s=96&d=mm&r=g","contentUrl":"https:\/\/secure.gravatar.com\/avatar\/dde2928154642a13d95f87ddf1ea9718fe2b46760a005c53e41ff5ad610704e6?s=96&d=mm&r=g","caption":"Nexo Informativo"},"url":"https:\/\/www.nexoinformativo.mx\/index.php\/author\/edicion\/"}]}},"_links":{"self":[{"href":"https:\/\/www.nexoinformativo.mx\/index.php\/wp-json\/wp\/v2\/posts\/17173","targetHints":{"allow":["GET"]}}],"collection":[{"href":"https:\/\/www.nexoinformativo.mx\/index.php\/wp-json\/wp\/v2\/posts"}],"about":[{"href":"https:\/\/www.nexoinformativo.mx\/index.php\/wp-json\/wp\/v2\/types\/post"}],"author":[{"embeddable":true,"href":"https:\/\/www.nexoinformativo.mx\/index.php\/wp-json\/wp\/v2\/users\/3"}],"replies":[{"embeddable":true,"href":"https:\/\/www.nexoinformativo.mx\/index.php\/wp-json\/wp\/v2\/comments?post=17173"}],"version-history":[{"count":2,"href":"https:\/\/www.nexoinformativo.mx\/index.php\/wp-json\/wp\/v2\/posts\/17173\/revisions"}],"predecessor-version":[{"id":17193,"href":"https:\/\/www.nexoinformativo.mx\/index.php\/wp-json\/wp\/v2\/posts\/17173\/revisions\/17193"}],"wp:featuredmedia":[{"embeddable":true,"href":"https:\/\/www.nexoinformativo.mx\/index.php\/wp-json\/wp\/v2\/media\/17172"}],"wp:attachment":[{"href":"https:\/\/www.nexoinformativo.mx\/index.php\/wp-json\/wp\/v2\/media?parent=17173"}],"wp:term":[{"taxonomy":"category","embeddable":true,"href":"https:\/\/www.nexoinformativo.mx\/index.php\/wp-json\/wp\/v2\/categories?post=17173"},{"taxonomy":"post_tag","embeddable":true,"href":"https:\/\/www.nexoinformativo.mx\/index.php\/wp-json\/wp\/v2\/tags?post=17173"}],"curies":[{"name":"wp","href":"https:\/\/api.w.org\/{rel}","templated":true}]}}