{"id":17176,"date":"2026-01-25T10:00:18","date_gmt":"2026-01-25T16:00:18","guid":{"rendered":"https:\/\/www.nexoinformativo.mx\/?p=17176"},"modified":"2026-01-25T17:03:38","modified_gmt":"2026-01-25T23:03:38","slug":"fiscalia-localiza-a-tres-adolescentes-reportadas-como-no-localizadas-en-queretaro","status":"publish","type":"post","link":"https:\/\/www.nexoinformativo.mx\/index.php\/2026\/01\/25\/fiscalia-localiza-a-tres-adolescentes-reportadas-como-no-localizadas-en-queretaro\/","title":{"rendered":"Fiscal\u00eda localiza a tres adolescentes reportadas como no localizadas en Quer\u00e9taro"},"content":{"rendered":"\r\n<p style=\"text-align: justify;\">La Fiscal\u00eda General del Estado de Quer\u00e9taro inform\u00f3 la localizaci\u00f3n de tres adolescentes que hab\u00edan sido reportadas como no localizadas desde el pasado 17 de enero en M\u00e9xico. Las j\u00f3venes identificadas son Citlali P\u00e9rez Oria, Carmen Esmeralda Mendieta Oviedo y Marjorie Tamayo Ayquipa.<\/p>\r\n\r\n\r\n\r\n<p style=\"text-align: justify;\"><br \/>El hallazgo fue resultado del trabajo coordinado y en sinergia entre la Fiscal\u00eda de Quer\u00e9taro, la Fiscal\u00eda General del Estado de Guanajuato y la Secretar\u00eda de Seguridad P\u00fablica del municipio de San Jos\u00e9 de Iturbide, como parte de las acciones de b\u00fasqueda inmediata.<\/p>\r\n\r\n\r\n\r\n<p style=\"text-align: justify;\"><br \/>Las adolescentes fueron localizadas en buen estado de salud y ser\u00e1n trasladadas para la realizaci\u00f3n de las valoraciones m\u00e9dicas y psicol\u00f3gicas correspondientes, conforme a los protocolos establecidos para la protecci\u00f3n de ni\u00f1as, ni\u00f1os y adolescentes en Quer\u00e9taro.<\/p>\r\n\r\n\r\n\r\n<p style=\"text-align: justify;\"><br \/>La Fiscal\u00eda reiter\u00f3 su compromiso de mantener la coordinaci\u00f3n interinstitucional para fortalecer la b\u00fasqueda inmediata y garantizar el bienestar, la integridad y la seguridad de menores en M\u00e9xico.<\/p>\r\n<p>&nbsp;<\/p>\r\n<p style=\"text-align: center;\"><em><strong>\u00a1Informaci\u00f3n que transforma!<\/strong><\/em><\/p>\r\n","protected":false},"excerpt":{"rendered":"<p>La Fiscal\u00eda General del Estado de Quer\u00e9taro inform\u00f3 la localizaci\u00f3n de tres adolescentes que hab\u00edan sido reportadas como no localizadas desde el pasado 17 de enero en M\u00e9xico.<\/p>\n","protected":false},"author":3,"featured_media":17175,"comment_status":"open","ping_status":"open","sticky":false,"template":"","format":"standard","meta":{"footnotes":""},"categories":[42,137,58],"tags":[3221,130,1610,133,131],"class_list":["post-17176","post","type-post","status-publish","format-standard","has-post-thumbnail","hentry","category-estado","category-sucesos","category-ultima-hora","tag-adolescentes","tag-fiscalia","tag-mexico","tag-queretaro","tag-seguridad"],"yoast_head":"<!-- This site is optimized with the Yoast SEO plugin v25.0 - https:\/\/yoast.com\/wordpress\/plugins\/seo\/ -->\n<title>Fiscal\u00eda localiza a tres adolescentes reportadas como no localizadas en Quer\u00e9taro | Nexo Informativo Santiago de Quer\u00e9taro<\/title>\n<meta name=\"robots\" content=\"index, follow, max-snippet:-1, max-image-preview:large, max-video-preview:-1\" \/>\n<link rel=\"canonical\" href=\"https:\/\/www.nexoinformativo.mx\/index.php\/2026\/01\/25\/fiscalia-localiza-a-tres-adolescentes-reportadas-como-no-localizadas-en-queretaro\/\" \/>\n<meta property=\"og:locale\" content=\"es_MX\" \/>\n<meta property=\"og:type\" content=\"article\" \/>\n<meta property=\"og:title\" content=\"Fiscal\u00eda localiza a tres adolescentes reportadas como no localizadas en Quer\u00e9taro | Nexo Informativo Santiago de Quer\u00e9taro\" \/>\n<meta property=\"og:description\" content=\"La Fiscal\u00eda General del Estado de Quer\u00e9taro inform\u00f3 la localizaci\u00f3n de tres adolescentes que hab\u00edan sido reportadas como no localizadas desde el pasado 17 de enero en M\u00e9xico.\" \/>\n<meta property=\"og:url\" content=\"https:\/\/www.nexoinformativo.mx\/index.php\/2026\/01\/25\/fiscalia-localiza-a-tres-adolescentes-reportadas-como-no-localizadas-en-queretaro\/\" \/>\n<meta property=\"og:site_name\" content=\"Nexo Informativo Santiago de Quer\u00e9taro\" \/>\n<meta property=\"article:publisher\" content=\"https:\/\/www.facebook.com\/people\/Nexo-Informativo\/61564066885511\/\" \/>\n<meta property=\"article:published_time\" content=\"2026-01-25T16:00:18+00:00\" \/>\n<meta property=\"article:modified_time\" content=\"2026-01-25T23:03:38+00:00\" \/>\n<meta property=\"og:image\" content=\"https:\/\/www.nexoinformativo.mx\/wp-content\/uploads\/2026\/01\/IMG-20260125-WA0000-e1769382213323.jpg\" \/>\n\t<meta property=\"og:image:width\" content=\"800\" \/>\n\t<meta property=\"og:image:height\" content=\"671\" \/>\n\t<meta property=\"og:image:type\" content=\"image\/jpeg\" \/>\n<meta name=\"author\" content=\"Nexo Informativo\" \/>\n<meta name=\"twitter:card\" content=\"summary_large_image\" \/>\n<meta name=\"twitter:label1\" content=\"Escrito por\" \/>\n\t<meta name=\"twitter:data1\" content=\"Nexo Informativo\" \/>\n\t<meta name=\"twitter:label2\" content=\"Tiempo de lectura\" \/>\n\t<meta name=\"twitter:data2\" content=\"1 minuto\" \/>\n<script type=\"application\/ld+json\" class=\"yoast-schema-graph\">{\"@context\":\"https:\/\/schema.org\",\"@graph\":[{\"@type\":\"Article\",\"@id\":\"https:\/\/www.nexoinformativo.mx\/index.php\/2026\/01\/25\/fiscalia-localiza-a-tres-adolescentes-reportadas-como-no-localizadas-en-queretaro\/#article\",\"isPartOf\":{\"@id\":\"https:\/\/www.nexoinformativo.mx\/index.php\/2026\/01\/25\/fiscalia-localiza-a-tres-adolescentes-reportadas-como-no-localizadas-en-queretaro\/\"},\"author\":{\"name\":\"Nexo Informativo\",\"@id\":\"https:\/\/www.nexoinformativo.mx\/#\/schema\/person\/7749d380ba08c8ca00d7bc76fd907b7d\"},\"headline\":\"Fiscal\u00eda localiza a tres adolescentes reportadas como no localizadas en Quer\u00e9taro\",\"datePublished\":\"2026-01-25T16:00:18+00:00\",\"dateModified\":\"2026-01-25T23:03:38+00:00\",\"mainEntityOfPage\":{\"@id\":\"https:\/\/www.nexoinformativo.mx\/index.php\/2026\/01\/25\/fiscalia-localiza-a-tres-adolescentes-reportadas-como-no-localizadas-en-queretaro\/\"},\"wordCount\":193,\"commentCount\":0,\"publisher\":{\"@id\":\"https:\/\/www.nexoinformativo.mx\/#organization\"},\"image\":{\"@id\":\"https:\/\/www.nexoinformativo.mx\/index.php\/2026\/01\/25\/fiscalia-localiza-a-tres-adolescentes-reportadas-como-no-localizadas-en-queretaro\/#primaryimage\"},\"thumbnailUrl\":\"https:\/\/www.nexoinformativo.mx\/wp-content\/uploads\/2026\/01\/IMG-20260125-WA0000-e1769382213323.jpg\",\"keywords\":[\"adolescentes\",\"Fiscal\u00eda\",\"M\u00e9xico\",\"Quer\u00e9taro\",\"Seguridad\"],\"articleSection\":[\"Estado\",\"Sucesos\",\"\u00daltima Hora\"],\"inLanguage\":\"es\",\"potentialAction\":[{\"@type\":\"CommentAction\",\"name\":\"Comment\",\"target\":[\"https:\/\/www.nexoinformativo.mx\/index.php\/2026\/01\/25\/fiscalia-localiza-a-tres-adolescentes-reportadas-como-no-localizadas-en-queretaro\/#respond\"]}]},{\"@type\":\"WebPage\",\"@id\":\"https:\/\/www.nexoinformativo.mx\/index.php\/2026\/01\/25\/fiscalia-localiza-a-tres-adolescentes-reportadas-como-no-localizadas-en-queretaro\/\",\"url\":\"https:\/\/www.nexoinformativo.mx\/index.php\/2026\/01\/25\/fiscalia-localiza-a-tres-adolescentes-reportadas-como-no-localizadas-en-queretaro\/\",\"name\":\"Fiscal\u00eda localiza a tres adolescentes reportadas como no localizadas en Quer\u00e9taro | Nexo Informativo Santiago de Quer\u00e9taro\",\"isPartOf\":{\"@id\":\"https:\/\/www.nexoinformativo.mx\/#website\"},\"primaryImageOfPage\":{\"@id\":\"https:\/\/www.nexoinformativo.mx\/index.php\/2026\/01\/25\/fiscalia-localiza-a-tres-adolescentes-reportadas-como-no-localizadas-en-queretaro\/#primaryimage\"},\"image\":{\"@id\":\"https:\/\/www.nexoinformativo.mx\/index.php\/2026\/01\/25\/fiscalia-localiza-a-tres-adolescentes-reportadas-como-no-localizadas-en-queretaro\/#primaryimage\"},\"thumbnailUrl\":\"https:\/\/www.nexoinformativo.mx\/wp-content\/uploads\/2026\/01\/IMG-20260125-WA0000-e1769382213323.jpg\",\"datePublished\":\"2026-01-25T16:00:18+00:00\",\"dateModified\":\"2026-01-25T23:03:38+00:00\",\"breadcrumb\":{\"@id\":\"https:\/\/www.nexoinformativo.mx\/index.php\/2026\/01\/25\/fiscalia-localiza-a-tres-adolescentes-reportadas-como-no-localizadas-en-queretaro\/#breadcrumb\"},\"inLanguage\":\"es\",\"potentialAction\":[{\"@type\":\"ReadAction\",\"target\":[\"https:\/\/www.nexoinformativo.mx\/index.php\/2026\/01\/25\/fiscalia-localiza-a-tres-adolescentes-reportadas-como-no-localizadas-en-queretaro\/\"]}]},{\"@type\":\"ImageObject\",\"inLanguage\":\"es\",\"@id\":\"https:\/\/www.nexoinformativo.mx\/index.php\/2026\/01\/25\/fiscalia-localiza-a-tres-adolescentes-reportadas-como-no-localizadas-en-queretaro\/#primaryimage\",\"url\":\"https:\/\/www.nexoinformativo.mx\/wp-content\/uploads\/2026\/01\/IMG-20260125-WA0000-e1769382213323.jpg\",\"contentUrl\":\"https:\/\/www.nexoinformativo.mx\/wp-content\/uploads\/2026\/01\/IMG-20260125-WA0000-e1769382213323.jpg\",\"width\":800,\"height\":671},{\"@type\":\"BreadcrumbList\",\"@id\":\"https:\/\/www.nexoinformativo.mx\/index.php\/2026\/01\/25\/fiscalia-localiza-a-tres-adolescentes-reportadas-como-no-localizadas-en-queretaro\/#breadcrumb\",\"itemListElement\":[{\"@type\":\"ListItem\",\"position\":1,\"name\":\"Inicio\",\"item\":\"https:\/\/www.nexoinformativo.mx\/\"},{\"@type\":\"ListItem\",\"position\":2,\"name\":\"Fiscal\u00eda localiza a tres adolescentes reportadas como no localizadas en Quer\u00e9taro\"}]},{\"@type\":\"WebSite\",\"@id\":\"https:\/\/www.nexoinformativo.mx\/#website\",\"url\":\"https:\/\/www.nexoinformativo.mx\/\",\"name\":\"Nexo Informativo Santiago de Quer\u00e9taro\",\"description\":\"Explora NexoInformativo y convi\u00e9rtete en parte de una comunidad que valora el conocimiento y la verdad. Tu nexoinformativo es tu puente hacia una comprensi\u00f3n m\u00e1s profunda del mundo que te rodea.\",\"publisher\":{\"@id\":\"https:\/\/www.nexoinformativo.mx\/#organization\"},\"potentialAction\":[{\"@type\":\"SearchAction\",\"target\":{\"@type\":\"EntryPoint\",\"urlTemplate\":\"https:\/\/www.nexoinformativo.mx\/?s={search_term_string}\"},\"query-input\":{\"@type\":\"PropertyValueSpecification\",\"valueRequired\":true,\"valueName\":\"search_term_string\"}}],\"inLanguage\":\"es\"},{\"@type\":\"Organization\",\"@id\":\"https:\/\/www.nexoinformativo.mx\/#organization\",\"name\":\"Nexo Informativo Santiago de Quer\u00e9taro\",\"url\":\"https:\/\/www.nexoinformativo.mx\/\",\"logo\":{\"@type\":\"ImageObject\",\"inLanguage\":\"es\",\"@id\":\"https:\/\/www.nexoinformativo.mx\/#\/schema\/logo\/image\/\",\"url\":\"https:\/\/www.nexoinformativo.mx\/wp-content\/uploads\/2024\/07\/nexoi-trasparente-2.png\",\"contentUrl\":\"https:\/\/www.nexoinformativo.mx\/wp-content\/uploads\/2024\/07\/nexoi-trasparente-2.png\",\"width\":816,\"height\":339,\"caption\":\"Nexo Informativo Santiago de Quer\u00e9taro\"},\"image\":{\"@id\":\"https:\/\/www.nexoinformativo.mx\/#\/schema\/logo\/image\/\"},\"sameAs\":[\"https:\/\/www.facebook.com\/people\/Nexo-Informativo\/61564066885511\/\"]},{\"@type\":\"Person\",\"@id\":\"https:\/\/www.nexoinformativo.mx\/#\/schema\/person\/7749d380ba08c8ca00d7bc76fd907b7d\",\"name\":\"Nexo Informativo\",\"image\":{\"@type\":\"ImageObject\",\"inLanguage\":\"es\",\"@id\":\"https:\/\/www.nexoinformativo.mx\/#\/schema\/person\/image\/\",\"url\":\"https:\/\/secure.gravatar.com\/avatar\/dde2928154642a13d95f87ddf1ea9718fe2b46760a005c53e41ff5ad610704e6?s=96&d=mm&r=g\",\"contentUrl\":\"https:\/\/secure.gravatar.com\/avatar\/dde2928154642a13d95f87ddf1ea9718fe2b46760a005c53e41ff5ad610704e6?s=96&d=mm&r=g\",\"caption\":\"Nexo Informativo\"},\"url\":\"https:\/\/www.nexoinformativo.mx\/index.php\/author\/edicion\/\"}]}<\/script>\n<!-- \/ Yoast SEO plugin. -->","yoast_head_json":{"title":"Fiscal\u00eda localiza a tres adolescentes reportadas como no localizadas en Quer\u00e9taro | Nexo Informativo Santiago de Quer\u00e9taro","robots":{"index":"index","follow":"follow","max-snippet":"max-snippet:-1","max-image-preview":"max-image-preview:large","max-video-preview":"max-video-preview:-1"},"canonical":"https:\/\/www.nexoinformativo.mx\/index.php\/2026\/01\/25\/fiscalia-localiza-a-tres-adolescentes-reportadas-como-no-localizadas-en-queretaro\/","og_locale":"es_MX","og_type":"article","og_title":"Fiscal\u00eda localiza a tres adolescentes reportadas como no localizadas en Quer\u00e9taro | Nexo Informativo Santiago de Quer\u00e9taro","og_description":"La Fiscal\u00eda General del Estado de Quer\u00e9taro inform\u00f3 la localizaci\u00f3n de tres adolescentes que hab\u00edan sido reportadas como no localizadas desde el pasado 17 de enero en M\u00e9xico.","og_url":"https:\/\/www.nexoinformativo.mx\/index.php\/2026\/01\/25\/fiscalia-localiza-a-tres-adolescentes-reportadas-como-no-localizadas-en-queretaro\/","og_site_name":"Nexo Informativo Santiago de Quer\u00e9taro","article_publisher":"https:\/\/www.facebook.com\/people\/Nexo-Informativo\/61564066885511\/","article_published_time":"2026-01-25T16:00:18+00:00","article_modified_time":"2026-01-25T23:03:38+00:00","og_image":[{"width":800,"height":671,"url":"https:\/\/www.nexoinformativo.mx\/wp-content\/uploads\/2026\/01\/IMG-20260125-WA0000-e1769382213323.jpg","type":"image\/jpeg"}],"author":"Nexo Informativo","twitter_card":"summary_large_image","twitter_misc":{"Escrito por":"Nexo Informativo","Tiempo de lectura":"1 minuto"},"schema":{"@context":"https:\/\/schema.org","@graph":[{"@type":"Article","@id":"https:\/\/www.nexoinformativo.mx\/index.php\/2026\/01\/25\/fiscalia-localiza-a-tres-adolescentes-reportadas-como-no-localizadas-en-queretaro\/#article","isPartOf":{"@id":"https:\/\/www.nexoinformativo.mx\/index.php\/2026\/01\/25\/fiscalia-localiza-a-tres-adolescentes-reportadas-como-no-localizadas-en-queretaro\/"},"author":{"name":"Nexo Informativo","@id":"https:\/\/www.nexoinformativo.mx\/#\/schema\/person\/7749d380ba08c8ca00d7bc76fd907b7d"},"headline":"Fiscal\u00eda localiza a tres adolescentes reportadas como no localizadas en Quer\u00e9taro","datePublished":"2026-01-25T16:00:18+00:00","dateModified":"2026-01-25T23:03:38+00:00","mainEntityOfPage":{"@id":"https:\/\/www.nexoinformativo.mx\/index.php\/2026\/01\/25\/fiscalia-localiza-a-tres-adolescentes-reportadas-como-no-localizadas-en-queretaro\/"},"wordCount":193,"commentCount":0,"publisher":{"@id":"https:\/\/www.nexoinformativo.mx\/#organization"},"image":{"@id":"https:\/\/www.nexoinformativo.mx\/index.php\/2026\/01\/25\/fiscalia-localiza-a-tres-adolescentes-reportadas-como-no-localizadas-en-queretaro\/#primaryimage"},"thumbnailUrl":"https:\/\/www.nexoinformativo.mx\/wp-content\/uploads\/2026\/01\/IMG-20260125-WA0000-e1769382213323.jpg","keywords":["adolescentes","Fiscal\u00eda","M\u00e9xico","Quer\u00e9taro","Seguridad"],"articleSection":["Estado","Sucesos","\u00daltima Hora"],"inLanguage":"es","potentialAction":[{"@type":"CommentAction","name":"Comment","target":["https:\/\/www.nexoinformativo.mx\/index.php\/2026\/01\/25\/fiscalia-localiza-a-tres-adolescentes-reportadas-como-no-localizadas-en-queretaro\/#respond"]}]},{"@type":"WebPage","@id":"https:\/\/www.nexoinformativo.mx\/index.php\/2026\/01\/25\/fiscalia-localiza-a-tres-adolescentes-reportadas-como-no-localizadas-en-queretaro\/","url":"https:\/\/www.nexoinformativo.mx\/index.php\/2026\/01\/25\/fiscalia-localiza-a-tres-adolescentes-reportadas-como-no-localizadas-en-queretaro\/","name":"Fiscal\u00eda localiza a tres adolescentes reportadas como no localizadas en Quer\u00e9taro | Nexo Informativo Santiago de Quer\u00e9taro","isPartOf":{"@id":"https:\/\/www.nexoinformativo.mx\/#website"},"primaryImageOfPage":{"@id":"https:\/\/www.nexoinformativo.mx\/index.php\/2026\/01\/25\/fiscalia-localiza-a-tres-adolescentes-reportadas-como-no-localizadas-en-queretaro\/#primaryimage"},"image":{"@id":"https:\/\/www.nexoinformativo.mx\/index.php\/2026\/01\/25\/fiscalia-localiza-a-tres-adolescentes-reportadas-como-no-localizadas-en-queretaro\/#primaryimage"},"thumbnailUrl":"https:\/\/www.nexoinformativo.mx\/wp-content\/uploads\/2026\/01\/IMG-20260125-WA0000-e1769382213323.jpg","datePublished":"2026-01-25T16:00:18+00:00","dateModified":"2026-01-25T23:03:38+00:00","breadcrumb":{"@id":"https:\/\/www.nexoinformativo.mx\/index.php\/2026\/01\/25\/fiscalia-localiza-a-tres-adolescentes-reportadas-como-no-localizadas-en-queretaro\/#breadcrumb"},"inLanguage":"es","potentialAction":[{"@type":"ReadAction","target":["https:\/\/www.nexoinformativo.mx\/index.php\/2026\/01\/25\/fiscalia-localiza-a-tres-adolescentes-reportadas-como-no-localizadas-en-queretaro\/"]}]},{"@type":"ImageObject","inLanguage":"es","@id":"https:\/\/www.nexoinformativo.mx\/index.php\/2026\/01\/25\/fiscalia-localiza-a-tres-adolescentes-reportadas-como-no-localizadas-en-queretaro\/#primaryimage","url":"https:\/\/www.nexoinformativo.mx\/wp-content\/uploads\/2026\/01\/IMG-20260125-WA0000-e1769382213323.jpg","contentUrl":"https:\/\/www.nexoinformativo.mx\/wp-content\/uploads\/2026\/01\/IMG-20260125-WA0000-e1769382213323.jpg","width":800,"height":671},{"@type":"BreadcrumbList","@id":"https:\/\/www.nexoinformativo.mx\/index.php\/2026\/01\/25\/fiscalia-localiza-a-tres-adolescentes-reportadas-como-no-localizadas-en-queretaro\/#breadcrumb","itemListElement":[{"@type":"ListItem","position":1,"name":"Inicio","item":"https:\/\/www.nexoinformativo.mx\/"},{"@type":"ListItem","position":2,"name":"Fiscal\u00eda localiza a tres adolescentes reportadas como no localizadas en Quer\u00e9taro"}]},{"@type":"WebSite","@id":"https:\/\/www.nexoinformativo.mx\/#website","url":"https:\/\/www.nexoinformativo.mx\/","name":"Nexo Informativo Santiago de Quer\u00e9taro","description":"Explora NexoInformativo y convi\u00e9rtete en parte de una comunidad que valora el conocimiento y la verdad. Tu nexoinformativo es tu puente hacia una comprensi\u00f3n m\u00e1s profunda del mundo que te rodea.","publisher":{"@id":"https:\/\/www.nexoinformativo.mx\/#organization"},"potentialAction":[{"@type":"SearchAction","target":{"@type":"EntryPoint","urlTemplate":"https:\/\/www.nexoinformativo.mx\/?s={search_term_string}"},"query-input":{"@type":"PropertyValueSpecification","valueRequired":true,"valueName":"search_term_string"}}],"inLanguage":"es"},{"@type":"Organization","@id":"https:\/\/www.nexoinformativo.mx\/#organization","name":"Nexo Informativo Santiago de Quer\u00e9taro","url":"https:\/\/www.nexoinformativo.mx\/","logo":{"@type":"ImageObject","inLanguage":"es","@id":"https:\/\/www.nexoinformativo.mx\/#\/schema\/logo\/image\/","url":"https:\/\/www.nexoinformativo.mx\/wp-content\/uploads\/2024\/07\/nexoi-trasparente-2.png","contentUrl":"https:\/\/www.nexoinformativo.mx\/wp-content\/uploads\/2024\/07\/nexoi-trasparente-2.png","width":816,"height":339,"caption":"Nexo Informativo Santiago de Quer\u00e9taro"},"image":{"@id":"https:\/\/www.nexoinformativo.mx\/#\/schema\/logo\/image\/"},"sameAs":["https:\/\/www.facebook.com\/people\/Nexo-Informativo\/61564066885511\/"]},{"@type":"Person","@id":"https:\/\/www.nexoinformativo.mx\/#\/schema\/person\/7749d380ba08c8ca00d7bc76fd907b7d","name":"Nexo Informativo","image":{"@type":"ImageObject","inLanguage":"es","@id":"https:\/\/www.nexoinformativo.mx\/#\/schema\/person\/image\/","url":"https:\/\/secure.gravatar.com\/avatar\/dde2928154642a13d95f87ddf1ea9718fe2b46760a005c53e41ff5ad610704e6?s=96&d=mm&r=g","contentUrl":"https:\/\/secure.gravatar.com\/avatar\/dde2928154642a13d95f87ddf1ea9718fe2b46760a005c53e41ff5ad610704e6?s=96&d=mm&r=g","caption":"Nexo Informativo"},"url":"https:\/\/www.nexoinformativo.mx\/index.php\/author\/edicion\/"}]}},"_links":{"self":[{"href":"https:\/\/www.nexoinformativo.mx\/index.php\/wp-json\/wp\/v2\/posts\/17176","targetHints":{"allow":["GET"]}}],"collection":[{"href":"https:\/\/www.nexoinformativo.mx\/index.php\/wp-json\/wp\/v2\/posts"}],"about":[{"href":"https:\/\/www.nexoinformativo.mx\/index.php\/wp-json\/wp\/v2\/types\/post"}],"author":[{"embeddable":true,"href":"https:\/\/www.nexoinformativo.mx\/index.php\/wp-json\/wp\/v2\/users\/3"}],"replies":[{"embeddable":true,"href":"https:\/\/www.nexoinformativo.mx\/index.php\/wp-json\/wp\/v2\/comments?post=17176"}],"version-history":[{"count":3,"href":"https:\/\/www.nexoinformativo.mx\/index.php\/wp-json\/wp\/v2\/posts\/17176\/revisions"}],"predecessor-version":[{"id":17196,"href":"https:\/\/www.nexoinformativo.mx\/index.php\/wp-json\/wp\/v2\/posts\/17176\/revisions\/17196"}],"wp:featuredmedia":[{"embeddable":true,"href":"https:\/\/www.nexoinformativo.mx\/index.php\/wp-json\/wp\/v2\/media\/17175"}],"wp:attachment":[{"href":"https:\/\/www.nexoinformativo.mx\/index.php\/wp-json\/wp\/v2\/media?parent=17176"}],"wp:term":[{"taxonomy":"category","embeddable":true,"href":"https:\/\/www.nexoinformativo.mx\/index.php\/wp-json\/wp\/v2\/categories?post=17176"},{"taxonomy":"post_tag","embeddable":true,"href":"https:\/\/www.nexoinformativo.mx\/index.php\/wp-json\/wp\/v2\/tags?post=17176"}],"curies":[{"name":"wp","href":"https:\/\/api.w.org\/{rel}","templated":true}]}}