{"id":17179,"date":"2026-01-25T10:00:09","date_gmt":"2026-01-25T16:00:09","guid":{"rendered":"https:\/\/www.nexoinformativo.mx\/?p=17179"},"modified":"2026-01-25T17:01:40","modified_gmt":"2026-01-25T23:01:40","slug":"mauricio-kuri-invita-a-iker-casillas-al-congreso-del-deporte-2026-en-queretaro","status":"publish","type":"post","link":"https:\/\/www.nexoinformativo.mx\/index.php\/2026\/01\/25\/mauricio-kuri-invita-a-iker-casillas-al-congreso-del-deporte-2026-en-queretaro\/","title":{"rendered":"Mauricio Kuri invita a Iker Casillas al Congreso del Deporte 2026 en Quer\u00e9taro"},"content":{"rendered":"\r\n<p style=\"text-align: justify;\">El gobernador de Quer\u00e9taro, Mauricio Kuri Gonz\u00e1lez, extendi\u00f3 una invitaci\u00f3n formal al exfutbolista y campe\u00f3n del mundo, Iker Casillas, para participar como ponente en el Congreso del Deporte INDEREQ 2026, que se realizar\u00e1 el 4 de marzo en la capital queretana. La invitaci\u00f3n se dio durante una reuni\u00f3n en la que tambi\u00e9n particip\u00f3 la directora del INDEREQ, Iridia Salazar Blanco.<\/p>\r\n\r\n\r\n\r\n<p style=\"text-align: justify;\"><br \/>Durante el encuentro, Mauricio Kuri reconoci\u00f3 la trayectoria de Casillas como una de las grandes figuras del futbol mundial, destacando su paso por el Real Madrid y su liderazgo como capit\u00e1n de la selecci\u00f3n espa\u00f1ola, con la que gan\u00f3 la Copa del Mundo 2010 y las Eurocopas 2008 y 2012. El mandatario subray\u00f3 que su experiencia es un ejemplo para impulsar el deporte de alto rendimiento en Quer\u00e9taro.<\/p>\r\n\r\n\r\n\r\n<p style=\"text-align: justify;\"><br \/>Iker Casillas agradeci\u00f3 la invitaci\u00f3n y confirm\u00f3 su inter\u00e9s en participar en el Congreso, un espacio que re\u00fane a figuras nacionales e internacionales para compartir experiencias sobre c\u00f3mo el deporte influye en la formaci\u00f3n personal y profesional. Se\u00f1al\u00f3 que ser\u00e1 un gusto visitar Quer\u00e9taro y contribuir con su testimonio.<\/p>\r\n\r\n\r\n\r\n<p style=\"text-align: justify;\"><br \/>Adem\u00e1s de su legado deportivo, Casillas es reconocido por su labor social a trav\u00e9s de una fundaci\u00f3n enfocada en la atenci\u00f3n de cardiopat\u00edas infantiles, as\u00ed como por su apoyo a campa\u00f1as de prevenci\u00f3n de adicciones, reforzando su compromiso con causas sociales dentro y fuera del deporte.<\/p>\r\n<p>&nbsp;<\/p>\r\n<p style=\"text-align: center;\"><em><strong>\u00a1Informaci\u00f3n que transforma!<\/strong><\/em><\/p>\r\n","protected":false},"excerpt":{"rendered":"<p>El gobernador de Quer\u00e9taro, Mauricio Kuri Gonz\u00e1lez, extendi\u00f3 una invitaci\u00f3n formal al exfutbolista y campe\u00f3n del mundo, Iker Casillas, para participar como ponente en el Congreso del Deporte INDEREQ 2026, que se realizar\u00e1 el 4 de marzo en la capital queretana.<\/p>\n","protected":false},"author":3,"featured_media":17178,"comment_status":"open","ping_status":"open","sticky":false,"template":"","format":"standard","meta":{"footnotes":""},"categories":[50,42,58],"tags":[5112,5111,661,133],"class_list":["post-17179","post","type-post","status-publish","format-standard","has-post-thumbnail","hentry","category-espectaculos","category-estado","category-ultima-hora","tag-congresodeldeporte","tag-ikercasillas","tag-mauriciokuri","tag-queretaro"],"yoast_head":"<!-- This site is optimized with the Yoast SEO plugin v25.0 - https:\/\/yoast.com\/wordpress\/plugins\/seo\/ -->\n<title>Mauricio Kuri invita a Iker Casillas al Congreso del Deporte 2026 en Quer\u00e9taro | Nexo Informativo Santiago de Quer\u00e9taro<\/title>\n<meta name=\"robots\" content=\"index, follow, max-snippet:-1, max-image-preview:large, max-video-preview:-1\" \/>\n<link rel=\"canonical\" href=\"https:\/\/www.nexoinformativo.mx\/index.php\/2026\/01\/25\/mauricio-kuri-invita-a-iker-casillas-al-congreso-del-deporte-2026-en-queretaro\/\" \/>\n<meta property=\"og:locale\" content=\"es_MX\" \/>\n<meta property=\"og:type\" content=\"article\" \/>\n<meta property=\"og:title\" content=\"Mauricio Kuri invita a Iker Casillas al Congreso del Deporte 2026 en Quer\u00e9taro | Nexo Informativo Santiago de Quer\u00e9taro\" \/>\n<meta property=\"og:description\" content=\"El gobernador de Quer\u00e9taro, Mauricio Kuri Gonz\u00e1lez, extendi\u00f3 una invitaci\u00f3n formal al exfutbolista y campe\u00f3n del mundo, Iker Casillas, para participar como ponente en el Congreso del Deporte INDEREQ 2026, que se realizar\u00e1 el 4 de marzo en la capital queretana.\" \/>\n<meta property=\"og:url\" content=\"https:\/\/www.nexoinformativo.mx\/index.php\/2026\/01\/25\/mauricio-kuri-invita-a-iker-casillas-al-congreso-del-deporte-2026-en-queretaro\/\" \/>\n<meta property=\"og:site_name\" content=\"Nexo Informativo Santiago de Quer\u00e9taro\" \/>\n<meta property=\"article:publisher\" content=\"https:\/\/www.facebook.com\/people\/Nexo-Informativo\/61564066885511\/\" \/>\n<meta property=\"article:published_time\" content=\"2026-01-25T16:00:09+00:00\" \/>\n<meta property=\"article:modified_time\" content=\"2026-01-25T23:01:40+00:00\" \/>\n<meta property=\"og:image\" content=\"https:\/\/www.nexoinformativo.mx\/wp-content\/uploads\/2026\/01\/71_273_50406_44102252_IMG_7844-scaled.jpeg\" \/>\n\t<meta property=\"og:image:width\" content=\"2560\" \/>\n\t<meta property=\"og:image:height\" content=\"1707\" \/>\n\t<meta property=\"og:image:type\" content=\"image\/jpeg\" \/>\n<meta name=\"author\" content=\"Nexo Informativo\" \/>\n<meta name=\"twitter:card\" content=\"summary_large_image\" \/>\n<meta name=\"twitter:label1\" content=\"Escrito por\" \/>\n\t<meta name=\"twitter:data1\" content=\"Nexo Informativo\" \/>\n\t<meta name=\"twitter:label2\" content=\"Tiempo de lectura\" \/>\n\t<meta name=\"twitter:data2\" content=\"2 minutos\" \/>\n<script type=\"application\/ld+json\" class=\"yoast-schema-graph\">{\"@context\":\"https:\/\/schema.org\",\"@graph\":[{\"@type\":\"Article\",\"@id\":\"https:\/\/www.nexoinformativo.mx\/index.php\/2026\/01\/25\/mauricio-kuri-invita-a-iker-casillas-al-congreso-del-deporte-2026-en-queretaro\/#article\",\"isPartOf\":{\"@id\":\"https:\/\/www.nexoinformativo.mx\/index.php\/2026\/01\/25\/mauricio-kuri-invita-a-iker-casillas-al-congreso-del-deporte-2026-en-queretaro\/\"},\"author\":{\"name\":\"Nexo Informativo\",\"@id\":\"https:\/\/www.nexoinformativo.mx\/#\/schema\/person\/7749d380ba08c8ca00d7bc76fd907b7d\"},\"headline\":\"Mauricio Kuri invita a Iker Casillas al Congreso del Deporte 2026 en Quer\u00e9taro\",\"datePublished\":\"2026-01-25T16:00:09+00:00\",\"dateModified\":\"2026-01-25T23:01:40+00:00\",\"mainEntityOfPage\":{\"@id\":\"https:\/\/www.nexoinformativo.mx\/index.php\/2026\/01\/25\/mauricio-kuri-invita-a-iker-casillas-al-congreso-del-deporte-2026-en-queretaro\/\"},\"wordCount\":261,\"commentCount\":0,\"publisher\":{\"@id\":\"https:\/\/www.nexoinformativo.mx\/#organization\"},\"image\":{\"@id\":\"https:\/\/www.nexoinformativo.mx\/index.php\/2026\/01\/25\/mauricio-kuri-invita-a-iker-casillas-al-congreso-del-deporte-2026-en-queretaro\/#primaryimage\"},\"thumbnailUrl\":\"https:\/\/www.nexoinformativo.mx\/wp-content\/uploads\/2026\/01\/71_273_50406_44102252_IMG_7844-scaled-e1769382114356.jpeg\",\"keywords\":[\"CongresoDelDeporte\",\"IkerCasillas\",\"MauricioKuri\",\"Quer\u00e9taro\"],\"articleSection\":[\"Espect\u00e1culos\",\"Estado\",\"\u00daltima Hora\"],\"inLanguage\":\"es\",\"potentialAction\":[{\"@type\":\"CommentAction\",\"name\":\"Comment\",\"target\":[\"https:\/\/www.nexoinformativo.mx\/index.php\/2026\/01\/25\/mauricio-kuri-invita-a-iker-casillas-al-congreso-del-deporte-2026-en-queretaro\/#respond\"]}]},{\"@type\":\"WebPage\",\"@id\":\"https:\/\/www.nexoinformativo.mx\/index.php\/2026\/01\/25\/mauricio-kuri-invita-a-iker-casillas-al-congreso-del-deporte-2026-en-queretaro\/\",\"url\":\"https:\/\/www.nexoinformativo.mx\/index.php\/2026\/01\/25\/mauricio-kuri-invita-a-iker-casillas-al-congreso-del-deporte-2026-en-queretaro\/\",\"name\":\"Mauricio Kuri invita a Iker Casillas al Congreso del Deporte 2026 en Quer\u00e9taro | Nexo Informativo Santiago de Quer\u00e9taro\",\"isPartOf\":{\"@id\":\"https:\/\/www.nexoinformativo.mx\/#website\"},\"primaryImageOfPage\":{\"@id\":\"https:\/\/www.nexoinformativo.mx\/index.php\/2026\/01\/25\/mauricio-kuri-invita-a-iker-casillas-al-congreso-del-deporte-2026-en-queretaro\/#primaryimage\"},\"image\":{\"@id\":\"https:\/\/www.nexoinformativo.mx\/index.php\/2026\/01\/25\/mauricio-kuri-invita-a-iker-casillas-al-congreso-del-deporte-2026-en-queretaro\/#primaryimage\"},\"thumbnailUrl\":\"https:\/\/www.nexoinformativo.mx\/wp-content\/uploads\/2026\/01\/71_273_50406_44102252_IMG_7844-scaled-e1769382114356.jpeg\",\"datePublished\":\"2026-01-25T16:00:09+00:00\",\"dateModified\":\"2026-01-25T23:01:40+00:00\",\"breadcrumb\":{\"@id\":\"https:\/\/www.nexoinformativo.mx\/index.php\/2026\/01\/25\/mauricio-kuri-invita-a-iker-casillas-al-congreso-del-deporte-2026-en-queretaro\/#breadcrumb\"},\"inLanguage\":\"es\",\"potentialAction\":[{\"@type\":\"ReadAction\",\"target\":[\"https:\/\/www.nexoinformativo.mx\/index.php\/2026\/01\/25\/mauricio-kuri-invita-a-iker-casillas-al-congreso-del-deporte-2026-en-queretaro\/\"]}]},{\"@type\":\"ImageObject\",\"inLanguage\":\"es\",\"@id\":\"https:\/\/www.nexoinformativo.mx\/index.php\/2026\/01\/25\/mauricio-kuri-invita-a-iker-casillas-al-congreso-del-deporte-2026-en-queretaro\/#primaryimage\",\"url\":\"https:\/\/www.nexoinformativo.mx\/wp-content\/uploads\/2026\/01\/71_273_50406_44102252_IMG_7844-scaled-e1769382114356.jpeg\",\"contentUrl\":\"https:\/\/www.nexoinformativo.mx\/wp-content\/uploads\/2026\/01\/71_273_50406_44102252_IMG_7844-scaled-e1769382114356.jpeg\",\"width\":800,\"height\":533},{\"@type\":\"BreadcrumbList\",\"@id\":\"https:\/\/www.nexoinformativo.mx\/index.php\/2026\/01\/25\/mauricio-kuri-invita-a-iker-casillas-al-congreso-del-deporte-2026-en-queretaro\/#breadcrumb\",\"itemListElement\":[{\"@type\":\"ListItem\",\"position\":1,\"name\":\"Inicio\",\"item\":\"https:\/\/www.nexoinformativo.mx\/\"},{\"@type\":\"ListItem\",\"position\":2,\"name\":\"Mauricio Kuri invita a Iker Casillas al Congreso del Deporte 2026 en Quer\u00e9taro\"}]},{\"@type\":\"WebSite\",\"@id\":\"https:\/\/www.nexoinformativo.mx\/#website\",\"url\":\"https:\/\/www.nexoinformativo.mx\/\",\"name\":\"Nexo Informativo Santiago de Quer\u00e9taro\",\"description\":\"Explora NexoInformativo y convi\u00e9rtete en parte de una comunidad que valora el conocimiento y la verdad. Tu nexoinformativo es tu puente hacia una comprensi\u00f3n m\u00e1s profunda del mundo que te rodea.\",\"publisher\":{\"@id\":\"https:\/\/www.nexoinformativo.mx\/#organization\"},\"potentialAction\":[{\"@type\":\"SearchAction\",\"target\":{\"@type\":\"EntryPoint\",\"urlTemplate\":\"https:\/\/www.nexoinformativo.mx\/?s={search_term_string}\"},\"query-input\":{\"@type\":\"PropertyValueSpecification\",\"valueRequired\":true,\"valueName\":\"search_term_string\"}}],\"inLanguage\":\"es\"},{\"@type\":\"Organization\",\"@id\":\"https:\/\/www.nexoinformativo.mx\/#organization\",\"name\":\"Nexo Informativo Santiago de Quer\u00e9taro\",\"url\":\"https:\/\/www.nexoinformativo.mx\/\",\"logo\":{\"@type\":\"ImageObject\",\"inLanguage\":\"es\",\"@id\":\"https:\/\/www.nexoinformativo.mx\/#\/schema\/logo\/image\/\",\"url\":\"https:\/\/www.nexoinformativo.mx\/wp-content\/uploads\/2024\/07\/nexoi-trasparente-2.png\",\"contentUrl\":\"https:\/\/www.nexoinformativo.mx\/wp-content\/uploads\/2024\/07\/nexoi-trasparente-2.png\",\"width\":816,\"height\":339,\"caption\":\"Nexo Informativo Santiago de Quer\u00e9taro\"},\"image\":{\"@id\":\"https:\/\/www.nexoinformativo.mx\/#\/schema\/logo\/image\/\"},\"sameAs\":[\"https:\/\/www.facebook.com\/people\/Nexo-Informativo\/61564066885511\/\"]},{\"@type\":\"Person\",\"@id\":\"https:\/\/www.nexoinformativo.mx\/#\/schema\/person\/7749d380ba08c8ca00d7bc76fd907b7d\",\"name\":\"Nexo Informativo\",\"image\":{\"@type\":\"ImageObject\",\"inLanguage\":\"es\",\"@id\":\"https:\/\/www.nexoinformativo.mx\/#\/schema\/person\/image\/\",\"url\":\"https:\/\/secure.gravatar.com\/avatar\/dde2928154642a13d95f87ddf1ea9718fe2b46760a005c53e41ff5ad610704e6?s=96&d=mm&r=g\",\"contentUrl\":\"https:\/\/secure.gravatar.com\/avatar\/dde2928154642a13d95f87ddf1ea9718fe2b46760a005c53e41ff5ad610704e6?s=96&d=mm&r=g\",\"caption\":\"Nexo Informativo\"},\"url\":\"https:\/\/www.nexoinformativo.mx\/index.php\/author\/edicion\/\"}]}<\/script>\n<!-- \/ Yoast SEO plugin. -->","yoast_head_json":{"title":"Mauricio Kuri invita a Iker Casillas al Congreso del Deporte 2026 en Quer\u00e9taro | Nexo Informativo Santiago de Quer\u00e9taro","robots":{"index":"index","follow":"follow","max-snippet":"max-snippet:-1","max-image-preview":"max-image-preview:large","max-video-preview":"max-video-preview:-1"},"canonical":"https:\/\/www.nexoinformativo.mx\/index.php\/2026\/01\/25\/mauricio-kuri-invita-a-iker-casillas-al-congreso-del-deporte-2026-en-queretaro\/","og_locale":"es_MX","og_type":"article","og_title":"Mauricio Kuri invita a Iker Casillas al Congreso del Deporte 2026 en Quer\u00e9taro | Nexo Informativo Santiago de Quer\u00e9taro","og_description":"El gobernador de Quer\u00e9taro, Mauricio Kuri Gonz\u00e1lez, extendi\u00f3 una invitaci\u00f3n formal al exfutbolista y campe\u00f3n del mundo, Iker Casillas, para participar como ponente en el Congreso del Deporte INDEREQ 2026, que se realizar\u00e1 el 4 de marzo en la capital queretana.","og_url":"https:\/\/www.nexoinformativo.mx\/index.php\/2026\/01\/25\/mauricio-kuri-invita-a-iker-casillas-al-congreso-del-deporte-2026-en-queretaro\/","og_site_name":"Nexo Informativo Santiago de Quer\u00e9taro","article_publisher":"https:\/\/www.facebook.com\/people\/Nexo-Informativo\/61564066885511\/","article_published_time":"2026-01-25T16:00:09+00:00","article_modified_time":"2026-01-25T23:01:40+00:00","og_image":[{"width":2560,"height":1707,"url":"https:\/\/www.nexoinformativo.mx\/wp-content\/uploads\/2026\/01\/71_273_50406_44102252_IMG_7844-scaled.jpeg","type":"image\/jpeg"}],"author":"Nexo Informativo","twitter_card":"summary_large_image","twitter_misc":{"Escrito por":"Nexo Informativo","Tiempo de lectura":"2 minutos"},"schema":{"@context":"https:\/\/schema.org","@graph":[{"@type":"Article","@id":"https:\/\/www.nexoinformativo.mx\/index.php\/2026\/01\/25\/mauricio-kuri-invita-a-iker-casillas-al-congreso-del-deporte-2026-en-queretaro\/#article","isPartOf":{"@id":"https:\/\/www.nexoinformativo.mx\/index.php\/2026\/01\/25\/mauricio-kuri-invita-a-iker-casillas-al-congreso-del-deporte-2026-en-queretaro\/"},"author":{"name":"Nexo Informativo","@id":"https:\/\/www.nexoinformativo.mx\/#\/schema\/person\/7749d380ba08c8ca00d7bc76fd907b7d"},"headline":"Mauricio Kuri invita a Iker Casillas al Congreso del Deporte 2026 en Quer\u00e9taro","datePublished":"2026-01-25T16:00:09+00:00","dateModified":"2026-01-25T23:01:40+00:00","mainEntityOfPage":{"@id":"https:\/\/www.nexoinformativo.mx\/index.php\/2026\/01\/25\/mauricio-kuri-invita-a-iker-casillas-al-congreso-del-deporte-2026-en-queretaro\/"},"wordCount":261,"commentCount":0,"publisher":{"@id":"https:\/\/www.nexoinformativo.mx\/#organization"},"image":{"@id":"https:\/\/www.nexoinformativo.mx\/index.php\/2026\/01\/25\/mauricio-kuri-invita-a-iker-casillas-al-congreso-del-deporte-2026-en-queretaro\/#primaryimage"},"thumbnailUrl":"https:\/\/www.nexoinformativo.mx\/wp-content\/uploads\/2026\/01\/71_273_50406_44102252_IMG_7844-scaled-e1769382114356.jpeg","keywords":["CongresoDelDeporte","IkerCasillas","MauricioKuri","Quer\u00e9taro"],"articleSection":["Espect\u00e1culos","Estado","\u00daltima Hora"],"inLanguage":"es","potentialAction":[{"@type":"CommentAction","name":"Comment","target":["https:\/\/www.nexoinformativo.mx\/index.php\/2026\/01\/25\/mauricio-kuri-invita-a-iker-casillas-al-congreso-del-deporte-2026-en-queretaro\/#respond"]}]},{"@type":"WebPage","@id":"https:\/\/www.nexoinformativo.mx\/index.php\/2026\/01\/25\/mauricio-kuri-invita-a-iker-casillas-al-congreso-del-deporte-2026-en-queretaro\/","url":"https:\/\/www.nexoinformativo.mx\/index.php\/2026\/01\/25\/mauricio-kuri-invita-a-iker-casillas-al-congreso-del-deporte-2026-en-queretaro\/","name":"Mauricio Kuri invita a Iker Casillas al Congreso del Deporte 2026 en Quer\u00e9taro | Nexo Informativo Santiago de Quer\u00e9taro","isPartOf":{"@id":"https:\/\/www.nexoinformativo.mx\/#website"},"primaryImageOfPage":{"@id":"https:\/\/www.nexoinformativo.mx\/index.php\/2026\/01\/25\/mauricio-kuri-invita-a-iker-casillas-al-congreso-del-deporte-2026-en-queretaro\/#primaryimage"},"image":{"@id":"https:\/\/www.nexoinformativo.mx\/index.php\/2026\/01\/25\/mauricio-kuri-invita-a-iker-casillas-al-congreso-del-deporte-2026-en-queretaro\/#primaryimage"},"thumbnailUrl":"https:\/\/www.nexoinformativo.mx\/wp-content\/uploads\/2026\/01\/71_273_50406_44102252_IMG_7844-scaled-e1769382114356.jpeg","datePublished":"2026-01-25T16:00:09+00:00","dateModified":"2026-01-25T23:01:40+00:00","breadcrumb":{"@id":"https:\/\/www.nexoinformativo.mx\/index.php\/2026\/01\/25\/mauricio-kuri-invita-a-iker-casillas-al-congreso-del-deporte-2026-en-queretaro\/#breadcrumb"},"inLanguage":"es","potentialAction":[{"@type":"ReadAction","target":["https:\/\/www.nexoinformativo.mx\/index.php\/2026\/01\/25\/mauricio-kuri-invita-a-iker-casillas-al-congreso-del-deporte-2026-en-queretaro\/"]}]},{"@type":"ImageObject","inLanguage":"es","@id":"https:\/\/www.nexoinformativo.mx\/index.php\/2026\/01\/25\/mauricio-kuri-invita-a-iker-casillas-al-congreso-del-deporte-2026-en-queretaro\/#primaryimage","url":"https:\/\/www.nexoinformativo.mx\/wp-content\/uploads\/2026\/01\/71_273_50406_44102252_IMG_7844-scaled-e1769382114356.jpeg","contentUrl":"https:\/\/www.nexoinformativo.mx\/wp-content\/uploads\/2026\/01\/71_273_50406_44102252_IMG_7844-scaled-e1769382114356.jpeg","width":800,"height":533},{"@type":"BreadcrumbList","@id":"https:\/\/www.nexoinformativo.mx\/index.php\/2026\/01\/25\/mauricio-kuri-invita-a-iker-casillas-al-congreso-del-deporte-2026-en-queretaro\/#breadcrumb","itemListElement":[{"@type":"ListItem","position":1,"name":"Inicio","item":"https:\/\/www.nexoinformativo.mx\/"},{"@type":"ListItem","position":2,"name":"Mauricio Kuri invita a Iker Casillas al Congreso del Deporte 2026 en Quer\u00e9taro"}]},{"@type":"WebSite","@id":"https:\/\/www.nexoinformativo.mx\/#website","url":"https:\/\/www.nexoinformativo.mx\/","name":"Nexo Informativo Santiago de Quer\u00e9taro","description":"Explora NexoInformativo y convi\u00e9rtete en parte de una comunidad que valora el conocimiento y la verdad. Tu nexoinformativo es tu puente hacia una comprensi\u00f3n m\u00e1s profunda del mundo que te rodea.","publisher":{"@id":"https:\/\/www.nexoinformativo.mx\/#organization"},"potentialAction":[{"@type":"SearchAction","target":{"@type":"EntryPoint","urlTemplate":"https:\/\/www.nexoinformativo.mx\/?s={search_term_string}"},"query-input":{"@type":"PropertyValueSpecification","valueRequired":true,"valueName":"search_term_string"}}],"inLanguage":"es"},{"@type":"Organization","@id":"https:\/\/www.nexoinformativo.mx\/#organization","name":"Nexo Informativo Santiago de Quer\u00e9taro","url":"https:\/\/www.nexoinformativo.mx\/","logo":{"@type":"ImageObject","inLanguage":"es","@id":"https:\/\/www.nexoinformativo.mx\/#\/schema\/logo\/image\/","url":"https:\/\/www.nexoinformativo.mx\/wp-content\/uploads\/2024\/07\/nexoi-trasparente-2.png","contentUrl":"https:\/\/www.nexoinformativo.mx\/wp-content\/uploads\/2024\/07\/nexoi-trasparente-2.png","width":816,"height":339,"caption":"Nexo Informativo Santiago de Quer\u00e9taro"},"image":{"@id":"https:\/\/www.nexoinformativo.mx\/#\/schema\/logo\/image\/"},"sameAs":["https:\/\/www.facebook.com\/people\/Nexo-Informativo\/61564066885511\/"]},{"@type":"Person","@id":"https:\/\/www.nexoinformativo.mx\/#\/schema\/person\/7749d380ba08c8ca00d7bc76fd907b7d","name":"Nexo Informativo","image":{"@type":"ImageObject","inLanguage":"es","@id":"https:\/\/www.nexoinformativo.mx\/#\/schema\/person\/image\/","url":"https:\/\/secure.gravatar.com\/avatar\/dde2928154642a13d95f87ddf1ea9718fe2b46760a005c53e41ff5ad610704e6?s=96&d=mm&r=g","contentUrl":"https:\/\/secure.gravatar.com\/avatar\/dde2928154642a13d95f87ddf1ea9718fe2b46760a005c53e41ff5ad610704e6?s=96&d=mm&r=g","caption":"Nexo Informativo"},"url":"https:\/\/www.nexoinformativo.mx\/index.php\/author\/edicion\/"}]}},"_links":{"self":[{"href":"https:\/\/www.nexoinformativo.mx\/index.php\/wp-json\/wp\/v2\/posts\/17179","targetHints":{"allow":["GET"]}}],"collection":[{"href":"https:\/\/www.nexoinformativo.mx\/index.php\/wp-json\/wp\/v2\/posts"}],"about":[{"href":"https:\/\/www.nexoinformativo.mx\/index.php\/wp-json\/wp\/v2\/types\/post"}],"author":[{"embeddable":true,"href":"https:\/\/www.nexoinformativo.mx\/index.php\/wp-json\/wp\/v2\/users\/3"}],"replies":[{"embeddable":true,"href":"https:\/\/www.nexoinformativo.mx\/index.php\/wp-json\/wp\/v2\/comments?post=17179"}],"version-history":[{"count":2,"href":"https:\/\/www.nexoinformativo.mx\/index.php\/wp-json\/wp\/v2\/posts\/17179\/revisions"}],"predecessor-version":[{"id":17194,"href":"https:\/\/www.nexoinformativo.mx\/index.php\/wp-json\/wp\/v2\/posts\/17179\/revisions\/17194"}],"wp:featuredmedia":[{"embeddable":true,"href":"https:\/\/www.nexoinformativo.mx\/index.php\/wp-json\/wp\/v2\/media\/17178"}],"wp:attachment":[{"href":"https:\/\/www.nexoinformativo.mx\/index.php\/wp-json\/wp\/v2\/media?parent=17179"}],"wp:term":[{"taxonomy":"category","embeddable":true,"href":"https:\/\/www.nexoinformativo.mx\/index.php\/wp-json\/wp\/v2\/categories?post=17179"},{"taxonomy":"post_tag","embeddable":true,"href":"https:\/\/www.nexoinformativo.mx\/index.php\/wp-json\/wp\/v2\/tags?post=17179"}],"curies":[{"name":"wp","href":"https:\/\/api.w.org\/{rel}","templated":true}]}}