{"id":17198,"date":"2026-01-26T08:00:03","date_gmt":"2026-01-26T14:00:03","guid":{"rendered":"https:\/\/www.nexoinformativo.mx\/?p=17198"},"modified":"2026-01-26T09:37:07","modified_gmt":"2026-01-26T15:37:07","slug":"11-muertos-tras-ataque-armado-en-campo-de-futbol-de-salamanca","status":"publish","type":"post","link":"https:\/\/www.nexoinformativo.mx\/index.php\/2026\/01\/26\/11-muertos-tras-ataque-armado-en-campo-de-futbol-de-salamanca\/","title":{"rendered":"11 muertos tras ataque armado en campo de f\u00fatbol de Salamanca"},"content":{"rendered":"\n<p>Un ataque a balazos en un campo de f\u00fatbol de la comunidad de Loma de Flores, al norte de Salamanca, Guanajuato, dej\u00f3 al menos 11 personas muertas y 12 heridas la tarde de ayer domingo, inform\u00f3 el Gobierno Municipal. Las v\u00edctimas se encontraban reunidas cuando un comando armado irrumpi\u00f3 en el lugar y abri\u00f3 fuego de manera directa, para despu\u00e9s huir en varios veh\u00edculos.<br><br>En un comunicado, el Gobierno Municipal de Salamanca conden\u00f3 en\u00e9rgicamente los hechos y expres\u00f3 su solidaridad con las familias afectadas. Asimismo, reiter\u00f3 su compromiso de trabajar de forma permanente por la seguridad y la paz del municipio, donde en los \u00faltimos d\u00edas se ha registrado una escalada de violencia en distintas comunidades.<br><br>Tras el ataque, se despleg\u00f3 un operativo con elementos de la Direcci\u00f3n de Seguridad P\u00fablica, Guardia Nacional, Fuerzas de Seguridad P\u00fablica del Estado y cuerpos de emergencia. La Fiscal\u00eda General de Guanajuato inform\u00f3 que inici\u00f3 una investigaci\u00f3n integral y prioritaria para esclarecer el ataque, confirmando la muerte de 11 personas y se\u00f1alando que varios heridos recibieron atenci\u00f3n m\u00e9dica, algunos de ellos ya dados de alta.<br><br>Salamanca, al igual que otros municipios de Guanajuato, enfrenta desde hace a\u00f1os una ola de violencia vinculada al narcomenudeo y al robo de combustible de ductos de Pemex. Aunque las autoridades reportan una disminuci\u00f3n en los homicidios en el estado, hechos como esta masacre evidencian que la violencia sigue presente en la regi\u00f3n.<\/p>\n","protected":false},"excerpt":{"rendered":"<p>Un ataque a balazos en un campo de f\u00fatbol de la comunidad de Loma de Flores, al norte de Salamanca, Guanajuato, dej\u00f3 al menos 11 personas muertas y 12 heridas la tarde de ayer domingo, inform\u00f3 el Gobierno Municipal.<\/p>\n","protected":false},"author":3,"featured_media":17197,"comment_status":"open","ping_status":"open","sticky":false,"template":"","format":"standard","meta":{"footnotes":""},"categories":[65,137,58],"tags":[1711,5113,131,1135],"class_list":["post-17198","post","type-post","status-publish","format-standard","has-post-thumbnail","hentry","category-municipios","category-sucesos","category-ultima-hora","tag-guanajuato","tag-salamanca","tag-seguridad","tag-violenciaenmexico"],"yoast_head":"<!-- This site is optimized with the Yoast SEO plugin v25.0 - https:\/\/yoast.com\/wordpress\/plugins\/seo\/ -->\n<title>11 muertos tras ataque armado en campo de f\u00fatbol de Salamanca | Nexo Informativo Santiago de Quer\u00e9taro<\/title>\n<meta name=\"robots\" content=\"index, follow, max-snippet:-1, max-image-preview:large, max-video-preview:-1\" \/>\n<link rel=\"canonical\" href=\"https:\/\/www.nexoinformativo.mx\/index.php\/2026\/01\/26\/11-muertos-tras-ataque-armado-en-campo-de-futbol-de-salamanca\/\" \/>\n<meta property=\"og:locale\" content=\"es_MX\" \/>\n<meta property=\"og:type\" content=\"article\" \/>\n<meta property=\"og:title\" content=\"11 muertos tras ataque armado en campo de f\u00fatbol de Salamanca | Nexo Informativo Santiago de Quer\u00e9taro\" \/>\n<meta property=\"og:description\" content=\"Un ataque a balazos en un campo de f\u00fatbol de la comunidad de Loma de Flores, al norte de Salamanca, Guanajuato, dej\u00f3 al menos 11 personas muertas y 12 heridas la tarde de ayer domingo, inform\u00f3 el Gobierno Municipal.\" \/>\n<meta property=\"og:url\" content=\"https:\/\/www.nexoinformativo.mx\/index.php\/2026\/01\/26\/11-muertos-tras-ataque-armado-en-campo-de-futbol-de-salamanca\/\" \/>\n<meta property=\"og:site_name\" content=\"Nexo Informativo Santiago de Quer\u00e9taro\" \/>\n<meta property=\"article:publisher\" content=\"https:\/\/www.facebook.com\/people\/Nexo-Informativo\/61564066885511\/\" \/>\n<meta property=\"article:published_time\" content=\"2026-01-26T14:00:03+00:00\" \/>\n<meta property=\"article:modified_time\" content=\"2026-01-26T15:37:07+00:00\" \/>\n<meta property=\"og:image\" content=\"https:\/\/www.nexoinformativo.mx\/wp-content\/uploads\/2026\/01\/1769441556751.png\" \/>\n\t<meta property=\"og:image:width\" content=\"1344\" \/>\n\t<meta property=\"og:image:height\" content=\"768\" \/>\n\t<meta property=\"og:image:type\" content=\"image\/png\" \/>\n<meta name=\"author\" content=\"Nexo Informativo\" \/>\n<meta name=\"twitter:card\" content=\"summary_large_image\" \/>\n<meta name=\"twitter:label1\" content=\"Escrito por\" \/>\n\t<meta name=\"twitter:data1\" content=\"Nexo Informativo\" \/>\n\t<meta name=\"twitter:label2\" content=\"Tiempo de lectura\" \/>\n\t<meta name=\"twitter:data2\" content=\"1 minuto\" \/>\n<script type=\"application\/ld+json\" class=\"yoast-schema-graph\">{\"@context\":\"https:\/\/schema.org\",\"@graph\":[{\"@type\":\"Article\",\"@id\":\"https:\/\/www.nexoinformativo.mx\/index.php\/2026\/01\/26\/11-muertos-tras-ataque-armado-en-campo-de-futbol-de-salamanca\/#article\",\"isPartOf\":{\"@id\":\"https:\/\/www.nexoinformativo.mx\/index.php\/2026\/01\/26\/11-muertos-tras-ataque-armado-en-campo-de-futbol-de-salamanca\/\"},\"author\":{\"name\":\"Nexo Informativo\",\"@id\":\"https:\/\/www.nexoinformativo.mx\/#\/schema\/person\/7749d380ba08c8ca00d7bc76fd907b7d\"},\"headline\":\"11 muertos tras ataque armado en campo de f\u00fatbol de Salamanca\",\"datePublished\":\"2026-01-26T14:00:03+00:00\",\"dateModified\":\"2026-01-26T15:37:07+00:00\",\"mainEntityOfPage\":{\"@id\":\"https:\/\/www.nexoinformativo.mx\/index.php\/2026\/01\/26\/11-muertos-tras-ataque-armado-en-campo-de-futbol-de-salamanca\/\"},\"wordCount\":259,\"commentCount\":0,\"publisher\":{\"@id\":\"https:\/\/www.nexoinformativo.mx\/#organization\"},\"image\":{\"@id\":\"https:\/\/www.nexoinformativo.mx\/index.php\/2026\/01\/26\/11-muertos-tras-ataque-armado-en-campo-de-futbol-de-salamanca\/#primaryimage\"},\"thumbnailUrl\":\"https:\/\/www.nexoinformativo.mx\/wp-content\/uploads\/2026\/01\/1769441556751.png\",\"keywords\":[\"Guanajuato\",\"Salamanca\",\"Seguridad\",\"ViolenciaEnM\u00e9xico\"],\"articleSection\":[\"Municipios\",\"Sucesos\",\"\u00daltima Hora\"],\"inLanguage\":\"es\",\"potentialAction\":[{\"@type\":\"CommentAction\",\"name\":\"Comment\",\"target\":[\"https:\/\/www.nexoinformativo.mx\/index.php\/2026\/01\/26\/11-muertos-tras-ataque-armado-en-campo-de-futbol-de-salamanca\/#respond\"]}]},{\"@type\":\"WebPage\",\"@id\":\"https:\/\/www.nexoinformativo.mx\/index.php\/2026\/01\/26\/11-muertos-tras-ataque-armado-en-campo-de-futbol-de-salamanca\/\",\"url\":\"https:\/\/www.nexoinformativo.mx\/index.php\/2026\/01\/26\/11-muertos-tras-ataque-armado-en-campo-de-futbol-de-salamanca\/\",\"name\":\"11 muertos tras ataque armado en campo de f\u00fatbol de Salamanca | Nexo Informativo Santiago de Quer\u00e9taro\",\"isPartOf\":{\"@id\":\"https:\/\/www.nexoinformativo.mx\/#website\"},\"primaryImageOfPage\":{\"@id\":\"https:\/\/www.nexoinformativo.mx\/index.php\/2026\/01\/26\/11-muertos-tras-ataque-armado-en-campo-de-futbol-de-salamanca\/#primaryimage\"},\"image\":{\"@id\":\"https:\/\/www.nexoinformativo.mx\/index.php\/2026\/01\/26\/11-muertos-tras-ataque-armado-en-campo-de-futbol-de-salamanca\/#primaryimage\"},\"thumbnailUrl\":\"https:\/\/www.nexoinformativo.mx\/wp-content\/uploads\/2026\/01\/1769441556751.png\",\"datePublished\":\"2026-01-26T14:00:03+00:00\",\"dateModified\":\"2026-01-26T15:37:07+00:00\",\"breadcrumb\":{\"@id\":\"https:\/\/www.nexoinformativo.mx\/index.php\/2026\/01\/26\/11-muertos-tras-ataque-armado-en-campo-de-futbol-de-salamanca\/#breadcrumb\"},\"inLanguage\":\"es\",\"potentialAction\":[{\"@type\":\"ReadAction\",\"target\":[\"https:\/\/www.nexoinformativo.mx\/index.php\/2026\/01\/26\/11-muertos-tras-ataque-armado-en-campo-de-futbol-de-salamanca\/\"]}]},{\"@type\":\"ImageObject\",\"inLanguage\":\"es\",\"@id\":\"https:\/\/www.nexoinformativo.mx\/index.php\/2026\/01\/26\/11-muertos-tras-ataque-armado-en-campo-de-futbol-de-salamanca\/#primaryimage\",\"url\":\"https:\/\/www.nexoinformativo.mx\/wp-content\/uploads\/2026\/01\/1769441556751.png\",\"contentUrl\":\"https:\/\/www.nexoinformativo.mx\/wp-content\/uploads\/2026\/01\/1769441556751.png\",\"width\":1344,\"height\":768},{\"@type\":\"BreadcrumbList\",\"@id\":\"https:\/\/www.nexoinformativo.mx\/index.php\/2026\/01\/26\/11-muertos-tras-ataque-armado-en-campo-de-futbol-de-salamanca\/#breadcrumb\",\"itemListElement\":[{\"@type\":\"ListItem\",\"position\":1,\"name\":\"Inicio\",\"item\":\"https:\/\/www.nexoinformativo.mx\/\"},{\"@type\":\"ListItem\",\"position\":2,\"name\":\"11 muertos tras ataque armado en campo de f\u00fatbol de Salamanca\"}]},{\"@type\":\"WebSite\",\"@id\":\"https:\/\/www.nexoinformativo.mx\/#website\",\"url\":\"https:\/\/www.nexoinformativo.mx\/\",\"name\":\"Nexo Informativo Santiago de Quer\u00e9taro\",\"description\":\"Explora NexoInformativo y convi\u00e9rtete en parte de una comunidad que valora el conocimiento y la verdad. Tu nexoinformativo es tu puente hacia una comprensi\u00f3n m\u00e1s profunda del mundo que te rodea.\",\"publisher\":{\"@id\":\"https:\/\/www.nexoinformativo.mx\/#organization\"},\"potentialAction\":[{\"@type\":\"SearchAction\",\"target\":{\"@type\":\"EntryPoint\",\"urlTemplate\":\"https:\/\/www.nexoinformativo.mx\/?s={search_term_string}\"},\"query-input\":{\"@type\":\"PropertyValueSpecification\",\"valueRequired\":true,\"valueName\":\"search_term_string\"}}],\"inLanguage\":\"es\"},{\"@type\":\"Organization\",\"@id\":\"https:\/\/www.nexoinformativo.mx\/#organization\",\"name\":\"Nexo Informativo Santiago de Quer\u00e9taro\",\"url\":\"https:\/\/www.nexoinformativo.mx\/\",\"logo\":{\"@type\":\"ImageObject\",\"inLanguage\":\"es\",\"@id\":\"https:\/\/www.nexoinformativo.mx\/#\/schema\/logo\/image\/\",\"url\":\"https:\/\/www.nexoinformativo.mx\/wp-content\/uploads\/2024\/07\/nexoi-trasparente-2.png\",\"contentUrl\":\"https:\/\/www.nexoinformativo.mx\/wp-content\/uploads\/2024\/07\/nexoi-trasparente-2.png\",\"width\":816,\"height\":339,\"caption\":\"Nexo Informativo Santiago de Quer\u00e9taro\"},\"image\":{\"@id\":\"https:\/\/www.nexoinformativo.mx\/#\/schema\/logo\/image\/\"},\"sameAs\":[\"https:\/\/www.facebook.com\/people\/Nexo-Informativo\/61564066885511\/\"]},{\"@type\":\"Person\",\"@id\":\"https:\/\/www.nexoinformativo.mx\/#\/schema\/person\/7749d380ba08c8ca00d7bc76fd907b7d\",\"name\":\"Nexo Informativo\",\"image\":{\"@type\":\"ImageObject\",\"inLanguage\":\"es\",\"@id\":\"https:\/\/www.nexoinformativo.mx\/#\/schema\/person\/image\/\",\"url\":\"https:\/\/secure.gravatar.com\/avatar\/dde2928154642a13d95f87ddf1ea9718fe2b46760a005c53e41ff5ad610704e6?s=96&d=mm&r=g\",\"contentUrl\":\"https:\/\/secure.gravatar.com\/avatar\/dde2928154642a13d95f87ddf1ea9718fe2b46760a005c53e41ff5ad610704e6?s=96&d=mm&r=g\",\"caption\":\"Nexo Informativo\"},\"url\":\"https:\/\/www.nexoinformativo.mx\/index.php\/author\/edicion\/\"}]}<\/script>\n<!-- \/ Yoast SEO plugin. -->","yoast_head_json":{"title":"11 muertos tras ataque armado en campo de f\u00fatbol de Salamanca | Nexo Informativo Santiago de Quer\u00e9taro","robots":{"index":"index","follow":"follow","max-snippet":"max-snippet:-1","max-image-preview":"max-image-preview:large","max-video-preview":"max-video-preview:-1"},"canonical":"https:\/\/www.nexoinformativo.mx\/index.php\/2026\/01\/26\/11-muertos-tras-ataque-armado-en-campo-de-futbol-de-salamanca\/","og_locale":"es_MX","og_type":"article","og_title":"11 muertos tras ataque armado en campo de f\u00fatbol de Salamanca | Nexo Informativo Santiago de Quer\u00e9taro","og_description":"Un ataque a balazos en un campo de f\u00fatbol de la comunidad de Loma de Flores, al norte de Salamanca, Guanajuato, dej\u00f3 al menos 11 personas muertas y 12 heridas la tarde de ayer domingo, inform\u00f3 el Gobierno Municipal.","og_url":"https:\/\/www.nexoinformativo.mx\/index.php\/2026\/01\/26\/11-muertos-tras-ataque-armado-en-campo-de-futbol-de-salamanca\/","og_site_name":"Nexo Informativo Santiago de Quer\u00e9taro","article_publisher":"https:\/\/www.facebook.com\/people\/Nexo-Informativo\/61564066885511\/","article_published_time":"2026-01-26T14:00:03+00:00","article_modified_time":"2026-01-26T15:37:07+00:00","og_image":[{"width":1344,"height":768,"url":"https:\/\/www.nexoinformativo.mx\/wp-content\/uploads\/2026\/01\/1769441556751.png","type":"image\/png"}],"author":"Nexo Informativo","twitter_card":"summary_large_image","twitter_misc":{"Escrito por":"Nexo Informativo","Tiempo de lectura":"1 minuto"},"schema":{"@context":"https:\/\/schema.org","@graph":[{"@type":"Article","@id":"https:\/\/www.nexoinformativo.mx\/index.php\/2026\/01\/26\/11-muertos-tras-ataque-armado-en-campo-de-futbol-de-salamanca\/#article","isPartOf":{"@id":"https:\/\/www.nexoinformativo.mx\/index.php\/2026\/01\/26\/11-muertos-tras-ataque-armado-en-campo-de-futbol-de-salamanca\/"},"author":{"name":"Nexo Informativo","@id":"https:\/\/www.nexoinformativo.mx\/#\/schema\/person\/7749d380ba08c8ca00d7bc76fd907b7d"},"headline":"11 muertos tras ataque armado en campo de f\u00fatbol de Salamanca","datePublished":"2026-01-26T14:00:03+00:00","dateModified":"2026-01-26T15:37:07+00:00","mainEntityOfPage":{"@id":"https:\/\/www.nexoinformativo.mx\/index.php\/2026\/01\/26\/11-muertos-tras-ataque-armado-en-campo-de-futbol-de-salamanca\/"},"wordCount":259,"commentCount":0,"publisher":{"@id":"https:\/\/www.nexoinformativo.mx\/#organization"},"image":{"@id":"https:\/\/www.nexoinformativo.mx\/index.php\/2026\/01\/26\/11-muertos-tras-ataque-armado-en-campo-de-futbol-de-salamanca\/#primaryimage"},"thumbnailUrl":"https:\/\/www.nexoinformativo.mx\/wp-content\/uploads\/2026\/01\/1769441556751.png","keywords":["Guanajuato","Salamanca","Seguridad","ViolenciaEnM\u00e9xico"],"articleSection":["Municipios","Sucesos","\u00daltima Hora"],"inLanguage":"es","potentialAction":[{"@type":"CommentAction","name":"Comment","target":["https:\/\/www.nexoinformativo.mx\/index.php\/2026\/01\/26\/11-muertos-tras-ataque-armado-en-campo-de-futbol-de-salamanca\/#respond"]}]},{"@type":"WebPage","@id":"https:\/\/www.nexoinformativo.mx\/index.php\/2026\/01\/26\/11-muertos-tras-ataque-armado-en-campo-de-futbol-de-salamanca\/","url":"https:\/\/www.nexoinformativo.mx\/index.php\/2026\/01\/26\/11-muertos-tras-ataque-armado-en-campo-de-futbol-de-salamanca\/","name":"11 muertos tras ataque armado en campo de f\u00fatbol de Salamanca | Nexo Informativo Santiago de Quer\u00e9taro","isPartOf":{"@id":"https:\/\/www.nexoinformativo.mx\/#website"},"primaryImageOfPage":{"@id":"https:\/\/www.nexoinformativo.mx\/index.php\/2026\/01\/26\/11-muertos-tras-ataque-armado-en-campo-de-futbol-de-salamanca\/#primaryimage"},"image":{"@id":"https:\/\/www.nexoinformativo.mx\/index.php\/2026\/01\/26\/11-muertos-tras-ataque-armado-en-campo-de-futbol-de-salamanca\/#primaryimage"},"thumbnailUrl":"https:\/\/www.nexoinformativo.mx\/wp-content\/uploads\/2026\/01\/1769441556751.png","datePublished":"2026-01-26T14:00:03+00:00","dateModified":"2026-01-26T15:37:07+00:00","breadcrumb":{"@id":"https:\/\/www.nexoinformativo.mx\/index.php\/2026\/01\/26\/11-muertos-tras-ataque-armado-en-campo-de-futbol-de-salamanca\/#breadcrumb"},"inLanguage":"es","potentialAction":[{"@type":"ReadAction","target":["https:\/\/www.nexoinformativo.mx\/index.php\/2026\/01\/26\/11-muertos-tras-ataque-armado-en-campo-de-futbol-de-salamanca\/"]}]},{"@type":"ImageObject","inLanguage":"es","@id":"https:\/\/www.nexoinformativo.mx\/index.php\/2026\/01\/26\/11-muertos-tras-ataque-armado-en-campo-de-futbol-de-salamanca\/#primaryimage","url":"https:\/\/www.nexoinformativo.mx\/wp-content\/uploads\/2026\/01\/1769441556751.png","contentUrl":"https:\/\/www.nexoinformativo.mx\/wp-content\/uploads\/2026\/01\/1769441556751.png","width":1344,"height":768},{"@type":"BreadcrumbList","@id":"https:\/\/www.nexoinformativo.mx\/index.php\/2026\/01\/26\/11-muertos-tras-ataque-armado-en-campo-de-futbol-de-salamanca\/#breadcrumb","itemListElement":[{"@type":"ListItem","position":1,"name":"Inicio","item":"https:\/\/www.nexoinformativo.mx\/"},{"@type":"ListItem","position":2,"name":"11 muertos tras ataque armado en campo de f\u00fatbol de Salamanca"}]},{"@type":"WebSite","@id":"https:\/\/www.nexoinformativo.mx\/#website","url":"https:\/\/www.nexoinformativo.mx\/","name":"Nexo Informativo Santiago de Quer\u00e9taro","description":"Explora NexoInformativo y convi\u00e9rtete en parte de una comunidad que valora el conocimiento y la verdad. Tu nexoinformativo es tu puente hacia una comprensi\u00f3n m\u00e1s profunda del mundo que te rodea.","publisher":{"@id":"https:\/\/www.nexoinformativo.mx\/#organization"},"potentialAction":[{"@type":"SearchAction","target":{"@type":"EntryPoint","urlTemplate":"https:\/\/www.nexoinformativo.mx\/?s={search_term_string}"},"query-input":{"@type":"PropertyValueSpecification","valueRequired":true,"valueName":"search_term_string"}}],"inLanguage":"es"},{"@type":"Organization","@id":"https:\/\/www.nexoinformativo.mx\/#organization","name":"Nexo Informativo Santiago de Quer\u00e9taro","url":"https:\/\/www.nexoinformativo.mx\/","logo":{"@type":"ImageObject","inLanguage":"es","@id":"https:\/\/www.nexoinformativo.mx\/#\/schema\/logo\/image\/","url":"https:\/\/www.nexoinformativo.mx\/wp-content\/uploads\/2024\/07\/nexoi-trasparente-2.png","contentUrl":"https:\/\/www.nexoinformativo.mx\/wp-content\/uploads\/2024\/07\/nexoi-trasparente-2.png","width":816,"height":339,"caption":"Nexo Informativo Santiago de Quer\u00e9taro"},"image":{"@id":"https:\/\/www.nexoinformativo.mx\/#\/schema\/logo\/image\/"},"sameAs":["https:\/\/www.facebook.com\/people\/Nexo-Informativo\/61564066885511\/"]},{"@type":"Person","@id":"https:\/\/www.nexoinformativo.mx\/#\/schema\/person\/7749d380ba08c8ca00d7bc76fd907b7d","name":"Nexo Informativo","image":{"@type":"ImageObject","inLanguage":"es","@id":"https:\/\/www.nexoinformativo.mx\/#\/schema\/person\/image\/","url":"https:\/\/secure.gravatar.com\/avatar\/dde2928154642a13d95f87ddf1ea9718fe2b46760a005c53e41ff5ad610704e6?s=96&d=mm&r=g","contentUrl":"https:\/\/secure.gravatar.com\/avatar\/dde2928154642a13d95f87ddf1ea9718fe2b46760a005c53e41ff5ad610704e6?s=96&d=mm&r=g","caption":"Nexo Informativo"},"url":"https:\/\/www.nexoinformativo.mx\/index.php\/author\/edicion\/"}]}},"_links":{"self":[{"href":"https:\/\/www.nexoinformativo.mx\/index.php\/wp-json\/wp\/v2\/posts\/17198","targetHints":{"allow":["GET"]}}],"collection":[{"href":"https:\/\/www.nexoinformativo.mx\/index.php\/wp-json\/wp\/v2\/posts"}],"about":[{"href":"https:\/\/www.nexoinformativo.mx\/index.php\/wp-json\/wp\/v2\/types\/post"}],"author":[{"embeddable":true,"href":"https:\/\/www.nexoinformativo.mx\/index.php\/wp-json\/wp\/v2\/users\/3"}],"replies":[{"embeddable":true,"href":"https:\/\/www.nexoinformativo.mx\/index.php\/wp-json\/wp\/v2\/comments?post=17198"}],"version-history":[{"count":1,"href":"https:\/\/www.nexoinformativo.mx\/index.php\/wp-json\/wp\/v2\/posts\/17198\/revisions"}],"predecessor-version":[{"id":17199,"href":"https:\/\/www.nexoinformativo.mx\/index.php\/wp-json\/wp\/v2\/posts\/17198\/revisions\/17199"}],"wp:featuredmedia":[{"embeddable":true,"href":"https:\/\/www.nexoinformativo.mx\/index.php\/wp-json\/wp\/v2\/media\/17197"}],"wp:attachment":[{"href":"https:\/\/www.nexoinformativo.mx\/index.php\/wp-json\/wp\/v2\/media?parent=17198"}],"wp:term":[{"taxonomy":"category","embeddable":true,"href":"https:\/\/www.nexoinformativo.mx\/index.php\/wp-json\/wp\/v2\/categories?post=17198"},{"taxonomy":"post_tag","embeddable":true,"href":"https:\/\/www.nexoinformativo.mx\/index.php\/wp-json\/wp\/v2\/tags?post=17198"}],"curies":[{"name":"wp","href":"https:\/\/api.w.org\/{rel}","templated":true}]}}