{"id":17203,"date":"2026-01-26T10:00:34","date_gmt":"2026-01-26T16:00:34","guid":{"rendered":"https:\/\/www.nexoinformativo.mx\/?p=17203"},"modified":"2026-01-26T12:57:17","modified_gmt":"2026-01-26T18:57:17","slug":"baja-30-el-aforo-vehicular-en-el-cerrito-por-obras-del-tren-mexico-queretaro","status":"publish","type":"post","link":"https:\/\/www.nexoinformativo.mx\/index.php\/2026\/01\/26\/baja-30-el-aforo-vehicular-en-el-cerrito-por-obras-del-tren-mexico-queretaro\/","title":{"rendered":"Baja 30% el aforo vehicular en El Cerrito por obras del tren M\u00e9xico\u2013Quer\u00e9taro"},"content":{"rendered":"\n<p>Gerardo Cuanalo, director de la Agencia de Movilidad del Estado, inform\u00f3 que tras el inicio de las obras del tren M\u00e9xico\u2013Quer\u00e9taro, el aforo vehicular en la zona de El Cerrito disminuy\u00f3 en un 30% en Quer\u00e9taro. Antes de los trabajos se registraban alrededor de 40 mil veh\u00edculos diarios en el cruce, cifra que baj\u00f3 de manera significativa desde el arranque de las labores.<\/p>\n\n\n\n<p><br>El secretario de Movilidad del municipio de Quer\u00e9taro, Pedro \u00c1ngeles, explic\u00f3 que, pese a la reducci\u00f3n en el tr\u00e1nsito, los tiempos de traslado entre Avenida Universidad y la zona de Patinerama aumentaron cerca de un 20%, debido a los ajustes viales. Para apoyar la movilidad, se desplegaron 90 elementos municipales y se realizan maniobras con maquinaria pesada principalmente en horario nocturno.<\/p>\n\n\n\n<p><br>En avenida Corregidora, la capacidad vehicular se redujo en 50% y los tiempos de traslado aumentaron en promedio 20%. Ante ello, se desviaron y ajustaron rutas de Qrobus, adem\u00e1s de mantener una ruta de apoyo gratuita que fue utilizada por casi 4 mil personas, con tiempos de espera de alrededor de cinco minutos.<\/p>\n\n\n\n<p><br>Como parte de la estrategia, se extendi\u00f3 la ruta C-38 hasta el Cecati, se mantuvo la ruta gratuita sin solicitar tarjeta, se recomend\u00f3 el transbordo entre rutas como la C-27, C-51 y otras l\u00edneas, y se pidi\u00f3 a la ciudadan\u00eda consultar desv\u00edos en la app Qrobus, Waze o Google Maps para reducir afectaciones durante las obras del Tren de Pasajeros M\u00e9xico\u2013Quer\u00e9taro.<\/p>\n","protected":false},"excerpt":{"rendered":"<p>Gerardo Cuanalo, director de la Agencia de Movilidad del Estado, inform\u00f3 que tras el inicio de las obras del tren M\u00e9xico\u2013Quer\u00e9taro, el aforo vehicular en la zona de El Cerrito disminuy\u00f3 en un 30% en Quer\u00e9taro.<\/p>\n","protected":false},"author":3,"featured_media":17202,"comment_status":"open","ping_status":"open","sticky":false,"template":"","format":"standard","meta":{"footnotes":""},"categories":[65,58],"tags":[726,359,133,5114,1009],"class_list":["post-17203","post","type-post","status-publish","format-standard","has-post-thumbnail","hentry","category-municipios","category-ultima-hora","tag-movilidad","tag-qrobus","tag-queretaro","tag-rutas","tag-trenmexicoqueretaro"],"yoast_head":"<!-- This site is optimized with the Yoast SEO plugin v25.0 - https:\/\/yoast.com\/wordpress\/plugins\/seo\/ -->\n<title>Baja 30% el aforo vehicular en El Cerrito por obras del tren M\u00e9xico\u2013Quer\u00e9taro | Nexo Informativo Santiago de Quer\u00e9taro<\/title>\n<meta name=\"robots\" content=\"index, follow, max-snippet:-1, max-image-preview:large, max-video-preview:-1\" \/>\n<link rel=\"canonical\" href=\"https:\/\/www.nexoinformativo.mx\/index.php\/2026\/01\/26\/baja-30-el-aforo-vehicular-en-el-cerrito-por-obras-del-tren-mexico-queretaro\/\" \/>\n<meta property=\"og:locale\" content=\"es_MX\" \/>\n<meta property=\"og:type\" content=\"article\" \/>\n<meta property=\"og:title\" content=\"Baja 30% el aforo vehicular en El Cerrito por obras del tren M\u00e9xico\u2013Quer\u00e9taro | Nexo Informativo Santiago de Quer\u00e9taro\" \/>\n<meta property=\"og:description\" content=\"Gerardo Cuanalo, director de la Agencia de Movilidad del Estado, inform\u00f3 que tras el inicio de las obras del tren M\u00e9xico\u2013Quer\u00e9taro, el aforo vehicular en la zona de El Cerrito disminuy\u00f3 en un 30% en Quer\u00e9taro.\" \/>\n<meta property=\"og:url\" content=\"https:\/\/www.nexoinformativo.mx\/index.php\/2026\/01\/26\/baja-30-el-aforo-vehicular-en-el-cerrito-por-obras-del-tren-mexico-queretaro\/\" \/>\n<meta property=\"og:site_name\" content=\"Nexo Informativo Santiago de Quer\u00e9taro\" \/>\n<meta property=\"article:publisher\" content=\"https:\/\/www.facebook.com\/people\/Nexo-Informativo\/61564066885511\/\" \/>\n<meta property=\"article:published_time\" content=\"2026-01-26T16:00:34+00:00\" \/>\n<meta property=\"article:modified_time\" content=\"2026-01-26T18:57:17+00:00\" \/>\n<meta property=\"og:image\" content=\"https:\/\/www.nexoinformativo.mx\/wp-content\/uploads\/2026\/01\/IMG-20260126-WA0001.jpg\" \/>\n\t<meta property=\"og:image:width\" content=\"1029\" \/>\n\t<meta property=\"og:image:height\" content=\"550\" \/>\n\t<meta property=\"og:image:type\" content=\"image\/jpeg\" \/>\n<meta name=\"author\" content=\"Nexo Informativo\" \/>\n<meta name=\"twitter:card\" content=\"summary_large_image\" \/>\n<meta name=\"twitter:label1\" content=\"Escrito por\" \/>\n\t<meta name=\"twitter:data1\" content=\"Nexo Informativo\" \/>\n\t<meta name=\"twitter:label2\" content=\"Tiempo de lectura\" \/>\n\t<meta name=\"twitter:data2\" content=\"1 minuto\" \/>\n<script type=\"application\/ld+json\" class=\"yoast-schema-graph\">{\"@context\":\"https:\/\/schema.org\",\"@graph\":[{\"@type\":\"Article\",\"@id\":\"https:\/\/www.nexoinformativo.mx\/index.php\/2026\/01\/26\/baja-30-el-aforo-vehicular-en-el-cerrito-por-obras-del-tren-mexico-queretaro\/#article\",\"isPartOf\":{\"@id\":\"https:\/\/www.nexoinformativo.mx\/index.php\/2026\/01\/26\/baja-30-el-aforo-vehicular-en-el-cerrito-por-obras-del-tren-mexico-queretaro\/\"},\"author\":{\"name\":\"Nexo Informativo\",\"@id\":\"https:\/\/www.nexoinformativo.mx\/#\/schema\/person\/7749d380ba08c8ca00d7bc76fd907b7d\"},\"headline\":\"Baja 30% el aforo vehicular en El Cerrito por obras del tren M\u00e9xico\u2013Quer\u00e9taro\",\"datePublished\":\"2026-01-26T16:00:34+00:00\",\"dateModified\":\"2026-01-26T18:57:17+00:00\",\"mainEntityOfPage\":{\"@id\":\"https:\/\/www.nexoinformativo.mx\/index.php\/2026\/01\/26\/baja-30-el-aforo-vehicular-en-el-cerrito-por-obras-del-tren-mexico-queretaro\/\"},\"wordCount\":261,\"commentCount\":0,\"publisher\":{\"@id\":\"https:\/\/www.nexoinformativo.mx\/#organization\"},\"image\":{\"@id\":\"https:\/\/www.nexoinformativo.mx\/index.php\/2026\/01\/26\/baja-30-el-aforo-vehicular-en-el-cerrito-por-obras-del-tren-mexico-queretaro\/#primaryimage\"},\"thumbnailUrl\":\"https:\/\/www.nexoinformativo.mx\/wp-content\/uploads\/2026\/01\/IMG-20260126-WA0001.jpg\",\"keywords\":[\"Movilidad\",\"QroB\u00fas\",\"Quer\u00e9taro\",\"Rutas\",\"TrenMexicoQuer\u00e9taro\"],\"articleSection\":[\"Municipios\",\"\u00daltima Hora\"],\"inLanguage\":\"es\",\"potentialAction\":[{\"@type\":\"CommentAction\",\"name\":\"Comment\",\"target\":[\"https:\/\/www.nexoinformativo.mx\/index.php\/2026\/01\/26\/baja-30-el-aforo-vehicular-en-el-cerrito-por-obras-del-tren-mexico-queretaro\/#respond\"]}]},{\"@type\":\"WebPage\",\"@id\":\"https:\/\/www.nexoinformativo.mx\/index.php\/2026\/01\/26\/baja-30-el-aforo-vehicular-en-el-cerrito-por-obras-del-tren-mexico-queretaro\/\",\"url\":\"https:\/\/www.nexoinformativo.mx\/index.php\/2026\/01\/26\/baja-30-el-aforo-vehicular-en-el-cerrito-por-obras-del-tren-mexico-queretaro\/\",\"name\":\"Baja 30% el aforo vehicular en El Cerrito por obras del tren M\u00e9xico\u2013Quer\u00e9taro | Nexo Informativo Santiago de Quer\u00e9taro\",\"isPartOf\":{\"@id\":\"https:\/\/www.nexoinformativo.mx\/#website\"},\"primaryImageOfPage\":{\"@id\":\"https:\/\/www.nexoinformativo.mx\/index.php\/2026\/01\/26\/baja-30-el-aforo-vehicular-en-el-cerrito-por-obras-del-tren-mexico-queretaro\/#primaryimage\"},\"image\":{\"@id\":\"https:\/\/www.nexoinformativo.mx\/index.php\/2026\/01\/26\/baja-30-el-aforo-vehicular-en-el-cerrito-por-obras-del-tren-mexico-queretaro\/#primaryimage\"},\"thumbnailUrl\":\"https:\/\/www.nexoinformativo.mx\/wp-content\/uploads\/2026\/01\/IMG-20260126-WA0001.jpg\",\"datePublished\":\"2026-01-26T16:00:34+00:00\",\"dateModified\":\"2026-01-26T18:57:17+00:00\",\"breadcrumb\":{\"@id\":\"https:\/\/www.nexoinformativo.mx\/index.php\/2026\/01\/26\/baja-30-el-aforo-vehicular-en-el-cerrito-por-obras-del-tren-mexico-queretaro\/#breadcrumb\"},\"inLanguage\":\"es\",\"potentialAction\":[{\"@type\":\"ReadAction\",\"target\":[\"https:\/\/www.nexoinformativo.mx\/index.php\/2026\/01\/26\/baja-30-el-aforo-vehicular-en-el-cerrito-por-obras-del-tren-mexico-queretaro\/\"]}]},{\"@type\":\"ImageObject\",\"inLanguage\":\"es\",\"@id\":\"https:\/\/www.nexoinformativo.mx\/index.php\/2026\/01\/26\/baja-30-el-aforo-vehicular-en-el-cerrito-por-obras-del-tren-mexico-queretaro\/#primaryimage\",\"url\":\"https:\/\/www.nexoinformativo.mx\/wp-content\/uploads\/2026\/01\/IMG-20260126-WA0001.jpg\",\"contentUrl\":\"https:\/\/www.nexoinformativo.mx\/wp-content\/uploads\/2026\/01\/IMG-20260126-WA0001.jpg\",\"width\":1029,\"height\":550},{\"@type\":\"BreadcrumbList\",\"@id\":\"https:\/\/www.nexoinformativo.mx\/index.php\/2026\/01\/26\/baja-30-el-aforo-vehicular-en-el-cerrito-por-obras-del-tren-mexico-queretaro\/#breadcrumb\",\"itemListElement\":[{\"@type\":\"ListItem\",\"position\":1,\"name\":\"Inicio\",\"item\":\"https:\/\/www.nexoinformativo.mx\/\"},{\"@type\":\"ListItem\",\"position\":2,\"name\":\"Baja 30% el aforo vehicular en El Cerrito por obras del tren M\u00e9xico\u2013Quer\u00e9taro\"}]},{\"@type\":\"WebSite\",\"@id\":\"https:\/\/www.nexoinformativo.mx\/#website\",\"url\":\"https:\/\/www.nexoinformativo.mx\/\",\"name\":\"Nexo Informativo Santiago de Quer\u00e9taro\",\"description\":\"Explora NexoInformativo y convi\u00e9rtete en parte de una comunidad que valora el conocimiento y la verdad. Tu nexoinformativo es tu puente hacia una comprensi\u00f3n m\u00e1s profunda del mundo que te rodea.\",\"publisher\":{\"@id\":\"https:\/\/www.nexoinformativo.mx\/#organization\"},\"potentialAction\":[{\"@type\":\"SearchAction\",\"target\":{\"@type\":\"EntryPoint\",\"urlTemplate\":\"https:\/\/www.nexoinformativo.mx\/?s={search_term_string}\"},\"query-input\":{\"@type\":\"PropertyValueSpecification\",\"valueRequired\":true,\"valueName\":\"search_term_string\"}}],\"inLanguage\":\"es\"},{\"@type\":\"Organization\",\"@id\":\"https:\/\/www.nexoinformativo.mx\/#organization\",\"name\":\"Nexo Informativo Santiago de Quer\u00e9taro\",\"url\":\"https:\/\/www.nexoinformativo.mx\/\",\"logo\":{\"@type\":\"ImageObject\",\"inLanguage\":\"es\",\"@id\":\"https:\/\/www.nexoinformativo.mx\/#\/schema\/logo\/image\/\",\"url\":\"https:\/\/www.nexoinformativo.mx\/wp-content\/uploads\/2024\/07\/nexoi-trasparente-2.png\",\"contentUrl\":\"https:\/\/www.nexoinformativo.mx\/wp-content\/uploads\/2024\/07\/nexoi-trasparente-2.png\",\"width\":816,\"height\":339,\"caption\":\"Nexo Informativo Santiago de Quer\u00e9taro\"},\"image\":{\"@id\":\"https:\/\/www.nexoinformativo.mx\/#\/schema\/logo\/image\/\"},\"sameAs\":[\"https:\/\/www.facebook.com\/people\/Nexo-Informativo\/61564066885511\/\"]},{\"@type\":\"Person\",\"@id\":\"https:\/\/www.nexoinformativo.mx\/#\/schema\/person\/7749d380ba08c8ca00d7bc76fd907b7d\",\"name\":\"Nexo Informativo\",\"image\":{\"@type\":\"ImageObject\",\"inLanguage\":\"es\",\"@id\":\"https:\/\/www.nexoinformativo.mx\/#\/schema\/person\/image\/\",\"url\":\"https:\/\/secure.gravatar.com\/avatar\/dde2928154642a13d95f87ddf1ea9718fe2b46760a005c53e41ff5ad610704e6?s=96&d=mm&r=g\",\"contentUrl\":\"https:\/\/secure.gravatar.com\/avatar\/dde2928154642a13d95f87ddf1ea9718fe2b46760a005c53e41ff5ad610704e6?s=96&d=mm&r=g\",\"caption\":\"Nexo Informativo\"},\"url\":\"https:\/\/www.nexoinformativo.mx\/index.php\/author\/edicion\/\"}]}<\/script>\n<!-- \/ Yoast SEO plugin. -->","yoast_head_json":{"title":"Baja 30% el aforo vehicular en El Cerrito por obras del tren M\u00e9xico\u2013Quer\u00e9taro | Nexo Informativo Santiago de Quer\u00e9taro","robots":{"index":"index","follow":"follow","max-snippet":"max-snippet:-1","max-image-preview":"max-image-preview:large","max-video-preview":"max-video-preview:-1"},"canonical":"https:\/\/www.nexoinformativo.mx\/index.php\/2026\/01\/26\/baja-30-el-aforo-vehicular-en-el-cerrito-por-obras-del-tren-mexico-queretaro\/","og_locale":"es_MX","og_type":"article","og_title":"Baja 30% el aforo vehicular en El Cerrito por obras del tren M\u00e9xico\u2013Quer\u00e9taro | Nexo Informativo Santiago de Quer\u00e9taro","og_description":"Gerardo Cuanalo, director de la Agencia de Movilidad del Estado, inform\u00f3 que tras el inicio de las obras del tren M\u00e9xico\u2013Quer\u00e9taro, el aforo vehicular en la zona de El Cerrito disminuy\u00f3 en un 30% en Quer\u00e9taro.","og_url":"https:\/\/www.nexoinformativo.mx\/index.php\/2026\/01\/26\/baja-30-el-aforo-vehicular-en-el-cerrito-por-obras-del-tren-mexico-queretaro\/","og_site_name":"Nexo Informativo Santiago de Quer\u00e9taro","article_publisher":"https:\/\/www.facebook.com\/people\/Nexo-Informativo\/61564066885511\/","article_published_time":"2026-01-26T16:00:34+00:00","article_modified_time":"2026-01-26T18:57:17+00:00","og_image":[{"width":1029,"height":550,"url":"https:\/\/www.nexoinformativo.mx\/wp-content\/uploads\/2026\/01\/IMG-20260126-WA0001.jpg","type":"image\/jpeg"}],"author":"Nexo Informativo","twitter_card":"summary_large_image","twitter_misc":{"Escrito por":"Nexo Informativo","Tiempo de lectura":"1 minuto"},"schema":{"@context":"https:\/\/schema.org","@graph":[{"@type":"Article","@id":"https:\/\/www.nexoinformativo.mx\/index.php\/2026\/01\/26\/baja-30-el-aforo-vehicular-en-el-cerrito-por-obras-del-tren-mexico-queretaro\/#article","isPartOf":{"@id":"https:\/\/www.nexoinformativo.mx\/index.php\/2026\/01\/26\/baja-30-el-aforo-vehicular-en-el-cerrito-por-obras-del-tren-mexico-queretaro\/"},"author":{"name":"Nexo Informativo","@id":"https:\/\/www.nexoinformativo.mx\/#\/schema\/person\/7749d380ba08c8ca00d7bc76fd907b7d"},"headline":"Baja 30% el aforo vehicular en El Cerrito por obras del tren M\u00e9xico\u2013Quer\u00e9taro","datePublished":"2026-01-26T16:00:34+00:00","dateModified":"2026-01-26T18:57:17+00:00","mainEntityOfPage":{"@id":"https:\/\/www.nexoinformativo.mx\/index.php\/2026\/01\/26\/baja-30-el-aforo-vehicular-en-el-cerrito-por-obras-del-tren-mexico-queretaro\/"},"wordCount":261,"commentCount":0,"publisher":{"@id":"https:\/\/www.nexoinformativo.mx\/#organization"},"image":{"@id":"https:\/\/www.nexoinformativo.mx\/index.php\/2026\/01\/26\/baja-30-el-aforo-vehicular-en-el-cerrito-por-obras-del-tren-mexico-queretaro\/#primaryimage"},"thumbnailUrl":"https:\/\/www.nexoinformativo.mx\/wp-content\/uploads\/2026\/01\/IMG-20260126-WA0001.jpg","keywords":["Movilidad","QroB\u00fas","Quer\u00e9taro","Rutas","TrenMexicoQuer\u00e9taro"],"articleSection":["Municipios","\u00daltima Hora"],"inLanguage":"es","potentialAction":[{"@type":"CommentAction","name":"Comment","target":["https:\/\/www.nexoinformativo.mx\/index.php\/2026\/01\/26\/baja-30-el-aforo-vehicular-en-el-cerrito-por-obras-del-tren-mexico-queretaro\/#respond"]}]},{"@type":"WebPage","@id":"https:\/\/www.nexoinformativo.mx\/index.php\/2026\/01\/26\/baja-30-el-aforo-vehicular-en-el-cerrito-por-obras-del-tren-mexico-queretaro\/","url":"https:\/\/www.nexoinformativo.mx\/index.php\/2026\/01\/26\/baja-30-el-aforo-vehicular-en-el-cerrito-por-obras-del-tren-mexico-queretaro\/","name":"Baja 30% el aforo vehicular en El Cerrito por obras del tren M\u00e9xico\u2013Quer\u00e9taro | Nexo Informativo Santiago de Quer\u00e9taro","isPartOf":{"@id":"https:\/\/www.nexoinformativo.mx\/#website"},"primaryImageOfPage":{"@id":"https:\/\/www.nexoinformativo.mx\/index.php\/2026\/01\/26\/baja-30-el-aforo-vehicular-en-el-cerrito-por-obras-del-tren-mexico-queretaro\/#primaryimage"},"image":{"@id":"https:\/\/www.nexoinformativo.mx\/index.php\/2026\/01\/26\/baja-30-el-aforo-vehicular-en-el-cerrito-por-obras-del-tren-mexico-queretaro\/#primaryimage"},"thumbnailUrl":"https:\/\/www.nexoinformativo.mx\/wp-content\/uploads\/2026\/01\/IMG-20260126-WA0001.jpg","datePublished":"2026-01-26T16:00:34+00:00","dateModified":"2026-01-26T18:57:17+00:00","breadcrumb":{"@id":"https:\/\/www.nexoinformativo.mx\/index.php\/2026\/01\/26\/baja-30-el-aforo-vehicular-en-el-cerrito-por-obras-del-tren-mexico-queretaro\/#breadcrumb"},"inLanguage":"es","potentialAction":[{"@type":"ReadAction","target":["https:\/\/www.nexoinformativo.mx\/index.php\/2026\/01\/26\/baja-30-el-aforo-vehicular-en-el-cerrito-por-obras-del-tren-mexico-queretaro\/"]}]},{"@type":"ImageObject","inLanguage":"es","@id":"https:\/\/www.nexoinformativo.mx\/index.php\/2026\/01\/26\/baja-30-el-aforo-vehicular-en-el-cerrito-por-obras-del-tren-mexico-queretaro\/#primaryimage","url":"https:\/\/www.nexoinformativo.mx\/wp-content\/uploads\/2026\/01\/IMG-20260126-WA0001.jpg","contentUrl":"https:\/\/www.nexoinformativo.mx\/wp-content\/uploads\/2026\/01\/IMG-20260126-WA0001.jpg","width":1029,"height":550},{"@type":"BreadcrumbList","@id":"https:\/\/www.nexoinformativo.mx\/index.php\/2026\/01\/26\/baja-30-el-aforo-vehicular-en-el-cerrito-por-obras-del-tren-mexico-queretaro\/#breadcrumb","itemListElement":[{"@type":"ListItem","position":1,"name":"Inicio","item":"https:\/\/www.nexoinformativo.mx\/"},{"@type":"ListItem","position":2,"name":"Baja 30% el aforo vehicular en El Cerrito por obras del tren M\u00e9xico\u2013Quer\u00e9taro"}]},{"@type":"WebSite","@id":"https:\/\/www.nexoinformativo.mx\/#website","url":"https:\/\/www.nexoinformativo.mx\/","name":"Nexo Informativo Santiago de Quer\u00e9taro","description":"Explora NexoInformativo y convi\u00e9rtete en parte de una comunidad que valora el conocimiento y la verdad. Tu nexoinformativo es tu puente hacia una comprensi\u00f3n m\u00e1s profunda del mundo que te rodea.","publisher":{"@id":"https:\/\/www.nexoinformativo.mx\/#organization"},"potentialAction":[{"@type":"SearchAction","target":{"@type":"EntryPoint","urlTemplate":"https:\/\/www.nexoinformativo.mx\/?s={search_term_string}"},"query-input":{"@type":"PropertyValueSpecification","valueRequired":true,"valueName":"search_term_string"}}],"inLanguage":"es"},{"@type":"Organization","@id":"https:\/\/www.nexoinformativo.mx\/#organization","name":"Nexo Informativo Santiago de Quer\u00e9taro","url":"https:\/\/www.nexoinformativo.mx\/","logo":{"@type":"ImageObject","inLanguage":"es","@id":"https:\/\/www.nexoinformativo.mx\/#\/schema\/logo\/image\/","url":"https:\/\/www.nexoinformativo.mx\/wp-content\/uploads\/2024\/07\/nexoi-trasparente-2.png","contentUrl":"https:\/\/www.nexoinformativo.mx\/wp-content\/uploads\/2024\/07\/nexoi-trasparente-2.png","width":816,"height":339,"caption":"Nexo Informativo Santiago de Quer\u00e9taro"},"image":{"@id":"https:\/\/www.nexoinformativo.mx\/#\/schema\/logo\/image\/"},"sameAs":["https:\/\/www.facebook.com\/people\/Nexo-Informativo\/61564066885511\/"]},{"@type":"Person","@id":"https:\/\/www.nexoinformativo.mx\/#\/schema\/person\/7749d380ba08c8ca00d7bc76fd907b7d","name":"Nexo Informativo","image":{"@type":"ImageObject","inLanguage":"es","@id":"https:\/\/www.nexoinformativo.mx\/#\/schema\/person\/image\/","url":"https:\/\/secure.gravatar.com\/avatar\/dde2928154642a13d95f87ddf1ea9718fe2b46760a005c53e41ff5ad610704e6?s=96&d=mm&r=g","contentUrl":"https:\/\/secure.gravatar.com\/avatar\/dde2928154642a13d95f87ddf1ea9718fe2b46760a005c53e41ff5ad610704e6?s=96&d=mm&r=g","caption":"Nexo Informativo"},"url":"https:\/\/www.nexoinformativo.mx\/index.php\/author\/edicion\/"}]}},"_links":{"self":[{"href":"https:\/\/www.nexoinformativo.mx\/index.php\/wp-json\/wp\/v2\/posts\/17203","targetHints":{"allow":["GET"]}}],"collection":[{"href":"https:\/\/www.nexoinformativo.mx\/index.php\/wp-json\/wp\/v2\/posts"}],"about":[{"href":"https:\/\/www.nexoinformativo.mx\/index.php\/wp-json\/wp\/v2\/types\/post"}],"author":[{"embeddable":true,"href":"https:\/\/www.nexoinformativo.mx\/index.php\/wp-json\/wp\/v2\/users\/3"}],"replies":[{"embeddable":true,"href":"https:\/\/www.nexoinformativo.mx\/index.php\/wp-json\/wp\/v2\/comments?post=17203"}],"version-history":[{"count":1,"href":"https:\/\/www.nexoinformativo.mx\/index.php\/wp-json\/wp\/v2\/posts\/17203\/revisions"}],"predecessor-version":[{"id":17204,"href":"https:\/\/www.nexoinformativo.mx\/index.php\/wp-json\/wp\/v2\/posts\/17203\/revisions\/17204"}],"wp:featuredmedia":[{"embeddable":true,"href":"https:\/\/www.nexoinformativo.mx\/index.php\/wp-json\/wp\/v2\/media\/17202"}],"wp:attachment":[{"href":"https:\/\/www.nexoinformativo.mx\/index.php\/wp-json\/wp\/v2\/media?parent=17203"}],"wp:term":[{"taxonomy":"category","embeddable":true,"href":"https:\/\/www.nexoinformativo.mx\/index.php\/wp-json\/wp\/v2\/categories?post=17203"},{"taxonomy":"post_tag","embeddable":true,"href":"https:\/\/www.nexoinformativo.mx\/index.php\/wp-json\/wp\/v2\/tags?post=17203"}],"curies":[{"name":"wp","href":"https:\/\/api.w.org\/{rel}","templated":true}]}}