{"id":17206,"date":"2026-01-26T11:00:57","date_gmt":"2026-01-26T17:00:57","guid":{"rendered":"https:\/\/www.nexoinformativo.mx\/?p=17206"},"modified":"2026-01-26T13:05:30","modified_gmt":"2026-01-26T19:05:30","slug":"mauricio-kuri-cierra-gira-en-madrid-con-inversiones-y-promocion-turistica","status":"publish","type":"post","link":"https:\/\/www.nexoinformativo.mx\/index.php\/2026\/01\/26\/mauricio-kuri-cierra-gira-en-madrid-con-inversiones-y-promocion-turistica\/","title":{"rendered":"Mauricio Kuri cierra gira en Madrid con inversiones y promoci\u00f3n tur\u00edstica"},"content":{"rendered":"\n<p>El gobernador de Quer\u00e9taro, Mauricio Kuri Gonz\u00e1lez, concluy\u00f3 una gira de trabajo de una semana en Madrid, Espa\u00f1a, donde concret\u00f3 tres nuevas inversiones para la entidad y sostuvo reuniones con empresarios y pol\u00edticos, con el objetivo de fortalecer la atracci\u00f3n de capital y la promoci\u00f3n internacional de Quer\u00e9taro.<\/p>\n\n\n\n<p><br>De acuerdo con el mandatario, las inversiones corresponden a una empresa de fabricaci\u00f3n de muebles, otra del sector de motocicletas y una m\u00e1s relacionada con la industria automotriz, lo que confirma que Quer\u00e9taro se mantiene como un estado competitivo y atractivo para la generaci\u00f3n de empleo.<\/p>\n\n\n\n<p><br>En materia tur\u00edstica, Mauricio Kuri destac\u00f3 la participaci\u00f3n de Quer\u00e9taro en la Feria Internacional de Turismo (FITUR) 2026, donde M\u00e9xico fue pa\u00eds invitado. Durante el evento, se\u00f1al\u00f3 que tuvo un breve di\u00e1logo con el rey Felipe VI, a quien comparti\u00f3 informaci\u00f3n sobre la oferta tur\u00edstica y el crecimiento econ\u00f3mico del estado.<\/p>\n\n\n\n<p><br>Adem\u00e1s, inform\u00f3 que fortaleci\u00f3 lazos con autoridades espa\u00f1olas, como Isabel D\u00edaz Ayuso, presidenta de la Comunidad de Madrid, y sostuvo encuentros con representantes del gobierno espa\u00f1ol y el embajador de M\u00e9xico en Espa\u00f1a. Finalmente, anunci\u00f3 un acuerdo con el exfutbolista Iker Casillas, quien podr\u00eda asistir al Congreso del Deporte 2026 en Quer\u00e9taro.<\/p>\n","protected":false},"excerpt":{"rendered":"<p>El gobernador de Quer\u00e9taro, Mauricio Kuri Gonz\u00e1lez, concluy\u00f3 una gira de trabajo de una semana en Madrid, Espa\u00f1a, donde concret\u00f3 tres nuevas inversiones para la entidad y sostuvo reuniones con empresarios y pol\u00edticos, con el objetivo de fortalecer la atracci\u00f3n de capital y la promoci\u00f3n internacional de Quer\u00e9taro.<\/p>\n","protected":false},"author":3,"featured_media":17205,"comment_status":"open","ping_status":"open","sticky":false,"template":"","format":"standard","meta":{"footnotes":""},"categories":[5,42,58],"tags":[5104,142,661,133,1686],"class_list":["post-17206","post","type-post","status-publish","format-standard","has-post-thumbnail","hentry","category-economia","category-estado","category-ultima-hora","tag-espana","tag-inversion","tag-mauriciokuri","tag-queretaro","tag-turismo"],"yoast_head":"<!-- This site is optimized with the Yoast SEO plugin v25.0 - https:\/\/yoast.com\/wordpress\/plugins\/seo\/ -->\n<title>Mauricio Kuri cierra gira en Madrid con inversiones y promoci\u00f3n tur\u00edstica | Nexo Informativo Santiago de Quer\u00e9taro<\/title>\n<meta name=\"robots\" content=\"index, follow, max-snippet:-1, max-image-preview:large, max-video-preview:-1\" \/>\n<link rel=\"canonical\" href=\"https:\/\/www.nexoinformativo.mx\/index.php\/2026\/01\/26\/mauricio-kuri-cierra-gira-en-madrid-con-inversiones-y-promocion-turistica\/\" \/>\n<meta property=\"og:locale\" content=\"es_MX\" \/>\n<meta property=\"og:type\" content=\"article\" \/>\n<meta property=\"og:title\" content=\"Mauricio Kuri cierra gira en Madrid con inversiones y promoci\u00f3n tur\u00edstica | Nexo Informativo Santiago de Quer\u00e9taro\" \/>\n<meta property=\"og:description\" content=\"El gobernador de Quer\u00e9taro, Mauricio Kuri Gonz\u00e1lez, concluy\u00f3 una gira de trabajo de una semana en Madrid, Espa\u00f1a, donde concret\u00f3 tres nuevas inversiones para la entidad y sostuvo reuniones con empresarios y pol\u00edticos, con el objetivo de fortalecer la atracci\u00f3n de capital y la promoci\u00f3n internacional de Quer\u00e9taro.\" \/>\n<meta property=\"og:url\" content=\"https:\/\/www.nexoinformativo.mx\/index.php\/2026\/01\/26\/mauricio-kuri-cierra-gira-en-madrid-con-inversiones-y-promocion-turistica\/\" \/>\n<meta property=\"og:site_name\" content=\"Nexo Informativo Santiago de Quer\u00e9taro\" \/>\n<meta property=\"article:publisher\" content=\"https:\/\/www.facebook.com\/people\/Nexo-Informativo\/61564066885511\/\" \/>\n<meta property=\"article:published_time\" content=\"2026-01-26T17:00:57+00:00\" \/>\n<meta property=\"article:modified_time\" content=\"2026-01-26T19:05:30+00:00\" \/>\n<meta property=\"og:image\" content=\"https:\/\/www.nexoinformativo.mx\/wp-content\/uploads\/2026\/01\/IMG-20260126-WA0003.jpg\" \/>\n\t<meta property=\"og:image:width\" content=\"1079\" \/>\n\t<meta property=\"og:image:height\" content=\"902\" \/>\n\t<meta property=\"og:image:type\" content=\"image\/jpeg\" \/>\n<meta name=\"author\" content=\"Nexo Informativo\" \/>\n<meta name=\"twitter:card\" content=\"summary_large_image\" \/>\n<meta name=\"twitter:label1\" content=\"Escrito por\" \/>\n\t<meta name=\"twitter:data1\" content=\"Nexo Informativo\" \/>\n\t<meta name=\"twitter:label2\" content=\"Tiempo de lectura\" \/>\n\t<meta name=\"twitter:data2\" content=\"1 minuto\" \/>\n<script type=\"application\/ld+json\" class=\"yoast-schema-graph\">{\"@context\":\"https:\/\/schema.org\",\"@graph\":[{\"@type\":\"Article\",\"@id\":\"https:\/\/www.nexoinformativo.mx\/index.php\/2026\/01\/26\/mauricio-kuri-cierra-gira-en-madrid-con-inversiones-y-promocion-turistica\/#article\",\"isPartOf\":{\"@id\":\"https:\/\/www.nexoinformativo.mx\/index.php\/2026\/01\/26\/mauricio-kuri-cierra-gira-en-madrid-con-inversiones-y-promocion-turistica\/\"},\"author\":{\"name\":\"Nexo Informativo\",\"@id\":\"https:\/\/www.nexoinformativo.mx\/#\/schema\/person\/7749d380ba08c8ca00d7bc76fd907b7d\"},\"headline\":\"Mauricio Kuri cierra gira en Madrid con inversiones y promoci\u00f3n tur\u00edstica\",\"datePublished\":\"2026-01-26T17:00:57+00:00\",\"dateModified\":\"2026-01-26T19:05:30+00:00\",\"mainEntityOfPage\":{\"@id\":\"https:\/\/www.nexoinformativo.mx\/index.php\/2026\/01\/26\/mauricio-kuri-cierra-gira-en-madrid-con-inversiones-y-promocion-turistica\/\"},\"wordCount\":237,\"commentCount\":0,\"publisher\":{\"@id\":\"https:\/\/www.nexoinformativo.mx\/#organization\"},\"image\":{\"@id\":\"https:\/\/www.nexoinformativo.mx\/index.php\/2026\/01\/26\/mauricio-kuri-cierra-gira-en-madrid-con-inversiones-y-promocion-turistica\/#primaryimage\"},\"thumbnailUrl\":\"https:\/\/www.nexoinformativo.mx\/wp-content\/uploads\/2026\/01\/IMG-20260126-WA0003.jpg\",\"keywords\":[\"Espa\u00f1a\",\"Inversi\u00f3n\",\"MauricioKuri\",\"Quer\u00e9taro\",\"Turismo\"],\"articleSection\":[\"Econom\u00eda\",\"Estado\",\"\u00daltima Hora\"],\"inLanguage\":\"es\",\"potentialAction\":[{\"@type\":\"CommentAction\",\"name\":\"Comment\",\"target\":[\"https:\/\/www.nexoinformativo.mx\/index.php\/2026\/01\/26\/mauricio-kuri-cierra-gira-en-madrid-con-inversiones-y-promocion-turistica\/#respond\"]}]},{\"@type\":\"WebPage\",\"@id\":\"https:\/\/www.nexoinformativo.mx\/index.php\/2026\/01\/26\/mauricio-kuri-cierra-gira-en-madrid-con-inversiones-y-promocion-turistica\/\",\"url\":\"https:\/\/www.nexoinformativo.mx\/index.php\/2026\/01\/26\/mauricio-kuri-cierra-gira-en-madrid-con-inversiones-y-promocion-turistica\/\",\"name\":\"Mauricio Kuri cierra gira en Madrid con inversiones y promoci\u00f3n tur\u00edstica | Nexo Informativo Santiago de Quer\u00e9taro\",\"isPartOf\":{\"@id\":\"https:\/\/www.nexoinformativo.mx\/#website\"},\"primaryImageOfPage\":{\"@id\":\"https:\/\/www.nexoinformativo.mx\/index.php\/2026\/01\/26\/mauricio-kuri-cierra-gira-en-madrid-con-inversiones-y-promocion-turistica\/#primaryimage\"},\"image\":{\"@id\":\"https:\/\/www.nexoinformativo.mx\/index.php\/2026\/01\/26\/mauricio-kuri-cierra-gira-en-madrid-con-inversiones-y-promocion-turistica\/#primaryimage\"},\"thumbnailUrl\":\"https:\/\/www.nexoinformativo.mx\/wp-content\/uploads\/2026\/01\/IMG-20260126-WA0003.jpg\",\"datePublished\":\"2026-01-26T17:00:57+00:00\",\"dateModified\":\"2026-01-26T19:05:30+00:00\",\"breadcrumb\":{\"@id\":\"https:\/\/www.nexoinformativo.mx\/index.php\/2026\/01\/26\/mauricio-kuri-cierra-gira-en-madrid-con-inversiones-y-promocion-turistica\/#breadcrumb\"},\"inLanguage\":\"es\",\"potentialAction\":[{\"@type\":\"ReadAction\",\"target\":[\"https:\/\/www.nexoinformativo.mx\/index.php\/2026\/01\/26\/mauricio-kuri-cierra-gira-en-madrid-con-inversiones-y-promocion-turistica\/\"]}]},{\"@type\":\"ImageObject\",\"inLanguage\":\"es\",\"@id\":\"https:\/\/www.nexoinformativo.mx\/index.php\/2026\/01\/26\/mauricio-kuri-cierra-gira-en-madrid-con-inversiones-y-promocion-turistica\/#primaryimage\",\"url\":\"https:\/\/www.nexoinformativo.mx\/wp-content\/uploads\/2026\/01\/IMG-20260126-WA0003.jpg\",\"contentUrl\":\"https:\/\/www.nexoinformativo.mx\/wp-content\/uploads\/2026\/01\/IMG-20260126-WA0003.jpg\",\"width\":1079,\"height\":902},{\"@type\":\"BreadcrumbList\",\"@id\":\"https:\/\/www.nexoinformativo.mx\/index.php\/2026\/01\/26\/mauricio-kuri-cierra-gira-en-madrid-con-inversiones-y-promocion-turistica\/#breadcrumb\",\"itemListElement\":[{\"@type\":\"ListItem\",\"position\":1,\"name\":\"Inicio\",\"item\":\"https:\/\/www.nexoinformativo.mx\/\"},{\"@type\":\"ListItem\",\"position\":2,\"name\":\"Mauricio Kuri cierra gira en Madrid con inversiones y promoci\u00f3n tur\u00edstica\"}]},{\"@type\":\"WebSite\",\"@id\":\"https:\/\/www.nexoinformativo.mx\/#website\",\"url\":\"https:\/\/www.nexoinformativo.mx\/\",\"name\":\"Nexo Informativo Santiago de Quer\u00e9taro\",\"description\":\"Explora NexoInformativo y convi\u00e9rtete en parte de una comunidad que valora el conocimiento y la verdad. Tu nexoinformativo es tu puente hacia una comprensi\u00f3n m\u00e1s profunda del mundo que te rodea.\",\"publisher\":{\"@id\":\"https:\/\/www.nexoinformativo.mx\/#organization\"},\"potentialAction\":[{\"@type\":\"SearchAction\",\"target\":{\"@type\":\"EntryPoint\",\"urlTemplate\":\"https:\/\/www.nexoinformativo.mx\/?s={search_term_string}\"},\"query-input\":{\"@type\":\"PropertyValueSpecification\",\"valueRequired\":true,\"valueName\":\"search_term_string\"}}],\"inLanguage\":\"es\"},{\"@type\":\"Organization\",\"@id\":\"https:\/\/www.nexoinformativo.mx\/#organization\",\"name\":\"Nexo Informativo Santiago de Quer\u00e9taro\",\"url\":\"https:\/\/www.nexoinformativo.mx\/\",\"logo\":{\"@type\":\"ImageObject\",\"inLanguage\":\"es\",\"@id\":\"https:\/\/www.nexoinformativo.mx\/#\/schema\/logo\/image\/\",\"url\":\"https:\/\/www.nexoinformativo.mx\/wp-content\/uploads\/2024\/07\/nexoi-trasparente-2.png\",\"contentUrl\":\"https:\/\/www.nexoinformativo.mx\/wp-content\/uploads\/2024\/07\/nexoi-trasparente-2.png\",\"width\":816,\"height\":339,\"caption\":\"Nexo Informativo Santiago de Quer\u00e9taro\"},\"image\":{\"@id\":\"https:\/\/www.nexoinformativo.mx\/#\/schema\/logo\/image\/\"},\"sameAs\":[\"https:\/\/www.facebook.com\/people\/Nexo-Informativo\/61564066885511\/\"]},{\"@type\":\"Person\",\"@id\":\"https:\/\/www.nexoinformativo.mx\/#\/schema\/person\/7749d380ba08c8ca00d7bc76fd907b7d\",\"name\":\"Nexo Informativo\",\"image\":{\"@type\":\"ImageObject\",\"inLanguage\":\"es\",\"@id\":\"https:\/\/www.nexoinformativo.mx\/#\/schema\/person\/image\/\",\"url\":\"https:\/\/secure.gravatar.com\/avatar\/dde2928154642a13d95f87ddf1ea9718fe2b46760a005c53e41ff5ad610704e6?s=96&d=mm&r=g\",\"contentUrl\":\"https:\/\/secure.gravatar.com\/avatar\/dde2928154642a13d95f87ddf1ea9718fe2b46760a005c53e41ff5ad610704e6?s=96&d=mm&r=g\",\"caption\":\"Nexo Informativo\"},\"url\":\"https:\/\/www.nexoinformativo.mx\/index.php\/author\/edicion\/\"}]}<\/script>\n<!-- \/ Yoast SEO plugin. -->","yoast_head_json":{"title":"Mauricio Kuri cierra gira en Madrid con inversiones y promoci\u00f3n tur\u00edstica | Nexo Informativo Santiago de Quer\u00e9taro","robots":{"index":"index","follow":"follow","max-snippet":"max-snippet:-1","max-image-preview":"max-image-preview:large","max-video-preview":"max-video-preview:-1"},"canonical":"https:\/\/www.nexoinformativo.mx\/index.php\/2026\/01\/26\/mauricio-kuri-cierra-gira-en-madrid-con-inversiones-y-promocion-turistica\/","og_locale":"es_MX","og_type":"article","og_title":"Mauricio Kuri cierra gira en Madrid con inversiones y promoci\u00f3n tur\u00edstica | Nexo Informativo Santiago de Quer\u00e9taro","og_description":"El gobernador de Quer\u00e9taro, Mauricio Kuri Gonz\u00e1lez, concluy\u00f3 una gira de trabajo de una semana en Madrid, Espa\u00f1a, donde concret\u00f3 tres nuevas inversiones para la entidad y sostuvo reuniones con empresarios y pol\u00edticos, con el objetivo de fortalecer la atracci\u00f3n de capital y la promoci\u00f3n internacional de Quer\u00e9taro.","og_url":"https:\/\/www.nexoinformativo.mx\/index.php\/2026\/01\/26\/mauricio-kuri-cierra-gira-en-madrid-con-inversiones-y-promocion-turistica\/","og_site_name":"Nexo Informativo Santiago de Quer\u00e9taro","article_publisher":"https:\/\/www.facebook.com\/people\/Nexo-Informativo\/61564066885511\/","article_published_time":"2026-01-26T17:00:57+00:00","article_modified_time":"2026-01-26T19:05:30+00:00","og_image":[{"width":1079,"height":902,"url":"https:\/\/www.nexoinformativo.mx\/wp-content\/uploads\/2026\/01\/IMG-20260126-WA0003.jpg","type":"image\/jpeg"}],"author":"Nexo Informativo","twitter_card":"summary_large_image","twitter_misc":{"Escrito por":"Nexo Informativo","Tiempo de lectura":"1 minuto"},"schema":{"@context":"https:\/\/schema.org","@graph":[{"@type":"Article","@id":"https:\/\/www.nexoinformativo.mx\/index.php\/2026\/01\/26\/mauricio-kuri-cierra-gira-en-madrid-con-inversiones-y-promocion-turistica\/#article","isPartOf":{"@id":"https:\/\/www.nexoinformativo.mx\/index.php\/2026\/01\/26\/mauricio-kuri-cierra-gira-en-madrid-con-inversiones-y-promocion-turistica\/"},"author":{"name":"Nexo Informativo","@id":"https:\/\/www.nexoinformativo.mx\/#\/schema\/person\/7749d380ba08c8ca00d7bc76fd907b7d"},"headline":"Mauricio Kuri cierra gira en Madrid con inversiones y promoci\u00f3n tur\u00edstica","datePublished":"2026-01-26T17:00:57+00:00","dateModified":"2026-01-26T19:05:30+00:00","mainEntityOfPage":{"@id":"https:\/\/www.nexoinformativo.mx\/index.php\/2026\/01\/26\/mauricio-kuri-cierra-gira-en-madrid-con-inversiones-y-promocion-turistica\/"},"wordCount":237,"commentCount":0,"publisher":{"@id":"https:\/\/www.nexoinformativo.mx\/#organization"},"image":{"@id":"https:\/\/www.nexoinformativo.mx\/index.php\/2026\/01\/26\/mauricio-kuri-cierra-gira-en-madrid-con-inversiones-y-promocion-turistica\/#primaryimage"},"thumbnailUrl":"https:\/\/www.nexoinformativo.mx\/wp-content\/uploads\/2026\/01\/IMG-20260126-WA0003.jpg","keywords":["Espa\u00f1a","Inversi\u00f3n","MauricioKuri","Quer\u00e9taro","Turismo"],"articleSection":["Econom\u00eda","Estado","\u00daltima Hora"],"inLanguage":"es","potentialAction":[{"@type":"CommentAction","name":"Comment","target":["https:\/\/www.nexoinformativo.mx\/index.php\/2026\/01\/26\/mauricio-kuri-cierra-gira-en-madrid-con-inversiones-y-promocion-turistica\/#respond"]}]},{"@type":"WebPage","@id":"https:\/\/www.nexoinformativo.mx\/index.php\/2026\/01\/26\/mauricio-kuri-cierra-gira-en-madrid-con-inversiones-y-promocion-turistica\/","url":"https:\/\/www.nexoinformativo.mx\/index.php\/2026\/01\/26\/mauricio-kuri-cierra-gira-en-madrid-con-inversiones-y-promocion-turistica\/","name":"Mauricio Kuri cierra gira en Madrid con inversiones y promoci\u00f3n tur\u00edstica | Nexo Informativo Santiago de Quer\u00e9taro","isPartOf":{"@id":"https:\/\/www.nexoinformativo.mx\/#website"},"primaryImageOfPage":{"@id":"https:\/\/www.nexoinformativo.mx\/index.php\/2026\/01\/26\/mauricio-kuri-cierra-gira-en-madrid-con-inversiones-y-promocion-turistica\/#primaryimage"},"image":{"@id":"https:\/\/www.nexoinformativo.mx\/index.php\/2026\/01\/26\/mauricio-kuri-cierra-gira-en-madrid-con-inversiones-y-promocion-turistica\/#primaryimage"},"thumbnailUrl":"https:\/\/www.nexoinformativo.mx\/wp-content\/uploads\/2026\/01\/IMG-20260126-WA0003.jpg","datePublished":"2026-01-26T17:00:57+00:00","dateModified":"2026-01-26T19:05:30+00:00","breadcrumb":{"@id":"https:\/\/www.nexoinformativo.mx\/index.php\/2026\/01\/26\/mauricio-kuri-cierra-gira-en-madrid-con-inversiones-y-promocion-turistica\/#breadcrumb"},"inLanguage":"es","potentialAction":[{"@type":"ReadAction","target":["https:\/\/www.nexoinformativo.mx\/index.php\/2026\/01\/26\/mauricio-kuri-cierra-gira-en-madrid-con-inversiones-y-promocion-turistica\/"]}]},{"@type":"ImageObject","inLanguage":"es","@id":"https:\/\/www.nexoinformativo.mx\/index.php\/2026\/01\/26\/mauricio-kuri-cierra-gira-en-madrid-con-inversiones-y-promocion-turistica\/#primaryimage","url":"https:\/\/www.nexoinformativo.mx\/wp-content\/uploads\/2026\/01\/IMG-20260126-WA0003.jpg","contentUrl":"https:\/\/www.nexoinformativo.mx\/wp-content\/uploads\/2026\/01\/IMG-20260126-WA0003.jpg","width":1079,"height":902},{"@type":"BreadcrumbList","@id":"https:\/\/www.nexoinformativo.mx\/index.php\/2026\/01\/26\/mauricio-kuri-cierra-gira-en-madrid-con-inversiones-y-promocion-turistica\/#breadcrumb","itemListElement":[{"@type":"ListItem","position":1,"name":"Inicio","item":"https:\/\/www.nexoinformativo.mx\/"},{"@type":"ListItem","position":2,"name":"Mauricio Kuri cierra gira en Madrid con inversiones y promoci\u00f3n tur\u00edstica"}]},{"@type":"WebSite","@id":"https:\/\/www.nexoinformativo.mx\/#website","url":"https:\/\/www.nexoinformativo.mx\/","name":"Nexo Informativo Santiago de Quer\u00e9taro","description":"Explora NexoInformativo y convi\u00e9rtete en parte de una comunidad que valora el conocimiento y la verdad. Tu nexoinformativo es tu puente hacia una comprensi\u00f3n m\u00e1s profunda del mundo que te rodea.","publisher":{"@id":"https:\/\/www.nexoinformativo.mx\/#organization"},"potentialAction":[{"@type":"SearchAction","target":{"@type":"EntryPoint","urlTemplate":"https:\/\/www.nexoinformativo.mx\/?s={search_term_string}"},"query-input":{"@type":"PropertyValueSpecification","valueRequired":true,"valueName":"search_term_string"}}],"inLanguage":"es"},{"@type":"Organization","@id":"https:\/\/www.nexoinformativo.mx\/#organization","name":"Nexo Informativo Santiago de Quer\u00e9taro","url":"https:\/\/www.nexoinformativo.mx\/","logo":{"@type":"ImageObject","inLanguage":"es","@id":"https:\/\/www.nexoinformativo.mx\/#\/schema\/logo\/image\/","url":"https:\/\/www.nexoinformativo.mx\/wp-content\/uploads\/2024\/07\/nexoi-trasparente-2.png","contentUrl":"https:\/\/www.nexoinformativo.mx\/wp-content\/uploads\/2024\/07\/nexoi-trasparente-2.png","width":816,"height":339,"caption":"Nexo Informativo Santiago de Quer\u00e9taro"},"image":{"@id":"https:\/\/www.nexoinformativo.mx\/#\/schema\/logo\/image\/"},"sameAs":["https:\/\/www.facebook.com\/people\/Nexo-Informativo\/61564066885511\/"]},{"@type":"Person","@id":"https:\/\/www.nexoinformativo.mx\/#\/schema\/person\/7749d380ba08c8ca00d7bc76fd907b7d","name":"Nexo Informativo","image":{"@type":"ImageObject","inLanguage":"es","@id":"https:\/\/www.nexoinformativo.mx\/#\/schema\/person\/image\/","url":"https:\/\/secure.gravatar.com\/avatar\/dde2928154642a13d95f87ddf1ea9718fe2b46760a005c53e41ff5ad610704e6?s=96&d=mm&r=g","contentUrl":"https:\/\/secure.gravatar.com\/avatar\/dde2928154642a13d95f87ddf1ea9718fe2b46760a005c53e41ff5ad610704e6?s=96&d=mm&r=g","caption":"Nexo Informativo"},"url":"https:\/\/www.nexoinformativo.mx\/index.php\/author\/edicion\/"}]}},"_links":{"self":[{"href":"https:\/\/www.nexoinformativo.mx\/index.php\/wp-json\/wp\/v2\/posts\/17206","targetHints":{"allow":["GET"]}}],"collection":[{"href":"https:\/\/www.nexoinformativo.mx\/index.php\/wp-json\/wp\/v2\/posts"}],"about":[{"href":"https:\/\/www.nexoinformativo.mx\/index.php\/wp-json\/wp\/v2\/types\/post"}],"author":[{"embeddable":true,"href":"https:\/\/www.nexoinformativo.mx\/index.php\/wp-json\/wp\/v2\/users\/3"}],"replies":[{"embeddable":true,"href":"https:\/\/www.nexoinformativo.mx\/index.php\/wp-json\/wp\/v2\/comments?post=17206"}],"version-history":[{"count":1,"href":"https:\/\/www.nexoinformativo.mx\/index.php\/wp-json\/wp\/v2\/posts\/17206\/revisions"}],"predecessor-version":[{"id":17207,"href":"https:\/\/www.nexoinformativo.mx\/index.php\/wp-json\/wp\/v2\/posts\/17206\/revisions\/17207"}],"wp:featuredmedia":[{"embeddable":true,"href":"https:\/\/www.nexoinformativo.mx\/index.php\/wp-json\/wp\/v2\/media\/17205"}],"wp:attachment":[{"href":"https:\/\/www.nexoinformativo.mx\/index.php\/wp-json\/wp\/v2\/media?parent=17206"}],"wp:term":[{"taxonomy":"category","embeddable":true,"href":"https:\/\/www.nexoinformativo.mx\/index.php\/wp-json\/wp\/v2\/categories?post=17206"},{"taxonomy":"post_tag","embeddable":true,"href":"https:\/\/www.nexoinformativo.mx\/index.php\/wp-json\/wp\/v2\/tags?post=17206"}],"curies":[{"name":"wp","href":"https:\/\/api.w.org\/{rel}","templated":true}]}}