{"id":17209,"date":"2026-01-26T00:00:41","date_gmt":"2026-01-26T06:00:41","guid":{"rendered":"https:\/\/www.nexoinformativo.mx\/?p=17209"},"modified":"2026-01-26T14:11:04","modified_gmt":"2026-01-26T20:11:04","slug":"mauricio-kuri-reconoce-legado-educativo-de-la-cbeneq-en-su-140-aniversario","status":"publish","type":"post","link":"https:\/\/www.nexoinformativo.mx\/index.php\/2026\/01\/26\/mauricio-kuri-reconoce-legado-educativo-de-la-cbeneq-en-su-140-aniversario\/","title":{"rendered":"Mauricio Kuri reconoce legado educativo de la CBENEQ en su 140 aniversario"},"content":{"rendered":"\n<p>El gobernador de Quer\u00e9taro, Mauricio Kuri Gonz\u00e1lez, destac\u00f3 que la educaci\u00f3n es y seguir\u00e1 siendo la principal tarea de su gobierno para el desarrollo social, al encabezar la conmemoraci\u00f3n del 140 aniversario de la Centenaria y Benem\u00e9rita Escuela Normal del Estado de Quer\u00e9taro (CBENEQ). Reconoci\u00f3 la vocaci\u00f3n y preparaci\u00f3n de las y los egresados, a quienes llam\u00f3 a seguir fortaleciendo la educaci\u00f3n en la entidad.<\/p>\n\n\n\n<p><br>Durante el evento, el mandatario se\u00f1al\u00f3 que la CBENEQ \u201cAndr\u00e9s Balvanera\u201d es una de las instituciones educativas m\u00e1s importantes del Baj\u00edo y de M\u00e9xico, al ser un semillero de maestras y maestros que han acompa\u00f1ado la formaci\u00f3n acad\u00e9mica de generaciones en Quer\u00e9taro. Asimismo, felicit\u00f3 a estudiantes, docentes y personal administrativo por su aportaci\u00f3n al desarrollo, la paz y el orgullo del estado.<\/p>\n\n\n\n<p><br>Mauricio Kuri subray\u00f3 que los buenos resultados de Quer\u00e9taro en educaci\u00f3n, seguridad y empleo se logran gracias al trabajo conjunto y a la formaci\u00f3n con valores. Reiter\u00f3 el compromiso de su gobierno para llevar la educaci\u00f3n al siguiente nivel, con pol\u00edticas responsables, docentes comprometidos y estudiantes que concluyan sus estudios.<\/p>\n\n\n\n<p><br>En el marco de la celebraci\u00f3n, autoridades educativas resaltaron que Quer\u00e9taro se ha consolidado como una potencia educativa, mientras que directivos de la CBENEQ recordaron que, a lo largo de 140 a\u00f1os, la instituci\u00f3n ha formado a m\u00e1s de 18 mil docentes. El aniversario fue marcado con la develaci\u00f3n de una placa conmemorativa que reafirma su legado en la educaci\u00f3n del estado.<\/p>\n","protected":false},"excerpt":{"rendered":"<p>El gobernador de Quer\u00e9taro, Mauricio Kuri Gonz\u00e1lez, destac\u00f3 que la educaci\u00f3n es y seguir\u00e1 siendo la principal tarea de su gobierno para el desarrollo social, al encabezar la conmemoraci\u00f3n del 140 aniversario de la Centenaria y Benem\u00e9rita Escuela Normal del Estado de Quer\u00e9taro (CBENEQ).<\/p>\n","protected":false},"author":3,"featured_media":17208,"comment_status":"open","ping_status":"open","sticky":false,"template":"","format":"standard","meta":{"footnotes":""},"categories":[35,42,58],"tags":[5115,173,5116,661,133],"class_list":["post-17209","post","type-post","status-publish","format-standard","has-post-thumbnail","hentry","category-ciencia","category-estado","category-ultima-hora","tag-cbeneq","tag-educacion","tag-escuelanormal","tag-mauriciokuri","tag-queretaro"],"yoast_head":"<!-- This site is optimized with the Yoast SEO plugin v25.0 - https:\/\/yoast.com\/wordpress\/plugins\/seo\/ -->\n<title>Mauricio Kuri reconoce legado educativo de la CBENEQ en su 140 aniversario | Nexo Informativo Santiago de Quer\u00e9taro<\/title>\n<meta name=\"robots\" content=\"index, follow, max-snippet:-1, max-image-preview:large, max-video-preview:-1\" \/>\n<link rel=\"canonical\" href=\"https:\/\/www.nexoinformativo.mx\/index.php\/2026\/01\/26\/mauricio-kuri-reconoce-legado-educativo-de-la-cbeneq-en-su-140-aniversario\/\" \/>\n<meta property=\"og:locale\" content=\"es_MX\" \/>\n<meta property=\"og:type\" content=\"article\" \/>\n<meta property=\"og:title\" content=\"Mauricio Kuri reconoce legado educativo de la CBENEQ en su 140 aniversario | Nexo Informativo Santiago de Quer\u00e9taro\" \/>\n<meta property=\"og:description\" content=\"El gobernador de Quer\u00e9taro, Mauricio Kuri Gonz\u00e1lez, destac\u00f3 que la educaci\u00f3n es y seguir\u00e1 siendo la principal tarea de su gobierno para el desarrollo social, al encabezar la conmemoraci\u00f3n del 140 aniversario de la Centenaria y Benem\u00e9rita Escuela Normal del Estado de Quer\u00e9taro (CBENEQ).\" \/>\n<meta property=\"og:url\" content=\"https:\/\/www.nexoinformativo.mx\/index.php\/2026\/01\/26\/mauricio-kuri-reconoce-legado-educativo-de-la-cbeneq-en-su-140-aniversario\/\" \/>\n<meta property=\"og:site_name\" content=\"Nexo Informativo Santiago de Quer\u00e9taro\" \/>\n<meta property=\"article:publisher\" content=\"https:\/\/www.facebook.com\/people\/Nexo-Informativo\/61564066885511\/\" \/>\n<meta property=\"article:published_time\" content=\"2026-01-26T06:00:41+00:00\" \/>\n<meta property=\"article:modified_time\" content=\"2026-01-26T20:11:04+00:00\" \/>\n<meta property=\"og:image\" content=\"https:\/\/www.nexoinformativo.mx\/wp-content\/uploads\/2026\/01\/ImageWorks-4.jpeg\" \/>\n\t<meta property=\"og:image:width\" content=\"300\" \/>\n\t<meta property=\"og:image:height\" content=\"184\" \/>\n\t<meta property=\"og:image:type\" content=\"image\/jpeg\" \/>\n<meta name=\"author\" content=\"Nexo Informativo\" \/>\n<meta name=\"twitter:card\" content=\"summary_large_image\" \/>\n<meta name=\"twitter:label1\" content=\"Escrito por\" \/>\n\t<meta name=\"twitter:data1\" content=\"Nexo Informativo\" \/>\n\t<meta name=\"twitter:label2\" content=\"Tiempo de lectura\" \/>\n\t<meta name=\"twitter:data2\" content=\"1 minuto\" \/>\n<script type=\"application\/ld+json\" class=\"yoast-schema-graph\">{\"@context\":\"https:\/\/schema.org\",\"@graph\":[{\"@type\":\"Article\",\"@id\":\"https:\/\/www.nexoinformativo.mx\/index.php\/2026\/01\/26\/mauricio-kuri-reconoce-legado-educativo-de-la-cbeneq-en-su-140-aniversario\/#article\",\"isPartOf\":{\"@id\":\"https:\/\/www.nexoinformativo.mx\/index.php\/2026\/01\/26\/mauricio-kuri-reconoce-legado-educativo-de-la-cbeneq-en-su-140-aniversario\/\"},\"author\":{\"name\":\"Nexo Informativo\",\"@id\":\"https:\/\/www.nexoinformativo.mx\/#\/schema\/person\/7749d380ba08c8ca00d7bc76fd907b7d\"},\"headline\":\"Mauricio Kuri reconoce legado educativo de la CBENEQ en su 140 aniversario\",\"datePublished\":\"2026-01-26T06:00:41+00:00\",\"dateModified\":\"2026-01-26T20:11:04+00:00\",\"mainEntityOfPage\":{\"@id\":\"https:\/\/www.nexoinformativo.mx\/index.php\/2026\/01\/26\/mauricio-kuri-reconoce-legado-educativo-de-la-cbeneq-en-su-140-aniversario\/\"},\"wordCount\":278,\"commentCount\":0,\"publisher\":{\"@id\":\"https:\/\/www.nexoinformativo.mx\/#organization\"},\"image\":{\"@id\":\"https:\/\/www.nexoinformativo.mx\/index.php\/2026\/01\/26\/mauricio-kuri-reconoce-legado-educativo-de-la-cbeneq-en-su-140-aniversario\/#primaryimage\"},\"thumbnailUrl\":\"https:\/\/www.nexoinformativo.mx\/wp-content\/uploads\/2026\/01\/ImageWorks-4.jpeg\",\"keywords\":[\"CBENEQ\",\"educacion\",\"EscuelaNormal\",\"MauricioKuri\",\"Quer\u00e9taro\"],\"articleSection\":[\"Ciencia\",\"Estado\",\"\u00daltima Hora\"],\"inLanguage\":\"es\",\"potentialAction\":[{\"@type\":\"CommentAction\",\"name\":\"Comment\",\"target\":[\"https:\/\/www.nexoinformativo.mx\/index.php\/2026\/01\/26\/mauricio-kuri-reconoce-legado-educativo-de-la-cbeneq-en-su-140-aniversario\/#respond\"]}]},{\"@type\":\"WebPage\",\"@id\":\"https:\/\/www.nexoinformativo.mx\/index.php\/2026\/01\/26\/mauricio-kuri-reconoce-legado-educativo-de-la-cbeneq-en-su-140-aniversario\/\",\"url\":\"https:\/\/www.nexoinformativo.mx\/index.php\/2026\/01\/26\/mauricio-kuri-reconoce-legado-educativo-de-la-cbeneq-en-su-140-aniversario\/\",\"name\":\"Mauricio Kuri reconoce legado educativo de la CBENEQ en su 140 aniversario | Nexo Informativo Santiago de Quer\u00e9taro\",\"isPartOf\":{\"@id\":\"https:\/\/www.nexoinformativo.mx\/#website\"},\"primaryImageOfPage\":{\"@id\":\"https:\/\/www.nexoinformativo.mx\/index.php\/2026\/01\/26\/mauricio-kuri-reconoce-legado-educativo-de-la-cbeneq-en-su-140-aniversario\/#primaryimage\"},\"image\":{\"@id\":\"https:\/\/www.nexoinformativo.mx\/index.php\/2026\/01\/26\/mauricio-kuri-reconoce-legado-educativo-de-la-cbeneq-en-su-140-aniversario\/#primaryimage\"},\"thumbnailUrl\":\"https:\/\/www.nexoinformativo.mx\/wp-content\/uploads\/2026\/01\/ImageWorks-4.jpeg\",\"datePublished\":\"2026-01-26T06:00:41+00:00\",\"dateModified\":\"2026-01-26T20:11:04+00:00\",\"breadcrumb\":{\"@id\":\"https:\/\/www.nexoinformativo.mx\/index.php\/2026\/01\/26\/mauricio-kuri-reconoce-legado-educativo-de-la-cbeneq-en-su-140-aniversario\/#breadcrumb\"},\"inLanguage\":\"es\",\"potentialAction\":[{\"@type\":\"ReadAction\",\"target\":[\"https:\/\/www.nexoinformativo.mx\/index.php\/2026\/01\/26\/mauricio-kuri-reconoce-legado-educativo-de-la-cbeneq-en-su-140-aniversario\/\"]}]},{\"@type\":\"ImageObject\",\"inLanguage\":\"es\",\"@id\":\"https:\/\/www.nexoinformativo.mx\/index.php\/2026\/01\/26\/mauricio-kuri-reconoce-legado-educativo-de-la-cbeneq-en-su-140-aniversario\/#primaryimage\",\"url\":\"https:\/\/www.nexoinformativo.mx\/wp-content\/uploads\/2026\/01\/ImageWorks-4.jpeg\",\"contentUrl\":\"https:\/\/www.nexoinformativo.mx\/wp-content\/uploads\/2026\/01\/ImageWorks-4.jpeg\",\"width\":300,\"height\":184},{\"@type\":\"BreadcrumbList\",\"@id\":\"https:\/\/www.nexoinformativo.mx\/index.php\/2026\/01\/26\/mauricio-kuri-reconoce-legado-educativo-de-la-cbeneq-en-su-140-aniversario\/#breadcrumb\",\"itemListElement\":[{\"@type\":\"ListItem\",\"position\":1,\"name\":\"Inicio\",\"item\":\"https:\/\/www.nexoinformativo.mx\/\"},{\"@type\":\"ListItem\",\"position\":2,\"name\":\"Mauricio Kuri reconoce legado educativo de la CBENEQ en su 140 aniversario\"}]},{\"@type\":\"WebSite\",\"@id\":\"https:\/\/www.nexoinformativo.mx\/#website\",\"url\":\"https:\/\/www.nexoinformativo.mx\/\",\"name\":\"Nexo Informativo Santiago de Quer\u00e9taro\",\"description\":\"Explora NexoInformativo y convi\u00e9rtete en parte de una comunidad que valora el conocimiento y la verdad. Tu nexoinformativo es tu puente hacia una comprensi\u00f3n m\u00e1s profunda del mundo que te rodea.\",\"publisher\":{\"@id\":\"https:\/\/www.nexoinformativo.mx\/#organization\"},\"potentialAction\":[{\"@type\":\"SearchAction\",\"target\":{\"@type\":\"EntryPoint\",\"urlTemplate\":\"https:\/\/www.nexoinformativo.mx\/?s={search_term_string}\"},\"query-input\":{\"@type\":\"PropertyValueSpecification\",\"valueRequired\":true,\"valueName\":\"search_term_string\"}}],\"inLanguage\":\"es\"},{\"@type\":\"Organization\",\"@id\":\"https:\/\/www.nexoinformativo.mx\/#organization\",\"name\":\"Nexo Informativo Santiago de Quer\u00e9taro\",\"url\":\"https:\/\/www.nexoinformativo.mx\/\",\"logo\":{\"@type\":\"ImageObject\",\"inLanguage\":\"es\",\"@id\":\"https:\/\/www.nexoinformativo.mx\/#\/schema\/logo\/image\/\",\"url\":\"https:\/\/www.nexoinformativo.mx\/wp-content\/uploads\/2024\/07\/nexoi-trasparente-2.png\",\"contentUrl\":\"https:\/\/www.nexoinformativo.mx\/wp-content\/uploads\/2024\/07\/nexoi-trasparente-2.png\",\"width\":816,\"height\":339,\"caption\":\"Nexo Informativo Santiago de Quer\u00e9taro\"},\"image\":{\"@id\":\"https:\/\/www.nexoinformativo.mx\/#\/schema\/logo\/image\/\"},\"sameAs\":[\"https:\/\/www.facebook.com\/people\/Nexo-Informativo\/61564066885511\/\"]},{\"@type\":\"Person\",\"@id\":\"https:\/\/www.nexoinformativo.mx\/#\/schema\/person\/7749d380ba08c8ca00d7bc76fd907b7d\",\"name\":\"Nexo Informativo\",\"image\":{\"@type\":\"ImageObject\",\"inLanguage\":\"es\",\"@id\":\"https:\/\/www.nexoinformativo.mx\/#\/schema\/person\/image\/\",\"url\":\"https:\/\/secure.gravatar.com\/avatar\/dde2928154642a13d95f87ddf1ea9718fe2b46760a005c53e41ff5ad610704e6?s=96&d=mm&r=g\",\"contentUrl\":\"https:\/\/secure.gravatar.com\/avatar\/dde2928154642a13d95f87ddf1ea9718fe2b46760a005c53e41ff5ad610704e6?s=96&d=mm&r=g\",\"caption\":\"Nexo Informativo\"},\"url\":\"https:\/\/www.nexoinformativo.mx\/index.php\/author\/edicion\/\"}]}<\/script>\n<!-- \/ Yoast SEO plugin. -->","yoast_head_json":{"title":"Mauricio Kuri reconoce legado educativo de la CBENEQ en su 140 aniversario | Nexo Informativo Santiago de Quer\u00e9taro","robots":{"index":"index","follow":"follow","max-snippet":"max-snippet:-1","max-image-preview":"max-image-preview:large","max-video-preview":"max-video-preview:-1"},"canonical":"https:\/\/www.nexoinformativo.mx\/index.php\/2026\/01\/26\/mauricio-kuri-reconoce-legado-educativo-de-la-cbeneq-en-su-140-aniversario\/","og_locale":"es_MX","og_type":"article","og_title":"Mauricio Kuri reconoce legado educativo de la CBENEQ en su 140 aniversario | Nexo Informativo Santiago de Quer\u00e9taro","og_description":"El gobernador de Quer\u00e9taro, Mauricio Kuri Gonz\u00e1lez, destac\u00f3 que la educaci\u00f3n es y seguir\u00e1 siendo la principal tarea de su gobierno para el desarrollo social, al encabezar la conmemoraci\u00f3n del 140 aniversario de la Centenaria y Benem\u00e9rita Escuela Normal del Estado de Quer\u00e9taro (CBENEQ).","og_url":"https:\/\/www.nexoinformativo.mx\/index.php\/2026\/01\/26\/mauricio-kuri-reconoce-legado-educativo-de-la-cbeneq-en-su-140-aniversario\/","og_site_name":"Nexo Informativo Santiago de Quer\u00e9taro","article_publisher":"https:\/\/www.facebook.com\/people\/Nexo-Informativo\/61564066885511\/","article_published_time":"2026-01-26T06:00:41+00:00","article_modified_time":"2026-01-26T20:11:04+00:00","og_image":[{"width":300,"height":184,"url":"https:\/\/www.nexoinformativo.mx\/wp-content\/uploads\/2026\/01\/ImageWorks-4.jpeg","type":"image\/jpeg"}],"author":"Nexo Informativo","twitter_card":"summary_large_image","twitter_misc":{"Escrito por":"Nexo Informativo","Tiempo de lectura":"1 minuto"},"schema":{"@context":"https:\/\/schema.org","@graph":[{"@type":"Article","@id":"https:\/\/www.nexoinformativo.mx\/index.php\/2026\/01\/26\/mauricio-kuri-reconoce-legado-educativo-de-la-cbeneq-en-su-140-aniversario\/#article","isPartOf":{"@id":"https:\/\/www.nexoinformativo.mx\/index.php\/2026\/01\/26\/mauricio-kuri-reconoce-legado-educativo-de-la-cbeneq-en-su-140-aniversario\/"},"author":{"name":"Nexo Informativo","@id":"https:\/\/www.nexoinformativo.mx\/#\/schema\/person\/7749d380ba08c8ca00d7bc76fd907b7d"},"headline":"Mauricio Kuri reconoce legado educativo de la CBENEQ en su 140 aniversario","datePublished":"2026-01-26T06:00:41+00:00","dateModified":"2026-01-26T20:11:04+00:00","mainEntityOfPage":{"@id":"https:\/\/www.nexoinformativo.mx\/index.php\/2026\/01\/26\/mauricio-kuri-reconoce-legado-educativo-de-la-cbeneq-en-su-140-aniversario\/"},"wordCount":278,"commentCount":0,"publisher":{"@id":"https:\/\/www.nexoinformativo.mx\/#organization"},"image":{"@id":"https:\/\/www.nexoinformativo.mx\/index.php\/2026\/01\/26\/mauricio-kuri-reconoce-legado-educativo-de-la-cbeneq-en-su-140-aniversario\/#primaryimage"},"thumbnailUrl":"https:\/\/www.nexoinformativo.mx\/wp-content\/uploads\/2026\/01\/ImageWorks-4.jpeg","keywords":["CBENEQ","educacion","EscuelaNormal","MauricioKuri","Quer\u00e9taro"],"articleSection":["Ciencia","Estado","\u00daltima Hora"],"inLanguage":"es","potentialAction":[{"@type":"CommentAction","name":"Comment","target":["https:\/\/www.nexoinformativo.mx\/index.php\/2026\/01\/26\/mauricio-kuri-reconoce-legado-educativo-de-la-cbeneq-en-su-140-aniversario\/#respond"]}]},{"@type":"WebPage","@id":"https:\/\/www.nexoinformativo.mx\/index.php\/2026\/01\/26\/mauricio-kuri-reconoce-legado-educativo-de-la-cbeneq-en-su-140-aniversario\/","url":"https:\/\/www.nexoinformativo.mx\/index.php\/2026\/01\/26\/mauricio-kuri-reconoce-legado-educativo-de-la-cbeneq-en-su-140-aniversario\/","name":"Mauricio Kuri reconoce legado educativo de la CBENEQ en su 140 aniversario | Nexo Informativo Santiago de Quer\u00e9taro","isPartOf":{"@id":"https:\/\/www.nexoinformativo.mx\/#website"},"primaryImageOfPage":{"@id":"https:\/\/www.nexoinformativo.mx\/index.php\/2026\/01\/26\/mauricio-kuri-reconoce-legado-educativo-de-la-cbeneq-en-su-140-aniversario\/#primaryimage"},"image":{"@id":"https:\/\/www.nexoinformativo.mx\/index.php\/2026\/01\/26\/mauricio-kuri-reconoce-legado-educativo-de-la-cbeneq-en-su-140-aniversario\/#primaryimage"},"thumbnailUrl":"https:\/\/www.nexoinformativo.mx\/wp-content\/uploads\/2026\/01\/ImageWorks-4.jpeg","datePublished":"2026-01-26T06:00:41+00:00","dateModified":"2026-01-26T20:11:04+00:00","breadcrumb":{"@id":"https:\/\/www.nexoinformativo.mx\/index.php\/2026\/01\/26\/mauricio-kuri-reconoce-legado-educativo-de-la-cbeneq-en-su-140-aniversario\/#breadcrumb"},"inLanguage":"es","potentialAction":[{"@type":"ReadAction","target":["https:\/\/www.nexoinformativo.mx\/index.php\/2026\/01\/26\/mauricio-kuri-reconoce-legado-educativo-de-la-cbeneq-en-su-140-aniversario\/"]}]},{"@type":"ImageObject","inLanguage":"es","@id":"https:\/\/www.nexoinformativo.mx\/index.php\/2026\/01\/26\/mauricio-kuri-reconoce-legado-educativo-de-la-cbeneq-en-su-140-aniversario\/#primaryimage","url":"https:\/\/www.nexoinformativo.mx\/wp-content\/uploads\/2026\/01\/ImageWorks-4.jpeg","contentUrl":"https:\/\/www.nexoinformativo.mx\/wp-content\/uploads\/2026\/01\/ImageWorks-4.jpeg","width":300,"height":184},{"@type":"BreadcrumbList","@id":"https:\/\/www.nexoinformativo.mx\/index.php\/2026\/01\/26\/mauricio-kuri-reconoce-legado-educativo-de-la-cbeneq-en-su-140-aniversario\/#breadcrumb","itemListElement":[{"@type":"ListItem","position":1,"name":"Inicio","item":"https:\/\/www.nexoinformativo.mx\/"},{"@type":"ListItem","position":2,"name":"Mauricio Kuri reconoce legado educativo de la CBENEQ en su 140 aniversario"}]},{"@type":"WebSite","@id":"https:\/\/www.nexoinformativo.mx\/#website","url":"https:\/\/www.nexoinformativo.mx\/","name":"Nexo Informativo Santiago de Quer\u00e9taro","description":"Explora NexoInformativo y convi\u00e9rtete en parte de una comunidad que valora el conocimiento y la verdad. Tu nexoinformativo es tu puente hacia una comprensi\u00f3n m\u00e1s profunda del mundo que te rodea.","publisher":{"@id":"https:\/\/www.nexoinformativo.mx\/#organization"},"potentialAction":[{"@type":"SearchAction","target":{"@type":"EntryPoint","urlTemplate":"https:\/\/www.nexoinformativo.mx\/?s={search_term_string}"},"query-input":{"@type":"PropertyValueSpecification","valueRequired":true,"valueName":"search_term_string"}}],"inLanguage":"es"},{"@type":"Organization","@id":"https:\/\/www.nexoinformativo.mx\/#organization","name":"Nexo Informativo Santiago de Quer\u00e9taro","url":"https:\/\/www.nexoinformativo.mx\/","logo":{"@type":"ImageObject","inLanguage":"es","@id":"https:\/\/www.nexoinformativo.mx\/#\/schema\/logo\/image\/","url":"https:\/\/www.nexoinformativo.mx\/wp-content\/uploads\/2024\/07\/nexoi-trasparente-2.png","contentUrl":"https:\/\/www.nexoinformativo.mx\/wp-content\/uploads\/2024\/07\/nexoi-trasparente-2.png","width":816,"height":339,"caption":"Nexo Informativo Santiago de Quer\u00e9taro"},"image":{"@id":"https:\/\/www.nexoinformativo.mx\/#\/schema\/logo\/image\/"},"sameAs":["https:\/\/www.facebook.com\/people\/Nexo-Informativo\/61564066885511\/"]},{"@type":"Person","@id":"https:\/\/www.nexoinformativo.mx\/#\/schema\/person\/7749d380ba08c8ca00d7bc76fd907b7d","name":"Nexo Informativo","image":{"@type":"ImageObject","inLanguage":"es","@id":"https:\/\/www.nexoinformativo.mx\/#\/schema\/person\/image\/","url":"https:\/\/secure.gravatar.com\/avatar\/dde2928154642a13d95f87ddf1ea9718fe2b46760a005c53e41ff5ad610704e6?s=96&d=mm&r=g","contentUrl":"https:\/\/secure.gravatar.com\/avatar\/dde2928154642a13d95f87ddf1ea9718fe2b46760a005c53e41ff5ad610704e6?s=96&d=mm&r=g","caption":"Nexo Informativo"},"url":"https:\/\/www.nexoinformativo.mx\/index.php\/author\/edicion\/"}]}},"_links":{"self":[{"href":"https:\/\/www.nexoinformativo.mx\/index.php\/wp-json\/wp\/v2\/posts\/17209","targetHints":{"allow":["GET"]}}],"collection":[{"href":"https:\/\/www.nexoinformativo.mx\/index.php\/wp-json\/wp\/v2\/posts"}],"about":[{"href":"https:\/\/www.nexoinformativo.mx\/index.php\/wp-json\/wp\/v2\/types\/post"}],"author":[{"embeddable":true,"href":"https:\/\/www.nexoinformativo.mx\/index.php\/wp-json\/wp\/v2\/users\/3"}],"replies":[{"embeddable":true,"href":"https:\/\/www.nexoinformativo.mx\/index.php\/wp-json\/wp\/v2\/comments?post=17209"}],"version-history":[{"count":1,"href":"https:\/\/www.nexoinformativo.mx\/index.php\/wp-json\/wp\/v2\/posts\/17209\/revisions"}],"predecessor-version":[{"id":17210,"href":"https:\/\/www.nexoinformativo.mx\/index.php\/wp-json\/wp\/v2\/posts\/17209\/revisions\/17210"}],"wp:featuredmedia":[{"embeddable":true,"href":"https:\/\/www.nexoinformativo.mx\/index.php\/wp-json\/wp\/v2\/media\/17208"}],"wp:attachment":[{"href":"https:\/\/www.nexoinformativo.mx\/index.php\/wp-json\/wp\/v2\/media?parent=17209"}],"wp:term":[{"taxonomy":"category","embeddable":true,"href":"https:\/\/www.nexoinformativo.mx\/index.php\/wp-json\/wp\/v2\/categories?post=17209"},{"taxonomy":"post_tag","embeddable":true,"href":"https:\/\/www.nexoinformativo.mx\/index.php\/wp-json\/wp\/v2\/tags?post=17209"}],"curies":[{"name":"wp","href":"https:\/\/api.w.org\/{rel}","templated":true}]}}