{"id":17213,"date":"2026-01-27T10:00:26","date_gmt":"2026-01-27T16:00:26","guid":{"rendered":"https:\/\/www.nexoinformativo.mx\/?p=17213"},"modified":"2026-01-28T13:45:44","modified_gmt":"2026-01-28T19:45:44","slug":"mauricio-kuri-destaca-inversion-de-20-mil-millones-de-dolares-en-queretaro","status":"publish","type":"post","link":"https:\/\/www.nexoinformativo.mx\/index.php\/2026\/01\/27\/mauricio-kuri-destaca-inversion-de-20-mil-millones-de-dolares-en-queretaro\/","title":{"rendered":"Mauricio Kuri destaca inversi\u00f3n de 20 mil millones de d\u00f3lares en Quer\u00e9taro"},"content":{"rendered":"\n<p>Mauricio Kuri Gonz\u00e1lez, gobernador de Quer\u00e9taro, inform\u00f3 que durante su administraci\u00f3n se han anunciado m\u00e1s de 20 mil millones de d\u00f3lares en inversi\u00f3n, resultado de la estrategia de promoci\u00f3n internacional y atracci\u00f3n de capital que se ha mantenido como pol\u00edtica de largo plazo en la entidad.<\/p>\n\n\n\n<p><br>El mandatario estatal record\u00f3 que esta estrategia comenz\u00f3 en gobiernos anteriores, cuando con Jos\u00e9 Calzada se concretaron 2 mil 600 millones de d\u00f3lares y con Francisco Dom\u00ednguez Servi\u00e9n se alcanzaron 4 mil 600 millones. En su gesti\u00f3n, destac\u00f3, Quer\u00e9taro ya suma 20 mil millones de d\u00f3lares en anuncios de inversi\u00f3n.<\/p>\n\n\n\n<p><br>En este contexto, el secretario de Desarrollo Sustentable, Marco Del Prete, inform\u00f3 que durante una gira de trabajo en Madrid, Espa\u00f1a, se realizaron cinco reuniones con empresas, de las cuales se derivaron tres proyectos de inversi\u00f3n por 500 millones de pesos, que permitir\u00e1n la generaci\u00f3n de m\u00e1s de mil 500 empleos directos e indirectos en Quer\u00e9taro.<\/p>\n\n\n\n<p><br>Por su parte, la secretaria de Turismo, Adriana Vega V\u00e1zquez Mellado, destac\u00f3 la participaci\u00f3n de Quer\u00e9taro en la Feria Internacional de Turismo, donde m\u00e1s de 10 mil personas conocieron los atractivos del estado, adem\u00e1s de concretarse alianzas y citas de negocios que fortalecen la proyecci\u00f3n internacional de la entidad.<\/p>\n","protected":false},"excerpt":{"rendered":"<p>Mauricio Kuri Gonz\u00e1lez, gobernador de Quer\u00e9taro, inform\u00f3 que durante su administraci\u00f3n se han anunciado m\u00e1s de 20 mil millones de d\u00f3lares en inversi\u00f3n, resultado de la estrategia de promoci\u00f3n internacional y atracci\u00f3n de capital que se ha mantenido como pol\u00edtica de largo plazo en la entidad.<\/p>\n","protected":false},"author":3,"featured_media":17212,"comment_status":"open","ping_status":"open","sticky":false,"template":"","format":"standard","meta":{"footnotes":""},"categories":[5,42,58],"tags":[352,142,661,133,1686],"class_list":["post-17213","post","type-post","status-publish","format-standard","has-post-thumbnail","hentry","category-economia","category-estado","category-ultima-hora","tag-desarrolloeconomico","tag-inversion","tag-mauriciokuri","tag-queretaro","tag-turismo"],"yoast_head":"<!-- This site is optimized with the Yoast SEO plugin v25.0 - https:\/\/yoast.com\/wordpress\/plugins\/seo\/ -->\n<title>Mauricio Kuri destaca inversi\u00f3n de 20 mil millones de d\u00f3lares en Quer\u00e9taro | Nexo Informativo Santiago de Quer\u00e9taro<\/title>\n<meta name=\"robots\" content=\"index, follow, max-snippet:-1, max-image-preview:large, max-video-preview:-1\" \/>\n<link rel=\"canonical\" href=\"https:\/\/www.nexoinformativo.mx\/index.php\/2026\/01\/27\/mauricio-kuri-destaca-inversion-de-20-mil-millones-de-dolares-en-queretaro\/\" \/>\n<meta property=\"og:locale\" content=\"es_MX\" \/>\n<meta property=\"og:type\" content=\"article\" \/>\n<meta property=\"og:title\" content=\"Mauricio Kuri destaca inversi\u00f3n de 20 mil millones de d\u00f3lares en Quer\u00e9taro | Nexo Informativo Santiago de Quer\u00e9taro\" \/>\n<meta property=\"og:description\" content=\"Mauricio Kuri Gonz\u00e1lez, gobernador de Quer\u00e9taro, inform\u00f3 que durante su administraci\u00f3n se han anunciado m\u00e1s de 20 mil millones de d\u00f3lares en inversi\u00f3n, resultado de la estrategia de promoci\u00f3n internacional y atracci\u00f3n de capital que se ha mantenido como pol\u00edtica de largo plazo en la entidad.\" \/>\n<meta property=\"og:url\" content=\"https:\/\/www.nexoinformativo.mx\/index.php\/2026\/01\/27\/mauricio-kuri-destaca-inversion-de-20-mil-millones-de-dolares-en-queretaro\/\" \/>\n<meta property=\"og:site_name\" content=\"Nexo Informativo Santiago de Quer\u00e9taro\" \/>\n<meta property=\"article:publisher\" content=\"https:\/\/www.facebook.com\/people\/Nexo-Informativo\/61564066885511\/\" \/>\n<meta property=\"article:published_time\" content=\"2026-01-27T16:00:26+00:00\" \/>\n<meta property=\"article:modified_time\" content=\"2026-01-28T19:45:44+00:00\" \/>\n<meta property=\"og:image\" content=\"https:\/\/www.nexoinformativo.mx\/wp-content\/uploads\/2026\/01\/IMG-20260128-WA0006.jpg\" \/>\n\t<meta property=\"og:image:width\" content=\"1600\" \/>\n\t<meta property=\"og:image:height\" content=\"1067\" \/>\n\t<meta property=\"og:image:type\" content=\"image\/jpeg\" \/>\n<meta name=\"author\" content=\"Nexo Informativo\" \/>\n<meta name=\"twitter:card\" content=\"summary_large_image\" \/>\n<meta name=\"twitter:label1\" content=\"Escrito por\" \/>\n\t<meta name=\"twitter:data1\" content=\"Nexo Informativo\" \/>\n\t<meta name=\"twitter:label2\" content=\"Tiempo de lectura\" \/>\n\t<meta name=\"twitter:data2\" content=\"1 minuto\" \/>\n<script type=\"application\/ld+json\" class=\"yoast-schema-graph\">{\"@context\":\"https:\/\/schema.org\",\"@graph\":[{\"@type\":\"Article\",\"@id\":\"https:\/\/www.nexoinformativo.mx\/index.php\/2026\/01\/27\/mauricio-kuri-destaca-inversion-de-20-mil-millones-de-dolares-en-queretaro\/#article\",\"isPartOf\":{\"@id\":\"https:\/\/www.nexoinformativo.mx\/index.php\/2026\/01\/27\/mauricio-kuri-destaca-inversion-de-20-mil-millones-de-dolares-en-queretaro\/\"},\"author\":{\"name\":\"Nexo Informativo\",\"@id\":\"https:\/\/www.nexoinformativo.mx\/#\/schema\/person\/7749d380ba08c8ca00d7bc76fd907b7d\"},\"headline\":\"Mauricio Kuri destaca inversi\u00f3n de 20 mil millones de d\u00f3lares en Quer\u00e9taro\",\"datePublished\":\"2026-01-27T16:00:26+00:00\",\"dateModified\":\"2026-01-28T19:45:44+00:00\",\"mainEntityOfPage\":{\"@id\":\"https:\/\/www.nexoinformativo.mx\/index.php\/2026\/01\/27\/mauricio-kuri-destaca-inversion-de-20-mil-millones-de-dolares-en-queretaro\/\"},\"wordCount\":234,\"commentCount\":0,\"publisher\":{\"@id\":\"https:\/\/www.nexoinformativo.mx\/#organization\"},\"image\":{\"@id\":\"https:\/\/www.nexoinformativo.mx\/index.php\/2026\/01\/27\/mauricio-kuri-destaca-inversion-de-20-mil-millones-de-dolares-en-queretaro\/#primaryimage\"},\"thumbnailUrl\":\"https:\/\/www.nexoinformativo.mx\/wp-content\/uploads\/2026\/01\/IMG-20260128-WA0006.jpg\",\"keywords\":[\"DesarrolloEcon\u00f3mico\",\"Inversi\u00f3n\",\"MauricioKuri\",\"Quer\u00e9taro\",\"Turismo\"],\"articleSection\":[\"Econom\u00eda\",\"Estado\",\"\u00daltima Hora\"],\"inLanguage\":\"es\",\"potentialAction\":[{\"@type\":\"CommentAction\",\"name\":\"Comment\",\"target\":[\"https:\/\/www.nexoinformativo.mx\/index.php\/2026\/01\/27\/mauricio-kuri-destaca-inversion-de-20-mil-millones-de-dolares-en-queretaro\/#respond\"]}]},{\"@type\":\"WebPage\",\"@id\":\"https:\/\/www.nexoinformativo.mx\/index.php\/2026\/01\/27\/mauricio-kuri-destaca-inversion-de-20-mil-millones-de-dolares-en-queretaro\/\",\"url\":\"https:\/\/www.nexoinformativo.mx\/index.php\/2026\/01\/27\/mauricio-kuri-destaca-inversion-de-20-mil-millones-de-dolares-en-queretaro\/\",\"name\":\"Mauricio Kuri destaca inversi\u00f3n de 20 mil millones de d\u00f3lares en Quer\u00e9taro | Nexo Informativo Santiago de Quer\u00e9taro\",\"isPartOf\":{\"@id\":\"https:\/\/www.nexoinformativo.mx\/#website\"},\"primaryImageOfPage\":{\"@id\":\"https:\/\/www.nexoinformativo.mx\/index.php\/2026\/01\/27\/mauricio-kuri-destaca-inversion-de-20-mil-millones-de-dolares-en-queretaro\/#primaryimage\"},\"image\":{\"@id\":\"https:\/\/www.nexoinformativo.mx\/index.php\/2026\/01\/27\/mauricio-kuri-destaca-inversion-de-20-mil-millones-de-dolares-en-queretaro\/#primaryimage\"},\"thumbnailUrl\":\"https:\/\/www.nexoinformativo.mx\/wp-content\/uploads\/2026\/01\/IMG-20260128-WA0006.jpg\",\"datePublished\":\"2026-01-27T16:00:26+00:00\",\"dateModified\":\"2026-01-28T19:45:44+00:00\",\"breadcrumb\":{\"@id\":\"https:\/\/www.nexoinformativo.mx\/index.php\/2026\/01\/27\/mauricio-kuri-destaca-inversion-de-20-mil-millones-de-dolares-en-queretaro\/#breadcrumb\"},\"inLanguage\":\"es\",\"potentialAction\":[{\"@type\":\"ReadAction\",\"target\":[\"https:\/\/www.nexoinformativo.mx\/index.php\/2026\/01\/27\/mauricio-kuri-destaca-inversion-de-20-mil-millones-de-dolares-en-queretaro\/\"]}]},{\"@type\":\"ImageObject\",\"inLanguage\":\"es\",\"@id\":\"https:\/\/www.nexoinformativo.mx\/index.php\/2026\/01\/27\/mauricio-kuri-destaca-inversion-de-20-mil-millones-de-dolares-en-queretaro\/#primaryimage\",\"url\":\"https:\/\/www.nexoinformativo.mx\/wp-content\/uploads\/2026\/01\/IMG-20260128-WA0006.jpg\",\"contentUrl\":\"https:\/\/www.nexoinformativo.mx\/wp-content\/uploads\/2026\/01\/IMG-20260128-WA0006.jpg\",\"width\":1600,\"height\":1067},{\"@type\":\"BreadcrumbList\",\"@id\":\"https:\/\/www.nexoinformativo.mx\/index.php\/2026\/01\/27\/mauricio-kuri-destaca-inversion-de-20-mil-millones-de-dolares-en-queretaro\/#breadcrumb\",\"itemListElement\":[{\"@type\":\"ListItem\",\"position\":1,\"name\":\"Inicio\",\"item\":\"https:\/\/www.nexoinformativo.mx\/\"},{\"@type\":\"ListItem\",\"position\":2,\"name\":\"Mauricio Kuri destaca inversi\u00f3n de 20 mil millones de d\u00f3lares en Quer\u00e9taro\"}]},{\"@type\":\"WebSite\",\"@id\":\"https:\/\/www.nexoinformativo.mx\/#website\",\"url\":\"https:\/\/www.nexoinformativo.mx\/\",\"name\":\"Nexo Informativo Santiago de Quer\u00e9taro\",\"description\":\"Explora NexoInformativo y convi\u00e9rtete en parte de una comunidad que valora el conocimiento y la verdad. Tu nexoinformativo es tu puente hacia una comprensi\u00f3n m\u00e1s profunda del mundo que te rodea.\",\"publisher\":{\"@id\":\"https:\/\/www.nexoinformativo.mx\/#organization\"},\"potentialAction\":[{\"@type\":\"SearchAction\",\"target\":{\"@type\":\"EntryPoint\",\"urlTemplate\":\"https:\/\/www.nexoinformativo.mx\/?s={search_term_string}\"},\"query-input\":{\"@type\":\"PropertyValueSpecification\",\"valueRequired\":true,\"valueName\":\"search_term_string\"}}],\"inLanguage\":\"es\"},{\"@type\":\"Organization\",\"@id\":\"https:\/\/www.nexoinformativo.mx\/#organization\",\"name\":\"Nexo Informativo Santiago de Quer\u00e9taro\",\"url\":\"https:\/\/www.nexoinformativo.mx\/\",\"logo\":{\"@type\":\"ImageObject\",\"inLanguage\":\"es\",\"@id\":\"https:\/\/www.nexoinformativo.mx\/#\/schema\/logo\/image\/\",\"url\":\"https:\/\/www.nexoinformativo.mx\/wp-content\/uploads\/2024\/07\/nexoi-trasparente-2.png\",\"contentUrl\":\"https:\/\/www.nexoinformativo.mx\/wp-content\/uploads\/2024\/07\/nexoi-trasparente-2.png\",\"width\":816,\"height\":339,\"caption\":\"Nexo Informativo Santiago de Quer\u00e9taro\"},\"image\":{\"@id\":\"https:\/\/www.nexoinformativo.mx\/#\/schema\/logo\/image\/\"},\"sameAs\":[\"https:\/\/www.facebook.com\/people\/Nexo-Informativo\/61564066885511\/\"]},{\"@type\":\"Person\",\"@id\":\"https:\/\/www.nexoinformativo.mx\/#\/schema\/person\/7749d380ba08c8ca00d7bc76fd907b7d\",\"name\":\"Nexo Informativo\",\"image\":{\"@type\":\"ImageObject\",\"inLanguage\":\"es\",\"@id\":\"https:\/\/www.nexoinformativo.mx\/#\/schema\/person\/image\/\",\"url\":\"https:\/\/secure.gravatar.com\/avatar\/dde2928154642a13d95f87ddf1ea9718fe2b46760a005c53e41ff5ad610704e6?s=96&d=mm&r=g\",\"contentUrl\":\"https:\/\/secure.gravatar.com\/avatar\/dde2928154642a13d95f87ddf1ea9718fe2b46760a005c53e41ff5ad610704e6?s=96&d=mm&r=g\",\"caption\":\"Nexo Informativo\"},\"url\":\"https:\/\/www.nexoinformativo.mx\/index.php\/author\/edicion\/\"}]}<\/script>\n<!-- \/ Yoast SEO plugin. -->","yoast_head_json":{"title":"Mauricio Kuri destaca inversi\u00f3n de 20 mil millones de d\u00f3lares en Quer\u00e9taro | Nexo Informativo Santiago de Quer\u00e9taro","robots":{"index":"index","follow":"follow","max-snippet":"max-snippet:-1","max-image-preview":"max-image-preview:large","max-video-preview":"max-video-preview:-1"},"canonical":"https:\/\/www.nexoinformativo.mx\/index.php\/2026\/01\/27\/mauricio-kuri-destaca-inversion-de-20-mil-millones-de-dolares-en-queretaro\/","og_locale":"es_MX","og_type":"article","og_title":"Mauricio Kuri destaca inversi\u00f3n de 20 mil millones de d\u00f3lares en Quer\u00e9taro | Nexo Informativo Santiago de Quer\u00e9taro","og_description":"Mauricio Kuri Gonz\u00e1lez, gobernador de Quer\u00e9taro, inform\u00f3 que durante su administraci\u00f3n se han anunciado m\u00e1s de 20 mil millones de d\u00f3lares en inversi\u00f3n, resultado de la estrategia de promoci\u00f3n internacional y atracci\u00f3n de capital que se ha mantenido como pol\u00edtica de largo plazo en la entidad.","og_url":"https:\/\/www.nexoinformativo.mx\/index.php\/2026\/01\/27\/mauricio-kuri-destaca-inversion-de-20-mil-millones-de-dolares-en-queretaro\/","og_site_name":"Nexo Informativo Santiago de Quer\u00e9taro","article_publisher":"https:\/\/www.facebook.com\/people\/Nexo-Informativo\/61564066885511\/","article_published_time":"2026-01-27T16:00:26+00:00","article_modified_time":"2026-01-28T19:45:44+00:00","og_image":[{"width":1600,"height":1067,"url":"https:\/\/www.nexoinformativo.mx\/wp-content\/uploads\/2026\/01\/IMG-20260128-WA0006.jpg","type":"image\/jpeg"}],"author":"Nexo Informativo","twitter_card":"summary_large_image","twitter_misc":{"Escrito por":"Nexo Informativo","Tiempo de lectura":"1 minuto"},"schema":{"@context":"https:\/\/schema.org","@graph":[{"@type":"Article","@id":"https:\/\/www.nexoinformativo.mx\/index.php\/2026\/01\/27\/mauricio-kuri-destaca-inversion-de-20-mil-millones-de-dolares-en-queretaro\/#article","isPartOf":{"@id":"https:\/\/www.nexoinformativo.mx\/index.php\/2026\/01\/27\/mauricio-kuri-destaca-inversion-de-20-mil-millones-de-dolares-en-queretaro\/"},"author":{"name":"Nexo Informativo","@id":"https:\/\/www.nexoinformativo.mx\/#\/schema\/person\/7749d380ba08c8ca00d7bc76fd907b7d"},"headline":"Mauricio Kuri destaca inversi\u00f3n de 20 mil millones de d\u00f3lares en Quer\u00e9taro","datePublished":"2026-01-27T16:00:26+00:00","dateModified":"2026-01-28T19:45:44+00:00","mainEntityOfPage":{"@id":"https:\/\/www.nexoinformativo.mx\/index.php\/2026\/01\/27\/mauricio-kuri-destaca-inversion-de-20-mil-millones-de-dolares-en-queretaro\/"},"wordCount":234,"commentCount":0,"publisher":{"@id":"https:\/\/www.nexoinformativo.mx\/#organization"},"image":{"@id":"https:\/\/www.nexoinformativo.mx\/index.php\/2026\/01\/27\/mauricio-kuri-destaca-inversion-de-20-mil-millones-de-dolares-en-queretaro\/#primaryimage"},"thumbnailUrl":"https:\/\/www.nexoinformativo.mx\/wp-content\/uploads\/2026\/01\/IMG-20260128-WA0006.jpg","keywords":["DesarrolloEcon\u00f3mico","Inversi\u00f3n","MauricioKuri","Quer\u00e9taro","Turismo"],"articleSection":["Econom\u00eda","Estado","\u00daltima Hora"],"inLanguage":"es","potentialAction":[{"@type":"CommentAction","name":"Comment","target":["https:\/\/www.nexoinformativo.mx\/index.php\/2026\/01\/27\/mauricio-kuri-destaca-inversion-de-20-mil-millones-de-dolares-en-queretaro\/#respond"]}]},{"@type":"WebPage","@id":"https:\/\/www.nexoinformativo.mx\/index.php\/2026\/01\/27\/mauricio-kuri-destaca-inversion-de-20-mil-millones-de-dolares-en-queretaro\/","url":"https:\/\/www.nexoinformativo.mx\/index.php\/2026\/01\/27\/mauricio-kuri-destaca-inversion-de-20-mil-millones-de-dolares-en-queretaro\/","name":"Mauricio Kuri destaca inversi\u00f3n de 20 mil millones de d\u00f3lares en Quer\u00e9taro | Nexo Informativo Santiago de Quer\u00e9taro","isPartOf":{"@id":"https:\/\/www.nexoinformativo.mx\/#website"},"primaryImageOfPage":{"@id":"https:\/\/www.nexoinformativo.mx\/index.php\/2026\/01\/27\/mauricio-kuri-destaca-inversion-de-20-mil-millones-de-dolares-en-queretaro\/#primaryimage"},"image":{"@id":"https:\/\/www.nexoinformativo.mx\/index.php\/2026\/01\/27\/mauricio-kuri-destaca-inversion-de-20-mil-millones-de-dolares-en-queretaro\/#primaryimage"},"thumbnailUrl":"https:\/\/www.nexoinformativo.mx\/wp-content\/uploads\/2026\/01\/IMG-20260128-WA0006.jpg","datePublished":"2026-01-27T16:00:26+00:00","dateModified":"2026-01-28T19:45:44+00:00","breadcrumb":{"@id":"https:\/\/www.nexoinformativo.mx\/index.php\/2026\/01\/27\/mauricio-kuri-destaca-inversion-de-20-mil-millones-de-dolares-en-queretaro\/#breadcrumb"},"inLanguage":"es","potentialAction":[{"@type":"ReadAction","target":["https:\/\/www.nexoinformativo.mx\/index.php\/2026\/01\/27\/mauricio-kuri-destaca-inversion-de-20-mil-millones-de-dolares-en-queretaro\/"]}]},{"@type":"ImageObject","inLanguage":"es","@id":"https:\/\/www.nexoinformativo.mx\/index.php\/2026\/01\/27\/mauricio-kuri-destaca-inversion-de-20-mil-millones-de-dolares-en-queretaro\/#primaryimage","url":"https:\/\/www.nexoinformativo.mx\/wp-content\/uploads\/2026\/01\/IMG-20260128-WA0006.jpg","contentUrl":"https:\/\/www.nexoinformativo.mx\/wp-content\/uploads\/2026\/01\/IMG-20260128-WA0006.jpg","width":1600,"height":1067},{"@type":"BreadcrumbList","@id":"https:\/\/www.nexoinformativo.mx\/index.php\/2026\/01\/27\/mauricio-kuri-destaca-inversion-de-20-mil-millones-de-dolares-en-queretaro\/#breadcrumb","itemListElement":[{"@type":"ListItem","position":1,"name":"Inicio","item":"https:\/\/www.nexoinformativo.mx\/"},{"@type":"ListItem","position":2,"name":"Mauricio Kuri destaca inversi\u00f3n de 20 mil millones de d\u00f3lares en Quer\u00e9taro"}]},{"@type":"WebSite","@id":"https:\/\/www.nexoinformativo.mx\/#website","url":"https:\/\/www.nexoinformativo.mx\/","name":"Nexo Informativo Santiago de Quer\u00e9taro","description":"Explora NexoInformativo y convi\u00e9rtete en parte de una comunidad que valora el conocimiento y la verdad. Tu nexoinformativo es tu puente hacia una comprensi\u00f3n m\u00e1s profunda del mundo que te rodea.","publisher":{"@id":"https:\/\/www.nexoinformativo.mx\/#organization"},"potentialAction":[{"@type":"SearchAction","target":{"@type":"EntryPoint","urlTemplate":"https:\/\/www.nexoinformativo.mx\/?s={search_term_string}"},"query-input":{"@type":"PropertyValueSpecification","valueRequired":true,"valueName":"search_term_string"}}],"inLanguage":"es"},{"@type":"Organization","@id":"https:\/\/www.nexoinformativo.mx\/#organization","name":"Nexo Informativo Santiago de Quer\u00e9taro","url":"https:\/\/www.nexoinformativo.mx\/","logo":{"@type":"ImageObject","inLanguage":"es","@id":"https:\/\/www.nexoinformativo.mx\/#\/schema\/logo\/image\/","url":"https:\/\/www.nexoinformativo.mx\/wp-content\/uploads\/2024\/07\/nexoi-trasparente-2.png","contentUrl":"https:\/\/www.nexoinformativo.mx\/wp-content\/uploads\/2024\/07\/nexoi-trasparente-2.png","width":816,"height":339,"caption":"Nexo Informativo Santiago de Quer\u00e9taro"},"image":{"@id":"https:\/\/www.nexoinformativo.mx\/#\/schema\/logo\/image\/"},"sameAs":["https:\/\/www.facebook.com\/people\/Nexo-Informativo\/61564066885511\/"]},{"@type":"Person","@id":"https:\/\/www.nexoinformativo.mx\/#\/schema\/person\/7749d380ba08c8ca00d7bc76fd907b7d","name":"Nexo Informativo","image":{"@type":"ImageObject","inLanguage":"es","@id":"https:\/\/www.nexoinformativo.mx\/#\/schema\/person\/image\/","url":"https:\/\/secure.gravatar.com\/avatar\/dde2928154642a13d95f87ddf1ea9718fe2b46760a005c53e41ff5ad610704e6?s=96&d=mm&r=g","contentUrl":"https:\/\/secure.gravatar.com\/avatar\/dde2928154642a13d95f87ddf1ea9718fe2b46760a005c53e41ff5ad610704e6?s=96&d=mm&r=g","caption":"Nexo Informativo"},"url":"https:\/\/www.nexoinformativo.mx\/index.php\/author\/edicion\/"}]}},"_links":{"self":[{"href":"https:\/\/www.nexoinformativo.mx\/index.php\/wp-json\/wp\/v2\/posts\/17213","targetHints":{"allow":["GET"]}}],"collection":[{"href":"https:\/\/www.nexoinformativo.mx\/index.php\/wp-json\/wp\/v2\/posts"}],"about":[{"href":"https:\/\/www.nexoinformativo.mx\/index.php\/wp-json\/wp\/v2\/types\/post"}],"author":[{"embeddable":true,"href":"https:\/\/www.nexoinformativo.mx\/index.php\/wp-json\/wp\/v2\/users\/3"}],"replies":[{"embeddable":true,"href":"https:\/\/www.nexoinformativo.mx\/index.php\/wp-json\/wp\/v2\/comments?post=17213"}],"version-history":[{"count":1,"href":"https:\/\/www.nexoinformativo.mx\/index.php\/wp-json\/wp\/v2\/posts\/17213\/revisions"}],"predecessor-version":[{"id":17214,"href":"https:\/\/www.nexoinformativo.mx\/index.php\/wp-json\/wp\/v2\/posts\/17213\/revisions\/17214"}],"wp:featuredmedia":[{"embeddable":true,"href":"https:\/\/www.nexoinformativo.mx\/index.php\/wp-json\/wp\/v2\/media\/17212"}],"wp:attachment":[{"href":"https:\/\/www.nexoinformativo.mx\/index.php\/wp-json\/wp\/v2\/media?parent=17213"}],"wp:term":[{"taxonomy":"category","embeddable":true,"href":"https:\/\/www.nexoinformativo.mx\/index.php\/wp-json\/wp\/v2\/categories?post=17213"},{"taxonomy":"post_tag","embeddable":true,"href":"https:\/\/www.nexoinformativo.mx\/index.php\/wp-json\/wp\/v2\/tags?post=17213"}],"curies":[{"name":"wp","href":"https:\/\/api.w.org\/{rel}","templated":true}]}}