{"id":17216,"date":"2026-01-30T00:00:40","date_gmt":"2026-01-30T06:00:40","guid":{"rendered":"https:\/\/www.nexoinformativo.mx\/?p=17216"},"modified":"2026-01-30T15:10:09","modified_gmt":"2026-01-30T21:10:09","slug":"saca-la-chamarra-queretaro-seguira-con-bajas-temperaturas-este-fin-de-semana","status":"publish","type":"post","link":"https:\/\/www.nexoinformativo.mx\/index.php\/2026\/01\/30\/saca-la-chamarra-queretaro-seguira-con-bajas-temperaturas-este-fin-de-semana\/","title":{"rendered":"\u00a1Saca la chamarra! Quer\u00e9taro seguir\u00e1 con bajas temperaturas este fin de semana"},"content":{"rendered":"\n<p>La Coordinaci\u00f3n Estatal de Protecci\u00f3n Civil de Quer\u00e9taro ha emitido un aviso preventivo debido a que el clima fr\u00edo persistir\u00e1 durante este fin de semana en la entidad. Se esperan ma\u00f1anas y noches especialmente frescas en gran parte del estado, acompa\u00f1adas de cielos nublados y vientos moderados que podr\u00edan alcanzar los 20 km\/h, por lo que es vital no bajar la guardia ante los cambios de temperatura.<\/p>\n\n\n\n<p><br>En la Zona Metropolitana, el term\u00f3metro marcar\u00e1 entre los 7 y 26 \u00b0C, mientras que en los municipios del sur y centro las m\u00ednimas rondar\u00e1n los 5 \u00b0C. Sin embargo, el fr\u00edo se sentir\u00e1 con mayor intensidad en zonas altas como Amealco, San Joaqu\u00edn y Pinal de Amoles, donde las temperaturas podr\u00edan caer hasta los 3 \u00b0C. Si vives o planeas visitar la Sierra Gorda, toma precauciones extra, ya que adem\u00e1s del fr\u00edo se pronostican lluvias dispersas y una m\u00e1xima de apenas 18 \u00b0C.<\/p>\n\n\n\n<p><br>Ante este panorama, las autoridades recomiendan abrigarse bien, proteger especialmente a ni\u00f1os y adultos mayores, y mantenerse hidratados. Para evitar enfermedades respiratorias, se sugiere evitar los cambios bruscos de temperatura y seguir los reportes oficiales de Protecci\u00f3n Civil.<\/p>\n","protected":false},"excerpt":{"rendered":"<p>La Coordinaci\u00f3n Estatal de Protecci\u00f3n Civil de Quer\u00e9taro ha emitido un aviso preventivo debido a que el clima fr\u00edo persistir\u00e1 durante este fin de semana en la entidad.<\/p>\n","protected":false},"author":3,"featured_media":17215,"comment_status":"open","ping_status":"open","sticky":false,"template":"","format":"standard","meta":{"footnotes":""},"categories":[42,58],"tags":[1147,2359,154,133,2994],"class_list":["post-17216","post","type-post","status-publish","format-standard","has-post-thumbnail","hentry","category-estado","category-ultima-hora","tag-climaqueretaro","tag-frentefrio","tag-proteccioncivil","tag-queretaro","tag-temporadainvernal"],"yoast_head":"<!-- This site is optimized with the Yoast SEO plugin v25.0 - https:\/\/yoast.com\/wordpress\/plugins\/seo\/ -->\n<title>\u00a1Saca la chamarra! Quer\u00e9taro seguir\u00e1 con bajas temperaturas este fin de semana | Nexo Informativo Santiago de Quer\u00e9taro<\/title>\n<meta name=\"robots\" content=\"index, follow, max-snippet:-1, max-image-preview:large, max-video-preview:-1\" \/>\n<link rel=\"canonical\" href=\"https:\/\/www.nexoinformativo.mx\/index.php\/2026\/01\/30\/saca-la-chamarra-queretaro-seguira-con-bajas-temperaturas-este-fin-de-semana\/\" \/>\n<meta property=\"og:locale\" content=\"es_MX\" \/>\n<meta property=\"og:type\" content=\"article\" \/>\n<meta property=\"og:title\" content=\"\u00a1Saca la chamarra! Quer\u00e9taro seguir\u00e1 con bajas temperaturas este fin de semana | Nexo Informativo Santiago de Quer\u00e9taro\" \/>\n<meta property=\"og:description\" content=\"La Coordinaci\u00f3n Estatal de Protecci\u00f3n Civil de Quer\u00e9taro ha emitido un aviso preventivo debido a que el clima fr\u00edo persistir\u00e1 durante este fin de semana en la entidad.\" \/>\n<meta property=\"og:url\" content=\"https:\/\/www.nexoinformativo.mx\/index.php\/2026\/01\/30\/saca-la-chamarra-queretaro-seguira-con-bajas-temperaturas-este-fin-de-semana\/\" \/>\n<meta property=\"og:site_name\" content=\"Nexo Informativo Santiago de Quer\u00e9taro\" \/>\n<meta property=\"article:publisher\" content=\"https:\/\/www.facebook.com\/people\/Nexo-Informativo\/61564066885511\/\" \/>\n<meta property=\"article:published_time\" content=\"2026-01-30T06:00:40+00:00\" \/>\n<meta property=\"article:modified_time\" content=\"2026-01-30T21:10:09+00:00\" \/>\n<meta property=\"og:image\" content=\"https:\/\/www.nexoinformativo.mx\/wp-content\/uploads\/2026\/01\/copilot_image_1769807211779-1024x683.jpeg\" \/>\n\t<meta property=\"og:image:width\" content=\"1024\" \/>\n\t<meta property=\"og:image:height\" content=\"683\" \/>\n\t<meta property=\"og:image:type\" content=\"image\/jpeg\" \/>\n<meta name=\"author\" content=\"Nexo Informativo\" \/>\n<meta name=\"twitter:card\" content=\"summary_large_image\" \/>\n<meta name=\"twitter:label1\" content=\"Escrito por\" \/>\n\t<meta name=\"twitter:data1\" content=\"Nexo Informativo\" \/>\n\t<meta name=\"twitter:label2\" content=\"Tiempo de lectura\" \/>\n\t<meta name=\"twitter:data2\" content=\"1 minuto\" \/>\n<script type=\"application\/ld+json\" class=\"yoast-schema-graph\">{\"@context\":\"https:\/\/schema.org\",\"@graph\":[{\"@type\":\"Article\",\"@id\":\"https:\/\/www.nexoinformativo.mx\/index.php\/2026\/01\/30\/saca-la-chamarra-queretaro-seguira-con-bajas-temperaturas-este-fin-de-semana\/#article\",\"isPartOf\":{\"@id\":\"https:\/\/www.nexoinformativo.mx\/index.php\/2026\/01\/30\/saca-la-chamarra-queretaro-seguira-con-bajas-temperaturas-este-fin-de-semana\/\"},\"author\":{\"name\":\"Nexo Informativo\",\"@id\":\"https:\/\/www.nexoinformativo.mx\/#\/schema\/person\/7749d380ba08c8ca00d7bc76fd907b7d\"},\"headline\":\"\u00a1Saca la chamarra! Quer\u00e9taro seguir\u00e1 con bajas temperaturas este fin de semana\",\"datePublished\":\"2026-01-30T06:00:40+00:00\",\"dateModified\":\"2026-01-30T21:10:09+00:00\",\"mainEntityOfPage\":{\"@id\":\"https:\/\/www.nexoinformativo.mx\/index.php\/2026\/01\/30\/saca-la-chamarra-queretaro-seguira-con-bajas-temperaturas-este-fin-de-semana\/\"},\"wordCount\":215,\"commentCount\":0,\"publisher\":{\"@id\":\"https:\/\/www.nexoinformativo.mx\/#organization\"},\"image\":{\"@id\":\"https:\/\/www.nexoinformativo.mx\/index.php\/2026\/01\/30\/saca-la-chamarra-queretaro-seguira-con-bajas-temperaturas-este-fin-de-semana\/#primaryimage\"},\"thumbnailUrl\":\"https:\/\/www.nexoinformativo.mx\/wp-content\/uploads\/2026\/01\/copilot_image_1769807211779.jpeg\",\"keywords\":[\"ClimaQuer\u00e9taro\",\"FrenteFr\u00edo\",\"proteccioncivil\",\"Quer\u00e9taro\",\"TemporadaInvernal\"],\"articleSection\":[\"Estado\",\"\u00daltima Hora\"],\"inLanguage\":\"es\",\"potentialAction\":[{\"@type\":\"CommentAction\",\"name\":\"Comment\",\"target\":[\"https:\/\/www.nexoinformativo.mx\/index.php\/2026\/01\/30\/saca-la-chamarra-queretaro-seguira-con-bajas-temperaturas-este-fin-de-semana\/#respond\"]}]},{\"@type\":\"WebPage\",\"@id\":\"https:\/\/www.nexoinformativo.mx\/index.php\/2026\/01\/30\/saca-la-chamarra-queretaro-seguira-con-bajas-temperaturas-este-fin-de-semana\/\",\"url\":\"https:\/\/www.nexoinformativo.mx\/index.php\/2026\/01\/30\/saca-la-chamarra-queretaro-seguira-con-bajas-temperaturas-este-fin-de-semana\/\",\"name\":\"\u00a1Saca la chamarra! Quer\u00e9taro seguir\u00e1 con bajas temperaturas este fin de semana | Nexo Informativo Santiago de Quer\u00e9taro\",\"isPartOf\":{\"@id\":\"https:\/\/www.nexoinformativo.mx\/#website\"},\"primaryImageOfPage\":{\"@id\":\"https:\/\/www.nexoinformativo.mx\/index.php\/2026\/01\/30\/saca-la-chamarra-queretaro-seguira-con-bajas-temperaturas-este-fin-de-semana\/#primaryimage\"},\"image\":{\"@id\":\"https:\/\/www.nexoinformativo.mx\/index.php\/2026\/01\/30\/saca-la-chamarra-queretaro-seguira-con-bajas-temperaturas-este-fin-de-semana\/#primaryimage\"},\"thumbnailUrl\":\"https:\/\/www.nexoinformativo.mx\/wp-content\/uploads\/2026\/01\/copilot_image_1769807211779.jpeg\",\"datePublished\":\"2026-01-30T06:00:40+00:00\",\"dateModified\":\"2026-01-30T21:10:09+00:00\",\"breadcrumb\":{\"@id\":\"https:\/\/www.nexoinformativo.mx\/index.php\/2026\/01\/30\/saca-la-chamarra-queretaro-seguira-con-bajas-temperaturas-este-fin-de-semana\/#breadcrumb\"},\"inLanguage\":\"es\",\"potentialAction\":[{\"@type\":\"ReadAction\",\"target\":[\"https:\/\/www.nexoinformativo.mx\/index.php\/2026\/01\/30\/saca-la-chamarra-queretaro-seguira-con-bajas-temperaturas-este-fin-de-semana\/\"]}]},{\"@type\":\"ImageObject\",\"inLanguage\":\"es\",\"@id\":\"https:\/\/www.nexoinformativo.mx\/index.php\/2026\/01\/30\/saca-la-chamarra-queretaro-seguira-con-bajas-temperaturas-este-fin-de-semana\/#primaryimage\",\"url\":\"https:\/\/www.nexoinformativo.mx\/wp-content\/uploads\/2026\/01\/copilot_image_1769807211779.jpeg\",\"contentUrl\":\"https:\/\/www.nexoinformativo.mx\/wp-content\/uploads\/2026\/01\/copilot_image_1769807211779.jpeg\",\"width\":1536,\"height\":1024},{\"@type\":\"BreadcrumbList\",\"@id\":\"https:\/\/www.nexoinformativo.mx\/index.php\/2026\/01\/30\/saca-la-chamarra-queretaro-seguira-con-bajas-temperaturas-este-fin-de-semana\/#breadcrumb\",\"itemListElement\":[{\"@type\":\"ListItem\",\"position\":1,\"name\":\"Inicio\",\"item\":\"https:\/\/www.nexoinformativo.mx\/\"},{\"@type\":\"ListItem\",\"position\":2,\"name\":\"\u00a1Saca la chamarra! Quer\u00e9taro seguir\u00e1 con bajas temperaturas este fin de semana\"}]},{\"@type\":\"WebSite\",\"@id\":\"https:\/\/www.nexoinformativo.mx\/#website\",\"url\":\"https:\/\/www.nexoinformativo.mx\/\",\"name\":\"Nexo Informativo Santiago de Quer\u00e9taro\",\"description\":\"Explora NexoInformativo y convi\u00e9rtete en parte de una comunidad que valora el conocimiento y la verdad. Tu nexoinformativo es tu puente hacia una comprensi\u00f3n m\u00e1s profunda del mundo que te rodea.\",\"publisher\":{\"@id\":\"https:\/\/www.nexoinformativo.mx\/#organization\"},\"potentialAction\":[{\"@type\":\"SearchAction\",\"target\":{\"@type\":\"EntryPoint\",\"urlTemplate\":\"https:\/\/www.nexoinformativo.mx\/?s={search_term_string}\"},\"query-input\":{\"@type\":\"PropertyValueSpecification\",\"valueRequired\":true,\"valueName\":\"search_term_string\"}}],\"inLanguage\":\"es\"},{\"@type\":\"Organization\",\"@id\":\"https:\/\/www.nexoinformativo.mx\/#organization\",\"name\":\"Nexo Informativo Santiago de Quer\u00e9taro\",\"url\":\"https:\/\/www.nexoinformativo.mx\/\",\"logo\":{\"@type\":\"ImageObject\",\"inLanguage\":\"es\",\"@id\":\"https:\/\/www.nexoinformativo.mx\/#\/schema\/logo\/image\/\",\"url\":\"https:\/\/www.nexoinformativo.mx\/wp-content\/uploads\/2024\/07\/nexoi-trasparente-2.png\",\"contentUrl\":\"https:\/\/www.nexoinformativo.mx\/wp-content\/uploads\/2024\/07\/nexoi-trasparente-2.png\",\"width\":816,\"height\":339,\"caption\":\"Nexo Informativo Santiago de Quer\u00e9taro\"},\"image\":{\"@id\":\"https:\/\/www.nexoinformativo.mx\/#\/schema\/logo\/image\/\"},\"sameAs\":[\"https:\/\/www.facebook.com\/people\/Nexo-Informativo\/61564066885511\/\"]},{\"@type\":\"Person\",\"@id\":\"https:\/\/www.nexoinformativo.mx\/#\/schema\/person\/7749d380ba08c8ca00d7bc76fd907b7d\",\"name\":\"Nexo Informativo\",\"image\":{\"@type\":\"ImageObject\",\"inLanguage\":\"es\",\"@id\":\"https:\/\/www.nexoinformativo.mx\/#\/schema\/person\/image\/\",\"url\":\"https:\/\/secure.gravatar.com\/avatar\/dde2928154642a13d95f87ddf1ea9718fe2b46760a005c53e41ff5ad610704e6?s=96&d=mm&r=g\",\"contentUrl\":\"https:\/\/secure.gravatar.com\/avatar\/dde2928154642a13d95f87ddf1ea9718fe2b46760a005c53e41ff5ad610704e6?s=96&d=mm&r=g\",\"caption\":\"Nexo Informativo\"},\"url\":\"https:\/\/www.nexoinformativo.mx\/index.php\/author\/edicion\/\"}]}<\/script>\n<!-- \/ Yoast SEO plugin. -->","yoast_head_json":{"title":"\u00a1Saca la chamarra! Quer\u00e9taro seguir\u00e1 con bajas temperaturas este fin de semana | Nexo Informativo Santiago de Quer\u00e9taro","robots":{"index":"index","follow":"follow","max-snippet":"max-snippet:-1","max-image-preview":"max-image-preview:large","max-video-preview":"max-video-preview:-1"},"canonical":"https:\/\/www.nexoinformativo.mx\/index.php\/2026\/01\/30\/saca-la-chamarra-queretaro-seguira-con-bajas-temperaturas-este-fin-de-semana\/","og_locale":"es_MX","og_type":"article","og_title":"\u00a1Saca la chamarra! Quer\u00e9taro seguir\u00e1 con bajas temperaturas este fin de semana | Nexo Informativo Santiago de Quer\u00e9taro","og_description":"La Coordinaci\u00f3n Estatal de Protecci\u00f3n Civil de Quer\u00e9taro ha emitido un aviso preventivo debido a que el clima fr\u00edo persistir\u00e1 durante este fin de semana en la entidad.","og_url":"https:\/\/www.nexoinformativo.mx\/index.php\/2026\/01\/30\/saca-la-chamarra-queretaro-seguira-con-bajas-temperaturas-este-fin-de-semana\/","og_site_name":"Nexo Informativo Santiago de Quer\u00e9taro","article_publisher":"https:\/\/www.facebook.com\/people\/Nexo-Informativo\/61564066885511\/","article_published_time":"2026-01-30T06:00:40+00:00","article_modified_time":"2026-01-30T21:10:09+00:00","og_image":[{"width":1024,"height":683,"url":"https:\/\/www.nexoinformativo.mx\/wp-content\/uploads\/2026\/01\/copilot_image_1769807211779-1024x683.jpeg","type":"image\/jpeg"}],"author":"Nexo Informativo","twitter_card":"summary_large_image","twitter_misc":{"Escrito por":"Nexo Informativo","Tiempo de lectura":"1 minuto"},"schema":{"@context":"https:\/\/schema.org","@graph":[{"@type":"Article","@id":"https:\/\/www.nexoinformativo.mx\/index.php\/2026\/01\/30\/saca-la-chamarra-queretaro-seguira-con-bajas-temperaturas-este-fin-de-semana\/#article","isPartOf":{"@id":"https:\/\/www.nexoinformativo.mx\/index.php\/2026\/01\/30\/saca-la-chamarra-queretaro-seguira-con-bajas-temperaturas-este-fin-de-semana\/"},"author":{"name":"Nexo Informativo","@id":"https:\/\/www.nexoinformativo.mx\/#\/schema\/person\/7749d380ba08c8ca00d7bc76fd907b7d"},"headline":"\u00a1Saca la chamarra! Quer\u00e9taro seguir\u00e1 con bajas temperaturas este fin de semana","datePublished":"2026-01-30T06:00:40+00:00","dateModified":"2026-01-30T21:10:09+00:00","mainEntityOfPage":{"@id":"https:\/\/www.nexoinformativo.mx\/index.php\/2026\/01\/30\/saca-la-chamarra-queretaro-seguira-con-bajas-temperaturas-este-fin-de-semana\/"},"wordCount":215,"commentCount":0,"publisher":{"@id":"https:\/\/www.nexoinformativo.mx\/#organization"},"image":{"@id":"https:\/\/www.nexoinformativo.mx\/index.php\/2026\/01\/30\/saca-la-chamarra-queretaro-seguira-con-bajas-temperaturas-este-fin-de-semana\/#primaryimage"},"thumbnailUrl":"https:\/\/www.nexoinformativo.mx\/wp-content\/uploads\/2026\/01\/copilot_image_1769807211779.jpeg","keywords":["ClimaQuer\u00e9taro","FrenteFr\u00edo","proteccioncivil","Quer\u00e9taro","TemporadaInvernal"],"articleSection":["Estado","\u00daltima Hora"],"inLanguage":"es","potentialAction":[{"@type":"CommentAction","name":"Comment","target":["https:\/\/www.nexoinformativo.mx\/index.php\/2026\/01\/30\/saca-la-chamarra-queretaro-seguira-con-bajas-temperaturas-este-fin-de-semana\/#respond"]}]},{"@type":"WebPage","@id":"https:\/\/www.nexoinformativo.mx\/index.php\/2026\/01\/30\/saca-la-chamarra-queretaro-seguira-con-bajas-temperaturas-este-fin-de-semana\/","url":"https:\/\/www.nexoinformativo.mx\/index.php\/2026\/01\/30\/saca-la-chamarra-queretaro-seguira-con-bajas-temperaturas-este-fin-de-semana\/","name":"\u00a1Saca la chamarra! Quer\u00e9taro seguir\u00e1 con bajas temperaturas este fin de semana | Nexo Informativo Santiago de Quer\u00e9taro","isPartOf":{"@id":"https:\/\/www.nexoinformativo.mx\/#website"},"primaryImageOfPage":{"@id":"https:\/\/www.nexoinformativo.mx\/index.php\/2026\/01\/30\/saca-la-chamarra-queretaro-seguira-con-bajas-temperaturas-este-fin-de-semana\/#primaryimage"},"image":{"@id":"https:\/\/www.nexoinformativo.mx\/index.php\/2026\/01\/30\/saca-la-chamarra-queretaro-seguira-con-bajas-temperaturas-este-fin-de-semana\/#primaryimage"},"thumbnailUrl":"https:\/\/www.nexoinformativo.mx\/wp-content\/uploads\/2026\/01\/copilot_image_1769807211779.jpeg","datePublished":"2026-01-30T06:00:40+00:00","dateModified":"2026-01-30T21:10:09+00:00","breadcrumb":{"@id":"https:\/\/www.nexoinformativo.mx\/index.php\/2026\/01\/30\/saca-la-chamarra-queretaro-seguira-con-bajas-temperaturas-este-fin-de-semana\/#breadcrumb"},"inLanguage":"es","potentialAction":[{"@type":"ReadAction","target":["https:\/\/www.nexoinformativo.mx\/index.php\/2026\/01\/30\/saca-la-chamarra-queretaro-seguira-con-bajas-temperaturas-este-fin-de-semana\/"]}]},{"@type":"ImageObject","inLanguage":"es","@id":"https:\/\/www.nexoinformativo.mx\/index.php\/2026\/01\/30\/saca-la-chamarra-queretaro-seguira-con-bajas-temperaturas-este-fin-de-semana\/#primaryimage","url":"https:\/\/www.nexoinformativo.mx\/wp-content\/uploads\/2026\/01\/copilot_image_1769807211779.jpeg","contentUrl":"https:\/\/www.nexoinformativo.mx\/wp-content\/uploads\/2026\/01\/copilot_image_1769807211779.jpeg","width":1536,"height":1024},{"@type":"BreadcrumbList","@id":"https:\/\/www.nexoinformativo.mx\/index.php\/2026\/01\/30\/saca-la-chamarra-queretaro-seguira-con-bajas-temperaturas-este-fin-de-semana\/#breadcrumb","itemListElement":[{"@type":"ListItem","position":1,"name":"Inicio","item":"https:\/\/www.nexoinformativo.mx\/"},{"@type":"ListItem","position":2,"name":"\u00a1Saca la chamarra! Quer\u00e9taro seguir\u00e1 con bajas temperaturas este fin de semana"}]},{"@type":"WebSite","@id":"https:\/\/www.nexoinformativo.mx\/#website","url":"https:\/\/www.nexoinformativo.mx\/","name":"Nexo Informativo Santiago de Quer\u00e9taro","description":"Explora NexoInformativo y convi\u00e9rtete en parte de una comunidad que valora el conocimiento y la verdad. Tu nexoinformativo es tu puente hacia una comprensi\u00f3n m\u00e1s profunda del mundo que te rodea.","publisher":{"@id":"https:\/\/www.nexoinformativo.mx\/#organization"},"potentialAction":[{"@type":"SearchAction","target":{"@type":"EntryPoint","urlTemplate":"https:\/\/www.nexoinformativo.mx\/?s={search_term_string}"},"query-input":{"@type":"PropertyValueSpecification","valueRequired":true,"valueName":"search_term_string"}}],"inLanguage":"es"},{"@type":"Organization","@id":"https:\/\/www.nexoinformativo.mx\/#organization","name":"Nexo Informativo Santiago de Quer\u00e9taro","url":"https:\/\/www.nexoinformativo.mx\/","logo":{"@type":"ImageObject","inLanguage":"es","@id":"https:\/\/www.nexoinformativo.mx\/#\/schema\/logo\/image\/","url":"https:\/\/www.nexoinformativo.mx\/wp-content\/uploads\/2024\/07\/nexoi-trasparente-2.png","contentUrl":"https:\/\/www.nexoinformativo.mx\/wp-content\/uploads\/2024\/07\/nexoi-trasparente-2.png","width":816,"height":339,"caption":"Nexo Informativo Santiago de Quer\u00e9taro"},"image":{"@id":"https:\/\/www.nexoinformativo.mx\/#\/schema\/logo\/image\/"},"sameAs":["https:\/\/www.facebook.com\/people\/Nexo-Informativo\/61564066885511\/"]},{"@type":"Person","@id":"https:\/\/www.nexoinformativo.mx\/#\/schema\/person\/7749d380ba08c8ca00d7bc76fd907b7d","name":"Nexo Informativo","image":{"@type":"ImageObject","inLanguage":"es","@id":"https:\/\/www.nexoinformativo.mx\/#\/schema\/person\/image\/","url":"https:\/\/secure.gravatar.com\/avatar\/dde2928154642a13d95f87ddf1ea9718fe2b46760a005c53e41ff5ad610704e6?s=96&d=mm&r=g","contentUrl":"https:\/\/secure.gravatar.com\/avatar\/dde2928154642a13d95f87ddf1ea9718fe2b46760a005c53e41ff5ad610704e6?s=96&d=mm&r=g","caption":"Nexo Informativo"},"url":"https:\/\/www.nexoinformativo.mx\/index.php\/author\/edicion\/"}]}},"_links":{"self":[{"href":"https:\/\/www.nexoinformativo.mx\/index.php\/wp-json\/wp\/v2\/posts\/17216","targetHints":{"allow":["GET"]}}],"collection":[{"href":"https:\/\/www.nexoinformativo.mx\/index.php\/wp-json\/wp\/v2\/posts"}],"about":[{"href":"https:\/\/www.nexoinformativo.mx\/index.php\/wp-json\/wp\/v2\/types\/post"}],"author":[{"embeddable":true,"href":"https:\/\/www.nexoinformativo.mx\/index.php\/wp-json\/wp\/v2\/users\/3"}],"replies":[{"embeddable":true,"href":"https:\/\/www.nexoinformativo.mx\/index.php\/wp-json\/wp\/v2\/comments?post=17216"}],"version-history":[{"count":1,"href":"https:\/\/www.nexoinformativo.mx\/index.php\/wp-json\/wp\/v2\/posts\/17216\/revisions"}],"predecessor-version":[{"id":17217,"href":"https:\/\/www.nexoinformativo.mx\/index.php\/wp-json\/wp\/v2\/posts\/17216\/revisions\/17217"}],"wp:featuredmedia":[{"embeddable":true,"href":"https:\/\/www.nexoinformativo.mx\/index.php\/wp-json\/wp\/v2\/media\/17215"}],"wp:attachment":[{"href":"https:\/\/www.nexoinformativo.mx\/index.php\/wp-json\/wp\/v2\/media?parent=17216"}],"wp:term":[{"taxonomy":"category","embeddable":true,"href":"https:\/\/www.nexoinformativo.mx\/index.php\/wp-json\/wp\/v2\/categories?post=17216"},{"taxonomy":"post_tag","embeddable":true,"href":"https:\/\/www.nexoinformativo.mx\/index.php\/wp-json\/wp\/v2\/tags?post=17216"}],"curies":[{"name":"wp","href":"https:\/\/api.w.org\/{rel}","templated":true}]}}