{"id":17219,"date":"2026-02-05T00:00:35","date_gmt":"2026-02-05T06:00:35","guid":{"rendered":"https:\/\/www.nexoinformativo.mx\/?p=17219"},"modified":"2026-02-06T16:02:48","modified_gmt":"2026-02-06T22:02:48","slug":"claudia-sheinbaum-reafirma-en-queretaro-la-soberania-y-el-sentido-social-de-la-constitucion","status":"publish","type":"post","link":"https:\/\/www.nexoinformativo.mx\/index.php\/2026\/02\/05\/claudia-sheinbaum-reafirma-en-queretaro-la-soberania-y-el-sentido-social-de-la-constitucion\/","title":{"rendered":"Claudia Sheinbaum reafirma en Quer\u00e9taro la soberan\u00eda y el sentido social de la Constituci\u00f3n"},"content":{"rendered":"\n<p>Desde Quer\u00e9taro, la presidenta de M\u00e9xico, Claudia Sheinbaum Pardo, afirm\u00f3 que con la Cuarta Transformaci\u00f3n se ha recuperado la esencia social y soberana de la Constituci\u00f3n Pol\u00edtica de 1917, durante la conmemoraci\u00f3n del 109 Aniversario de su Promulgaci\u00f3n en el Teatro de la Rep\u00fablica. Destac\u00f3 que el pa\u00eds no regresar\u00e1 a reg\u00edmenes de corrupci\u00f3n, privilegios ni a ser colonia de intereses extranjeros.<\/p>\n\n\n\n<p><br>Sheinbaum record\u00f3 que de septiembre de 2024 a diciembre de 2025 se han aprobado 22 reformas constitucionales y 50 reformas a leyes secundarias, enfocadas en fortalecer la independencia, la justicia social y la soberan\u00eda nacional. Entre ellas sobresalen la Reforma al Poder Judicial, el reconocimiento de los pueblos originarios y afromexicanos, la recuperaci\u00f3n de Pemex y la CFE como empresas p\u00fablicas estrat\u00e9gicas, as\u00ed como la igualdad sustantiva de las mujeres.<\/p>\n\n\n\n<p><br>La mandataria subray\u00f3 que estas reformas garantizan derechos como el acceso a internet, vivienda digna, programas de bienestar, protecci\u00f3n a los ma\u00edces nativos y la prohibici\u00f3n del ma\u00edz transg\u00e9nico, adem\u00e1s de medidas contra el nepotismo y la reelecci\u00f3n inmediata. Tambi\u00e9n adelant\u00f3 que en las pr\u00f3ximas semanas se aprobar\u00e1 la jornada laboral de 40 horas, de manera gradual.<\/p>\n\n\n\n<p><br>En el acto, el gobernador de Quer\u00e9taro, Mauricio Kuri Gonz\u00e1lez, resalt\u00f3 que la Constituci\u00f3n de 1917 mantiene la solidez institucional de M\u00e9xico y refrend\u00f3 el respaldo a la defensa de la soberan\u00eda nacional. Al evento asistieron gobernadoras, gobernadores y representantes de los tres poderes de la Uni\u00f3n, reafirmando la unidad en torno a la Carta Magna.<\/p>\n","protected":false},"excerpt":{"rendered":"<p>Desde Quer\u00e9taro, la presidenta de M\u00e9xico, Claudia Sheinbaum Pardo, afirm\u00f3 que con la Cuarta Transformaci\u00f3n se ha recuperado la esencia social y soberana de la Constituci\u00f3n Pol\u00edtica de 1917, durante la conmemoraci\u00f3n del 109 Aniversario de su Promulgaci\u00f3n en el Teatro de la Rep\u00fablica. Destac\u00f3<\/p>\n","protected":false},"author":3,"featured_media":17218,"comment_status":"open","ping_status":"open","sticky":false,"template":"","format":"standard","meta":{"footnotes":""},"categories":[42,88,58],"tags":[967,5117,1610,133,5118],"class_list":["post-17219","post","type-post","status-publish","format-standard","has-post-thumbnail","hentry","category-estado","category-nacional","category-ultima-hora","tag-claudiasheinbaum","tag-constitucion1917","tag-mexico","tag-queretaro","tag-soberanianacional"],"yoast_head":"<!-- This site is optimized with the Yoast SEO plugin v25.0 - https:\/\/yoast.com\/wordpress\/plugins\/seo\/ -->\n<title>Claudia Sheinbaum reafirma en Quer\u00e9taro la soberan\u00eda y el sentido social de la Constituci\u00f3n | Nexo Informativo Santiago de Quer\u00e9taro<\/title>\n<meta name=\"robots\" content=\"index, follow, max-snippet:-1, max-image-preview:large, max-video-preview:-1\" \/>\n<link rel=\"canonical\" href=\"https:\/\/www.nexoinformativo.mx\/index.php\/2026\/02\/05\/claudia-sheinbaum-reafirma-en-queretaro-la-soberania-y-el-sentido-social-de-la-constitucion\/\" \/>\n<meta property=\"og:locale\" content=\"es_MX\" \/>\n<meta property=\"og:type\" content=\"article\" \/>\n<meta property=\"og:title\" content=\"Claudia Sheinbaum reafirma en Quer\u00e9taro la soberan\u00eda y el sentido social de la Constituci\u00f3n | Nexo Informativo Santiago de Quer\u00e9taro\" \/>\n<meta property=\"og:description\" content=\"Desde Quer\u00e9taro, la presidenta de M\u00e9xico, Claudia Sheinbaum Pardo, afirm\u00f3 que con la Cuarta Transformaci\u00f3n se ha recuperado la esencia social y soberana de la Constituci\u00f3n Pol\u00edtica de 1917, durante la conmemoraci\u00f3n del 109 Aniversario de su Promulgaci\u00f3n en el Teatro de la Rep\u00fablica. Destac\u00f3\" \/>\n<meta property=\"og:url\" content=\"https:\/\/www.nexoinformativo.mx\/index.php\/2026\/02\/05\/claudia-sheinbaum-reafirma-en-queretaro-la-soberania-y-el-sentido-social-de-la-constitucion\/\" \/>\n<meta property=\"og:site_name\" content=\"Nexo Informativo Santiago de Quer\u00e9taro\" \/>\n<meta property=\"article:publisher\" content=\"https:\/\/www.facebook.com\/people\/Nexo-Informativo\/61564066885511\/\" \/>\n<meta property=\"article:published_time\" content=\"2026-02-05T06:00:35+00:00\" \/>\n<meta property=\"article:modified_time\" content=\"2026-02-06T22:02:48+00:00\" \/>\n<meta property=\"og:image\" content=\"https:\/\/www.nexoinformativo.mx\/wp-content\/uploads\/2026\/02\/post_presidenta_CSP_Queretaro.jpeg\" \/>\n\t<meta property=\"og:image:width\" content=\"650\" \/>\n\t<meta property=\"og:image:height\" content=\"380\" \/>\n\t<meta property=\"og:image:type\" content=\"image\/jpeg\" \/>\n<meta name=\"author\" content=\"Nexo Informativo\" \/>\n<meta name=\"twitter:card\" content=\"summary_large_image\" \/>\n<meta name=\"twitter:label1\" content=\"Escrito por\" \/>\n\t<meta name=\"twitter:data1\" content=\"Nexo Informativo\" \/>\n\t<meta name=\"twitter:label2\" content=\"Tiempo de lectura\" \/>\n\t<meta name=\"twitter:data2\" content=\"1 minuto\" \/>\n<script type=\"application\/ld+json\" class=\"yoast-schema-graph\">{\"@context\":\"https:\/\/schema.org\",\"@graph\":[{\"@type\":\"Article\",\"@id\":\"https:\/\/www.nexoinformativo.mx\/index.php\/2026\/02\/05\/claudia-sheinbaum-reafirma-en-queretaro-la-soberania-y-el-sentido-social-de-la-constitucion\/#article\",\"isPartOf\":{\"@id\":\"https:\/\/www.nexoinformativo.mx\/index.php\/2026\/02\/05\/claudia-sheinbaum-reafirma-en-queretaro-la-soberania-y-el-sentido-social-de-la-constitucion\/\"},\"author\":{\"name\":\"Nexo Informativo\",\"@id\":\"https:\/\/www.nexoinformativo.mx\/#\/schema\/person\/7749d380ba08c8ca00d7bc76fd907b7d\"},\"headline\":\"Claudia Sheinbaum reafirma en Quer\u00e9taro la soberan\u00eda y el sentido social de la Constituci\u00f3n\",\"datePublished\":\"2026-02-05T06:00:35+00:00\",\"dateModified\":\"2026-02-06T22:02:48+00:00\",\"mainEntityOfPage\":{\"@id\":\"https:\/\/www.nexoinformativo.mx\/index.php\/2026\/02\/05\/claudia-sheinbaum-reafirma-en-queretaro-la-soberania-y-el-sentido-social-de-la-constitucion\/\"},\"wordCount\":284,\"commentCount\":0,\"publisher\":{\"@id\":\"https:\/\/www.nexoinformativo.mx\/#organization\"},\"image\":{\"@id\":\"https:\/\/www.nexoinformativo.mx\/index.php\/2026\/02\/05\/claudia-sheinbaum-reafirma-en-queretaro-la-soberania-y-el-sentido-social-de-la-constitucion\/#primaryimage\"},\"thumbnailUrl\":\"https:\/\/www.nexoinformativo.mx\/wp-content\/uploads\/2026\/02\/post_presidenta_CSP_Queretaro.jpeg\",\"keywords\":[\"ClaudiaSheinbaum\",\"Constituci\u00f3n1917\",\"M\u00e9xico\",\"Quer\u00e9taro\",\"Soberan\u00edaNacional\"],\"articleSection\":[\"Estado\",\"Nacional\",\"\u00daltima Hora\"],\"inLanguage\":\"es\",\"potentialAction\":[{\"@type\":\"CommentAction\",\"name\":\"Comment\",\"target\":[\"https:\/\/www.nexoinformativo.mx\/index.php\/2026\/02\/05\/claudia-sheinbaum-reafirma-en-queretaro-la-soberania-y-el-sentido-social-de-la-constitucion\/#respond\"]}]},{\"@type\":\"WebPage\",\"@id\":\"https:\/\/www.nexoinformativo.mx\/index.php\/2026\/02\/05\/claudia-sheinbaum-reafirma-en-queretaro-la-soberania-y-el-sentido-social-de-la-constitucion\/\",\"url\":\"https:\/\/www.nexoinformativo.mx\/index.php\/2026\/02\/05\/claudia-sheinbaum-reafirma-en-queretaro-la-soberania-y-el-sentido-social-de-la-constitucion\/\",\"name\":\"Claudia Sheinbaum reafirma en Quer\u00e9taro la soberan\u00eda y el sentido social de la Constituci\u00f3n | Nexo Informativo Santiago de Quer\u00e9taro\",\"isPartOf\":{\"@id\":\"https:\/\/www.nexoinformativo.mx\/#website\"},\"primaryImageOfPage\":{\"@id\":\"https:\/\/www.nexoinformativo.mx\/index.php\/2026\/02\/05\/claudia-sheinbaum-reafirma-en-queretaro-la-soberania-y-el-sentido-social-de-la-constitucion\/#primaryimage\"},\"image\":{\"@id\":\"https:\/\/www.nexoinformativo.mx\/index.php\/2026\/02\/05\/claudia-sheinbaum-reafirma-en-queretaro-la-soberania-y-el-sentido-social-de-la-constitucion\/#primaryimage\"},\"thumbnailUrl\":\"https:\/\/www.nexoinformativo.mx\/wp-content\/uploads\/2026\/02\/post_presidenta_CSP_Queretaro.jpeg\",\"datePublished\":\"2026-02-05T06:00:35+00:00\",\"dateModified\":\"2026-02-06T22:02:48+00:00\",\"breadcrumb\":{\"@id\":\"https:\/\/www.nexoinformativo.mx\/index.php\/2026\/02\/05\/claudia-sheinbaum-reafirma-en-queretaro-la-soberania-y-el-sentido-social-de-la-constitucion\/#breadcrumb\"},\"inLanguage\":\"es\",\"potentialAction\":[{\"@type\":\"ReadAction\",\"target\":[\"https:\/\/www.nexoinformativo.mx\/index.php\/2026\/02\/05\/claudia-sheinbaum-reafirma-en-queretaro-la-soberania-y-el-sentido-social-de-la-constitucion\/\"]}]},{\"@type\":\"ImageObject\",\"inLanguage\":\"es\",\"@id\":\"https:\/\/www.nexoinformativo.mx\/index.php\/2026\/02\/05\/claudia-sheinbaum-reafirma-en-queretaro-la-soberania-y-el-sentido-social-de-la-constitucion\/#primaryimage\",\"url\":\"https:\/\/www.nexoinformativo.mx\/wp-content\/uploads\/2026\/02\/post_presidenta_CSP_Queretaro.jpeg\",\"contentUrl\":\"https:\/\/www.nexoinformativo.mx\/wp-content\/uploads\/2026\/02\/post_presidenta_CSP_Queretaro.jpeg\",\"width\":650,\"height\":380},{\"@type\":\"BreadcrumbList\",\"@id\":\"https:\/\/www.nexoinformativo.mx\/index.php\/2026\/02\/05\/claudia-sheinbaum-reafirma-en-queretaro-la-soberania-y-el-sentido-social-de-la-constitucion\/#breadcrumb\",\"itemListElement\":[{\"@type\":\"ListItem\",\"position\":1,\"name\":\"Inicio\",\"item\":\"https:\/\/www.nexoinformativo.mx\/\"},{\"@type\":\"ListItem\",\"position\":2,\"name\":\"Claudia Sheinbaum reafirma en Quer\u00e9taro la soberan\u00eda y el sentido social de la Constituci\u00f3n\"}]},{\"@type\":\"WebSite\",\"@id\":\"https:\/\/www.nexoinformativo.mx\/#website\",\"url\":\"https:\/\/www.nexoinformativo.mx\/\",\"name\":\"Nexo Informativo Santiago de Quer\u00e9taro\",\"description\":\"Explora NexoInformativo y convi\u00e9rtete en parte de una comunidad que valora el conocimiento y la verdad. Tu nexoinformativo es tu puente hacia una comprensi\u00f3n m\u00e1s profunda del mundo que te rodea.\",\"publisher\":{\"@id\":\"https:\/\/www.nexoinformativo.mx\/#organization\"},\"potentialAction\":[{\"@type\":\"SearchAction\",\"target\":{\"@type\":\"EntryPoint\",\"urlTemplate\":\"https:\/\/www.nexoinformativo.mx\/?s={search_term_string}\"},\"query-input\":{\"@type\":\"PropertyValueSpecification\",\"valueRequired\":true,\"valueName\":\"search_term_string\"}}],\"inLanguage\":\"es\"},{\"@type\":\"Organization\",\"@id\":\"https:\/\/www.nexoinformativo.mx\/#organization\",\"name\":\"Nexo Informativo Santiago de Quer\u00e9taro\",\"url\":\"https:\/\/www.nexoinformativo.mx\/\",\"logo\":{\"@type\":\"ImageObject\",\"inLanguage\":\"es\",\"@id\":\"https:\/\/www.nexoinformativo.mx\/#\/schema\/logo\/image\/\",\"url\":\"https:\/\/www.nexoinformativo.mx\/wp-content\/uploads\/2024\/07\/nexoi-trasparente-2.png\",\"contentUrl\":\"https:\/\/www.nexoinformativo.mx\/wp-content\/uploads\/2024\/07\/nexoi-trasparente-2.png\",\"width\":816,\"height\":339,\"caption\":\"Nexo Informativo Santiago de Quer\u00e9taro\"},\"image\":{\"@id\":\"https:\/\/www.nexoinformativo.mx\/#\/schema\/logo\/image\/\"},\"sameAs\":[\"https:\/\/www.facebook.com\/people\/Nexo-Informativo\/61564066885511\/\"]},{\"@type\":\"Person\",\"@id\":\"https:\/\/www.nexoinformativo.mx\/#\/schema\/person\/7749d380ba08c8ca00d7bc76fd907b7d\",\"name\":\"Nexo Informativo\",\"image\":{\"@type\":\"ImageObject\",\"inLanguage\":\"es\",\"@id\":\"https:\/\/www.nexoinformativo.mx\/#\/schema\/person\/image\/\",\"url\":\"https:\/\/secure.gravatar.com\/avatar\/dde2928154642a13d95f87ddf1ea9718fe2b46760a005c53e41ff5ad610704e6?s=96&d=mm&r=g\",\"contentUrl\":\"https:\/\/secure.gravatar.com\/avatar\/dde2928154642a13d95f87ddf1ea9718fe2b46760a005c53e41ff5ad610704e6?s=96&d=mm&r=g\",\"caption\":\"Nexo Informativo\"},\"url\":\"https:\/\/www.nexoinformativo.mx\/index.php\/author\/edicion\/\"}]}<\/script>\n<!-- \/ Yoast SEO plugin. -->","yoast_head_json":{"title":"Claudia Sheinbaum reafirma en Quer\u00e9taro la soberan\u00eda y el sentido social de la Constituci\u00f3n | Nexo Informativo Santiago de Quer\u00e9taro","robots":{"index":"index","follow":"follow","max-snippet":"max-snippet:-1","max-image-preview":"max-image-preview:large","max-video-preview":"max-video-preview:-1"},"canonical":"https:\/\/www.nexoinformativo.mx\/index.php\/2026\/02\/05\/claudia-sheinbaum-reafirma-en-queretaro-la-soberania-y-el-sentido-social-de-la-constitucion\/","og_locale":"es_MX","og_type":"article","og_title":"Claudia Sheinbaum reafirma en Quer\u00e9taro la soberan\u00eda y el sentido social de la Constituci\u00f3n | Nexo Informativo Santiago de Quer\u00e9taro","og_description":"Desde Quer\u00e9taro, la presidenta de M\u00e9xico, Claudia Sheinbaum Pardo, afirm\u00f3 que con la Cuarta Transformaci\u00f3n se ha recuperado la esencia social y soberana de la Constituci\u00f3n Pol\u00edtica de 1917, durante la conmemoraci\u00f3n del 109 Aniversario de su Promulgaci\u00f3n en el Teatro de la Rep\u00fablica. Destac\u00f3","og_url":"https:\/\/www.nexoinformativo.mx\/index.php\/2026\/02\/05\/claudia-sheinbaum-reafirma-en-queretaro-la-soberania-y-el-sentido-social-de-la-constitucion\/","og_site_name":"Nexo Informativo Santiago de Quer\u00e9taro","article_publisher":"https:\/\/www.facebook.com\/people\/Nexo-Informativo\/61564066885511\/","article_published_time":"2026-02-05T06:00:35+00:00","article_modified_time":"2026-02-06T22:02:48+00:00","og_image":[{"width":650,"height":380,"url":"https:\/\/www.nexoinformativo.mx\/wp-content\/uploads\/2026\/02\/post_presidenta_CSP_Queretaro.jpeg","type":"image\/jpeg"}],"author":"Nexo Informativo","twitter_card":"summary_large_image","twitter_misc":{"Escrito por":"Nexo Informativo","Tiempo de lectura":"1 minuto"},"schema":{"@context":"https:\/\/schema.org","@graph":[{"@type":"Article","@id":"https:\/\/www.nexoinformativo.mx\/index.php\/2026\/02\/05\/claudia-sheinbaum-reafirma-en-queretaro-la-soberania-y-el-sentido-social-de-la-constitucion\/#article","isPartOf":{"@id":"https:\/\/www.nexoinformativo.mx\/index.php\/2026\/02\/05\/claudia-sheinbaum-reafirma-en-queretaro-la-soberania-y-el-sentido-social-de-la-constitucion\/"},"author":{"name":"Nexo Informativo","@id":"https:\/\/www.nexoinformativo.mx\/#\/schema\/person\/7749d380ba08c8ca00d7bc76fd907b7d"},"headline":"Claudia Sheinbaum reafirma en Quer\u00e9taro la soberan\u00eda y el sentido social de la Constituci\u00f3n","datePublished":"2026-02-05T06:00:35+00:00","dateModified":"2026-02-06T22:02:48+00:00","mainEntityOfPage":{"@id":"https:\/\/www.nexoinformativo.mx\/index.php\/2026\/02\/05\/claudia-sheinbaum-reafirma-en-queretaro-la-soberania-y-el-sentido-social-de-la-constitucion\/"},"wordCount":284,"commentCount":0,"publisher":{"@id":"https:\/\/www.nexoinformativo.mx\/#organization"},"image":{"@id":"https:\/\/www.nexoinformativo.mx\/index.php\/2026\/02\/05\/claudia-sheinbaum-reafirma-en-queretaro-la-soberania-y-el-sentido-social-de-la-constitucion\/#primaryimage"},"thumbnailUrl":"https:\/\/www.nexoinformativo.mx\/wp-content\/uploads\/2026\/02\/post_presidenta_CSP_Queretaro.jpeg","keywords":["ClaudiaSheinbaum","Constituci\u00f3n1917","M\u00e9xico","Quer\u00e9taro","Soberan\u00edaNacional"],"articleSection":["Estado","Nacional","\u00daltima Hora"],"inLanguage":"es","potentialAction":[{"@type":"CommentAction","name":"Comment","target":["https:\/\/www.nexoinformativo.mx\/index.php\/2026\/02\/05\/claudia-sheinbaum-reafirma-en-queretaro-la-soberania-y-el-sentido-social-de-la-constitucion\/#respond"]}]},{"@type":"WebPage","@id":"https:\/\/www.nexoinformativo.mx\/index.php\/2026\/02\/05\/claudia-sheinbaum-reafirma-en-queretaro-la-soberania-y-el-sentido-social-de-la-constitucion\/","url":"https:\/\/www.nexoinformativo.mx\/index.php\/2026\/02\/05\/claudia-sheinbaum-reafirma-en-queretaro-la-soberania-y-el-sentido-social-de-la-constitucion\/","name":"Claudia Sheinbaum reafirma en Quer\u00e9taro la soberan\u00eda y el sentido social de la Constituci\u00f3n | Nexo Informativo Santiago de Quer\u00e9taro","isPartOf":{"@id":"https:\/\/www.nexoinformativo.mx\/#website"},"primaryImageOfPage":{"@id":"https:\/\/www.nexoinformativo.mx\/index.php\/2026\/02\/05\/claudia-sheinbaum-reafirma-en-queretaro-la-soberania-y-el-sentido-social-de-la-constitucion\/#primaryimage"},"image":{"@id":"https:\/\/www.nexoinformativo.mx\/index.php\/2026\/02\/05\/claudia-sheinbaum-reafirma-en-queretaro-la-soberania-y-el-sentido-social-de-la-constitucion\/#primaryimage"},"thumbnailUrl":"https:\/\/www.nexoinformativo.mx\/wp-content\/uploads\/2026\/02\/post_presidenta_CSP_Queretaro.jpeg","datePublished":"2026-02-05T06:00:35+00:00","dateModified":"2026-02-06T22:02:48+00:00","breadcrumb":{"@id":"https:\/\/www.nexoinformativo.mx\/index.php\/2026\/02\/05\/claudia-sheinbaum-reafirma-en-queretaro-la-soberania-y-el-sentido-social-de-la-constitucion\/#breadcrumb"},"inLanguage":"es","potentialAction":[{"@type":"ReadAction","target":["https:\/\/www.nexoinformativo.mx\/index.php\/2026\/02\/05\/claudia-sheinbaum-reafirma-en-queretaro-la-soberania-y-el-sentido-social-de-la-constitucion\/"]}]},{"@type":"ImageObject","inLanguage":"es","@id":"https:\/\/www.nexoinformativo.mx\/index.php\/2026\/02\/05\/claudia-sheinbaum-reafirma-en-queretaro-la-soberania-y-el-sentido-social-de-la-constitucion\/#primaryimage","url":"https:\/\/www.nexoinformativo.mx\/wp-content\/uploads\/2026\/02\/post_presidenta_CSP_Queretaro.jpeg","contentUrl":"https:\/\/www.nexoinformativo.mx\/wp-content\/uploads\/2026\/02\/post_presidenta_CSP_Queretaro.jpeg","width":650,"height":380},{"@type":"BreadcrumbList","@id":"https:\/\/www.nexoinformativo.mx\/index.php\/2026\/02\/05\/claudia-sheinbaum-reafirma-en-queretaro-la-soberania-y-el-sentido-social-de-la-constitucion\/#breadcrumb","itemListElement":[{"@type":"ListItem","position":1,"name":"Inicio","item":"https:\/\/www.nexoinformativo.mx\/"},{"@type":"ListItem","position":2,"name":"Claudia Sheinbaum reafirma en Quer\u00e9taro la soberan\u00eda y el sentido social de la Constituci\u00f3n"}]},{"@type":"WebSite","@id":"https:\/\/www.nexoinformativo.mx\/#website","url":"https:\/\/www.nexoinformativo.mx\/","name":"Nexo Informativo Santiago de Quer\u00e9taro","description":"Explora NexoInformativo y convi\u00e9rtete en parte de una comunidad que valora el conocimiento y la verdad. Tu nexoinformativo es tu puente hacia una comprensi\u00f3n m\u00e1s profunda del mundo que te rodea.","publisher":{"@id":"https:\/\/www.nexoinformativo.mx\/#organization"},"potentialAction":[{"@type":"SearchAction","target":{"@type":"EntryPoint","urlTemplate":"https:\/\/www.nexoinformativo.mx\/?s={search_term_string}"},"query-input":{"@type":"PropertyValueSpecification","valueRequired":true,"valueName":"search_term_string"}}],"inLanguage":"es"},{"@type":"Organization","@id":"https:\/\/www.nexoinformativo.mx\/#organization","name":"Nexo Informativo Santiago de Quer\u00e9taro","url":"https:\/\/www.nexoinformativo.mx\/","logo":{"@type":"ImageObject","inLanguage":"es","@id":"https:\/\/www.nexoinformativo.mx\/#\/schema\/logo\/image\/","url":"https:\/\/www.nexoinformativo.mx\/wp-content\/uploads\/2024\/07\/nexoi-trasparente-2.png","contentUrl":"https:\/\/www.nexoinformativo.mx\/wp-content\/uploads\/2024\/07\/nexoi-trasparente-2.png","width":816,"height":339,"caption":"Nexo Informativo Santiago de Quer\u00e9taro"},"image":{"@id":"https:\/\/www.nexoinformativo.mx\/#\/schema\/logo\/image\/"},"sameAs":["https:\/\/www.facebook.com\/people\/Nexo-Informativo\/61564066885511\/"]},{"@type":"Person","@id":"https:\/\/www.nexoinformativo.mx\/#\/schema\/person\/7749d380ba08c8ca00d7bc76fd907b7d","name":"Nexo Informativo","image":{"@type":"ImageObject","inLanguage":"es","@id":"https:\/\/www.nexoinformativo.mx\/#\/schema\/person\/image\/","url":"https:\/\/secure.gravatar.com\/avatar\/dde2928154642a13d95f87ddf1ea9718fe2b46760a005c53e41ff5ad610704e6?s=96&d=mm&r=g","contentUrl":"https:\/\/secure.gravatar.com\/avatar\/dde2928154642a13d95f87ddf1ea9718fe2b46760a005c53e41ff5ad610704e6?s=96&d=mm&r=g","caption":"Nexo Informativo"},"url":"https:\/\/www.nexoinformativo.mx\/index.php\/author\/edicion\/"}]}},"_links":{"self":[{"href":"https:\/\/www.nexoinformativo.mx\/index.php\/wp-json\/wp\/v2\/posts\/17219","targetHints":{"allow":["GET"]}}],"collection":[{"href":"https:\/\/www.nexoinformativo.mx\/index.php\/wp-json\/wp\/v2\/posts"}],"about":[{"href":"https:\/\/www.nexoinformativo.mx\/index.php\/wp-json\/wp\/v2\/types\/post"}],"author":[{"embeddable":true,"href":"https:\/\/www.nexoinformativo.mx\/index.php\/wp-json\/wp\/v2\/users\/3"}],"replies":[{"embeddable":true,"href":"https:\/\/www.nexoinformativo.mx\/index.php\/wp-json\/wp\/v2\/comments?post=17219"}],"version-history":[{"count":1,"href":"https:\/\/www.nexoinformativo.mx\/index.php\/wp-json\/wp\/v2\/posts\/17219\/revisions"}],"predecessor-version":[{"id":17220,"href":"https:\/\/www.nexoinformativo.mx\/index.php\/wp-json\/wp\/v2\/posts\/17219\/revisions\/17220"}],"wp:featuredmedia":[{"embeddable":true,"href":"https:\/\/www.nexoinformativo.mx\/index.php\/wp-json\/wp\/v2\/media\/17218"}],"wp:attachment":[{"href":"https:\/\/www.nexoinformativo.mx\/index.php\/wp-json\/wp\/v2\/media?parent=17219"}],"wp:term":[{"taxonomy":"category","embeddable":true,"href":"https:\/\/www.nexoinformativo.mx\/index.php\/wp-json\/wp\/v2\/categories?post=17219"},{"taxonomy":"post_tag","embeddable":true,"href":"https:\/\/www.nexoinformativo.mx\/index.php\/wp-json\/wp\/v2\/tags?post=17219"}],"curies":[{"name":"wp","href":"https:\/\/api.w.org\/{rel}","templated":true}]}}