{"id":17224,"date":"2026-02-06T12:00:08","date_gmt":"2026-02-06T18:00:08","guid":{"rendered":"https:\/\/www.nexoinformativo.mx\/?p=17224"},"modified":"2026-02-07T08:41:15","modified_gmt":"2026-02-07T14:41:15","slug":"cae-el-flaco-en-queretaro-tras-operativo-con-30-detenidos","status":"publish","type":"post","link":"https:\/\/www.nexoinformativo.mx\/index.php\/2026\/02\/06\/cae-el-flaco-en-queretaro-tras-operativo-con-30-detenidos\/","title":{"rendered":"Cae \u201cEl Flaco\u201d en Quer\u00e9taro tras operativo con 30 detenidos"},"content":{"rendered":"\n<p>Autoridades federales y estatales lograron la detenci\u00f3n de 30 personas durante la ejecuci\u00f3n de 12 cateos simult\u00e1neos en diversas zonas de Quer\u00e9taro, como parte de un operativo contra el crimen organizado. Entre los asegurados se encuentra Diego \u201cN\u201d, alias \u201cEl Flaco\u201d, identificado como uno de los principales operadores del grupo \u201cLos Salazar\u201d, af\u00edn al C\u00e1rtel de Sinaloa.<\/p>\n\n\n\n<p><br>De acuerdo con informaci\u00f3n oficial, \u201cEl Flaco\u201d coordinaba la venta y distribuci\u00f3n de drogas en la capital del estado, adem\u00e1s del tr\u00e1fico de armas, agresiones a grupos rivales, homicidios y actividades de reclutamiento delictivo en Quer\u00e9taro, M\u00e9xico.<\/p>\n\n\n\n<p><br>Las detenciones fueron resultado de una investigaci\u00f3n de cuatro meses que incluy\u00f3 an\u00e1lisis de patrones delictivos y labores de vigilancia en distintos puntos de la capital. Durante los cateos se aseguraron armas de fuego, cartuchos \u00fatiles, drogas, dinero en efectivo, veh\u00edculos, equipos de telefon\u00eda y dispositivos de almacenamiento de informaci\u00f3n.<\/p>\n\n\n\n<p><br>El operativo se realiz\u00f3 sin que se registraran disparos y cont\u00f3 con la participaci\u00f3n de la Secretar\u00eda de Marina, la Fiscal\u00eda General de la Rep\u00fablica, la Fiscal\u00eda General del Estado y la Secretar\u00eda de Seguridad y Protecci\u00f3n Ciudadana. Las personas detenidas y los indicios asegurados quedaron a disposici\u00f3n del Ministerio P\u00fablico, mientras que los inmuebles permanecen sellados y bajo resguardo policial.<\/p>\n","protected":false},"excerpt":{"rendered":"<p>Autoridades federales y estatales lograron la detenci\u00f3n de 30 personas durante la ejecuci\u00f3n de 12 cateos simult\u00e1neos en diversas zonas de Quer\u00e9taro, como parte de un operativo contra el crimen organizado. Entre los asegurados se encuentra Diego \u201cN\u201d, alias \u201cEl Flaco\u201d, identificado como uno de los principales operadores del grupo \u201cLos Salazar\u201d, af\u00edn al C\u00e1rtel de Sinaloa.<\/p>\n","protected":false},"author":3,"featured_media":17223,"comment_status":"open","ping_status":"open","sticky":false,"template":"","format":"standard","meta":{"footnotes":""},"categories":[42,137,58],"tags":[2823,1196,5119,133,131],"class_list":["post-17224","post","type-post","status-publish","format-standard","has-post-thumbnail","hentry","category-estado","category-sucesos","category-ultima-hora","tag-cateos","tag-crimenorganizado","tag-elflaco","tag-queretaro","tag-seguridad"],"yoast_head":"<!-- This site is optimized with the Yoast SEO plugin v25.0 - https:\/\/yoast.com\/wordpress\/plugins\/seo\/ -->\n<title>Cae \u201cEl Flaco\u201d en Quer\u00e9taro tras operativo con 30 detenidos | Nexo Informativo Santiago de Quer\u00e9taro<\/title>\n<meta name=\"robots\" content=\"index, follow, max-snippet:-1, max-image-preview:large, max-video-preview:-1\" \/>\n<link rel=\"canonical\" href=\"https:\/\/www.nexoinformativo.mx\/index.php\/2026\/02\/06\/cae-el-flaco-en-queretaro-tras-operativo-con-30-detenidos\/\" \/>\n<meta property=\"og:locale\" content=\"es_MX\" \/>\n<meta property=\"og:type\" content=\"article\" \/>\n<meta property=\"og:title\" content=\"Cae \u201cEl Flaco\u201d en Quer\u00e9taro tras operativo con 30 detenidos | Nexo Informativo Santiago de Quer\u00e9taro\" \/>\n<meta property=\"og:description\" content=\"Autoridades federales y estatales lograron la detenci\u00f3n de 30 personas durante la ejecuci\u00f3n de 12 cateos simult\u00e1neos en diversas zonas de Quer\u00e9taro, como parte de un operativo contra el crimen organizado. Entre los asegurados se encuentra Diego \u201cN\u201d, alias \u201cEl Flaco\u201d, identificado como uno de los principales operadores del grupo \u201cLos Salazar\u201d, af\u00edn al C\u00e1rtel de Sinaloa.\" \/>\n<meta property=\"og:url\" content=\"https:\/\/www.nexoinformativo.mx\/index.php\/2026\/02\/06\/cae-el-flaco-en-queretaro-tras-operativo-con-30-detenidos\/\" \/>\n<meta property=\"og:site_name\" content=\"Nexo Informativo Santiago de Quer\u00e9taro\" \/>\n<meta property=\"article:publisher\" content=\"https:\/\/www.facebook.com\/people\/Nexo-Informativo\/61564066885511\/\" \/>\n<meta property=\"article:published_time\" content=\"2026-02-06T18:00:08+00:00\" \/>\n<meta property=\"article:modified_time\" content=\"2026-02-07T14:41:15+00:00\" \/>\n<meta property=\"og:image\" content=\"https:\/\/www.nexoinformativo.mx\/wp-content\/uploads\/2026\/02\/IMG-20260207-WA0012.jpg\" \/>\n\t<meta property=\"og:image:width\" content=\"1280\" \/>\n\t<meta property=\"og:image:height\" content=\"1024\" \/>\n\t<meta property=\"og:image:type\" content=\"image\/jpeg\" \/>\n<meta name=\"author\" content=\"Nexo Informativo\" \/>\n<meta name=\"twitter:card\" content=\"summary_large_image\" \/>\n<meta name=\"twitter:label1\" content=\"Escrito por\" \/>\n\t<meta name=\"twitter:data1\" content=\"Nexo Informativo\" \/>\n\t<meta name=\"twitter:label2\" content=\"Tiempo de lectura\" \/>\n\t<meta name=\"twitter:data2\" content=\"1 minuto\" \/>\n<script type=\"application\/ld+json\" class=\"yoast-schema-graph\">{\"@context\":\"https:\/\/schema.org\",\"@graph\":[{\"@type\":\"Article\",\"@id\":\"https:\/\/www.nexoinformativo.mx\/index.php\/2026\/02\/06\/cae-el-flaco-en-queretaro-tras-operativo-con-30-detenidos\/#article\",\"isPartOf\":{\"@id\":\"https:\/\/www.nexoinformativo.mx\/index.php\/2026\/02\/06\/cae-el-flaco-en-queretaro-tras-operativo-con-30-detenidos\/\"},\"author\":{\"name\":\"Nexo Informativo\",\"@id\":\"https:\/\/www.nexoinformativo.mx\/#\/schema\/person\/7749d380ba08c8ca00d7bc76fd907b7d\"},\"headline\":\"Cae \u201cEl Flaco\u201d en Quer\u00e9taro tras operativo con 30 detenidos\",\"datePublished\":\"2026-02-06T18:00:08+00:00\",\"dateModified\":\"2026-02-07T14:41:15+00:00\",\"mainEntityOfPage\":{\"@id\":\"https:\/\/www.nexoinformativo.mx\/index.php\/2026\/02\/06\/cae-el-flaco-en-queretaro-tras-operativo-con-30-detenidos\/\"},\"wordCount\":239,\"commentCount\":0,\"publisher\":{\"@id\":\"https:\/\/www.nexoinformativo.mx\/#organization\"},\"image\":{\"@id\":\"https:\/\/www.nexoinformativo.mx\/index.php\/2026\/02\/06\/cae-el-flaco-en-queretaro-tras-operativo-con-30-detenidos\/#primaryimage\"},\"thumbnailUrl\":\"https:\/\/www.nexoinformativo.mx\/wp-content\/uploads\/2026\/02\/IMG-20260207-WA0012.jpg\",\"keywords\":[\"Cateos\",\"CrimenOrganizado\",\"ElFlaco\",\"Quer\u00e9taro\",\"Seguridad\"],\"articleSection\":[\"Estado\",\"Sucesos\",\"\u00daltima Hora\"],\"inLanguage\":\"es\",\"potentialAction\":[{\"@type\":\"CommentAction\",\"name\":\"Comment\",\"target\":[\"https:\/\/www.nexoinformativo.mx\/index.php\/2026\/02\/06\/cae-el-flaco-en-queretaro-tras-operativo-con-30-detenidos\/#respond\"]}]},{\"@type\":\"WebPage\",\"@id\":\"https:\/\/www.nexoinformativo.mx\/index.php\/2026\/02\/06\/cae-el-flaco-en-queretaro-tras-operativo-con-30-detenidos\/\",\"url\":\"https:\/\/www.nexoinformativo.mx\/index.php\/2026\/02\/06\/cae-el-flaco-en-queretaro-tras-operativo-con-30-detenidos\/\",\"name\":\"Cae \u201cEl Flaco\u201d en Quer\u00e9taro tras operativo con 30 detenidos | Nexo Informativo Santiago de Quer\u00e9taro\",\"isPartOf\":{\"@id\":\"https:\/\/www.nexoinformativo.mx\/#website\"},\"primaryImageOfPage\":{\"@id\":\"https:\/\/www.nexoinformativo.mx\/index.php\/2026\/02\/06\/cae-el-flaco-en-queretaro-tras-operativo-con-30-detenidos\/#primaryimage\"},\"image\":{\"@id\":\"https:\/\/www.nexoinformativo.mx\/index.php\/2026\/02\/06\/cae-el-flaco-en-queretaro-tras-operativo-con-30-detenidos\/#primaryimage\"},\"thumbnailUrl\":\"https:\/\/www.nexoinformativo.mx\/wp-content\/uploads\/2026\/02\/IMG-20260207-WA0012.jpg\",\"datePublished\":\"2026-02-06T18:00:08+00:00\",\"dateModified\":\"2026-02-07T14:41:15+00:00\",\"breadcrumb\":{\"@id\":\"https:\/\/www.nexoinformativo.mx\/index.php\/2026\/02\/06\/cae-el-flaco-en-queretaro-tras-operativo-con-30-detenidos\/#breadcrumb\"},\"inLanguage\":\"es\",\"potentialAction\":[{\"@type\":\"ReadAction\",\"target\":[\"https:\/\/www.nexoinformativo.mx\/index.php\/2026\/02\/06\/cae-el-flaco-en-queretaro-tras-operativo-con-30-detenidos\/\"]}]},{\"@type\":\"ImageObject\",\"inLanguage\":\"es\",\"@id\":\"https:\/\/www.nexoinformativo.mx\/index.php\/2026\/02\/06\/cae-el-flaco-en-queretaro-tras-operativo-con-30-detenidos\/#primaryimage\",\"url\":\"https:\/\/www.nexoinformativo.mx\/wp-content\/uploads\/2026\/02\/IMG-20260207-WA0012.jpg\",\"contentUrl\":\"https:\/\/www.nexoinformativo.mx\/wp-content\/uploads\/2026\/02\/IMG-20260207-WA0012.jpg\",\"width\":1280,\"height\":1024},{\"@type\":\"BreadcrumbList\",\"@id\":\"https:\/\/www.nexoinformativo.mx\/index.php\/2026\/02\/06\/cae-el-flaco-en-queretaro-tras-operativo-con-30-detenidos\/#breadcrumb\",\"itemListElement\":[{\"@type\":\"ListItem\",\"position\":1,\"name\":\"Inicio\",\"item\":\"https:\/\/www.nexoinformativo.mx\/\"},{\"@type\":\"ListItem\",\"position\":2,\"name\":\"Cae \u201cEl Flaco\u201d en Quer\u00e9taro tras operativo con 30 detenidos\"}]},{\"@type\":\"WebSite\",\"@id\":\"https:\/\/www.nexoinformativo.mx\/#website\",\"url\":\"https:\/\/www.nexoinformativo.mx\/\",\"name\":\"Nexo Informativo Santiago de Quer\u00e9taro\",\"description\":\"Explora NexoInformativo y convi\u00e9rtete en parte de una comunidad que valora el conocimiento y la verdad. Tu nexoinformativo es tu puente hacia una comprensi\u00f3n m\u00e1s profunda del mundo que te rodea.\",\"publisher\":{\"@id\":\"https:\/\/www.nexoinformativo.mx\/#organization\"},\"potentialAction\":[{\"@type\":\"SearchAction\",\"target\":{\"@type\":\"EntryPoint\",\"urlTemplate\":\"https:\/\/www.nexoinformativo.mx\/?s={search_term_string}\"},\"query-input\":{\"@type\":\"PropertyValueSpecification\",\"valueRequired\":true,\"valueName\":\"search_term_string\"}}],\"inLanguage\":\"es\"},{\"@type\":\"Organization\",\"@id\":\"https:\/\/www.nexoinformativo.mx\/#organization\",\"name\":\"Nexo Informativo Santiago de Quer\u00e9taro\",\"url\":\"https:\/\/www.nexoinformativo.mx\/\",\"logo\":{\"@type\":\"ImageObject\",\"inLanguage\":\"es\",\"@id\":\"https:\/\/www.nexoinformativo.mx\/#\/schema\/logo\/image\/\",\"url\":\"https:\/\/www.nexoinformativo.mx\/wp-content\/uploads\/2024\/07\/nexoi-trasparente-2.png\",\"contentUrl\":\"https:\/\/www.nexoinformativo.mx\/wp-content\/uploads\/2024\/07\/nexoi-trasparente-2.png\",\"width\":816,\"height\":339,\"caption\":\"Nexo Informativo Santiago de Quer\u00e9taro\"},\"image\":{\"@id\":\"https:\/\/www.nexoinformativo.mx\/#\/schema\/logo\/image\/\"},\"sameAs\":[\"https:\/\/www.facebook.com\/people\/Nexo-Informativo\/61564066885511\/\"]},{\"@type\":\"Person\",\"@id\":\"https:\/\/www.nexoinformativo.mx\/#\/schema\/person\/7749d380ba08c8ca00d7bc76fd907b7d\",\"name\":\"Nexo Informativo\",\"image\":{\"@type\":\"ImageObject\",\"inLanguage\":\"es\",\"@id\":\"https:\/\/www.nexoinformativo.mx\/#\/schema\/person\/image\/\",\"url\":\"https:\/\/secure.gravatar.com\/avatar\/dde2928154642a13d95f87ddf1ea9718fe2b46760a005c53e41ff5ad610704e6?s=96&d=mm&r=g\",\"contentUrl\":\"https:\/\/secure.gravatar.com\/avatar\/dde2928154642a13d95f87ddf1ea9718fe2b46760a005c53e41ff5ad610704e6?s=96&d=mm&r=g\",\"caption\":\"Nexo Informativo\"},\"url\":\"https:\/\/www.nexoinformativo.mx\/index.php\/author\/edicion\/\"}]}<\/script>\n<!-- \/ Yoast SEO plugin. -->","yoast_head_json":{"title":"Cae \u201cEl Flaco\u201d en Quer\u00e9taro tras operativo con 30 detenidos | Nexo Informativo Santiago de Quer\u00e9taro","robots":{"index":"index","follow":"follow","max-snippet":"max-snippet:-1","max-image-preview":"max-image-preview:large","max-video-preview":"max-video-preview:-1"},"canonical":"https:\/\/www.nexoinformativo.mx\/index.php\/2026\/02\/06\/cae-el-flaco-en-queretaro-tras-operativo-con-30-detenidos\/","og_locale":"es_MX","og_type":"article","og_title":"Cae \u201cEl Flaco\u201d en Quer\u00e9taro tras operativo con 30 detenidos | Nexo Informativo Santiago de Quer\u00e9taro","og_description":"Autoridades federales y estatales lograron la detenci\u00f3n de 30 personas durante la ejecuci\u00f3n de 12 cateos simult\u00e1neos en diversas zonas de Quer\u00e9taro, como parte de un operativo contra el crimen organizado. Entre los asegurados se encuentra Diego \u201cN\u201d, alias \u201cEl Flaco\u201d, identificado como uno de los principales operadores del grupo \u201cLos Salazar\u201d, af\u00edn al C\u00e1rtel de Sinaloa.","og_url":"https:\/\/www.nexoinformativo.mx\/index.php\/2026\/02\/06\/cae-el-flaco-en-queretaro-tras-operativo-con-30-detenidos\/","og_site_name":"Nexo Informativo Santiago de Quer\u00e9taro","article_publisher":"https:\/\/www.facebook.com\/people\/Nexo-Informativo\/61564066885511\/","article_published_time":"2026-02-06T18:00:08+00:00","article_modified_time":"2026-02-07T14:41:15+00:00","og_image":[{"width":1280,"height":1024,"url":"https:\/\/www.nexoinformativo.mx\/wp-content\/uploads\/2026\/02\/IMG-20260207-WA0012.jpg","type":"image\/jpeg"}],"author":"Nexo Informativo","twitter_card":"summary_large_image","twitter_misc":{"Escrito por":"Nexo Informativo","Tiempo de lectura":"1 minuto"},"schema":{"@context":"https:\/\/schema.org","@graph":[{"@type":"Article","@id":"https:\/\/www.nexoinformativo.mx\/index.php\/2026\/02\/06\/cae-el-flaco-en-queretaro-tras-operativo-con-30-detenidos\/#article","isPartOf":{"@id":"https:\/\/www.nexoinformativo.mx\/index.php\/2026\/02\/06\/cae-el-flaco-en-queretaro-tras-operativo-con-30-detenidos\/"},"author":{"name":"Nexo Informativo","@id":"https:\/\/www.nexoinformativo.mx\/#\/schema\/person\/7749d380ba08c8ca00d7bc76fd907b7d"},"headline":"Cae \u201cEl Flaco\u201d en Quer\u00e9taro tras operativo con 30 detenidos","datePublished":"2026-02-06T18:00:08+00:00","dateModified":"2026-02-07T14:41:15+00:00","mainEntityOfPage":{"@id":"https:\/\/www.nexoinformativo.mx\/index.php\/2026\/02\/06\/cae-el-flaco-en-queretaro-tras-operativo-con-30-detenidos\/"},"wordCount":239,"commentCount":0,"publisher":{"@id":"https:\/\/www.nexoinformativo.mx\/#organization"},"image":{"@id":"https:\/\/www.nexoinformativo.mx\/index.php\/2026\/02\/06\/cae-el-flaco-en-queretaro-tras-operativo-con-30-detenidos\/#primaryimage"},"thumbnailUrl":"https:\/\/www.nexoinformativo.mx\/wp-content\/uploads\/2026\/02\/IMG-20260207-WA0012.jpg","keywords":["Cateos","CrimenOrganizado","ElFlaco","Quer\u00e9taro","Seguridad"],"articleSection":["Estado","Sucesos","\u00daltima Hora"],"inLanguage":"es","potentialAction":[{"@type":"CommentAction","name":"Comment","target":["https:\/\/www.nexoinformativo.mx\/index.php\/2026\/02\/06\/cae-el-flaco-en-queretaro-tras-operativo-con-30-detenidos\/#respond"]}]},{"@type":"WebPage","@id":"https:\/\/www.nexoinformativo.mx\/index.php\/2026\/02\/06\/cae-el-flaco-en-queretaro-tras-operativo-con-30-detenidos\/","url":"https:\/\/www.nexoinformativo.mx\/index.php\/2026\/02\/06\/cae-el-flaco-en-queretaro-tras-operativo-con-30-detenidos\/","name":"Cae \u201cEl Flaco\u201d en Quer\u00e9taro tras operativo con 30 detenidos | Nexo Informativo Santiago de Quer\u00e9taro","isPartOf":{"@id":"https:\/\/www.nexoinformativo.mx\/#website"},"primaryImageOfPage":{"@id":"https:\/\/www.nexoinformativo.mx\/index.php\/2026\/02\/06\/cae-el-flaco-en-queretaro-tras-operativo-con-30-detenidos\/#primaryimage"},"image":{"@id":"https:\/\/www.nexoinformativo.mx\/index.php\/2026\/02\/06\/cae-el-flaco-en-queretaro-tras-operativo-con-30-detenidos\/#primaryimage"},"thumbnailUrl":"https:\/\/www.nexoinformativo.mx\/wp-content\/uploads\/2026\/02\/IMG-20260207-WA0012.jpg","datePublished":"2026-02-06T18:00:08+00:00","dateModified":"2026-02-07T14:41:15+00:00","breadcrumb":{"@id":"https:\/\/www.nexoinformativo.mx\/index.php\/2026\/02\/06\/cae-el-flaco-en-queretaro-tras-operativo-con-30-detenidos\/#breadcrumb"},"inLanguage":"es","potentialAction":[{"@type":"ReadAction","target":["https:\/\/www.nexoinformativo.mx\/index.php\/2026\/02\/06\/cae-el-flaco-en-queretaro-tras-operativo-con-30-detenidos\/"]}]},{"@type":"ImageObject","inLanguage":"es","@id":"https:\/\/www.nexoinformativo.mx\/index.php\/2026\/02\/06\/cae-el-flaco-en-queretaro-tras-operativo-con-30-detenidos\/#primaryimage","url":"https:\/\/www.nexoinformativo.mx\/wp-content\/uploads\/2026\/02\/IMG-20260207-WA0012.jpg","contentUrl":"https:\/\/www.nexoinformativo.mx\/wp-content\/uploads\/2026\/02\/IMG-20260207-WA0012.jpg","width":1280,"height":1024},{"@type":"BreadcrumbList","@id":"https:\/\/www.nexoinformativo.mx\/index.php\/2026\/02\/06\/cae-el-flaco-en-queretaro-tras-operativo-con-30-detenidos\/#breadcrumb","itemListElement":[{"@type":"ListItem","position":1,"name":"Inicio","item":"https:\/\/www.nexoinformativo.mx\/"},{"@type":"ListItem","position":2,"name":"Cae \u201cEl Flaco\u201d en Quer\u00e9taro tras operativo con 30 detenidos"}]},{"@type":"WebSite","@id":"https:\/\/www.nexoinformativo.mx\/#website","url":"https:\/\/www.nexoinformativo.mx\/","name":"Nexo Informativo Santiago de Quer\u00e9taro","description":"Explora NexoInformativo y convi\u00e9rtete en parte de una comunidad que valora el conocimiento y la verdad. Tu nexoinformativo es tu puente hacia una comprensi\u00f3n m\u00e1s profunda del mundo que te rodea.","publisher":{"@id":"https:\/\/www.nexoinformativo.mx\/#organization"},"potentialAction":[{"@type":"SearchAction","target":{"@type":"EntryPoint","urlTemplate":"https:\/\/www.nexoinformativo.mx\/?s={search_term_string}"},"query-input":{"@type":"PropertyValueSpecification","valueRequired":true,"valueName":"search_term_string"}}],"inLanguage":"es"},{"@type":"Organization","@id":"https:\/\/www.nexoinformativo.mx\/#organization","name":"Nexo Informativo Santiago de Quer\u00e9taro","url":"https:\/\/www.nexoinformativo.mx\/","logo":{"@type":"ImageObject","inLanguage":"es","@id":"https:\/\/www.nexoinformativo.mx\/#\/schema\/logo\/image\/","url":"https:\/\/www.nexoinformativo.mx\/wp-content\/uploads\/2024\/07\/nexoi-trasparente-2.png","contentUrl":"https:\/\/www.nexoinformativo.mx\/wp-content\/uploads\/2024\/07\/nexoi-trasparente-2.png","width":816,"height":339,"caption":"Nexo Informativo Santiago de Quer\u00e9taro"},"image":{"@id":"https:\/\/www.nexoinformativo.mx\/#\/schema\/logo\/image\/"},"sameAs":["https:\/\/www.facebook.com\/people\/Nexo-Informativo\/61564066885511\/"]},{"@type":"Person","@id":"https:\/\/www.nexoinformativo.mx\/#\/schema\/person\/7749d380ba08c8ca00d7bc76fd907b7d","name":"Nexo Informativo","image":{"@type":"ImageObject","inLanguage":"es","@id":"https:\/\/www.nexoinformativo.mx\/#\/schema\/person\/image\/","url":"https:\/\/secure.gravatar.com\/avatar\/dde2928154642a13d95f87ddf1ea9718fe2b46760a005c53e41ff5ad610704e6?s=96&d=mm&r=g","contentUrl":"https:\/\/secure.gravatar.com\/avatar\/dde2928154642a13d95f87ddf1ea9718fe2b46760a005c53e41ff5ad610704e6?s=96&d=mm&r=g","caption":"Nexo Informativo"},"url":"https:\/\/www.nexoinformativo.mx\/index.php\/author\/edicion\/"}]}},"_links":{"self":[{"href":"https:\/\/www.nexoinformativo.mx\/index.php\/wp-json\/wp\/v2\/posts\/17224","targetHints":{"allow":["GET"]}}],"collection":[{"href":"https:\/\/www.nexoinformativo.mx\/index.php\/wp-json\/wp\/v2\/posts"}],"about":[{"href":"https:\/\/www.nexoinformativo.mx\/index.php\/wp-json\/wp\/v2\/types\/post"}],"author":[{"embeddable":true,"href":"https:\/\/www.nexoinformativo.mx\/index.php\/wp-json\/wp\/v2\/users\/3"}],"replies":[{"embeddable":true,"href":"https:\/\/www.nexoinformativo.mx\/index.php\/wp-json\/wp\/v2\/comments?post=17224"}],"version-history":[{"count":1,"href":"https:\/\/www.nexoinformativo.mx\/index.php\/wp-json\/wp\/v2\/posts\/17224\/revisions"}],"predecessor-version":[{"id":17225,"href":"https:\/\/www.nexoinformativo.mx\/index.php\/wp-json\/wp\/v2\/posts\/17224\/revisions\/17225"}],"wp:featuredmedia":[{"embeddable":true,"href":"https:\/\/www.nexoinformativo.mx\/index.php\/wp-json\/wp\/v2\/media\/17223"}],"wp:attachment":[{"href":"https:\/\/www.nexoinformativo.mx\/index.php\/wp-json\/wp\/v2\/media?parent=17224"}],"wp:term":[{"taxonomy":"category","embeddable":true,"href":"https:\/\/www.nexoinformativo.mx\/index.php\/wp-json\/wp\/v2\/categories?post=17224"},{"taxonomy":"post_tag","embeddable":true,"href":"https:\/\/www.nexoinformativo.mx\/index.php\/wp-json\/wp\/v2\/tags?post=17224"}],"curies":[{"name":"wp","href":"https:\/\/api.w.org\/{rel}","templated":true}]}}