{"id":17227,"date":"2026-02-07T10:00:28","date_gmt":"2026-02-07T16:00:28","guid":{"rendered":"https:\/\/www.nexoinformativo.mx\/?p=17227"},"modified":"2026-02-07T12:50:59","modified_gmt":"2026-02-07T18:50:59","slug":"toro-suelto-provoca-caos-y-deja-seis-lesionados-en-pedro-escobedo","status":"publish","type":"post","link":"https:\/\/www.nexoinformativo.mx\/index.php\/2026\/02\/07\/toro-suelto-provoca-caos-y-deja-seis-lesionados-en-pedro-escobedo\/","title":{"rendered":"Toro suelto provoca caos y deja seis lesionados en Pedro Escobedo"},"content":{"rendered":"\n<p>Momentos de tensi\u00f3n se vivieron la ma\u00f1ana de este d\u00eda en el municipio de Pedro Escobedo, Quer\u00e9taro, luego de que un toro suelto recorriera varias calles de la cabecera municipal, dejando al menos seis personas lesionadas y causando da\u00f1os a patrullas de la Polic\u00eda Municipal y a un veh\u00edculo particular.<\/p>\n\n\n\n<p><br \/>De acuerdo con autoridades locales, vecinos alertaron a los cuerpos de emergencia tras observar al animal corriendo sin control por la v\u00eda p\u00fablica, lo que representaba un riesgo para peatones, automovilistas y comercios. Durante los intentos por contenerlo, el toro embisti\u00f3 dos unidades de Seguridad P\u00fablica y alcanz\u00f3 a varias personas que se encontraban en la zona.<\/p>\n\n\n\n<p><br>Param\u00e9dicos de Protecci\u00f3n Civil brindaron atenci\u00f3n inmediata a tres personas en el lugar, mientras que una m\u00e1s fue trasladada a un hospital para su valoraci\u00f3n m\u00e9dica debido a la gravedad de sus heridas; el resto present\u00f3 golpes menores. Ante el peligro, las autoridades procedieron a neutralizar al animal conforme a los protocolos establecidos.<\/p>\n\n\n\n<p><\/p>\n\n\n\n<p>El gobierno municipal de Pedro Escobedo inform\u00f3 que ya se investigan las circunstancias en las que el toro qued\u00f3 suelto, ya que un manejo inadecuado pudo haber provocado este incidente. Adem\u00e1s, elementos de Protecci\u00f3n Civil y Seguridad P\u00fablica mantienen recorridos preventivos para descartar m\u00e1s personas afectadas o da\u00f1os no reportados.<\/p>\n","protected":false},"excerpt":{"rendered":"<p>Momentos de tensi\u00f3n se vivieron la ma\u00f1ana de este d\u00eda en el municipio de Pedro Escobedo, Quer\u00e9taro, luego de que un toro suelto recorriera varias calles de la cabecera municipal, dejando al menos seis personas lesionadas y causando da\u00f1os a patrullas de la Polic\u00eda Municipal y a un veh\u00edculo particular.<\/p>\n","protected":false},"author":3,"featured_media":17226,"comment_status":"open","ping_status":"open","sticky":false,"template":"","format":"standard","meta":{"footnotes":""},"categories":[65,137,58],"tags":[614,167,154,133,207],"class_list":["post-17227","post","type-post","status-publish","format-standard","has-post-thumbnail","hentry","category-municipios","category-sucesos","category-ultima-hora","tag-emergencia","tag-pedroescobedo","tag-proteccioncivil","tag-queretaro","tag-seguridadpublica"],"yoast_head":"<!-- This site is optimized with the Yoast SEO plugin v25.0 - https:\/\/yoast.com\/wordpress\/plugins\/seo\/ -->\n<title>Toro suelto provoca caos y deja seis lesionados en Pedro Escobedo | Nexo Informativo Santiago de Quer\u00e9taro<\/title>\n<meta name=\"robots\" content=\"index, follow, max-snippet:-1, max-image-preview:large, max-video-preview:-1\" \/>\n<link rel=\"canonical\" href=\"https:\/\/www.nexoinformativo.mx\/index.php\/2026\/02\/07\/toro-suelto-provoca-caos-y-deja-seis-lesionados-en-pedro-escobedo\/\" \/>\n<meta property=\"og:locale\" content=\"es_MX\" \/>\n<meta property=\"og:type\" content=\"article\" \/>\n<meta property=\"og:title\" content=\"Toro suelto provoca caos y deja seis lesionados en Pedro Escobedo | Nexo Informativo Santiago de Quer\u00e9taro\" \/>\n<meta property=\"og:description\" content=\"Momentos de tensi\u00f3n se vivieron la ma\u00f1ana de este d\u00eda en el municipio de Pedro Escobedo, Quer\u00e9taro, luego de que un toro suelto recorriera varias calles de la cabecera municipal, dejando al menos seis personas lesionadas y causando da\u00f1os a patrullas de la Polic\u00eda Municipal y a un veh\u00edculo particular.\" \/>\n<meta property=\"og:url\" content=\"https:\/\/www.nexoinformativo.mx\/index.php\/2026\/02\/07\/toro-suelto-provoca-caos-y-deja-seis-lesionados-en-pedro-escobedo\/\" \/>\n<meta property=\"og:site_name\" content=\"Nexo Informativo Santiago de Quer\u00e9taro\" \/>\n<meta property=\"article:publisher\" content=\"https:\/\/www.facebook.com\/people\/Nexo-Informativo\/61564066885511\/\" \/>\n<meta property=\"article:published_time\" content=\"2026-02-07T16:00:28+00:00\" \/>\n<meta property=\"article:modified_time\" content=\"2026-02-07T18:50:59+00:00\" \/>\n<meta property=\"og:image\" content=\"https:\/\/www.nexoinformativo.mx\/wp-content\/uploads\/2026\/02\/IMG-20260207-WA0027.jpg\" \/>\n\t<meta property=\"og:image:width\" content=\"960\" \/>\n\t<meta property=\"og:image:height\" content=\"1280\" \/>\n\t<meta property=\"og:image:type\" content=\"image\/jpeg\" \/>\n<meta name=\"author\" content=\"Nexo Informativo\" \/>\n<meta name=\"twitter:card\" content=\"summary_large_image\" \/>\n<meta name=\"twitter:label1\" content=\"Escrito por\" \/>\n\t<meta name=\"twitter:data1\" content=\"Nexo Informativo\" \/>\n\t<meta name=\"twitter:label2\" content=\"Tiempo de lectura\" \/>\n\t<meta name=\"twitter:data2\" content=\"1 minuto\" \/>\n<script type=\"application\/ld+json\" class=\"yoast-schema-graph\">{\"@context\":\"https:\/\/schema.org\",\"@graph\":[{\"@type\":\"Article\",\"@id\":\"https:\/\/www.nexoinformativo.mx\/index.php\/2026\/02\/07\/toro-suelto-provoca-caos-y-deja-seis-lesionados-en-pedro-escobedo\/#article\",\"isPartOf\":{\"@id\":\"https:\/\/www.nexoinformativo.mx\/index.php\/2026\/02\/07\/toro-suelto-provoca-caos-y-deja-seis-lesionados-en-pedro-escobedo\/\"},\"author\":{\"name\":\"Nexo Informativo\",\"@id\":\"https:\/\/www.nexoinformativo.mx\/#\/schema\/person\/7749d380ba08c8ca00d7bc76fd907b7d\"},\"headline\":\"Toro suelto provoca caos y deja seis lesionados en Pedro Escobedo\",\"datePublished\":\"2026-02-07T16:00:28+00:00\",\"dateModified\":\"2026-02-07T18:50:59+00:00\",\"mainEntityOfPage\":{\"@id\":\"https:\/\/www.nexoinformativo.mx\/index.php\/2026\/02\/07\/toro-suelto-provoca-caos-y-deja-seis-lesionados-en-pedro-escobedo\/\"},\"wordCount\":242,\"commentCount\":0,\"publisher\":{\"@id\":\"https:\/\/www.nexoinformativo.mx\/#organization\"},\"image\":{\"@id\":\"https:\/\/www.nexoinformativo.mx\/index.php\/2026\/02\/07\/toro-suelto-provoca-caos-y-deja-seis-lesionados-en-pedro-escobedo\/#primaryimage\"},\"thumbnailUrl\":\"https:\/\/www.nexoinformativo.mx\/wp-content\/uploads\/2026\/02\/IMG-20260207-WA0027.jpg\",\"keywords\":[\"Emergencia\",\"PedroEscobedo\",\"proteccioncivil\",\"Quer\u00e9taro\",\"SeguridadP\u00fablica\"],\"articleSection\":[\"Municipios\",\"Sucesos\",\"\u00daltima Hora\"],\"inLanguage\":\"es\",\"potentialAction\":[{\"@type\":\"CommentAction\",\"name\":\"Comment\",\"target\":[\"https:\/\/www.nexoinformativo.mx\/index.php\/2026\/02\/07\/toro-suelto-provoca-caos-y-deja-seis-lesionados-en-pedro-escobedo\/#respond\"]}]},{\"@type\":\"WebPage\",\"@id\":\"https:\/\/www.nexoinformativo.mx\/index.php\/2026\/02\/07\/toro-suelto-provoca-caos-y-deja-seis-lesionados-en-pedro-escobedo\/\",\"url\":\"https:\/\/www.nexoinformativo.mx\/index.php\/2026\/02\/07\/toro-suelto-provoca-caos-y-deja-seis-lesionados-en-pedro-escobedo\/\",\"name\":\"Toro suelto provoca caos y deja seis lesionados en Pedro Escobedo | Nexo Informativo Santiago de Quer\u00e9taro\",\"isPartOf\":{\"@id\":\"https:\/\/www.nexoinformativo.mx\/#website\"},\"primaryImageOfPage\":{\"@id\":\"https:\/\/www.nexoinformativo.mx\/index.php\/2026\/02\/07\/toro-suelto-provoca-caos-y-deja-seis-lesionados-en-pedro-escobedo\/#primaryimage\"},\"image\":{\"@id\":\"https:\/\/www.nexoinformativo.mx\/index.php\/2026\/02\/07\/toro-suelto-provoca-caos-y-deja-seis-lesionados-en-pedro-escobedo\/#primaryimage\"},\"thumbnailUrl\":\"https:\/\/www.nexoinformativo.mx\/wp-content\/uploads\/2026\/02\/IMG-20260207-WA0027.jpg\",\"datePublished\":\"2026-02-07T16:00:28+00:00\",\"dateModified\":\"2026-02-07T18:50:59+00:00\",\"breadcrumb\":{\"@id\":\"https:\/\/www.nexoinformativo.mx\/index.php\/2026\/02\/07\/toro-suelto-provoca-caos-y-deja-seis-lesionados-en-pedro-escobedo\/#breadcrumb\"},\"inLanguage\":\"es\",\"potentialAction\":[{\"@type\":\"ReadAction\",\"target\":[\"https:\/\/www.nexoinformativo.mx\/index.php\/2026\/02\/07\/toro-suelto-provoca-caos-y-deja-seis-lesionados-en-pedro-escobedo\/\"]}]},{\"@type\":\"ImageObject\",\"inLanguage\":\"es\",\"@id\":\"https:\/\/www.nexoinformativo.mx\/index.php\/2026\/02\/07\/toro-suelto-provoca-caos-y-deja-seis-lesionados-en-pedro-escobedo\/#primaryimage\",\"url\":\"https:\/\/www.nexoinformativo.mx\/wp-content\/uploads\/2026\/02\/IMG-20260207-WA0027.jpg\",\"contentUrl\":\"https:\/\/www.nexoinformativo.mx\/wp-content\/uploads\/2026\/02\/IMG-20260207-WA0027.jpg\",\"width\":960,\"height\":1280},{\"@type\":\"BreadcrumbList\",\"@id\":\"https:\/\/www.nexoinformativo.mx\/index.php\/2026\/02\/07\/toro-suelto-provoca-caos-y-deja-seis-lesionados-en-pedro-escobedo\/#breadcrumb\",\"itemListElement\":[{\"@type\":\"ListItem\",\"position\":1,\"name\":\"Inicio\",\"item\":\"https:\/\/www.nexoinformativo.mx\/\"},{\"@type\":\"ListItem\",\"position\":2,\"name\":\"Toro suelto provoca caos y deja seis lesionados en Pedro Escobedo\"}]},{\"@type\":\"WebSite\",\"@id\":\"https:\/\/www.nexoinformativo.mx\/#website\",\"url\":\"https:\/\/www.nexoinformativo.mx\/\",\"name\":\"Nexo Informativo Santiago de Quer\u00e9taro\",\"description\":\"Explora NexoInformativo y convi\u00e9rtete en parte de una comunidad que valora el conocimiento y la verdad. Tu nexoinformativo es tu puente hacia una comprensi\u00f3n m\u00e1s profunda del mundo que te rodea.\",\"publisher\":{\"@id\":\"https:\/\/www.nexoinformativo.mx\/#organization\"},\"potentialAction\":[{\"@type\":\"SearchAction\",\"target\":{\"@type\":\"EntryPoint\",\"urlTemplate\":\"https:\/\/www.nexoinformativo.mx\/?s={search_term_string}\"},\"query-input\":{\"@type\":\"PropertyValueSpecification\",\"valueRequired\":true,\"valueName\":\"search_term_string\"}}],\"inLanguage\":\"es\"},{\"@type\":\"Organization\",\"@id\":\"https:\/\/www.nexoinformativo.mx\/#organization\",\"name\":\"Nexo Informativo Santiago de Quer\u00e9taro\",\"url\":\"https:\/\/www.nexoinformativo.mx\/\",\"logo\":{\"@type\":\"ImageObject\",\"inLanguage\":\"es\",\"@id\":\"https:\/\/www.nexoinformativo.mx\/#\/schema\/logo\/image\/\",\"url\":\"https:\/\/www.nexoinformativo.mx\/wp-content\/uploads\/2024\/07\/nexoi-trasparente-2.png\",\"contentUrl\":\"https:\/\/www.nexoinformativo.mx\/wp-content\/uploads\/2024\/07\/nexoi-trasparente-2.png\",\"width\":816,\"height\":339,\"caption\":\"Nexo Informativo Santiago de Quer\u00e9taro\"},\"image\":{\"@id\":\"https:\/\/www.nexoinformativo.mx\/#\/schema\/logo\/image\/\"},\"sameAs\":[\"https:\/\/www.facebook.com\/people\/Nexo-Informativo\/61564066885511\/\"]},{\"@type\":\"Person\",\"@id\":\"https:\/\/www.nexoinformativo.mx\/#\/schema\/person\/7749d380ba08c8ca00d7bc76fd907b7d\",\"name\":\"Nexo Informativo\",\"image\":{\"@type\":\"ImageObject\",\"inLanguage\":\"es\",\"@id\":\"https:\/\/www.nexoinformativo.mx\/#\/schema\/person\/image\/\",\"url\":\"https:\/\/secure.gravatar.com\/avatar\/dde2928154642a13d95f87ddf1ea9718fe2b46760a005c53e41ff5ad610704e6?s=96&d=mm&r=g\",\"contentUrl\":\"https:\/\/secure.gravatar.com\/avatar\/dde2928154642a13d95f87ddf1ea9718fe2b46760a005c53e41ff5ad610704e6?s=96&d=mm&r=g\",\"caption\":\"Nexo Informativo\"},\"url\":\"https:\/\/www.nexoinformativo.mx\/index.php\/author\/edicion\/\"}]}<\/script>\n<!-- \/ Yoast SEO plugin. -->","yoast_head_json":{"title":"Toro suelto provoca caos y deja seis lesionados en Pedro Escobedo | Nexo Informativo Santiago de Quer\u00e9taro","robots":{"index":"index","follow":"follow","max-snippet":"max-snippet:-1","max-image-preview":"max-image-preview:large","max-video-preview":"max-video-preview:-1"},"canonical":"https:\/\/www.nexoinformativo.mx\/index.php\/2026\/02\/07\/toro-suelto-provoca-caos-y-deja-seis-lesionados-en-pedro-escobedo\/","og_locale":"es_MX","og_type":"article","og_title":"Toro suelto provoca caos y deja seis lesionados en Pedro Escobedo | Nexo Informativo Santiago de Quer\u00e9taro","og_description":"Momentos de tensi\u00f3n se vivieron la ma\u00f1ana de este d\u00eda en el municipio de Pedro Escobedo, Quer\u00e9taro, luego de que un toro suelto recorriera varias calles de la cabecera municipal, dejando al menos seis personas lesionadas y causando da\u00f1os a patrullas de la Polic\u00eda Municipal y a un veh\u00edculo particular.","og_url":"https:\/\/www.nexoinformativo.mx\/index.php\/2026\/02\/07\/toro-suelto-provoca-caos-y-deja-seis-lesionados-en-pedro-escobedo\/","og_site_name":"Nexo Informativo Santiago de Quer\u00e9taro","article_publisher":"https:\/\/www.facebook.com\/people\/Nexo-Informativo\/61564066885511\/","article_published_time":"2026-02-07T16:00:28+00:00","article_modified_time":"2026-02-07T18:50:59+00:00","og_image":[{"width":960,"height":1280,"url":"https:\/\/www.nexoinformativo.mx\/wp-content\/uploads\/2026\/02\/IMG-20260207-WA0027.jpg","type":"image\/jpeg"}],"author":"Nexo Informativo","twitter_card":"summary_large_image","twitter_misc":{"Escrito por":"Nexo Informativo","Tiempo de lectura":"1 minuto"},"schema":{"@context":"https:\/\/schema.org","@graph":[{"@type":"Article","@id":"https:\/\/www.nexoinformativo.mx\/index.php\/2026\/02\/07\/toro-suelto-provoca-caos-y-deja-seis-lesionados-en-pedro-escobedo\/#article","isPartOf":{"@id":"https:\/\/www.nexoinformativo.mx\/index.php\/2026\/02\/07\/toro-suelto-provoca-caos-y-deja-seis-lesionados-en-pedro-escobedo\/"},"author":{"name":"Nexo Informativo","@id":"https:\/\/www.nexoinformativo.mx\/#\/schema\/person\/7749d380ba08c8ca00d7bc76fd907b7d"},"headline":"Toro suelto provoca caos y deja seis lesionados en Pedro Escobedo","datePublished":"2026-02-07T16:00:28+00:00","dateModified":"2026-02-07T18:50:59+00:00","mainEntityOfPage":{"@id":"https:\/\/www.nexoinformativo.mx\/index.php\/2026\/02\/07\/toro-suelto-provoca-caos-y-deja-seis-lesionados-en-pedro-escobedo\/"},"wordCount":242,"commentCount":0,"publisher":{"@id":"https:\/\/www.nexoinformativo.mx\/#organization"},"image":{"@id":"https:\/\/www.nexoinformativo.mx\/index.php\/2026\/02\/07\/toro-suelto-provoca-caos-y-deja-seis-lesionados-en-pedro-escobedo\/#primaryimage"},"thumbnailUrl":"https:\/\/www.nexoinformativo.mx\/wp-content\/uploads\/2026\/02\/IMG-20260207-WA0027.jpg","keywords":["Emergencia","PedroEscobedo","proteccioncivil","Quer\u00e9taro","SeguridadP\u00fablica"],"articleSection":["Municipios","Sucesos","\u00daltima Hora"],"inLanguage":"es","potentialAction":[{"@type":"CommentAction","name":"Comment","target":["https:\/\/www.nexoinformativo.mx\/index.php\/2026\/02\/07\/toro-suelto-provoca-caos-y-deja-seis-lesionados-en-pedro-escobedo\/#respond"]}]},{"@type":"WebPage","@id":"https:\/\/www.nexoinformativo.mx\/index.php\/2026\/02\/07\/toro-suelto-provoca-caos-y-deja-seis-lesionados-en-pedro-escobedo\/","url":"https:\/\/www.nexoinformativo.mx\/index.php\/2026\/02\/07\/toro-suelto-provoca-caos-y-deja-seis-lesionados-en-pedro-escobedo\/","name":"Toro suelto provoca caos y deja seis lesionados en Pedro Escobedo | Nexo Informativo Santiago de Quer\u00e9taro","isPartOf":{"@id":"https:\/\/www.nexoinformativo.mx\/#website"},"primaryImageOfPage":{"@id":"https:\/\/www.nexoinformativo.mx\/index.php\/2026\/02\/07\/toro-suelto-provoca-caos-y-deja-seis-lesionados-en-pedro-escobedo\/#primaryimage"},"image":{"@id":"https:\/\/www.nexoinformativo.mx\/index.php\/2026\/02\/07\/toro-suelto-provoca-caos-y-deja-seis-lesionados-en-pedro-escobedo\/#primaryimage"},"thumbnailUrl":"https:\/\/www.nexoinformativo.mx\/wp-content\/uploads\/2026\/02\/IMG-20260207-WA0027.jpg","datePublished":"2026-02-07T16:00:28+00:00","dateModified":"2026-02-07T18:50:59+00:00","breadcrumb":{"@id":"https:\/\/www.nexoinformativo.mx\/index.php\/2026\/02\/07\/toro-suelto-provoca-caos-y-deja-seis-lesionados-en-pedro-escobedo\/#breadcrumb"},"inLanguage":"es","potentialAction":[{"@type":"ReadAction","target":["https:\/\/www.nexoinformativo.mx\/index.php\/2026\/02\/07\/toro-suelto-provoca-caos-y-deja-seis-lesionados-en-pedro-escobedo\/"]}]},{"@type":"ImageObject","inLanguage":"es","@id":"https:\/\/www.nexoinformativo.mx\/index.php\/2026\/02\/07\/toro-suelto-provoca-caos-y-deja-seis-lesionados-en-pedro-escobedo\/#primaryimage","url":"https:\/\/www.nexoinformativo.mx\/wp-content\/uploads\/2026\/02\/IMG-20260207-WA0027.jpg","contentUrl":"https:\/\/www.nexoinformativo.mx\/wp-content\/uploads\/2026\/02\/IMG-20260207-WA0027.jpg","width":960,"height":1280},{"@type":"BreadcrumbList","@id":"https:\/\/www.nexoinformativo.mx\/index.php\/2026\/02\/07\/toro-suelto-provoca-caos-y-deja-seis-lesionados-en-pedro-escobedo\/#breadcrumb","itemListElement":[{"@type":"ListItem","position":1,"name":"Inicio","item":"https:\/\/www.nexoinformativo.mx\/"},{"@type":"ListItem","position":2,"name":"Toro suelto provoca caos y deja seis lesionados en Pedro Escobedo"}]},{"@type":"WebSite","@id":"https:\/\/www.nexoinformativo.mx\/#website","url":"https:\/\/www.nexoinformativo.mx\/","name":"Nexo Informativo Santiago de Quer\u00e9taro","description":"Explora NexoInformativo y convi\u00e9rtete en parte de una comunidad que valora el conocimiento y la verdad. Tu nexoinformativo es tu puente hacia una comprensi\u00f3n m\u00e1s profunda del mundo que te rodea.","publisher":{"@id":"https:\/\/www.nexoinformativo.mx\/#organization"},"potentialAction":[{"@type":"SearchAction","target":{"@type":"EntryPoint","urlTemplate":"https:\/\/www.nexoinformativo.mx\/?s={search_term_string}"},"query-input":{"@type":"PropertyValueSpecification","valueRequired":true,"valueName":"search_term_string"}}],"inLanguage":"es"},{"@type":"Organization","@id":"https:\/\/www.nexoinformativo.mx\/#organization","name":"Nexo Informativo Santiago de Quer\u00e9taro","url":"https:\/\/www.nexoinformativo.mx\/","logo":{"@type":"ImageObject","inLanguage":"es","@id":"https:\/\/www.nexoinformativo.mx\/#\/schema\/logo\/image\/","url":"https:\/\/www.nexoinformativo.mx\/wp-content\/uploads\/2024\/07\/nexoi-trasparente-2.png","contentUrl":"https:\/\/www.nexoinformativo.mx\/wp-content\/uploads\/2024\/07\/nexoi-trasparente-2.png","width":816,"height":339,"caption":"Nexo Informativo Santiago de Quer\u00e9taro"},"image":{"@id":"https:\/\/www.nexoinformativo.mx\/#\/schema\/logo\/image\/"},"sameAs":["https:\/\/www.facebook.com\/people\/Nexo-Informativo\/61564066885511\/"]},{"@type":"Person","@id":"https:\/\/www.nexoinformativo.mx\/#\/schema\/person\/7749d380ba08c8ca00d7bc76fd907b7d","name":"Nexo Informativo","image":{"@type":"ImageObject","inLanguage":"es","@id":"https:\/\/www.nexoinformativo.mx\/#\/schema\/person\/image\/","url":"https:\/\/secure.gravatar.com\/avatar\/dde2928154642a13d95f87ddf1ea9718fe2b46760a005c53e41ff5ad610704e6?s=96&d=mm&r=g","contentUrl":"https:\/\/secure.gravatar.com\/avatar\/dde2928154642a13d95f87ddf1ea9718fe2b46760a005c53e41ff5ad610704e6?s=96&d=mm&r=g","caption":"Nexo Informativo"},"url":"https:\/\/www.nexoinformativo.mx\/index.php\/author\/edicion\/"}]}},"_links":{"self":[{"href":"https:\/\/www.nexoinformativo.mx\/index.php\/wp-json\/wp\/v2\/posts\/17227","targetHints":{"allow":["GET"]}}],"collection":[{"href":"https:\/\/www.nexoinformativo.mx\/index.php\/wp-json\/wp\/v2\/posts"}],"about":[{"href":"https:\/\/www.nexoinformativo.mx\/index.php\/wp-json\/wp\/v2\/types\/post"}],"author":[{"embeddable":true,"href":"https:\/\/www.nexoinformativo.mx\/index.php\/wp-json\/wp\/v2\/users\/3"}],"replies":[{"embeddable":true,"href":"https:\/\/www.nexoinformativo.mx\/index.php\/wp-json\/wp\/v2\/comments?post=17227"}],"version-history":[{"count":2,"href":"https:\/\/www.nexoinformativo.mx\/index.php\/wp-json\/wp\/v2\/posts\/17227\/revisions"}],"predecessor-version":[{"id":17229,"href":"https:\/\/www.nexoinformativo.mx\/index.php\/wp-json\/wp\/v2\/posts\/17227\/revisions\/17229"}],"wp:featuredmedia":[{"embeddable":true,"href":"https:\/\/www.nexoinformativo.mx\/index.php\/wp-json\/wp\/v2\/media\/17226"}],"wp:attachment":[{"href":"https:\/\/www.nexoinformativo.mx\/index.php\/wp-json\/wp\/v2\/media?parent=17227"}],"wp:term":[{"taxonomy":"category","embeddable":true,"href":"https:\/\/www.nexoinformativo.mx\/index.php\/wp-json\/wp\/v2\/categories?post=17227"},{"taxonomy":"post_tag","embeddable":true,"href":"https:\/\/www.nexoinformativo.mx\/index.php\/wp-json\/wp\/v2\/tags?post=17227"}],"curies":[{"name":"wp","href":"https:\/\/api.w.org\/{rel}","templated":true}]}}