{"id":17233,"date":"2026-02-10T11:00:02","date_gmt":"2026-02-10T17:00:02","guid":{"rendered":"https:\/\/www.nexoinformativo.mx\/?p=17233"},"modified":"2026-02-10T17:13:04","modified_gmt":"2026-02-10T23:13:04","slug":"santinel-racing-y-conalep-impulsan-talento-joven-rumbo-a-la-formula-4-nacam-2026","status":"publish","type":"post","link":"https:\/\/www.nexoinformativo.mx\/index.php\/2026\/02\/10\/santinel-racing-y-conalep-impulsan-talento-joven-rumbo-a-la-formula-4-nacam-2026\/","title":{"rendered":"Santinel Racing y Conalep impulsan talento joven rumbo a la F\u00f3rmula 4 NACAM 2026"},"content":{"rendered":"\n<p>La escuder\u00eda queretana Santinel Racing anunci\u00f3 que buscar\u00e1 el campeonato 2026 de la F\u00f3rmula 4 NACAM, con el objetivo de consolidarse como semillero del automovilismo mexicano y catapultar la carrera del piloto Marco Alquicira. Esta categor\u00eda es considerada uno de los principales pasos para llegar al automovilismo profesional internacional.<\/p>\n\n\n\n<p><br>Durante una rueda de prensa, Eduardo Alquicira, director de Santinel Racing, explic\u00f3 que el proyecto se enfoca en el desarrollo integral de j\u00f3venes pilotos, combinando preparaci\u00f3n t\u00e9cnica, f\u00edsica y mental.<br><br>Actualmente, el equipo de F\u00f3rmula 4 est\u00e1 encabezado por Marco Alquicira, junto a Eugenio Agust\u00edn y Jos\u00e9 Carlos, quienes han sido preparados para fortalecer su rendimiento y competitividad en pista.<br><br>El proyecto tambi\u00e9n contempla alianzas educativas, como la establecida con el Conalep del Estado de Quer\u00e9taro. Su director general, Carlos Arredondo, destac\u00f3 que esta colaboraci\u00f3n permitir\u00e1 a los estudiantes conocer de cerca el automovilismo, convivir con pilotos y mec\u00e1nicos, y despertar vocaciones t\u00e9cnicas ligadas a este deporte.<br><br>Adem\u00e1s de pelear el campeonato de F\u00f3rmula 4 NACAM, Santinel Racing impulsa el programa Apex Week, un semillero dirigido a pilotos adolescentes desde los 14 a\u00f1os, que compiten en categor\u00edas formativas como F\u00f3rmula 5, con el objetivo de guiarlos de manera gradual hacia campeonatos de mayor nivel en M\u00e9xico y el extranjero.<\/p>\n\n\n\n<p>&nbsp; <\/p>\n","protected":false},"excerpt":{"rendered":"<p>La escuder\u00eda queretana Santinel Racing anunci\u00f3 que buscar\u00e1 el campeonato 2026 de la F\u00f3rmula 4 NACAM, con el objetivo de consolidarse como semillero del automovilismo mexicano y catapultar la carrera del piloto Marco Alquicira.<\/p>\n","protected":false},"author":3,"featured_media":17232,"comment_status":"open","ping_status":"open","sticky":false,"template":"","format":"standard","meta":{"footnotes":""},"categories":[5,50,42,58],"tags":[5122,1739,5121,133,5120],"class_list":["post-17233","post","type-post","status-publish","format-standard","has-post-thumbnail","hentry","category-economia","category-espectaculos","category-estado","category-ultima-hora","tag-automovilismo","tag-conalep","tag-formula4nacam","tag-queretaro","tag-santinelracing"],"yoast_head":"<!-- This site is optimized with the Yoast SEO plugin v25.0 - https:\/\/yoast.com\/wordpress\/plugins\/seo\/ -->\n<title>Santinel Racing y Conalep impulsan talento joven rumbo a la F\u00f3rmula 4 NACAM 2026 | Nexo Informativo Santiago de Quer\u00e9taro<\/title>\n<meta name=\"robots\" content=\"index, follow, max-snippet:-1, max-image-preview:large, max-video-preview:-1\" \/>\n<link rel=\"canonical\" href=\"https:\/\/www.nexoinformativo.mx\/index.php\/2026\/02\/10\/santinel-racing-y-conalep-impulsan-talento-joven-rumbo-a-la-formula-4-nacam-2026\/\" \/>\n<meta property=\"og:locale\" content=\"es_MX\" \/>\n<meta property=\"og:type\" content=\"article\" \/>\n<meta property=\"og:title\" content=\"Santinel Racing y Conalep impulsan talento joven rumbo a la F\u00f3rmula 4 NACAM 2026 | Nexo Informativo Santiago de Quer\u00e9taro\" \/>\n<meta property=\"og:description\" content=\"La escuder\u00eda queretana Santinel Racing anunci\u00f3 que buscar\u00e1 el campeonato 2026 de la F\u00f3rmula 4 NACAM, con el objetivo de consolidarse como semillero del automovilismo mexicano y catapultar la carrera del piloto Marco Alquicira.\" \/>\n<meta property=\"og:url\" content=\"https:\/\/www.nexoinformativo.mx\/index.php\/2026\/02\/10\/santinel-racing-y-conalep-impulsan-talento-joven-rumbo-a-la-formula-4-nacam-2026\/\" \/>\n<meta property=\"og:site_name\" content=\"Nexo Informativo Santiago de Quer\u00e9taro\" \/>\n<meta property=\"article:publisher\" content=\"https:\/\/www.facebook.com\/people\/Nexo-Informativo\/61564066885511\/\" \/>\n<meta property=\"article:published_time\" content=\"2026-02-10T17:00:02+00:00\" \/>\n<meta property=\"article:modified_time\" content=\"2026-02-10T23:13:04+00:00\" \/>\n<meta property=\"og:image\" content=\"https:\/\/www.nexoinformativo.mx\/wp-content\/uploads\/2026\/02\/copilot_image_1770765015609-1024x683.jpeg\" \/>\n\t<meta property=\"og:image:width\" content=\"1024\" \/>\n\t<meta property=\"og:image:height\" content=\"683\" \/>\n\t<meta property=\"og:image:type\" content=\"image\/jpeg\" \/>\n<meta name=\"author\" content=\"Nexo Informativo\" \/>\n<meta name=\"twitter:card\" content=\"summary_large_image\" \/>\n<meta name=\"twitter:label1\" content=\"Escrito por\" \/>\n\t<meta name=\"twitter:data1\" content=\"Nexo Informativo\" \/>\n\t<meta name=\"twitter:label2\" content=\"Tiempo de lectura\" \/>\n\t<meta name=\"twitter:data2\" content=\"1 minuto\" \/>\n<script type=\"application\/ld+json\" class=\"yoast-schema-graph\">{\"@context\":\"https:\/\/schema.org\",\"@graph\":[{\"@type\":\"Article\",\"@id\":\"https:\/\/www.nexoinformativo.mx\/index.php\/2026\/02\/10\/santinel-racing-y-conalep-impulsan-talento-joven-rumbo-a-la-formula-4-nacam-2026\/#article\",\"isPartOf\":{\"@id\":\"https:\/\/www.nexoinformativo.mx\/index.php\/2026\/02\/10\/santinel-racing-y-conalep-impulsan-talento-joven-rumbo-a-la-formula-4-nacam-2026\/\"},\"author\":{\"name\":\"Nexo Informativo\",\"@id\":\"https:\/\/www.nexoinformativo.mx\/#\/schema\/person\/7749d380ba08c8ca00d7bc76fd907b7d\"},\"headline\":\"Santinel Racing y Conalep impulsan talento joven rumbo a la F\u00f3rmula 4 NACAM 2026\",\"datePublished\":\"2026-02-10T17:00:02+00:00\",\"dateModified\":\"2026-02-10T23:13:04+00:00\",\"mainEntityOfPage\":{\"@id\":\"https:\/\/www.nexoinformativo.mx\/index.php\/2026\/02\/10\/santinel-racing-y-conalep-impulsan-talento-joven-rumbo-a-la-formula-4-nacam-2026\/\"},\"wordCount\":236,\"commentCount\":0,\"publisher\":{\"@id\":\"https:\/\/www.nexoinformativo.mx\/#organization\"},\"image\":{\"@id\":\"https:\/\/www.nexoinformativo.mx\/index.php\/2026\/02\/10\/santinel-racing-y-conalep-impulsan-talento-joven-rumbo-a-la-formula-4-nacam-2026\/#primaryimage\"},\"thumbnailUrl\":\"https:\/\/www.nexoinformativo.mx\/wp-content\/uploads\/2026\/02\/copilot_image_1770765015609.jpeg\",\"keywords\":[\"Automovilismo\",\"Conalep\",\"Formula4NACAM\",\"Quer\u00e9taro\",\"SantinelRacing\"],\"articleSection\":[\"Econom\u00eda\",\"Espect\u00e1culos\",\"Estado\",\"\u00daltima Hora\"],\"inLanguage\":\"es\",\"potentialAction\":[{\"@type\":\"CommentAction\",\"name\":\"Comment\",\"target\":[\"https:\/\/www.nexoinformativo.mx\/index.php\/2026\/02\/10\/santinel-racing-y-conalep-impulsan-talento-joven-rumbo-a-la-formula-4-nacam-2026\/#respond\"]}]},{\"@type\":\"WebPage\",\"@id\":\"https:\/\/www.nexoinformativo.mx\/index.php\/2026\/02\/10\/santinel-racing-y-conalep-impulsan-talento-joven-rumbo-a-la-formula-4-nacam-2026\/\",\"url\":\"https:\/\/www.nexoinformativo.mx\/index.php\/2026\/02\/10\/santinel-racing-y-conalep-impulsan-talento-joven-rumbo-a-la-formula-4-nacam-2026\/\",\"name\":\"Santinel Racing y Conalep impulsan talento joven rumbo a la F\u00f3rmula 4 NACAM 2026 | Nexo Informativo Santiago de Quer\u00e9taro\",\"isPartOf\":{\"@id\":\"https:\/\/www.nexoinformativo.mx\/#website\"},\"primaryImageOfPage\":{\"@id\":\"https:\/\/www.nexoinformativo.mx\/index.php\/2026\/02\/10\/santinel-racing-y-conalep-impulsan-talento-joven-rumbo-a-la-formula-4-nacam-2026\/#primaryimage\"},\"image\":{\"@id\":\"https:\/\/www.nexoinformativo.mx\/index.php\/2026\/02\/10\/santinel-racing-y-conalep-impulsan-talento-joven-rumbo-a-la-formula-4-nacam-2026\/#primaryimage\"},\"thumbnailUrl\":\"https:\/\/www.nexoinformativo.mx\/wp-content\/uploads\/2026\/02\/copilot_image_1770765015609.jpeg\",\"datePublished\":\"2026-02-10T17:00:02+00:00\",\"dateModified\":\"2026-02-10T23:13:04+00:00\",\"breadcrumb\":{\"@id\":\"https:\/\/www.nexoinformativo.mx\/index.php\/2026\/02\/10\/santinel-racing-y-conalep-impulsan-talento-joven-rumbo-a-la-formula-4-nacam-2026\/#breadcrumb\"},\"inLanguage\":\"es\",\"potentialAction\":[{\"@type\":\"ReadAction\",\"target\":[\"https:\/\/www.nexoinformativo.mx\/index.php\/2026\/02\/10\/santinel-racing-y-conalep-impulsan-talento-joven-rumbo-a-la-formula-4-nacam-2026\/\"]}]},{\"@type\":\"ImageObject\",\"inLanguage\":\"es\",\"@id\":\"https:\/\/www.nexoinformativo.mx\/index.php\/2026\/02\/10\/santinel-racing-y-conalep-impulsan-talento-joven-rumbo-a-la-formula-4-nacam-2026\/#primaryimage\",\"url\":\"https:\/\/www.nexoinformativo.mx\/wp-content\/uploads\/2026\/02\/copilot_image_1770765015609.jpeg\",\"contentUrl\":\"https:\/\/www.nexoinformativo.mx\/wp-content\/uploads\/2026\/02\/copilot_image_1770765015609.jpeg\",\"width\":1536,\"height\":1024},{\"@type\":\"BreadcrumbList\",\"@id\":\"https:\/\/www.nexoinformativo.mx\/index.php\/2026\/02\/10\/santinel-racing-y-conalep-impulsan-talento-joven-rumbo-a-la-formula-4-nacam-2026\/#breadcrumb\",\"itemListElement\":[{\"@type\":\"ListItem\",\"position\":1,\"name\":\"Inicio\",\"item\":\"https:\/\/www.nexoinformativo.mx\/\"},{\"@type\":\"ListItem\",\"position\":2,\"name\":\"Santinel Racing y Conalep impulsan talento joven rumbo a la F\u00f3rmula 4 NACAM 2026\"}]},{\"@type\":\"WebSite\",\"@id\":\"https:\/\/www.nexoinformativo.mx\/#website\",\"url\":\"https:\/\/www.nexoinformativo.mx\/\",\"name\":\"Nexo Informativo Santiago de Quer\u00e9taro\",\"description\":\"Explora NexoInformativo y convi\u00e9rtete en parte de una comunidad que valora el conocimiento y la verdad. Tu nexoinformativo es tu puente hacia una comprensi\u00f3n m\u00e1s profunda del mundo que te rodea.\",\"publisher\":{\"@id\":\"https:\/\/www.nexoinformativo.mx\/#organization\"},\"potentialAction\":[{\"@type\":\"SearchAction\",\"target\":{\"@type\":\"EntryPoint\",\"urlTemplate\":\"https:\/\/www.nexoinformativo.mx\/?s={search_term_string}\"},\"query-input\":{\"@type\":\"PropertyValueSpecification\",\"valueRequired\":true,\"valueName\":\"search_term_string\"}}],\"inLanguage\":\"es\"},{\"@type\":\"Organization\",\"@id\":\"https:\/\/www.nexoinformativo.mx\/#organization\",\"name\":\"Nexo Informativo Santiago de Quer\u00e9taro\",\"url\":\"https:\/\/www.nexoinformativo.mx\/\",\"logo\":{\"@type\":\"ImageObject\",\"inLanguage\":\"es\",\"@id\":\"https:\/\/www.nexoinformativo.mx\/#\/schema\/logo\/image\/\",\"url\":\"https:\/\/www.nexoinformativo.mx\/wp-content\/uploads\/2024\/07\/nexoi-trasparente-2.png\",\"contentUrl\":\"https:\/\/www.nexoinformativo.mx\/wp-content\/uploads\/2024\/07\/nexoi-trasparente-2.png\",\"width\":816,\"height\":339,\"caption\":\"Nexo Informativo Santiago de Quer\u00e9taro\"},\"image\":{\"@id\":\"https:\/\/www.nexoinformativo.mx\/#\/schema\/logo\/image\/\"},\"sameAs\":[\"https:\/\/www.facebook.com\/people\/Nexo-Informativo\/61564066885511\/\"]},{\"@type\":\"Person\",\"@id\":\"https:\/\/www.nexoinformativo.mx\/#\/schema\/person\/7749d380ba08c8ca00d7bc76fd907b7d\",\"name\":\"Nexo Informativo\",\"image\":{\"@type\":\"ImageObject\",\"inLanguage\":\"es\",\"@id\":\"https:\/\/www.nexoinformativo.mx\/#\/schema\/person\/image\/\",\"url\":\"https:\/\/secure.gravatar.com\/avatar\/dde2928154642a13d95f87ddf1ea9718fe2b46760a005c53e41ff5ad610704e6?s=96&d=mm&r=g\",\"contentUrl\":\"https:\/\/secure.gravatar.com\/avatar\/dde2928154642a13d95f87ddf1ea9718fe2b46760a005c53e41ff5ad610704e6?s=96&d=mm&r=g\",\"caption\":\"Nexo Informativo\"},\"url\":\"https:\/\/www.nexoinformativo.mx\/index.php\/author\/edicion\/\"}]}<\/script>\n<!-- \/ Yoast SEO plugin. -->","yoast_head_json":{"title":"Santinel Racing y Conalep impulsan talento joven rumbo a la F\u00f3rmula 4 NACAM 2026 | Nexo Informativo Santiago de Quer\u00e9taro","robots":{"index":"index","follow":"follow","max-snippet":"max-snippet:-1","max-image-preview":"max-image-preview:large","max-video-preview":"max-video-preview:-1"},"canonical":"https:\/\/www.nexoinformativo.mx\/index.php\/2026\/02\/10\/santinel-racing-y-conalep-impulsan-talento-joven-rumbo-a-la-formula-4-nacam-2026\/","og_locale":"es_MX","og_type":"article","og_title":"Santinel Racing y Conalep impulsan talento joven rumbo a la F\u00f3rmula 4 NACAM 2026 | Nexo Informativo Santiago de Quer\u00e9taro","og_description":"La escuder\u00eda queretana Santinel Racing anunci\u00f3 que buscar\u00e1 el campeonato 2026 de la F\u00f3rmula 4 NACAM, con el objetivo de consolidarse como semillero del automovilismo mexicano y catapultar la carrera del piloto Marco Alquicira.","og_url":"https:\/\/www.nexoinformativo.mx\/index.php\/2026\/02\/10\/santinel-racing-y-conalep-impulsan-talento-joven-rumbo-a-la-formula-4-nacam-2026\/","og_site_name":"Nexo Informativo Santiago de Quer\u00e9taro","article_publisher":"https:\/\/www.facebook.com\/people\/Nexo-Informativo\/61564066885511\/","article_published_time":"2026-02-10T17:00:02+00:00","article_modified_time":"2026-02-10T23:13:04+00:00","og_image":[{"width":1024,"height":683,"url":"https:\/\/www.nexoinformativo.mx\/wp-content\/uploads\/2026\/02\/copilot_image_1770765015609-1024x683.jpeg","type":"image\/jpeg"}],"author":"Nexo Informativo","twitter_card":"summary_large_image","twitter_misc":{"Escrito por":"Nexo Informativo","Tiempo de lectura":"1 minuto"},"schema":{"@context":"https:\/\/schema.org","@graph":[{"@type":"Article","@id":"https:\/\/www.nexoinformativo.mx\/index.php\/2026\/02\/10\/santinel-racing-y-conalep-impulsan-talento-joven-rumbo-a-la-formula-4-nacam-2026\/#article","isPartOf":{"@id":"https:\/\/www.nexoinformativo.mx\/index.php\/2026\/02\/10\/santinel-racing-y-conalep-impulsan-talento-joven-rumbo-a-la-formula-4-nacam-2026\/"},"author":{"name":"Nexo Informativo","@id":"https:\/\/www.nexoinformativo.mx\/#\/schema\/person\/7749d380ba08c8ca00d7bc76fd907b7d"},"headline":"Santinel Racing y Conalep impulsan talento joven rumbo a la F\u00f3rmula 4 NACAM 2026","datePublished":"2026-02-10T17:00:02+00:00","dateModified":"2026-02-10T23:13:04+00:00","mainEntityOfPage":{"@id":"https:\/\/www.nexoinformativo.mx\/index.php\/2026\/02\/10\/santinel-racing-y-conalep-impulsan-talento-joven-rumbo-a-la-formula-4-nacam-2026\/"},"wordCount":236,"commentCount":0,"publisher":{"@id":"https:\/\/www.nexoinformativo.mx\/#organization"},"image":{"@id":"https:\/\/www.nexoinformativo.mx\/index.php\/2026\/02\/10\/santinel-racing-y-conalep-impulsan-talento-joven-rumbo-a-la-formula-4-nacam-2026\/#primaryimage"},"thumbnailUrl":"https:\/\/www.nexoinformativo.mx\/wp-content\/uploads\/2026\/02\/copilot_image_1770765015609.jpeg","keywords":["Automovilismo","Conalep","Formula4NACAM","Quer\u00e9taro","SantinelRacing"],"articleSection":["Econom\u00eda","Espect\u00e1culos","Estado","\u00daltima Hora"],"inLanguage":"es","potentialAction":[{"@type":"CommentAction","name":"Comment","target":["https:\/\/www.nexoinformativo.mx\/index.php\/2026\/02\/10\/santinel-racing-y-conalep-impulsan-talento-joven-rumbo-a-la-formula-4-nacam-2026\/#respond"]}]},{"@type":"WebPage","@id":"https:\/\/www.nexoinformativo.mx\/index.php\/2026\/02\/10\/santinel-racing-y-conalep-impulsan-talento-joven-rumbo-a-la-formula-4-nacam-2026\/","url":"https:\/\/www.nexoinformativo.mx\/index.php\/2026\/02\/10\/santinel-racing-y-conalep-impulsan-talento-joven-rumbo-a-la-formula-4-nacam-2026\/","name":"Santinel Racing y Conalep impulsan talento joven rumbo a la F\u00f3rmula 4 NACAM 2026 | Nexo Informativo Santiago de Quer\u00e9taro","isPartOf":{"@id":"https:\/\/www.nexoinformativo.mx\/#website"},"primaryImageOfPage":{"@id":"https:\/\/www.nexoinformativo.mx\/index.php\/2026\/02\/10\/santinel-racing-y-conalep-impulsan-talento-joven-rumbo-a-la-formula-4-nacam-2026\/#primaryimage"},"image":{"@id":"https:\/\/www.nexoinformativo.mx\/index.php\/2026\/02\/10\/santinel-racing-y-conalep-impulsan-talento-joven-rumbo-a-la-formula-4-nacam-2026\/#primaryimage"},"thumbnailUrl":"https:\/\/www.nexoinformativo.mx\/wp-content\/uploads\/2026\/02\/copilot_image_1770765015609.jpeg","datePublished":"2026-02-10T17:00:02+00:00","dateModified":"2026-02-10T23:13:04+00:00","breadcrumb":{"@id":"https:\/\/www.nexoinformativo.mx\/index.php\/2026\/02\/10\/santinel-racing-y-conalep-impulsan-talento-joven-rumbo-a-la-formula-4-nacam-2026\/#breadcrumb"},"inLanguage":"es","potentialAction":[{"@type":"ReadAction","target":["https:\/\/www.nexoinformativo.mx\/index.php\/2026\/02\/10\/santinel-racing-y-conalep-impulsan-talento-joven-rumbo-a-la-formula-4-nacam-2026\/"]}]},{"@type":"ImageObject","inLanguage":"es","@id":"https:\/\/www.nexoinformativo.mx\/index.php\/2026\/02\/10\/santinel-racing-y-conalep-impulsan-talento-joven-rumbo-a-la-formula-4-nacam-2026\/#primaryimage","url":"https:\/\/www.nexoinformativo.mx\/wp-content\/uploads\/2026\/02\/copilot_image_1770765015609.jpeg","contentUrl":"https:\/\/www.nexoinformativo.mx\/wp-content\/uploads\/2026\/02\/copilot_image_1770765015609.jpeg","width":1536,"height":1024},{"@type":"BreadcrumbList","@id":"https:\/\/www.nexoinformativo.mx\/index.php\/2026\/02\/10\/santinel-racing-y-conalep-impulsan-talento-joven-rumbo-a-la-formula-4-nacam-2026\/#breadcrumb","itemListElement":[{"@type":"ListItem","position":1,"name":"Inicio","item":"https:\/\/www.nexoinformativo.mx\/"},{"@type":"ListItem","position":2,"name":"Santinel Racing y Conalep impulsan talento joven rumbo a la F\u00f3rmula 4 NACAM 2026"}]},{"@type":"WebSite","@id":"https:\/\/www.nexoinformativo.mx\/#website","url":"https:\/\/www.nexoinformativo.mx\/","name":"Nexo Informativo Santiago de Quer\u00e9taro","description":"Explora NexoInformativo y convi\u00e9rtete en parte de una comunidad que valora el conocimiento y la verdad. Tu nexoinformativo es tu puente hacia una comprensi\u00f3n m\u00e1s profunda del mundo que te rodea.","publisher":{"@id":"https:\/\/www.nexoinformativo.mx\/#organization"},"potentialAction":[{"@type":"SearchAction","target":{"@type":"EntryPoint","urlTemplate":"https:\/\/www.nexoinformativo.mx\/?s={search_term_string}"},"query-input":{"@type":"PropertyValueSpecification","valueRequired":true,"valueName":"search_term_string"}}],"inLanguage":"es"},{"@type":"Organization","@id":"https:\/\/www.nexoinformativo.mx\/#organization","name":"Nexo Informativo Santiago de Quer\u00e9taro","url":"https:\/\/www.nexoinformativo.mx\/","logo":{"@type":"ImageObject","inLanguage":"es","@id":"https:\/\/www.nexoinformativo.mx\/#\/schema\/logo\/image\/","url":"https:\/\/www.nexoinformativo.mx\/wp-content\/uploads\/2024\/07\/nexoi-trasparente-2.png","contentUrl":"https:\/\/www.nexoinformativo.mx\/wp-content\/uploads\/2024\/07\/nexoi-trasparente-2.png","width":816,"height":339,"caption":"Nexo Informativo Santiago de Quer\u00e9taro"},"image":{"@id":"https:\/\/www.nexoinformativo.mx\/#\/schema\/logo\/image\/"},"sameAs":["https:\/\/www.facebook.com\/people\/Nexo-Informativo\/61564066885511\/"]},{"@type":"Person","@id":"https:\/\/www.nexoinformativo.mx\/#\/schema\/person\/7749d380ba08c8ca00d7bc76fd907b7d","name":"Nexo Informativo","image":{"@type":"ImageObject","inLanguage":"es","@id":"https:\/\/www.nexoinformativo.mx\/#\/schema\/person\/image\/","url":"https:\/\/secure.gravatar.com\/avatar\/dde2928154642a13d95f87ddf1ea9718fe2b46760a005c53e41ff5ad610704e6?s=96&d=mm&r=g","contentUrl":"https:\/\/secure.gravatar.com\/avatar\/dde2928154642a13d95f87ddf1ea9718fe2b46760a005c53e41ff5ad610704e6?s=96&d=mm&r=g","caption":"Nexo Informativo"},"url":"https:\/\/www.nexoinformativo.mx\/index.php\/author\/edicion\/"}]}},"_links":{"self":[{"href":"https:\/\/www.nexoinformativo.mx\/index.php\/wp-json\/wp\/v2\/posts\/17233","targetHints":{"allow":["GET"]}}],"collection":[{"href":"https:\/\/www.nexoinformativo.mx\/index.php\/wp-json\/wp\/v2\/posts"}],"about":[{"href":"https:\/\/www.nexoinformativo.mx\/index.php\/wp-json\/wp\/v2\/types\/post"}],"author":[{"embeddable":true,"href":"https:\/\/www.nexoinformativo.mx\/index.php\/wp-json\/wp\/v2\/users\/3"}],"replies":[{"embeddable":true,"href":"https:\/\/www.nexoinformativo.mx\/index.php\/wp-json\/wp\/v2\/comments?post=17233"}],"version-history":[{"count":1,"href":"https:\/\/www.nexoinformativo.mx\/index.php\/wp-json\/wp\/v2\/posts\/17233\/revisions"}],"predecessor-version":[{"id":17234,"href":"https:\/\/www.nexoinformativo.mx\/index.php\/wp-json\/wp\/v2\/posts\/17233\/revisions\/17234"}],"wp:featuredmedia":[{"embeddable":true,"href":"https:\/\/www.nexoinformativo.mx\/index.php\/wp-json\/wp\/v2\/media\/17232"}],"wp:attachment":[{"href":"https:\/\/www.nexoinformativo.mx\/index.php\/wp-json\/wp\/v2\/media?parent=17233"}],"wp:term":[{"taxonomy":"category","embeddable":true,"href":"https:\/\/www.nexoinformativo.mx\/index.php\/wp-json\/wp\/v2\/categories?post=17233"},{"taxonomy":"post_tag","embeddable":true,"href":"https:\/\/www.nexoinformativo.mx\/index.php\/wp-json\/wp\/v2\/tags?post=17233"}],"curies":[{"name":"wp","href":"https:\/\/api.w.org\/{rel}","templated":true}]}}