{"id":17237,"date":"2026-02-10T00:00:32","date_gmt":"2026-02-10T06:00:32","guid":{"rendered":"https:\/\/www.nexoinformativo.mx\/?p=17237"},"modified":"2026-02-10T17:46:01","modified_gmt":"2026-02-10T23:46:01","slug":"suman-12-casos-de-sarampion-en-queretaro-sesa-refuerza-prevencion","status":"publish","type":"post","link":"https:\/\/www.nexoinformativo.mx\/index.php\/2026\/02\/10\/suman-12-casos-de-sarampion-en-queretaro-sesa-refuerza-prevencion\/","title":{"rendered":"Suman 12 casos de sarampi\u00f3n en Quer\u00e9taro SESA refuerza prevenci\u00f3n"},"content":{"rendered":"\n<p>La Secretar\u00eda de Salud del Estado de Quer\u00e9taro (SESA) inform\u00f3 que en lo que va de 2026 se han confirmado 12 casos de sarampi\u00f3n en Quer\u00e9taro, como resultado del fortalecimiento de la vigilancia epidemiol\u00f3gica, la detecci\u00f3n oportuna y las campa\u00f1as de vacunaci\u00f3n implementadas desde el primer caso registrado a nivel nacional en febrero de 2025.<\/p>\n\n\n\n<p><br>La dependencia detall\u00f3 que recientemente se detectaron dos nuevos casos en el municipio de Quer\u00e9taro, una mujer de 44 a\u00f1os y un hombre de 32 a\u00f1os, quienes presentan una evoluci\u00f3n cl\u00ednica estable y sin complicaciones. Ambos permanecen bajo seguimiento m\u00e9dico y epidemiol\u00f3gico mientras se investiga el posible mecanismo de contagio.<\/p>\n\n\n\n<p><br>SESA se\u00f1al\u00f3 que mantiene cercos epidemiol\u00f3gicos, que incluyen la b\u00fasqueda de casos probables, el seguimiento de contactos y la revisi\u00f3n de cartillas de vacunaci\u00f3n, adem\u00e1s de la aplicaci\u00f3n de dosis necesarias para completar esquemas, con el objetivo de evitar la transmisi\u00f3n comunitaria del sarampi\u00f3n en Quer\u00e9taro.<\/p>\n\n\n\n<p><br>Finalmente, la autoridad de salud record\u00f3 que el sarampi\u00f3n es prevenible mediante la vacunaci\u00f3n y exhort\u00f3 a madres, padres y tutores a revisar la Cartilla Nacional de Salud. Las vacunas est\u00e1n disponibles de forma gratuita en los 198 centros de salud del estado de Quer\u00e9taro.<\/p>\n","protected":false},"excerpt":{"rendered":"<p>La Secretar\u00eda de Salud del Estado de Quer\u00e9taro (SESA) inform\u00f3 que en lo que va de 2026 se han confirmado 12 casos de sarampi\u00f3n en Quer\u00e9taro, como resultado del fortalecimiento de la vigilancia epidemiol\u00f3gica, la detecci\u00f3n oportuna y las campa\u00f1as de vacunaci\u00f3n implementadas desde el primer caso registrado a nivel nacional en febrero de 2025.<\/p>\n","protected":false},"author":3,"featured_media":17236,"comment_status":"open","ping_status":"open","sticky":false,"template":"","format":"standard","meta":{"footnotes":""},"categories":[42,58],"tags":[133,139,3829,2068,3816],"class_list":["post-17237","post","type-post","status-publish","format-standard","has-post-thumbnail","hentry","category-estado","category-ultima-hora","tag-queretaro","tag-salud","tag-sarampion","tag-sesa","tag-vacunacion"],"yoast_head":"<!-- This site is optimized with the Yoast SEO plugin v25.0 - https:\/\/yoast.com\/wordpress\/plugins\/seo\/ -->\n<title>Suman 12 casos de sarampi\u00f3n en Quer\u00e9taro SESA refuerza prevenci\u00f3n | Nexo Informativo Santiago de Quer\u00e9taro<\/title>\n<meta name=\"robots\" content=\"index, follow, max-snippet:-1, max-image-preview:large, max-video-preview:-1\" \/>\n<link rel=\"canonical\" href=\"https:\/\/www.nexoinformativo.mx\/index.php\/2026\/02\/10\/suman-12-casos-de-sarampion-en-queretaro-sesa-refuerza-prevencion\/\" \/>\n<meta property=\"og:locale\" content=\"es_MX\" \/>\n<meta property=\"og:type\" content=\"article\" \/>\n<meta property=\"og:title\" content=\"Suman 12 casos de sarampi\u00f3n en Quer\u00e9taro SESA refuerza prevenci\u00f3n | Nexo Informativo Santiago de Quer\u00e9taro\" \/>\n<meta property=\"og:description\" content=\"La Secretar\u00eda de Salud del Estado de Quer\u00e9taro (SESA) inform\u00f3 que en lo que va de 2026 se han confirmado 12 casos de sarampi\u00f3n en Quer\u00e9taro, como resultado del fortalecimiento de la vigilancia epidemiol\u00f3gica, la detecci\u00f3n oportuna y las campa\u00f1as de vacunaci\u00f3n implementadas desde el primer caso registrado a nivel nacional en febrero de 2025.\" \/>\n<meta property=\"og:url\" content=\"https:\/\/www.nexoinformativo.mx\/index.php\/2026\/02\/10\/suman-12-casos-de-sarampion-en-queretaro-sesa-refuerza-prevencion\/\" \/>\n<meta property=\"og:site_name\" content=\"Nexo Informativo Santiago de Quer\u00e9taro\" \/>\n<meta property=\"article:publisher\" content=\"https:\/\/www.facebook.com\/people\/Nexo-Informativo\/61564066885511\/\" \/>\n<meta property=\"article:published_time\" content=\"2026-02-10T06:00:32+00:00\" \/>\n<meta property=\"article:modified_time\" content=\"2026-02-10T23:46:01+00:00\" \/>\n<meta property=\"og:image\" content=\"https:\/\/www.nexoinformativo.mx\/wp-content\/uploads\/2026\/02\/14051527381_88bd7bfd2f_b.jpg\" \/>\n\t<meta property=\"og:image:width\" content=\"1024\" \/>\n\t<meta property=\"og:image:height\" content=\"683\" \/>\n\t<meta property=\"og:image:type\" content=\"image\/jpeg\" \/>\n<meta name=\"author\" content=\"Nexo Informativo\" \/>\n<meta name=\"twitter:card\" content=\"summary_large_image\" \/>\n<meta name=\"twitter:label1\" content=\"Escrito por\" \/>\n\t<meta name=\"twitter:data1\" content=\"Nexo Informativo\" \/>\n\t<meta name=\"twitter:label2\" content=\"Tiempo de lectura\" \/>\n\t<meta name=\"twitter:data2\" content=\"1 minuto\" \/>\n<script type=\"application\/ld+json\" class=\"yoast-schema-graph\">{\"@context\":\"https:\/\/schema.org\",\"@graph\":[{\"@type\":\"Article\",\"@id\":\"https:\/\/www.nexoinformativo.mx\/index.php\/2026\/02\/10\/suman-12-casos-de-sarampion-en-queretaro-sesa-refuerza-prevencion\/#article\",\"isPartOf\":{\"@id\":\"https:\/\/www.nexoinformativo.mx\/index.php\/2026\/02\/10\/suman-12-casos-de-sarampion-en-queretaro-sesa-refuerza-prevencion\/\"},\"author\":{\"name\":\"Nexo Informativo\",\"@id\":\"https:\/\/www.nexoinformativo.mx\/#\/schema\/person\/7749d380ba08c8ca00d7bc76fd907b7d\"},\"headline\":\"Suman 12 casos de sarampi\u00f3n en Quer\u00e9taro SESA refuerza prevenci\u00f3n\",\"datePublished\":\"2026-02-10T06:00:32+00:00\",\"dateModified\":\"2026-02-10T23:46:01+00:00\",\"mainEntityOfPage\":{\"@id\":\"https:\/\/www.nexoinformativo.mx\/index.php\/2026\/02\/10\/suman-12-casos-de-sarampion-en-queretaro-sesa-refuerza-prevencion\/\"},\"wordCount\":231,\"commentCount\":0,\"publisher\":{\"@id\":\"https:\/\/www.nexoinformativo.mx\/#organization\"},\"image\":{\"@id\":\"https:\/\/www.nexoinformativo.mx\/index.php\/2026\/02\/10\/suman-12-casos-de-sarampion-en-queretaro-sesa-refuerza-prevencion\/#primaryimage\"},\"thumbnailUrl\":\"https:\/\/www.nexoinformativo.mx\/wp-content\/uploads\/2026\/02\/14051527381_88bd7bfd2f_b.jpg\",\"keywords\":[\"Quer\u00e9taro\",\"salud\",\"Sarampi\u00f3n\",\"SESA\",\"Vacunaci\u00f3n\"],\"articleSection\":[\"Estado\",\"\u00daltima Hora\"],\"inLanguage\":\"es\",\"potentialAction\":[{\"@type\":\"CommentAction\",\"name\":\"Comment\",\"target\":[\"https:\/\/www.nexoinformativo.mx\/index.php\/2026\/02\/10\/suman-12-casos-de-sarampion-en-queretaro-sesa-refuerza-prevencion\/#respond\"]}]},{\"@type\":\"WebPage\",\"@id\":\"https:\/\/www.nexoinformativo.mx\/index.php\/2026\/02\/10\/suman-12-casos-de-sarampion-en-queretaro-sesa-refuerza-prevencion\/\",\"url\":\"https:\/\/www.nexoinformativo.mx\/index.php\/2026\/02\/10\/suman-12-casos-de-sarampion-en-queretaro-sesa-refuerza-prevencion\/\",\"name\":\"Suman 12 casos de sarampi\u00f3n en Quer\u00e9taro SESA refuerza prevenci\u00f3n | Nexo Informativo Santiago de Quer\u00e9taro\",\"isPartOf\":{\"@id\":\"https:\/\/www.nexoinformativo.mx\/#website\"},\"primaryImageOfPage\":{\"@id\":\"https:\/\/www.nexoinformativo.mx\/index.php\/2026\/02\/10\/suman-12-casos-de-sarampion-en-queretaro-sesa-refuerza-prevencion\/#primaryimage\"},\"image\":{\"@id\":\"https:\/\/www.nexoinformativo.mx\/index.php\/2026\/02\/10\/suman-12-casos-de-sarampion-en-queretaro-sesa-refuerza-prevencion\/#primaryimage\"},\"thumbnailUrl\":\"https:\/\/www.nexoinformativo.mx\/wp-content\/uploads\/2026\/02\/14051527381_88bd7bfd2f_b.jpg\",\"datePublished\":\"2026-02-10T06:00:32+00:00\",\"dateModified\":\"2026-02-10T23:46:01+00:00\",\"breadcrumb\":{\"@id\":\"https:\/\/www.nexoinformativo.mx\/index.php\/2026\/02\/10\/suman-12-casos-de-sarampion-en-queretaro-sesa-refuerza-prevencion\/#breadcrumb\"},\"inLanguage\":\"es\",\"potentialAction\":[{\"@type\":\"ReadAction\",\"target\":[\"https:\/\/www.nexoinformativo.mx\/index.php\/2026\/02\/10\/suman-12-casos-de-sarampion-en-queretaro-sesa-refuerza-prevencion\/\"]}]},{\"@type\":\"ImageObject\",\"inLanguage\":\"es\",\"@id\":\"https:\/\/www.nexoinformativo.mx\/index.php\/2026\/02\/10\/suman-12-casos-de-sarampion-en-queretaro-sesa-refuerza-prevencion\/#primaryimage\",\"url\":\"https:\/\/www.nexoinformativo.mx\/wp-content\/uploads\/2026\/02\/14051527381_88bd7bfd2f_b.jpg\",\"contentUrl\":\"https:\/\/www.nexoinformativo.mx\/wp-content\/uploads\/2026\/02\/14051527381_88bd7bfd2f_b.jpg\",\"width\":1024,\"height\":683},{\"@type\":\"BreadcrumbList\",\"@id\":\"https:\/\/www.nexoinformativo.mx\/index.php\/2026\/02\/10\/suman-12-casos-de-sarampion-en-queretaro-sesa-refuerza-prevencion\/#breadcrumb\",\"itemListElement\":[{\"@type\":\"ListItem\",\"position\":1,\"name\":\"Inicio\",\"item\":\"https:\/\/www.nexoinformativo.mx\/\"},{\"@type\":\"ListItem\",\"position\":2,\"name\":\"Suman 12 casos de sarampi\u00f3n en Quer\u00e9taro SESA refuerza prevenci\u00f3n\"}]},{\"@type\":\"WebSite\",\"@id\":\"https:\/\/www.nexoinformativo.mx\/#website\",\"url\":\"https:\/\/www.nexoinformativo.mx\/\",\"name\":\"Nexo Informativo Santiago de Quer\u00e9taro\",\"description\":\"Explora NexoInformativo y convi\u00e9rtete en parte de una comunidad que valora el conocimiento y la verdad. Tu nexoinformativo es tu puente hacia una comprensi\u00f3n m\u00e1s profunda del mundo que te rodea.\",\"publisher\":{\"@id\":\"https:\/\/www.nexoinformativo.mx\/#organization\"},\"potentialAction\":[{\"@type\":\"SearchAction\",\"target\":{\"@type\":\"EntryPoint\",\"urlTemplate\":\"https:\/\/www.nexoinformativo.mx\/?s={search_term_string}\"},\"query-input\":{\"@type\":\"PropertyValueSpecification\",\"valueRequired\":true,\"valueName\":\"search_term_string\"}}],\"inLanguage\":\"es\"},{\"@type\":\"Organization\",\"@id\":\"https:\/\/www.nexoinformativo.mx\/#organization\",\"name\":\"Nexo Informativo Santiago de Quer\u00e9taro\",\"url\":\"https:\/\/www.nexoinformativo.mx\/\",\"logo\":{\"@type\":\"ImageObject\",\"inLanguage\":\"es\",\"@id\":\"https:\/\/www.nexoinformativo.mx\/#\/schema\/logo\/image\/\",\"url\":\"https:\/\/www.nexoinformativo.mx\/wp-content\/uploads\/2024\/07\/nexoi-trasparente-2.png\",\"contentUrl\":\"https:\/\/www.nexoinformativo.mx\/wp-content\/uploads\/2024\/07\/nexoi-trasparente-2.png\",\"width\":816,\"height\":339,\"caption\":\"Nexo Informativo Santiago de Quer\u00e9taro\"},\"image\":{\"@id\":\"https:\/\/www.nexoinformativo.mx\/#\/schema\/logo\/image\/\"},\"sameAs\":[\"https:\/\/www.facebook.com\/people\/Nexo-Informativo\/61564066885511\/\"]},{\"@type\":\"Person\",\"@id\":\"https:\/\/www.nexoinformativo.mx\/#\/schema\/person\/7749d380ba08c8ca00d7bc76fd907b7d\",\"name\":\"Nexo Informativo\",\"image\":{\"@type\":\"ImageObject\",\"inLanguage\":\"es\",\"@id\":\"https:\/\/www.nexoinformativo.mx\/#\/schema\/person\/image\/\",\"url\":\"https:\/\/secure.gravatar.com\/avatar\/dde2928154642a13d95f87ddf1ea9718fe2b46760a005c53e41ff5ad610704e6?s=96&d=mm&r=g\",\"contentUrl\":\"https:\/\/secure.gravatar.com\/avatar\/dde2928154642a13d95f87ddf1ea9718fe2b46760a005c53e41ff5ad610704e6?s=96&d=mm&r=g\",\"caption\":\"Nexo Informativo\"},\"url\":\"https:\/\/www.nexoinformativo.mx\/index.php\/author\/edicion\/\"}]}<\/script>\n<!-- \/ Yoast SEO plugin. -->","yoast_head_json":{"title":"Suman 12 casos de sarampi\u00f3n en Quer\u00e9taro SESA refuerza prevenci\u00f3n | Nexo Informativo Santiago de Quer\u00e9taro","robots":{"index":"index","follow":"follow","max-snippet":"max-snippet:-1","max-image-preview":"max-image-preview:large","max-video-preview":"max-video-preview:-1"},"canonical":"https:\/\/www.nexoinformativo.mx\/index.php\/2026\/02\/10\/suman-12-casos-de-sarampion-en-queretaro-sesa-refuerza-prevencion\/","og_locale":"es_MX","og_type":"article","og_title":"Suman 12 casos de sarampi\u00f3n en Quer\u00e9taro SESA refuerza prevenci\u00f3n | Nexo Informativo Santiago de Quer\u00e9taro","og_description":"La Secretar\u00eda de Salud del Estado de Quer\u00e9taro (SESA) inform\u00f3 que en lo que va de 2026 se han confirmado 12 casos de sarampi\u00f3n en Quer\u00e9taro, como resultado del fortalecimiento de la vigilancia epidemiol\u00f3gica, la detecci\u00f3n oportuna y las campa\u00f1as de vacunaci\u00f3n implementadas desde el primer caso registrado a nivel nacional en febrero de 2025.","og_url":"https:\/\/www.nexoinformativo.mx\/index.php\/2026\/02\/10\/suman-12-casos-de-sarampion-en-queretaro-sesa-refuerza-prevencion\/","og_site_name":"Nexo Informativo Santiago de Quer\u00e9taro","article_publisher":"https:\/\/www.facebook.com\/people\/Nexo-Informativo\/61564066885511\/","article_published_time":"2026-02-10T06:00:32+00:00","article_modified_time":"2026-02-10T23:46:01+00:00","og_image":[{"width":1024,"height":683,"url":"https:\/\/www.nexoinformativo.mx\/wp-content\/uploads\/2026\/02\/14051527381_88bd7bfd2f_b.jpg","type":"image\/jpeg"}],"author":"Nexo Informativo","twitter_card":"summary_large_image","twitter_misc":{"Escrito por":"Nexo Informativo","Tiempo de lectura":"1 minuto"},"schema":{"@context":"https:\/\/schema.org","@graph":[{"@type":"Article","@id":"https:\/\/www.nexoinformativo.mx\/index.php\/2026\/02\/10\/suman-12-casos-de-sarampion-en-queretaro-sesa-refuerza-prevencion\/#article","isPartOf":{"@id":"https:\/\/www.nexoinformativo.mx\/index.php\/2026\/02\/10\/suman-12-casos-de-sarampion-en-queretaro-sesa-refuerza-prevencion\/"},"author":{"name":"Nexo Informativo","@id":"https:\/\/www.nexoinformativo.mx\/#\/schema\/person\/7749d380ba08c8ca00d7bc76fd907b7d"},"headline":"Suman 12 casos de sarampi\u00f3n en Quer\u00e9taro SESA refuerza prevenci\u00f3n","datePublished":"2026-02-10T06:00:32+00:00","dateModified":"2026-02-10T23:46:01+00:00","mainEntityOfPage":{"@id":"https:\/\/www.nexoinformativo.mx\/index.php\/2026\/02\/10\/suman-12-casos-de-sarampion-en-queretaro-sesa-refuerza-prevencion\/"},"wordCount":231,"commentCount":0,"publisher":{"@id":"https:\/\/www.nexoinformativo.mx\/#organization"},"image":{"@id":"https:\/\/www.nexoinformativo.mx\/index.php\/2026\/02\/10\/suman-12-casos-de-sarampion-en-queretaro-sesa-refuerza-prevencion\/#primaryimage"},"thumbnailUrl":"https:\/\/www.nexoinformativo.mx\/wp-content\/uploads\/2026\/02\/14051527381_88bd7bfd2f_b.jpg","keywords":["Quer\u00e9taro","salud","Sarampi\u00f3n","SESA","Vacunaci\u00f3n"],"articleSection":["Estado","\u00daltima Hora"],"inLanguage":"es","potentialAction":[{"@type":"CommentAction","name":"Comment","target":["https:\/\/www.nexoinformativo.mx\/index.php\/2026\/02\/10\/suman-12-casos-de-sarampion-en-queretaro-sesa-refuerza-prevencion\/#respond"]}]},{"@type":"WebPage","@id":"https:\/\/www.nexoinformativo.mx\/index.php\/2026\/02\/10\/suman-12-casos-de-sarampion-en-queretaro-sesa-refuerza-prevencion\/","url":"https:\/\/www.nexoinformativo.mx\/index.php\/2026\/02\/10\/suman-12-casos-de-sarampion-en-queretaro-sesa-refuerza-prevencion\/","name":"Suman 12 casos de sarampi\u00f3n en Quer\u00e9taro SESA refuerza prevenci\u00f3n | Nexo Informativo Santiago de Quer\u00e9taro","isPartOf":{"@id":"https:\/\/www.nexoinformativo.mx\/#website"},"primaryImageOfPage":{"@id":"https:\/\/www.nexoinformativo.mx\/index.php\/2026\/02\/10\/suman-12-casos-de-sarampion-en-queretaro-sesa-refuerza-prevencion\/#primaryimage"},"image":{"@id":"https:\/\/www.nexoinformativo.mx\/index.php\/2026\/02\/10\/suman-12-casos-de-sarampion-en-queretaro-sesa-refuerza-prevencion\/#primaryimage"},"thumbnailUrl":"https:\/\/www.nexoinformativo.mx\/wp-content\/uploads\/2026\/02\/14051527381_88bd7bfd2f_b.jpg","datePublished":"2026-02-10T06:00:32+00:00","dateModified":"2026-02-10T23:46:01+00:00","breadcrumb":{"@id":"https:\/\/www.nexoinformativo.mx\/index.php\/2026\/02\/10\/suman-12-casos-de-sarampion-en-queretaro-sesa-refuerza-prevencion\/#breadcrumb"},"inLanguage":"es","potentialAction":[{"@type":"ReadAction","target":["https:\/\/www.nexoinformativo.mx\/index.php\/2026\/02\/10\/suman-12-casos-de-sarampion-en-queretaro-sesa-refuerza-prevencion\/"]}]},{"@type":"ImageObject","inLanguage":"es","@id":"https:\/\/www.nexoinformativo.mx\/index.php\/2026\/02\/10\/suman-12-casos-de-sarampion-en-queretaro-sesa-refuerza-prevencion\/#primaryimage","url":"https:\/\/www.nexoinformativo.mx\/wp-content\/uploads\/2026\/02\/14051527381_88bd7bfd2f_b.jpg","contentUrl":"https:\/\/www.nexoinformativo.mx\/wp-content\/uploads\/2026\/02\/14051527381_88bd7bfd2f_b.jpg","width":1024,"height":683},{"@type":"BreadcrumbList","@id":"https:\/\/www.nexoinformativo.mx\/index.php\/2026\/02\/10\/suman-12-casos-de-sarampion-en-queretaro-sesa-refuerza-prevencion\/#breadcrumb","itemListElement":[{"@type":"ListItem","position":1,"name":"Inicio","item":"https:\/\/www.nexoinformativo.mx\/"},{"@type":"ListItem","position":2,"name":"Suman 12 casos de sarampi\u00f3n en Quer\u00e9taro SESA refuerza prevenci\u00f3n"}]},{"@type":"WebSite","@id":"https:\/\/www.nexoinformativo.mx\/#website","url":"https:\/\/www.nexoinformativo.mx\/","name":"Nexo Informativo Santiago de Quer\u00e9taro","description":"Explora NexoInformativo y convi\u00e9rtete en parte de una comunidad que valora el conocimiento y la verdad. Tu nexoinformativo es tu puente hacia una comprensi\u00f3n m\u00e1s profunda del mundo que te rodea.","publisher":{"@id":"https:\/\/www.nexoinformativo.mx\/#organization"},"potentialAction":[{"@type":"SearchAction","target":{"@type":"EntryPoint","urlTemplate":"https:\/\/www.nexoinformativo.mx\/?s={search_term_string}"},"query-input":{"@type":"PropertyValueSpecification","valueRequired":true,"valueName":"search_term_string"}}],"inLanguage":"es"},{"@type":"Organization","@id":"https:\/\/www.nexoinformativo.mx\/#organization","name":"Nexo Informativo Santiago de Quer\u00e9taro","url":"https:\/\/www.nexoinformativo.mx\/","logo":{"@type":"ImageObject","inLanguage":"es","@id":"https:\/\/www.nexoinformativo.mx\/#\/schema\/logo\/image\/","url":"https:\/\/www.nexoinformativo.mx\/wp-content\/uploads\/2024\/07\/nexoi-trasparente-2.png","contentUrl":"https:\/\/www.nexoinformativo.mx\/wp-content\/uploads\/2024\/07\/nexoi-trasparente-2.png","width":816,"height":339,"caption":"Nexo Informativo Santiago de Quer\u00e9taro"},"image":{"@id":"https:\/\/www.nexoinformativo.mx\/#\/schema\/logo\/image\/"},"sameAs":["https:\/\/www.facebook.com\/people\/Nexo-Informativo\/61564066885511\/"]},{"@type":"Person","@id":"https:\/\/www.nexoinformativo.mx\/#\/schema\/person\/7749d380ba08c8ca00d7bc76fd907b7d","name":"Nexo Informativo","image":{"@type":"ImageObject","inLanguage":"es","@id":"https:\/\/www.nexoinformativo.mx\/#\/schema\/person\/image\/","url":"https:\/\/secure.gravatar.com\/avatar\/dde2928154642a13d95f87ddf1ea9718fe2b46760a005c53e41ff5ad610704e6?s=96&d=mm&r=g","contentUrl":"https:\/\/secure.gravatar.com\/avatar\/dde2928154642a13d95f87ddf1ea9718fe2b46760a005c53e41ff5ad610704e6?s=96&d=mm&r=g","caption":"Nexo Informativo"},"url":"https:\/\/www.nexoinformativo.mx\/index.php\/author\/edicion\/"}]}},"_links":{"self":[{"href":"https:\/\/www.nexoinformativo.mx\/index.php\/wp-json\/wp\/v2\/posts\/17237","targetHints":{"allow":["GET"]}}],"collection":[{"href":"https:\/\/www.nexoinformativo.mx\/index.php\/wp-json\/wp\/v2\/posts"}],"about":[{"href":"https:\/\/www.nexoinformativo.mx\/index.php\/wp-json\/wp\/v2\/types\/post"}],"author":[{"embeddable":true,"href":"https:\/\/www.nexoinformativo.mx\/index.php\/wp-json\/wp\/v2\/users\/3"}],"replies":[{"embeddable":true,"href":"https:\/\/www.nexoinformativo.mx\/index.php\/wp-json\/wp\/v2\/comments?post=17237"}],"version-history":[{"count":1,"href":"https:\/\/www.nexoinformativo.mx\/index.php\/wp-json\/wp\/v2\/posts\/17237\/revisions"}],"predecessor-version":[{"id":17238,"href":"https:\/\/www.nexoinformativo.mx\/index.php\/wp-json\/wp\/v2\/posts\/17237\/revisions\/17238"}],"wp:featuredmedia":[{"embeddable":true,"href":"https:\/\/www.nexoinformativo.mx\/index.php\/wp-json\/wp\/v2\/media\/17236"}],"wp:attachment":[{"href":"https:\/\/www.nexoinformativo.mx\/index.php\/wp-json\/wp\/v2\/media?parent=17237"}],"wp:term":[{"taxonomy":"category","embeddable":true,"href":"https:\/\/www.nexoinformativo.mx\/index.php\/wp-json\/wp\/v2\/categories?post=17237"},{"taxonomy":"post_tag","embeddable":true,"href":"https:\/\/www.nexoinformativo.mx\/index.php\/wp-json\/wp\/v2\/tags?post=17237"}],"curies":[{"name":"wp","href":"https:\/\/api.w.org\/{rel}","templated":true}]}}