{"id":17246,"date":"2026-02-19T10:00:47","date_gmt":"2026-02-19T16:00:47","guid":{"rendered":"https:\/\/www.nexoinformativo.mx\/?p=17246"},"modified":"2026-02-19T20:42:30","modified_gmt":"2026-02-20T02:42:30","slug":"scjn-marca-precedente-tienen-menos-culpa-las-mujeres-en-casos-de-secuestro","status":"publish","type":"post","link":"https:\/\/www.nexoinformativo.mx\/index.php\/2026\/02\/19\/scjn-marca-precedente-tienen-menos-culpa-las-mujeres-en-casos-de-secuestro\/","title":{"rendered":"SCJN marca precedente: \u00bfTienen menos culpa las mujeres en casos de secuestro?"},"content":{"rendered":"\n<p>La Suprema Corte de Justicia de la Naci\u00f3n (SCJN) ha emitido un fallo hist\u00f3rico que cambia la forma de juzgar el secuestro en M\u00e9xico. A partir de ahora, los jueces deben aplicar la perspectiva de g\u00e9nero al analizar el rol de las mujeres cuya \u00fanica participaci\u00f3n sea alimentar o cuidar a la v\u00edctima. El tribunal determin\u00f3 que estas tareas, a menudo ligadas a estereotipos de cuidado o situaciones de subordinaci\u00f3n, no siempre equivalen a ser coautora del crimen, lo que abre la puerta a penas reducidas frente a los castigos m\u00e1ximos de hasta 140 a\u00f1os de prisi\u00f3n.<\/p>\n\n\n\n<p><br>Esta distinci\u00f3n legal marca una diferencia clara frente a la situaci\u00f3n de los hombres. Si un var\u00f3n realiza exactamente las mismas actividades de vigilancia o alimentaci\u00f3n, es mucho m\u00e1s probable que sea juzgado como coautor material con la pena completa. Esto sucede porque el sistema legal mexicano no contempla para los hombres los mismos atenuantes por roles de g\u00e9nero o vulnerabilidad hist\u00f3rica, asumiendo que su participaci\u00f3n en la estructura criminal es voluntaria y consciente bajo el principio de dominio funcional del hecho.<\/p>\n\n\n\n<p><br>Para que una mujer acceda a este beneficio, los tribunales deben revisar cada sentencia y comprobar que no tuvo control sobre la planeaci\u00f3n o ejecuci\u00f3n del delito. No se trata de una liberaci\u00f3n autom\u00e1tica, sino de aplicar el principio de proporcionalidad, diferenciando entre quienes dise\u00f1an el secuestro y quienes terminan involucradas por contextos de violencia o dependencia. Por el contrario, los hombres en la misma posici\u00f3n dependen estrictamente de demostrar que fueron c\u00f3mplices secundarios, un camino jur\u00eddico mucho m\u00e1s estrecho y dif\u00edcil de probar en el sistema actual.<\/p>\n","protected":false},"excerpt":{"rendered":"<p>La Suprema Corte de Justicia de la Naci\u00f3n (SCJN) ha emitido un fallo hist\u00f3rico que cambia la forma de juzgar el secuestro en M\u00e9xico. A partir de ahora, los jueces deben aplicar la perspectiva de g\u00e9nero al analizar el rol de las mujeres cuya \u00fanica participaci\u00f3n sea alimentar o cuidar a la v\u00edctima.<\/p>\n","protected":false},"author":3,"featured_media":17245,"comment_status":"open","ping_status":"open","sticky":false,"template":"","format":"standard","meta":{"footnotes":""},"categories":[1588,88,21,58],"tags":[499,156,5123,1767,1717],"class_list":["post-17246","post","type-post","status-publish","format-standard","has-post-thumbnail","hentry","category-congreso","category-nacional","category-politica","category-ultima-hora","tag-derechoshumanos","tag-justiciamexico","tag-leyesmexico","tag-perspectivadegenero","tag-scjn"],"yoast_head":"<!-- This site is optimized with the Yoast SEO plugin v25.0 - https:\/\/yoast.com\/wordpress\/plugins\/seo\/ -->\n<title>SCJN marca precedente: \u00bfTienen menos culpa las mujeres en casos de secuestro? | Nexo Informativo Santiago de Quer\u00e9taro<\/title>\n<meta name=\"robots\" content=\"index, follow, max-snippet:-1, max-image-preview:large, max-video-preview:-1\" \/>\n<link rel=\"canonical\" href=\"https:\/\/www.nexoinformativo.mx\/index.php\/2026\/02\/19\/scjn-marca-precedente-tienen-menos-culpa-las-mujeres-en-casos-de-secuestro\/\" \/>\n<meta property=\"og:locale\" content=\"es_MX\" \/>\n<meta property=\"og:type\" content=\"article\" \/>\n<meta property=\"og:title\" content=\"SCJN marca precedente: \u00bfTienen menos culpa las mujeres en casos de secuestro? | Nexo Informativo Santiago de Quer\u00e9taro\" \/>\n<meta property=\"og:description\" content=\"La Suprema Corte de Justicia de la Naci\u00f3n (SCJN) ha emitido un fallo hist\u00f3rico que cambia la forma de juzgar el secuestro en M\u00e9xico. A partir de ahora, los jueces deben aplicar la perspectiva de g\u00e9nero al analizar el rol de las mujeres cuya \u00fanica participaci\u00f3n sea alimentar o cuidar a la v\u00edctima.\" \/>\n<meta property=\"og:url\" content=\"https:\/\/www.nexoinformativo.mx\/index.php\/2026\/02\/19\/scjn-marca-precedente-tienen-menos-culpa-las-mujeres-en-casos-de-secuestro\/\" \/>\n<meta property=\"og:site_name\" content=\"Nexo Informativo Santiago de Quer\u00e9taro\" \/>\n<meta property=\"article:publisher\" content=\"https:\/\/www.facebook.com\/people\/Nexo-Informativo\/61564066885511\/\" \/>\n<meta property=\"article:published_time\" content=\"2026-02-19T16:00:47+00:00\" \/>\n<meta property=\"article:modified_time\" content=\"2026-02-20T02:42:30+00:00\" \/>\n<meta property=\"og:image\" content=\"https:\/\/www.nexoinformativo.mx\/wp-content\/uploads\/2026\/02\/IMG-20260219-WA0036.jpg\" \/>\n\t<meta property=\"og:image:width\" content=\"800\" \/>\n\t<meta property=\"og:image:height\" content=\"532\" \/>\n\t<meta property=\"og:image:type\" content=\"image\/jpeg\" \/>\n<meta name=\"author\" content=\"Nexo Informativo\" \/>\n<meta name=\"twitter:card\" content=\"summary_large_image\" \/>\n<meta name=\"twitter:label1\" content=\"Escrito por\" \/>\n\t<meta name=\"twitter:data1\" content=\"Nexo Informativo\" \/>\n\t<meta name=\"twitter:label2\" content=\"Tiempo de lectura\" \/>\n\t<meta name=\"twitter:data2\" content=\"1 minuto\" \/>\n<script type=\"application\/ld+json\" class=\"yoast-schema-graph\">{\"@context\":\"https:\/\/schema.org\",\"@graph\":[{\"@type\":\"Article\",\"@id\":\"https:\/\/www.nexoinformativo.mx\/index.php\/2026\/02\/19\/scjn-marca-precedente-tienen-menos-culpa-las-mujeres-en-casos-de-secuestro\/#article\",\"isPartOf\":{\"@id\":\"https:\/\/www.nexoinformativo.mx\/index.php\/2026\/02\/19\/scjn-marca-precedente-tienen-menos-culpa-las-mujeres-en-casos-de-secuestro\/\"},\"author\":{\"name\":\"Nexo Informativo\",\"@id\":\"https:\/\/www.nexoinformativo.mx\/#\/schema\/person\/7749d380ba08c8ca00d7bc76fd907b7d\"},\"headline\":\"SCJN marca precedente: \u00bfTienen menos culpa las mujeres en casos de secuestro?\",\"datePublished\":\"2026-02-19T16:00:47+00:00\",\"dateModified\":\"2026-02-20T02:42:30+00:00\",\"mainEntityOfPage\":{\"@id\":\"https:\/\/www.nexoinformativo.mx\/index.php\/2026\/02\/19\/scjn-marca-precedente-tienen-menos-culpa-las-mujeres-en-casos-de-secuestro\/\"},\"wordCount\":306,\"commentCount\":0,\"publisher\":{\"@id\":\"https:\/\/www.nexoinformativo.mx\/#organization\"},\"image\":{\"@id\":\"https:\/\/www.nexoinformativo.mx\/index.php\/2026\/02\/19\/scjn-marca-precedente-tienen-menos-culpa-las-mujeres-en-casos-de-secuestro\/#primaryimage\"},\"thumbnailUrl\":\"https:\/\/www.nexoinformativo.mx\/wp-content\/uploads\/2026\/02\/IMG-20260219-WA0036.jpg\",\"keywords\":[\"DerechosHumanos\",\"JusticiaM\u00e9xico\",\"LeyesM\u00e9xico\",\"PerspectivaDeG\u00e9nero\",\"SCJN\"],\"articleSection\":[\"Congreso\",\"Nacional\",\"Pol\u00edtica\",\"\u00daltima Hora\"],\"inLanguage\":\"es\",\"potentialAction\":[{\"@type\":\"CommentAction\",\"name\":\"Comment\",\"target\":[\"https:\/\/www.nexoinformativo.mx\/index.php\/2026\/02\/19\/scjn-marca-precedente-tienen-menos-culpa-las-mujeres-en-casos-de-secuestro\/#respond\"]}]},{\"@type\":\"WebPage\",\"@id\":\"https:\/\/www.nexoinformativo.mx\/index.php\/2026\/02\/19\/scjn-marca-precedente-tienen-menos-culpa-las-mujeres-en-casos-de-secuestro\/\",\"url\":\"https:\/\/www.nexoinformativo.mx\/index.php\/2026\/02\/19\/scjn-marca-precedente-tienen-menos-culpa-las-mujeres-en-casos-de-secuestro\/\",\"name\":\"SCJN marca precedente: \u00bfTienen menos culpa las mujeres en casos de secuestro? | Nexo Informativo Santiago de Quer\u00e9taro\",\"isPartOf\":{\"@id\":\"https:\/\/www.nexoinformativo.mx\/#website\"},\"primaryImageOfPage\":{\"@id\":\"https:\/\/www.nexoinformativo.mx\/index.php\/2026\/02\/19\/scjn-marca-precedente-tienen-menos-culpa-las-mujeres-en-casos-de-secuestro\/#primaryimage\"},\"image\":{\"@id\":\"https:\/\/www.nexoinformativo.mx\/index.php\/2026\/02\/19\/scjn-marca-precedente-tienen-menos-culpa-las-mujeres-en-casos-de-secuestro\/#primaryimage\"},\"thumbnailUrl\":\"https:\/\/www.nexoinformativo.mx\/wp-content\/uploads\/2026\/02\/IMG-20260219-WA0036.jpg\",\"datePublished\":\"2026-02-19T16:00:47+00:00\",\"dateModified\":\"2026-02-20T02:42:30+00:00\",\"breadcrumb\":{\"@id\":\"https:\/\/www.nexoinformativo.mx\/index.php\/2026\/02\/19\/scjn-marca-precedente-tienen-menos-culpa-las-mujeres-en-casos-de-secuestro\/#breadcrumb\"},\"inLanguage\":\"es\",\"potentialAction\":[{\"@type\":\"ReadAction\",\"target\":[\"https:\/\/www.nexoinformativo.mx\/index.php\/2026\/02\/19\/scjn-marca-precedente-tienen-menos-culpa-las-mujeres-en-casos-de-secuestro\/\"]}]},{\"@type\":\"ImageObject\",\"inLanguage\":\"es\",\"@id\":\"https:\/\/www.nexoinformativo.mx\/index.php\/2026\/02\/19\/scjn-marca-precedente-tienen-menos-culpa-las-mujeres-en-casos-de-secuestro\/#primaryimage\",\"url\":\"https:\/\/www.nexoinformativo.mx\/wp-content\/uploads\/2026\/02\/IMG-20260219-WA0036.jpg\",\"contentUrl\":\"https:\/\/www.nexoinformativo.mx\/wp-content\/uploads\/2026\/02\/IMG-20260219-WA0036.jpg\",\"width\":800,\"height\":532},{\"@type\":\"BreadcrumbList\",\"@id\":\"https:\/\/www.nexoinformativo.mx\/index.php\/2026\/02\/19\/scjn-marca-precedente-tienen-menos-culpa-las-mujeres-en-casos-de-secuestro\/#breadcrumb\",\"itemListElement\":[{\"@type\":\"ListItem\",\"position\":1,\"name\":\"Inicio\",\"item\":\"https:\/\/www.nexoinformativo.mx\/\"},{\"@type\":\"ListItem\",\"position\":2,\"name\":\"SCJN marca precedente: \u00bfTienen menos culpa las mujeres en casos de secuestro?\"}]},{\"@type\":\"WebSite\",\"@id\":\"https:\/\/www.nexoinformativo.mx\/#website\",\"url\":\"https:\/\/www.nexoinformativo.mx\/\",\"name\":\"Nexo Informativo Santiago de Quer\u00e9taro\",\"description\":\"Explora NexoInformativo y convi\u00e9rtete en parte de una comunidad que valora el conocimiento y la verdad. Tu nexoinformativo es tu puente hacia una comprensi\u00f3n m\u00e1s profunda del mundo que te rodea.\",\"publisher\":{\"@id\":\"https:\/\/www.nexoinformativo.mx\/#organization\"},\"potentialAction\":[{\"@type\":\"SearchAction\",\"target\":{\"@type\":\"EntryPoint\",\"urlTemplate\":\"https:\/\/www.nexoinformativo.mx\/?s={search_term_string}\"},\"query-input\":{\"@type\":\"PropertyValueSpecification\",\"valueRequired\":true,\"valueName\":\"search_term_string\"}}],\"inLanguage\":\"es\"},{\"@type\":\"Organization\",\"@id\":\"https:\/\/www.nexoinformativo.mx\/#organization\",\"name\":\"Nexo Informativo Santiago de Quer\u00e9taro\",\"url\":\"https:\/\/www.nexoinformativo.mx\/\",\"logo\":{\"@type\":\"ImageObject\",\"inLanguage\":\"es\",\"@id\":\"https:\/\/www.nexoinformativo.mx\/#\/schema\/logo\/image\/\",\"url\":\"https:\/\/www.nexoinformativo.mx\/wp-content\/uploads\/2024\/07\/nexoi-trasparente-2.png\",\"contentUrl\":\"https:\/\/www.nexoinformativo.mx\/wp-content\/uploads\/2024\/07\/nexoi-trasparente-2.png\",\"width\":816,\"height\":339,\"caption\":\"Nexo Informativo Santiago de Quer\u00e9taro\"},\"image\":{\"@id\":\"https:\/\/www.nexoinformativo.mx\/#\/schema\/logo\/image\/\"},\"sameAs\":[\"https:\/\/www.facebook.com\/people\/Nexo-Informativo\/61564066885511\/\"]},{\"@type\":\"Person\",\"@id\":\"https:\/\/www.nexoinformativo.mx\/#\/schema\/person\/7749d380ba08c8ca00d7bc76fd907b7d\",\"name\":\"Nexo Informativo\",\"image\":{\"@type\":\"ImageObject\",\"inLanguage\":\"es\",\"@id\":\"https:\/\/www.nexoinformativo.mx\/#\/schema\/person\/image\/\",\"url\":\"https:\/\/secure.gravatar.com\/avatar\/dde2928154642a13d95f87ddf1ea9718fe2b46760a005c53e41ff5ad610704e6?s=96&d=mm&r=g\",\"contentUrl\":\"https:\/\/secure.gravatar.com\/avatar\/dde2928154642a13d95f87ddf1ea9718fe2b46760a005c53e41ff5ad610704e6?s=96&d=mm&r=g\",\"caption\":\"Nexo Informativo\"},\"url\":\"https:\/\/www.nexoinformativo.mx\/index.php\/author\/edicion\/\"}]}<\/script>\n<!-- \/ Yoast SEO plugin. -->","yoast_head_json":{"title":"SCJN marca precedente: \u00bfTienen menos culpa las mujeres en casos de secuestro? | Nexo Informativo Santiago de Quer\u00e9taro","robots":{"index":"index","follow":"follow","max-snippet":"max-snippet:-1","max-image-preview":"max-image-preview:large","max-video-preview":"max-video-preview:-1"},"canonical":"https:\/\/www.nexoinformativo.mx\/index.php\/2026\/02\/19\/scjn-marca-precedente-tienen-menos-culpa-las-mujeres-en-casos-de-secuestro\/","og_locale":"es_MX","og_type":"article","og_title":"SCJN marca precedente: \u00bfTienen menos culpa las mujeres en casos de secuestro? | Nexo Informativo Santiago de Quer\u00e9taro","og_description":"La Suprema Corte de Justicia de la Naci\u00f3n (SCJN) ha emitido un fallo hist\u00f3rico que cambia la forma de juzgar el secuestro en M\u00e9xico. A partir de ahora, los jueces deben aplicar la perspectiva de g\u00e9nero al analizar el rol de las mujeres cuya \u00fanica participaci\u00f3n sea alimentar o cuidar a la v\u00edctima.","og_url":"https:\/\/www.nexoinformativo.mx\/index.php\/2026\/02\/19\/scjn-marca-precedente-tienen-menos-culpa-las-mujeres-en-casos-de-secuestro\/","og_site_name":"Nexo Informativo Santiago de Quer\u00e9taro","article_publisher":"https:\/\/www.facebook.com\/people\/Nexo-Informativo\/61564066885511\/","article_published_time":"2026-02-19T16:00:47+00:00","article_modified_time":"2026-02-20T02:42:30+00:00","og_image":[{"width":800,"height":532,"url":"https:\/\/www.nexoinformativo.mx\/wp-content\/uploads\/2026\/02\/IMG-20260219-WA0036.jpg","type":"image\/jpeg"}],"author":"Nexo Informativo","twitter_card":"summary_large_image","twitter_misc":{"Escrito por":"Nexo Informativo","Tiempo de lectura":"1 minuto"},"schema":{"@context":"https:\/\/schema.org","@graph":[{"@type":"Article","@id":"https:\/\/www.nexoinformativo.mx\/index.php\/2026\/02\/19\/scjn-marca-precedente-tienen-menos-culpa-las-mujeres-en-casos-de-secuestro\/#article","isPartOf":{"@id":"https:\/\/www.nexoinformativo.mx\/index.php\/2026\/02\/19\/scjn-marca-precedente-tienen-menos-culpa-las-mujeres-en-casos-de-secuestro\/"},"author":{"name":"Nexo Informativo","@id":"https:\/\/www.nexoinformativo.mx\/#\/schema\/person\/7749d380ba08c8ca00d7bc76fd907b7d"},"headline":"SCJN marca precedente: \u00bfTienen menos culpa las mujeres en casos de secuestro?","datePublished":"2026-02-19T16:00:47+00:00","dateModified":"2026-02-20T02:42:30+00:00","mainEntityOfPage":{"@id":"https:\/\/www.nexoinformativo.mx\/index.php\/2026\/02\/19\/scjn-marca-precedente-tienen-menos-culpa-las-mujeres-en-casos-de-secuestro\/"},"wordCount":306,"commentCount":0,"publisher":{"@id":"https:\/\/www.nexoinformativo.mx\/#organization"},"image":{"@id":"https:\/\/www.nexoinformativo.mx\/index.php\/2026\/02\/19\/scjn-marca-precedente-tienen-menos-culpa-las-mujeres-en-casos-de-secuestro\/#primaryimage"},"thumbnailUrl":"https:\/\/www.nexoinformativo.mx\/wp-content\/uploads\/2026\/02\/IMG-20260219-WA0036.jpg","keywords":["DerechosHumanos","JusticiaM\u00e9xico","LeyesM\u00e9xico","PerspectivaDeG\u00e9nero","SCJN"],"articleSection":["Congreso","Nacional","Pol\u00edtica","\u00daltima Hora"],"inLanguage":"es","potentialAction":[{"@type":"CommentAction","name":"Comment","target":["https:\/\/www.nexoinformativo.mx\/index.php\/2026\/02\/19\/scjn-marca-precedente-tienen-menos-culpa-las-mujeres-en-casos-de-secuestro\/#respond"]}]},{"@type":"WebPage","@id":"https:\/\/www.nexoinformativo.mx\/index.php\/2026\/02\/19\/scjn-marca-precedente-tienen-menos-culpa-las-mujeres-en-casos-de-secuestro\/","url":"https:\/\/www.nexoinformativo.mx\/index.php\/2026\/02\/19\/scjn-marca-precedente-tienen-menos-culpa-las-mujeres-en-casos-de-secuestro\/","name":"SCJN marca precedente: \u00bfTienen menos culpa las mujeres en casos de secuestro? | Nexo Informativo Santiago de Quer\u00e9taro","isPartOf":{"@id":"https:\/\/www.nexoinformativo.mx\/#website"},"primaryImageOfPage":{"@id":"https:\/\/www.nexoinformativo.mx\/index.php\/2026\/02\/19\/scjn-marca-precedente-tienen-menos-culpa-las-mujeres-en-casos-de-secuestro\/#primaryimage"},"image":{"@id":"https:\/\/www.nexoinformativo.mx\/index.php\/2026\/02\/19\/scjn-marca-precedente-tienen-menos-culpa-las-mujeres-en-casos-de-secuestro\/#primaryimage"},"thumbnailUrl":"https:\/\/www.nexoinformativo.mx\/wp-content\/uploads\/2026\/02\/IMG-20260219-WA0036.jpg","datePublished":"2026-02-19T16:00:47+00:00","dateModified":"2026-02-20T02:42:30+00:00","breadcrumb":{"@id":"https:\/\/www.nexoinformativo.mx\/index.php\/2026\/02\/19\/scjn-marca-precedente-tienen-menos-culpa-las-mujeres-en-casos-de-secuestro\/#breadcrumb"},"inLanguage":"es","potentialAction":[{"@type":"ReadAction","target":["https:\/\/www.nexoinformativo.mx\/index.php\/2026\/02\/19\/scjn-marca-precedente-tienen-menos-culpa-las-mujeres-en-casos-de-secuestro\/"]}]},{"@type":"ImageObject","inLanguage":"es","@id":"https:\/\/www.nexoinformativo.mx\/index.php\/2026\/02\/19\/scjn-marca-precedente-tienen-menos-culpa-las-mujeres-en-casos-de-secuestro\/#primaryimage","url":"https:\/\/www.nexoinformativo.mx\/wp-content\/uploads\/2026\/02\/IMG-20260219-WA0036.jpg","contentUrl":"https:\/\/www.nexoinformativo.mx\/wp-content\/uploads\/2026\/02\/IMG-20260219-WA0036.jpg","width":800,"height":532},{"@type":"BreadcrumbList","@id":"https:\/\/www.nexoinformativo.mx\/index.php\/2026\/02\/19\/scjn-marca-precedente-tienen-menos-culpa-las-mujeres-en-casos-de-secuestro\/#breadcrumb","itemListElement":[{"@type":"ListItem","position":1,"name":"Inicio","item":"https:\/\/www.nexoinformativo.mx\/"},{"@type":"ListItem","position":2,"name":"SCJN marca precedente: \u00bfTienen menos culpa las mujeres en casos de secuestro?"}]},{"@type":"WebSite","@id":"https:\/\/www.nexoinformativo.mx\/#website","url":"https:\/\/www.nexoinformativo.mx\/","name":"Nexo Informativo Santiago de Quer\u00e9taro","description":"Explora NexoInformativo y convi\u00e9rtete en parte de una comunidad que valora el conocimiento y la verdad. Tu nexoinformativo es tu puente hacia una comprensi\u00f3n m\u00e1s profunda del mundo que te rodea.","publisher":{"@id":"https:\/\/www.nexoinformativo.mx\/#organization"},"potentialAction":[{"@type":"SearchAction","target":{"@type":"EntryPoint","urlTemplate":"https:\/\/www.nexoinformativo.mx\/?s={search_term_string}"},"query-input":{"@type":"PropertyValueSpecification","valueRequired":true,"valueName":"search_term_string"}}],"inLanguage":"es"},{"@type":"Organization","@id":"https:\/\/www.nexoinformativo.mx\/#organization","name":"Nexo Informativo Santiago de Quer\u00e9taro","url":"https:\/\/www.nexoinformativo.mx\/","logo":{"@type":"ImageObject","inLanguage":"es","@id":"https:\/\/www.nexoinformativo.mx\/#\/schema\/logo\/image\/","url":"https:\/\/www.nexoinformativo.mx\/wp-content\/uploads\/2024\/07\/nexoi-trasparente-2.png","contentUrl":"https:\/\/www.nexoinformativo.mx\/wp-content\/uploads\/2024\/07\/nexoi-trasparente-2.png","width":816,"height":339,"caption":"Nexo Informativo Santiago de Quer\u00e9taro"},"image":{"@id":"https:\/\/www.nexoinformativo.mx\/#\/schema\/logo\/image\/"},"sameAs":["https:\/\/www.facebook.com\/people\/Nexo-Informativo\/61564066885511\/"]},{"@type":"Person","@id":"https:\/\/www.nexoinformativo.mx\/#\/schema\/person\/7749d380ba08c8ca00d7bc76fd907b7d","name":"Nexo Informativo","image":{"@type":"ImageObject","inLanguage":"es","@id":"https:\/\/www.nexoinformativo.mx\/#\/schema\/person\/image\/","url":"https:\/\/secure.gravatar.com\/avatar\/dde2928154642a13d95f87ddf1ea9718fe2b46760a005c53e41ff5ad610704e6?s=96&d=mm&r=g","contentUrl":"https:\/\/secure.gravatar.com\/avatar\/dde2928154642a13d95f87ddf1ea9718fe2b46760a005c53e41ff5ad610704e6?s=96&d=mm&r=g","caption":"Nexo Informativo"},"url":"https:\/\/www.nexoinformativo.mx\/index.php\/author\/edicion\/"}]}},"_links":{"self":[{"href":"https:\/\/www.nexoinformativo.mx\/index.php\/wp-json\/wp\/v2\/posts\/17246","targetHints":{"allow":["GET"]}}],"collection":[{"href":"https:\/\/www.nexoinformativo.mx\/index.php\/wp-json\/wp\/v2\/posts"}],"about":[{"href":"https:\/\/www.nexoinformativo.mx\/index.php\/wp-json\/wp\/v2\/types\/post"}],"author":[{"embeddable":true,"href":"https:\/\/www.nexoinformativo.mx\/index.php\/wp-json\/wp\/v2\/users\/3"}],"replies":[{"embeddable":true,"href":"https:\/\/www.nexoinformativo.mx\/index.php\/wp-json\/wp\/v2\/comments?post=17246"}],"version-history":[{"count":1,"href":"https:\/\/www.nexoinformativo.mx\/index.php\/wp-json\/wp\/v2\/posts\/17246\/revisions"}],"predecessor-version":[{"id":17247,"href":"https:\/\/www.nexoinformativo.mx\/index.php\/wp-json\/wp\/v2\/posts\/17246\/revisions\/17247"}],"wp:featuredmedia":[{"embeddable":true,"href":"https:\/\/www.nexoinformativo.mx\/index.php\/wp-json\/wp\/v2\/media\/17245"}],"wp:attachment":[{"href":"https:\/\/www.nexoinformativo.mx\/index.php\/wp-json\/wp\/v2\/media?parent=17246"}],"wp:term":[{"taxonomy":"category","embeddable":true,"href":"https:\/\/www.nexoinformativo.mx\/index.php\/wp-json\/wp\/v2\/categories?post=17246"},{"taxonomy":"post_tag","embeddable":true,"href":"https:\/\/www.nexoinformativo.mx\/index.php\/wp-json\/wp\/v2\/tags?post=17246"}],"curies":[{"name":"wp","href":"https:\/\/api.w.org\/{rel}","templated":true}]}}