{"id":17249,"date":"2026-02-19T10:00:58","date_gmt":"2026-02-19T16:00:58","guid":{"rendered":"https:\/\/www.nexoinformativo.mx\/?p=17249"},"modified":"2026-02-19T20:59:44","modified_gmt":"2026-02-20T02:59:44","slug":"mauricio-kuri-reconoce-al-ejercito-por-proteger-a-queretaro-y-a-mexico","status":"publish","type":"post","link":"https:\/\/www.nexoinformativo.mx\/index.php\/2026\/02\/19\/mauricio-kuri-reconoce-al-ejercito-por-proteger-a-queretaro-y-a-mexico\/","title":{"rendered":"Mauricio Kuri reconoce al Ej\u00e9rcito por proteger a Quer\u00e9taro y a M\u00e9xico"},"content":{"rendered":"\n<p>El gobernador Mauricio Kuri Gonz\u00e1lez destac\u00f3 que el Ej\u00e9rcito Mexicano es una de las instituciones m\u00e1s queridas y confiables del pa\u00eds, durante la ceremonia por el 113 aniversario de su creaci\u00f3n. Se\u00f1al\u00f3 que las fuerzas armadas son un baluarte para mantener una naci\u00f3n libre y soberana y agradeci\u00f3 su servicio valiente en defensa del territorio y de la poblaci\u00f3n.<\/p>\n\n\n\n<p><br>En el marco del mes dedicado tambi\u00e9n a la Fuerza A\u00e9rea Mexicana, el mandatario resalt\u00f3 que en Quer\u00e9taro se ha visto su capacidad de respuesta en emergencias, como durante las lluvias intensas del a\u00f1o pasado, as\u00ed como su apoyo permanente para preservar la seguridad, el orden y la calidad de vida.<\/p>\n\n\n\n<p><br>El comandante de la XVII Zona Militar, el general Jos\u00e9 Guillermo Lira Hern\u00e1ndez, afirm\u00f3 que el personal militar mantiene su compromiso de trabajar con gobiernos y sociedad para impulsar proyectos estrat\u00e9gicos, entre ellos la obra ferroviaria M\u00e9xico\u2013Quer\u00e9taro, que se construye con apoyo estatal.<\/p>\n\n\n\n<p><br>Tambi\u00e9n subray\u00f3 que la Secretar\u00eda de la Defensa Nacional cuenta actualmente con m\u00e1s de 42 mil mujeres en sus filas, quienes participan en tareas operativas, administrativas y de mando. Las autoridades reiteraron que el Ej\u00e9rcito continuar\u00e1 sirviendo con honor y lealtad a M\u00e9xico, apoyando seguridad, emergencias y desarrollo nacional.<br>Hashtags<\/p>\n","protected":false},"excerpt":{"rendered":"<p>El gobernador Mauricio Kuri Gonz\u00e1lez destac\u00f3 que el Ej\u00e9rcito Mexicano es una de las instituciones m\u00e1s queridas y confiables del pa\u00eds, durante la ceremonia por el 113 aniversario de su creaci\u00f3n.<\/p>\n","protected":false},"author":3,"featured_media":17248,"comment_status":"open","ping_status":"open","sticky":false,"template":"","format":"standard","meta":{"footnotes":""},"categories":[42,58],"tags":[4843,2558,1610,133,131],"class_list":["post-17249","post","type-post","status-publish","format-standard","has-post-thumbnail","hentry","category-estado","category-ultima-hora","tag-ejercitomexicano","tag-fuerzasarmadas","tag-mexico","tag-queretaro","tag-seguridad"],"yoast_head":"<!-- This site is optimized with the Yoast SEO plugin v25.0 - https:\/\/yoast.com\/wordpress\/plugins\/seo\/ -->\n<title>Mauricio Kuri reconoce al Ej\u00e9rcito por proteger a Quer\u00e9taro y a M\u00e9xico | Nexo Informativo Santiago de Quer\u00e9taro<\/title>\n<meta name=\"robots\" content=\"index, follow, max-snippet:-1, max-image-preview:large, max-video-preview:-1\" \/>\n<link rel=\"canonical\" href=\"https:\/\/www.nexoinformativo.mx\/index.php\/2026\/02\/19\/mauricio-kuri-reconoce-al-ejercito-por-proteger-a-queretaro-y-a-mexico\/\" \/>\n<meta property=\"og:locale\" content=\"es_MX\" \/>\n<meta property=\"og:type\" content=\"article\" \/>\n<meta property=\"og:title\" content=\"Mauricio Kuri reconoce al Ej\u00e9rcito por proteger a Quer\u00e9taro y a M\u00e9xico | Nexo Informativo Santiago de Quer\u00e9taro\" \/>\n<meta property=\"og:description\" content=\"El gobernador Mauricio Kuri Gonz\u00e1lez destac\u00f3 que el Ej\u00e9rcito Mexicano es una de las instituciones m\u00e1s queridas y confiables del pa\u00eds, durante la ceremonia por el 113 aniversario de su creaci\u00f3n.\" \/>\n<meta property=\"og:url\" content=\"https:\/\/www.nexoinformativo.mx\/index.php\/2026\/02\/19\/mauricio-kuri-reconoce-al-ejercito-por-proteger-a-queretaro-y-a-mexico\/\" \/>\n<meta property=\"og:site_name\" content=\"Nexo Informativo Santiago de Quer\u00e9taro\" \/>\n<meta property=\"article:publisher\" content=\"https:\/\/www.facebook.com\/people\/Nexo-Informativo\/61564066885511\/\" \/>\n<meta property=\"article:published_time\" content=\"2026-02-19T16:00:58+00:00\" \/>\n<meta property=\"article:modified_time\" content=\"2026-02-20T02:59:44+00:00\" \/>\n<meta property=\"og:image\" content=\"https:\/\/www.nexoinformativo.mx\/wp-content\/uploads\/2026\/02\/ImageWorks-1.jpeg\" \/>\n\t<meta property=\"og:image:width\" content=\"300\" \/>\n\t<meta property=\"og:image:height\" content=\"184\" \/>\n\t<meta property=\"og:image:type\" content=\"image\/jpeg\" \/>\n<meta name=\"author\" content=\"Nexo Informativo\" \/>\n<meta name=\"twitter:card\" content=\"summary_large_image\" \/>\n<meta name=\"twitter:label1\" content=\"Escrito por\" \/>\n\t<meta name=\"twitter:data1\" content=\"Nexo Informativo\" \/>\n\t<meta name=\"twitter:label2\" content=\"Tiempo de lectura\" \/>\n\t<meta name=\"twitter:data2\" content=\"1 minuto\" \/>\n<script type=\"application\/ld+json\" class=\"yoast-schema-graph\">{\"@context\":\"https:\/\/schema.org\",\"@graph\":[{\"@type\":\"Article\",\"@id\":\"https:\/\/www.nexoinformativo.mx\/index.php\/2026\/02\/19\/mauricio-kuri-reconoce-al-ejercito-por-proteger-a-queretaro-y-a-mexico\/#article\",\"isPartOf\":{\"@id\":\"https:\/\/www.nexoinformativo.mx\/index.php\/2026\/02\/19\/mauricio-kuri-reconoce-al-ejercito-por-proteger-a-queretaro-y-a-mexico\/\"},\"author\":{\"name\":\"Nexo Informativo\",\"@id\":\"https:\/\/www.nexoinformativo.mx\/#\/schema\/person\/7749d380ba08c8ca00d7bc76fd907b7d\"},\"headline\":\"Mauricio Kuri reconoce al Ej\u00e9rcito por proteger a Quer\u00e9taro y a M\u00e9xico\",\"datePublished\":\"2026-02-19T16:00:58+00:00\",\"dateModified\":\"2026-02-20T02:59:44+00:00\",\"mainEntityOfPage\":{\"@id\":\"https:\/\/www.nexoinformativo.mx\/index.php\/2026\/02\/19\/mauricio-kuri-reconoce-al-ejercito-por-proteger-a-queretaro-y-a-mexico\/\"},\"wordCount\":238,\"commentCount\":0,\"publisher\":{\"@id\":\"https:\/\/www.nexoinformativo.mx\/#organization\"},\"image\":{\"@id\":\"https:\/\/www.nexoinformativo.mx\/index.php\/2026\/02\/19\/mauricio-kuri-reconoce-al-ejercito-por-proteger-a-queretaro-y-a-mexico\/#primaryimage\"},\"thumbnailUrl\":\"https:\/\/www.nexoinformativo.mx\/wp-content\/uploads\/2026\/02\/ImageWorks-1.jpeg\",\"keywords\":[\"Ej\u00e9rcitoMexicano\",\"FuerzasArmadas\",\"M\u00e9xico\",\"Quer\u00e9taro\",\"Seguridad\"],\"articleSection\":[\"Estado\",\"\u00daltima Hora\"],\"inLanguage\":\"es\",\"potentialAction\":[{\"@type\":\"CommentAction\",\"name\":\"Comment\",\"target\":[\"https:\/\/www.nexoinformativo.mx\/index.php\/2026\/02\/19\/mauricio-kuri-reconoce-al-ejercito-por-proteger-a-queretaro-y-a-mexico\/#respond\"]}]},{\"@type\":\"WebPage\",\"@id\":\"https:\/\/www.nexoinformativo.mx\/index.php\/2026\/02\/19\/mauricio-kuri-reconoce-al-ejercito-por-proteger-a-queretaro-y-a-mexico\/\",\"url\":\"https:\/\/www.nexoinformativo.mx\/index.php\/2026\/02\/19\/mauricio-kuri-reconoce-al-ejercito-por-proteger-a-queretaro-y-a-mexico\/\",\"name\":\"Mauricio Kuri reconoce al Ej\u00e9rcito por proteger a Quer\u00e9taro y a M\u00e9xico | Nexo Informativo Santiago de Quer\u00e9taro\",\"isPartOf\":{\"@id\":\"https:\/\/www.nexoinformativo.mx\/#website\"},\"primaryImageOfPage\":{\"@id\":\"https:\/\/www.nexoinformativo.mx\/index.php\/2026\/02\/19\/mauricio-kuri-reconoce-al-ejercito-por-proteger-a-queretaro-y-a-mexico\/#primaryimage\"},\"image\":{\"@id\":\"https:\/\/www.nexoinformativo.mx\/index.php\/2026\/02\/19\/mauricio-kuri-reconoce-al-ejercito-por-proteger-a-queretaro-y-a-mexico\/#primaryimage\"},\"thumbnailUrl\":\"https:\/\/www.nexoinformativo.mx\/wp-content\/uploads\/2026\/02\/ImageWorks-1.jpeg\",\"datePublished\":\"2026-02-19T16:00:58+00:00\",\"dateModified\":\"2026-02-20T02:59:44+00:00\",\"breadcrumb\":{\"@id\":\"https:\/\/www.nexoinformativo.mx\/index.php\/2026\/02\/19\/mauricio-kuri-reconoce-al-ejercito-por-proteger-a-queretaro-y-a-mexico\/#breadcrumb\"},\"inLanguage\":\"es\",\"potentialAction\":[{\"@type\":\"ReadAction\",\"target\":[\"https:\/\/www.nexoinformativo.mx\/index.php\/2026\/02\/19\/mauricio-kuri-reconoce-al-ejercito-por-proteger-a-queretaro-y-a-mexico\/\"]}]},{\"@type\":\"ImageObject\",\"inLanguage\":\"es\",\"@id\":\"https:\/\/www.nexoinformativo.mx\/index.php\/2026\/02\/19\/mauricio-kuri-reconoce-al-ejercito-por-proteger-a-queretaro-y-a-mexico\/#primaryimage\",\"url\":\"https:\/\/www.nexoinformativo.mx\/wp-content\/uploads\/2026\/02\/ImageWorks-1.jpeg\",\"contentUrl\":\"https:\/\/www.nexoinformativo.mx\/wp-content\/uploads\/2026\/02\/ImageWorks-1.jpeg\",\"width\":300,\"height\":184},{\"@type\":\"BreadcrumbList\",\"@id\":\"https:\/\/www.nexoinformativo.mx\/index.php\/2026\/02\/19\/mauricio-kuri-reconoce-al-ejercito-por-proteger-a-queretaro-y-a-mexico\/#breadcrumb\",\"itemListElement\":[{\"@type\":\"ListItem\",\"position\":1,\"name\":\"Inicio\",\"item\":\"https:\/\/www.nexoinformativo.mx\/\"},{\"@type\":\"ListItem\",\"position\":2,\"name\":\"Mauricio Kuri reconoce al Ej\u00e9rcito por proteger a Quer\u00e9taro y a M\u00e9xico\"}]},{\"@type\":\"WebSite\",\"@id\":\"https:\/\/www.nexoinformativo.mx\/#website\",\"url\":\"https:\/\/www.nexoinformativo.mx\/\",\"name\":\"Nexo Informativo Santiago de Quer\u00e9taro\",\"description\":\"Explora NexoInformativo y convi\u00e9rtete en parte de una comunidad que valora el conocimiento y la verdad. Tu nexoinformativo es tu puente hacia una comprensi\u00f3n m\u00e1s profunda del mundo que te rodea.\",\"publisher\":{\"@id\":\"https:\/\/www.nexoinformativo.mx\/#organization\"},\"potentialAction\":[{\"@type\":\"SearchAction\",\"target\":{\"@type\":\"EntryPoint\",\"urlTemplate\":\"https:\/\/www.nexoinformativo.mx\/?s={search_term_string}\"},\"query-input\":{\"@type\":\"PropertyValueSpecification\",\"valueRequired\":true,\"valueName\":\"search_term_string\"}}],\"inLanguage\":\"es\"},{\"@type\":\"Organization\",\"@id\":\"https:\/\/www.nexoinformativo.mx\/#organization\",\"name\":\"Nexo Informativo Santiago de Quer\u00e9taro\",\"url\":\"https:\/\/www.nexoinformativo.mx\/\",\"logo\":{\"@type\":\"ImageObject\",\"inLanguage\":\"es\",\"@id\":\"https:\/\/www.nexoinformativo.mx\/#\/schema\/logo\/image\/\",\"url\":\"https:\/\/www.nexoinformativo.mx\/wp-content\/uploads\/2024\/07\/nexoi-trasparente-2.png\",\"contentUrl\":\"https:\/\/www.nexoinformativo.mx\/wp-content\/uploads\/2024\/07\/nexoi-trasparente-2.png\",\"width\":816,\"height\":339,\"caption\":\"Nexo Informativo Santiago de Quer\u00e9taro\"},\"image\":{\"@id\":\"https:\/\/www.nexoinformativo.mx\/#\/schema\/logo\/image\/\"},\"sameAs\":[\"https:\/\/www.facebook.com\/people\/Nexo-Informativo\/61564066885511\/\"]},{\"@type\":\"Person\",\"@id\":\"https:\/\/www.nexoinformativo.mx\/#\/schema\/person\/7749d380ba08c8ca00d7bc76fd907b7d\",\"name\":\"Nexo Informativo\",\"image\":{\"@type\":\"ImageObject\",\"inLanguage\":\"es\",\"@id\":\"https:\/\/www.nexoinformativo.mx\/#\/schema\/person\/image\/\",\"url\":\"https:\/\/secure.gravatar.com\/avatar\/dde2928154642a13d95f87ddf1ea9718fe2b46760a005c53e41ff5ad610704e6?s=96&d=mm&r=g\",\"contentUrl\":\"https:\/\/secure.gravatar.com\/avatar\/dde2928154642a13d95f87ddf1ea9718fe2b46760a005c53e41ff5ad610704e6?s=96&d=mm&r=g\",\"caption\":\"Nexo Informativo\"},\"url\":\"https:\/\/www.nexoinformativo.mx\/index.php\/author\/edicion\/\"}]}<\/script>\n<!-- \/ Yoast SEO plugin. -->","yoast_head_json":{"title":"Mauricio Kuri reconoce al Ej\u00e9rcito por proteger a Quer\u00e9taro y a M\u00e9xico | Nexo Informativo Santiago de Quer\u00e9taro","robots":{"index":"index","follow":"follow","max-snippet":"max-snippet:-1","max-image-preview":"max-image-preview:large","max-video-preview":"max-video-preview:-1"},"canonical":"https:\/\/www.nexoinformativo.mx\/index.php\/2026\/02\/19\/mauricio-kuri-reconoce-al-ejercito-por-proteger-a-queretaro-y-a-mexico\/","og_locale":"es_MX","og_type":"article","og_title":"Mauricio Kuri reconoce al Ej\u00e9rcito por proteger a Quer\u00e9taro y a M\u00e9xico | Nexo Informativo Santiago de Quer\u00e9taro","og_description":"El gobernador Mauricio Kuri Gonz\u00e1lez destac\u00f3 que el Ej\u00e9rcito Mexicano es una de las instituciones m\u00e1s queridas y confiables del pa\u00eds, durante la ceremonia por el 113 aniversario de su creaci\u00f3n.","og_url":"https:\/\/www.nexoinformativo.mx\/index.php\/2026\/02\/19\/mauricio-kuri-reconoce-al-ejercito-por-proteger-a-queretaro-y-a-mexico\/","og_site_name":"Nexo Informativo Santiago de Quer\u00e9taro","article_publisher":"https:\/\/www.facebook.com\/people\/Nexo-Informativo\/61564066885511\/","article_published_time":"2026-02-19T16:00:58+00:00","article_modified_time":"2026-02-20T02:59:44+00:00","og_image":[{"width":300,"height":184,"url":"https:\/\/www.nexoinformativo.mx\/wp-content\/uploads\/2026\/02\/ImageWorks-1.jpeg","type":"image\/jpeg"}],"author":"Nexo Informativo","twitter_card":"summary_large_image","twitter_misc":{"Escrito por":"Nexo Informativo","Tiempo de lectura":"1 minuto"},"schema":{"@context":"https:\/\/schema.org","@graph":[{"@type":"Article","@id":"https:\/\/www.nexoinformativo.mx\/index.php\/2026\/02\/19\/mauricio-kuri-reconoce-al-ejercito-por-proteger-a-queretaro-y-a-mexico\/#article","isPartOf":{"@id":"https:\/\/www.nexoinformativo.mx\/index.php\/2026\/02\/19\/mauricio-kuri-reconoce-al-ejercito-por-proteger-a-queretaro-y-a-mexico\/"},"author":{"name":"Nexo Informativo","@id":"https:\/\/www.nexoinformativo.mx\/#\/schema\/person\/7749d380ba08c8ca00d7bc76fd907b7d"},"headline":"Mauricio Kuri reconoce al Ej\u00e9rcito por proteger a Quer\u00e9taro y a M\u00e9xico","datePublished":"2026-02-19T16:00:58+00:00","dateModified":"2026-02-20T02:59:44+00:00","mainEntityOfPage":{"@id":"https:\/\/www.nexoinformativo.mx\/index.php\/2026\/02\/19\/mauricio-kuri-reconoce-al-ejercito-por-proteger-a-queretaro-y-a-mexico\/"},"wordCount":238,"commentCount":0,"publisher":{"@id":"https:\/\/www.nexoinformativo.mx\/#organization"},"image":{"@id":"https:\/\/www.nexoinformativo.mx\/index.php\/2026\/02\/19\/mauricio-kuri-reconoce-al-ejercito-por-proteger-a-queretaro-y-a-mexico\/#primaryimage"},"thumbnailUrl":"https:\/\/www.nexoinformativo.mx\/wp-content\/uploads\/2026\/02\/ImageWorks-1.jpeg","keywords":["Ej\u00e9rcitoMexicano","FuerzasArmadas","M\u00e9xico","Quer\u00e9taro","Seguridad"],"articleSection":["Estado","\u00daltima Hora"],"inLanguage":"es","potentialAction":[{"@type":"CommentAction","name":"Comment","target":["https:\/\/www.nexoinformativo.mx\/index.php\/2026\/02\/19\/mauricio-kuri-reconoce-al-ejercito-por-proteger-a-queretaro-y-a-mexico\/#respond"]}]},{"@type":"WebPage","@id":"https:\/\/www.nexoinformativo.mx\/index.php\/2026\/02\/19\/mauricio-kuri-reconoce-al-ejercito-por-proteger-a-queretaro-y-a-mexico\/","url":"https:\/\/www.nexoinformativo.mx\/index.php\/2026\/02\/19\/mauricio-kuri-reconoce-al-ejercito-por-proteger-a-queretaro-y-a-mexico\/","name":"Mauricio Kuri reconoce al Ej\u00e9rcito por proteger a Quer\u00e9taro y a M\u00e9xico | Nexo Informativo Santiago de Quer\u00e9taro","isPartOf":{"@id":"https:\/\/www.nexoinformativo.mx\/#website"},"primaryImageOfPage":{"@id":"https:\/\/www.nexoinformativo.mx\/index.php\/2026\/02\/19\/mauricio-kuri-reconoce-al-ejercito-por-proteger-a-queretaro-y-a-mexico\/#primaryimage"},"image":{"@id":"https:\/\/www.nexoinformativo.mx\/index.php\/2026\/02\/19\/mauricio-kuri-reconoce-al-ejercito-por-proteger-a-queretaro-y-a-mexico\/#primaryimage"},"thumbnailUrl":"https:\/\/www.nexoinformativo.mx\/wp-content\/uploads\/2026\/02\/ImageWorks-1.jpeg","datePublished":"2026-02-19T16:00:58+00:00","dateModified":"2026-02-20T02:59:44+00:00","breadcrumb":{"@id":"https:\/\/www.nexoinformativo.mx\/index.php\/2026\/02\/19\/mauricio-kuri-reconoce-al-ejercito-por-proteger-a-queretaro-y-a-mexico\/#breadcrumb"},"inLanguage":"es","potentialAction":[{"@type":"ReadAction","target":["https:\/\/www.nexoinformativo.mx\/index.php\/2026\/02\/19\/mauricio-kuri-reconoce-al-ejercito-por-proteger-a-queretaro-y-a-mexico\/"]}]},{"@type":"ImageObject","inLanguage":"es","@id":"https:\/\/www.nexoinformativo.mx\/index.php\/2026\/02\/19\/mauricio-kuri-reconoce-al-ejercito-por-proteger-a-queretaro-y-a-mexico\/#primaryimage","url":"https:\/\/www.nexoinformativo.mx\/wp-content\/uploads\/2026\/02\/ImageWorks-1.jpeg","contentUrl":"https:\/\/www.nexoinformativo.mx\/wp-content\/uploads\/2026\/02\/ImageWorks-1.jpeg","width":300,"height":184},{"@type":"BreadcrumbList","@id":"https:\/\/www.nexoinformativo.mx\/index.php\/2026\/02\/19\/mauricio-kuri-reconoce-al-ejercito-por-proteger-a-queretaro-y-a-mexico\/#breadcrumb","itemListElement":[{"@type":"ListItem","position":1,"name":"Inicio","item":"https:\/\/www.nexoinformativo.mx\/"},{"@type":"ListItem","position":2,"name":"Mauricio Kuri reconoce al Ej\u00e9rcito por proteger a Quer\u00e9taro y a M\u00e9xico"}]},{"@type":"WebSite","@id":"https:\/\/www.nexoinformativo.mx\/#website","url":"https:\/\/www.nexoinformativo.mx\/","name":"Nexo Informativo Santiago de Quer\u00e9taro","description":"Explora NexoInformativo y convi\u00e9rtete en parte de una comunidad que valora el conocimiento y la verdad. Tu nexoinformativo es tu puente hacia una comprensi\u00f3n m\u00e1s profunda del mundo que te rodea.","publisher":{"@id":"https:\/\/www.nexoinformativo.mx\/#organization"},"potentialAction":[{"@type":"SearchAction","target":{"@type":"EntryPoint","urlTemplate":"https:\/\/www.nexoinformativo.mx\/?s={search_term_string}"},"query-input":{"@type":"PropertyValueSpecification","valueRequired":true,"valueName":"search_term_string"}}],"inLanguage":"es"},{"@type":"Organization","@id":"https:\/\/www.nexoinformativo.mx\/#organization","name":"Nexo Informativo Santiago de Quer\u00e9taro","url":"https:\/\/www.nexoinformativo.mx\/","logo":{"@type":"ImageObject","inLanguage":"es","@id":"https:\/\/www.nexoinformativo.mx\/#\/schema\/logo\/image\/","url":"https:\/\/www.nexoinformativo.mx\/wp-content\/uploads\/2024\/07\/nexoi-trasparente-2.png","contentUrl":"https:\/\/www.nexoinformativo.mx\/wp-content\/uploads\/2024\/07\/nexoi-trasparente-2.png","width":816,"height":339,"caption":"Nexo Informativo Santiago de Quer\u00e9taro"},"image":{"@id":"https:\/\/www.nexoinformativo.mx\/#\/schema\/logo\/image\/"},"sameAs":["https:\/\/www.facebook.com\/people\/Nexo-Informativo\/61564066885511\/"]},{"@type":"Person","@id":"https:\/\/www.nexoinformativo.mx\/#\/schema\/person\/7749d380ba08c8ca00d7bc76fd907b7d","name":"Nexo Informativo","image":{"@type":"ImageObject","inLanguage":"es","@id":"https:\/\/www.nexoinformativo.mx\/#\/schema\/person\/image\/","url":"https:\/\/secure.gravatar.com\/avatar\/dde2928154642a13d95f87ddf1ea9718fe2b46760a005c53e41ff5ad610704e6?s=96&d=mm&r=g","contentUrl":"https:\/\/secure.gravatar.com\/avatar\/dde2928154642a13d95f87ddf1ea9718fe2b46760a005c53e41ff5ad610704e6?s=96&d=mm&r=g","caption":"Nexo Informativo"},"url":"https:\/\/www.nexoinformativo.mx\/index.php\/author\/edicion\/"}]}},"_links":{"self":[{"href":"https:\/\/www.nexoinformativo.mx\/index.php\/wp-json\/wp\/v2\/posts\/17249","targetHints":{"allow":["GET"]}}],"collection":[{"href":"https:\/\/www.nexoinformativo.mx\/index.php\/wp-json\/wp\/v2\/posts"}],"about":[{"href":"https:\/\/www.nexoinformativo.mx\/index.php\/wp-json\/wp\/v2\/types\/post"}],"author":[{"embeddable":true,"href":"https:\/\/www.nexoinformativo.mx\/index.php\/wp-json\/wp\/v2\/users\/3"}],"replies":[{"embeddable":true,"href":"https:\/\/www.nexoinformativo.mx\/index.php\/wp-json\/wp\/v2\/comments?post=17249"}],"version-history":[{"count":1,"href":"https:\/\/www.nexoinformativo.mx\/index.php\/wp-json\/wp\/v2\/posts\/17249\/revisions"}],"predecessor-version":[{"id":17250,"href":"https:\/\/www.nexoinformativo.mx\/index.php\/wp-json\/wp\/v2\/posts\/17249\/revisions\/17250"}],"wp:featuredmedia":[{"embeddable":true,"href":"https:\/\/www.nexoinformativo.mx\/index.php\/wp-json\/wp\/v2\/media\/17248"}],"wp:attachment":[{"href":"https:\/\/www.nexoinformativo.mx\/index.php\/wp-json\/wp\/v2\/media?parent=17249"}],"wp:term":[{"taxonomy":"category","embeddable":true,"href":"https:\/\/www.nexoinformativo.mx\/index.php\/wp-json\/wp\/v2\/categories?post=17249"},{"taxonomy":"post_tag","embeddable":true,"href":"https:\/\/www.nexoinformativo.mx\/index.php\/wp-json\/wp\/v2\/tags?post=17249"}],"curies":[{"name":"wp","href":"https:\/\/api.w.org\/{rel}","templated":true}]}}