{"id":17252,"date":"2026-02-19T13:00:07","date_gmt":"2026-02-19T19:00:07","guid":{"rendered":"https:\/\/www.nexoinformativo.mx\/?p=17252"},"modified":"2026-02-19T21:16:07","modified_gmt":"2026-02-20T03:16:07","slug":"sheinbaum-reconoce-al-ejercito-mexicano-en-su-113-aniversario-y-destaca-su-papel-en-la-soberania-nacional","status":"publish","type":"post","link":"https:\/\/www.nexoinformativo.mx\/index.php\/2026\/02\/19\/sheinbaum-reconoce-al-ejercito-mexicano-en-su-113-aniversario-y-destaca-su-papel-en-la-soberania-nacional\/","title":{"rendered":"Sheinbaum reconoce al Ej\u00e9rcito Mexicano en su 113 aniversario y destaca su papel en la soberan\u00eda nacional"},"content":{"rendered":"\n<p>En el marco del 113 Aniversario del Ej\u00e9rcito Mexicano, la presidenta Claudia Sheinbaum Pardo afirm\u00f3 que las Fuerzas Armadas garantizan que M\u00e9xico decida su destino con independencia, incluso ante presiones globales. Desde el Predio \u201cLa C\u00e9lula\u201d en Oriental, Puebla, subray\u00f3 que la soberan\u00eda significa que el pueblo pueda gobernarse sin imposiciones externas y record\u00f3 que la instituci\u00f3n naci\u00f3 ligada a la voluntad popular.<\/p>\n\n\n\n<p><br>La mandataria destac\u00f3 que el Ej\u00e9rcito no solo protege fronteras, sino que tambi\u00e9n participa en la construcci\u00f3n de infraestructura como hospitales, aeropuertos y trenes, adem\u00e1s de brindar apoyo en desastres mediante el Plan DN-III-E. Tambi\u00e9n reconoci\u00f3 el papel creciente de las mujeres dentro de las Fuerzas Armadas, quienes hoy se desempe\u00f1an como m\u00e9dicas, ingenieras, pilotos y comandantas.<\/p>\n\n\n\n<p><br>Durante la ceremonia, Sheinbaum reconoci\u00f3 al secretario de la Defensa, Ricardo Trevilla Trejo, y al titular de Marina, Raymundo Pedro Morales \u00c1ngeles, a quienes calific\u00f3 como servidores p\u00fablicos leales y comprometidos con la Rep\u00fablica. Asimismo, entreg\u00f3 condecoraciones a personal militar destacado por su servicio y trayectoria.<\/p>\n\n\n\n<p><br>Por su parte, Trevilla Trejo reafirm\u00f3 su compromiso de consolidar a la Guardia Nacional como eje de la Estrategia Nacional de Seguridad. Inform\u00f3 que, en acciones recientes, se detuvo a 32 mil personas por delitos graves, se aseguraron m\u00e1s de 18 mil armas, 160 toneladas de drogas y se desmantelaron cerca de 2 mil laboratorios de metanfetaminas, reforzando el papel del Ej\u00e9rcito en la seguridad nacional.<\/p>\n","protected":false},"excerpt":{"rendered":"<p>En el marco del 113 Aniversario del Ej\u00e9rcito Mexicano, la presidenta Claudia Sheinbaum Pardo afirm\u00f3 que las Fuerzas Armadas garantizan que M\u00e9xico decida su destino con independencia, incluso ante presiones globales.<\/p>\n","protected":false},"author":3,"featured_media":17251,"comment_status":"open","ping_status":"open","sticky":false,"template":"","format":"standard","meta":{"footnotes":""},"categories":[88,58],"tags":[4843,2558,131,5124],"class_list":["post-17252","post","type-post","status-publish","format-standard","has-post-thumbnail","hentry","category-nacional","category-ultima-hora","tag-ejercitomexicano","tag-fuerzasarmadas","tag-seguridad","tag-soberania"],"yoast_head":"<!-- This site is optimized with the Yoast SEO plugin v25.0 - https:\/\/yoast.com\/wordpress\/plugins\/seo\/ -->\n<title>Sheinbaum reconoce al Ej\u00e9rcito Mexicano en su 113 aniversario y destaca su papel en la soberan\u00eda nacional | Nexo Informativo Santiago de Quer\u00e9taro<\/title>\n<meta name=\"robots\" content=\"index, follow, max-snippet:-1, max-image-preview:large, max-video-preview:-1\" \/>\n<link rel=\"canonical\" href=\"https:\/\/www.nexoinformativo.mx\/index.php\/2026\/02\/19\/sheinbaum-reconoce-al-ejercito-mexicano-en-su-113-aniversario-y-destaca-su-papel-en-la-soberania-nacional\/\" \/>\n<meta property=\"og:locale\" content=\"es_MX\" \/>\n<meta property=\"og:type\" content=\"article\" \/>\n<meta property=\"og:title\" content=\"Sheinbaum reconoce al Ej\u00e9rcito Mexicano en su 113 aniversario y destaca su papel en la soberan\u00eda nacional | Nexo Informativo Santiago de Quer\u00e9taro\" \/>\n<meta property=\"og:description\" content=\"En el marco del 113 Aniversario del Ej\u00e9rcito Mexicano, la presidenta Claudia Sheinbaum Pardo afirm\u00f3 que las Fuerzas Armadas garantizan que M\u00e9xico decida su destino con independencia, incluso ante presiones globales.\" \/>\n<meta property=\"og:url\" content=\"https:\/\/www.nexoinformativo.mx\/index.php\/2026\/02\/19\/sheinbaum-reconoce-al-ejercito-mexicano-en-su-113-aniversario-y-destaca-su-papel-en-la-soberania-nacional\/\" \/>\n<meta property=\"og:site_name\" content=\"Nexo Informativo Santiago de Quer\u00e9taro\" \/>\n<meta property=\"article:publisher\" content=\"https:\/\/www.facebook.com\/people\/Nexo-Informativo\/61564066885511\/\" \/>\n<meta property=\"article:published_time\" content=\"2026-02-19T19:00:07+00:00\" \/>\n<meta property=\"article:modified_time\" content=\"2026-02-20T03:16:07+00:00\" \/>\n<meta property=\"og:image\" content=\"https:\/\/www.nexoinformativo.mx\/wp-content\/uploads\/2026\/02\/post_2026-02-19_Di_a_del_Eje_rcito_Mexicano_12_GM.jpg\" \/>\n\t<meta property=\"og:image:width\" content=\"650\" \/>\n\t<meta property=\"og:image:height\" content=\"380\" \/>\n\t<meta property=\"og:image:type\" content=\"image\/jpeg\" \/>\n<meta name=\"author\" content=\"Nexo Informativo\" \/>\n<meta name=\"twitter:card\" content=\"summary_large_image\" \/>\n<meta name=\"twitter:label1\" content=\"Escrito por\" \/>\n\t<meta name=\"twitter:data1\" content=\"Nexo Informativo\" \/>\n\t<meta name=\"twitter:label2\" content=\"Tiempo de lectura\" \/>\n\t<meta name=\"twitter:data2\" content=\"1 minuto\" \/>\n<script type=\"application\/ld+json\" class=\"yoast-schema-graph\">{\"@context\":\"https:\/\/schema.org\",\"@graph\":[{\"@type\":\"Article\",\"@id\":\"https:\/\/www.nexoinformativo.mx\/index.php\/2026\/02\/19\/sheinbaum-reconoce-al-ejercito-mexicano-en-su-113-aniversario-y-destaca-su-papel-en-la-soberania-nacional\/#article\",\"isPartOf\":{\"@id\":\"https:\/\/www.nexoinformativo.mx\/index.php\/2026\/02\/19\/sheinbaum-reconoce-al-ejercito-mexicano-en-su-113-aniversario-y-destaca-su-papel-en-la-soberania-nacional\/\"},\"author\":{\"name\":\"Nexo Informativo\",\"@id\":\"https:\/\/www.nexoinformativo.mx\/#\/schema\/person\/7749d380ba08c8ca00d7bc76fd907b7d\"},\"headline\":\"Sheinbaum reconoce al Ej\u00e9rcito Mexicano en su 113 aniversario y destaca su papel en la soberan\u00eda nacional\",\"datePublished\":\"2026-02-19T19:00:07+00:00\",\"dateModified\":\"2026-02-20T03:16:07+00:00\",\"mainEntityOfPage\":{\"@id\":\"https:\/\/www.nexoinformativo.mx\/index.php\/2026\/02\/19\/sheinbaum-reconoce-al-ejercito-mexicano-en-su-113-aniversario-y-destaca-su-papel-en-la-soberania-nacional\/\"},\"wordCount\":261,\"commentCount\":0,\"publisher\":{\"@id\":\"https:\/\/www.nexoinformativo.mx\/#organization\"},\"image\":{\"@id\":\"https:\/\/www.nexoinformativo.mx\/index.php\/2026\/02\/19\/sheinbaum-reconoce-al-ejercito-mexicano-en-su-113-aniversario-y-destaca-su-papel-en-la-soberania-nacional\/#primaryimage\"},\"thumbnailUrl\":\"https:\/\/www.nexoinformativo.mx\/wp-content\/uploads\/2026\/02\/post_2026-02-19_Di_a_del_Eje_rcito_Mexicano_12_GM.jpg\",\"keywords\":[\"Ej\u00e9rcitoMexicano\",\"FuerzasArmadas\",\"Seguridad\",\"Soberan\u00eda\"],\"articleSection\":[\"Nacional\",\"\u00daltima Hora\"],\"inLanguage\":\"es\",\"potentialAction\":[{\"@type\":\"CommentAction\",\"name\":\"Comment\",\"target\":[\"https:\/\/www.nexoinformativo.mx\/index.php\/2026\/02\/19\/sheinbaum-reconoce-al-ejercito-mexicano-en-su-113-aniversario-y-destaca-su-papel-en-la-soberania-nacional\/#respond\"]}]},{\"@type\":\"WebPage\",\"@id\":\"https:\/\/www.nexoinformativo.mx\/index.php\/2026\/02\/19\/sheinbaum-reconoce-al-ejercito-mexicano-en-su-113-aniversario-y-destaca-su-papel-en-la-soberania-nacional\/\",\"url\":\"https:\/\/www.nexoinformativo.mx\/index.php\/2026\/02\/19\/sheinbaum-reconoce-al-ejercito-mexicano-en-su-113-aniversario-y-destaca-su-papel-en-la-soberania-nacional\/\",\"name\":\"Sheinbaum reconoce al Ej\u00e9rcito Mexicano en su 113 aniversario y destaca su papel en la soberan\u00eda nacional | Nexo Informativo Santiago de Quer\u00e9taro\",\"isPartOf\":{\"@id\":\"https:\/\/www.nexoinformativo.mx\/#website\"},\"primaryImageOfPage\":{\"@id\":\"https:\/\/www.nexoinformativo.mx\/index.php\/2026\/02\/19\/sheinbaum-reconoce-al-ejercito-mexicano-en-su-113-aniversario-y-destaca-su-papel-en-la-soberania-nacional\/#primaryimage\"},\"image\":{\"@id\":\"https:\/\/www.nexoinformativo.mx\/index.php\/2026\/02\/19\/sheinbaum-reconoce-al-ejercito-mexicano-en-su-113-aniversario-y-destaca-su-papel-en-la-soberania-nacional\/#primaryimage\"},\"thumbnailUrl\":\"https:\/\/www.nexoinformativo.mx\/wp-content\/uploads\/2026\/02\/post_2026-02-19_Di_a_del_Eje_rcito_Mexicano_12_GM.jpg\",\"datePublished\":\"2026-02-19T19:00:07+00:00\",\"dateModified\":\"2026-02-20T03:16:07+00:00\",\"breadcrumb\":{\"@id\":\"https:\/\/www.nexoinformativo.mx\/index.php\/2026\/02\/19\/sheinbaum-reconoce-al-ejercito-mexicano-en-su-113-aniversario-y-destaca-su-papel-en-la-soberania-nacional\/#breadcrumb\"},\"inLanguage\":\"es\",\"potentialAction\":[{\"@type\":\"ReadAction\",\"target\":[\"https:\/\/www.nexoinformativo.mx\/index.php\/2026\/02\/19\/sheinbaum-reconoce-al-ejercito-mexicano-en-su-113-aniversario-y-destaca-su-papel-en-la-soberania-nacional\/\"]}]},{\"@type\":\"ImageObject\",\"inLanguage\":\"es\",\"@id\":\"https:\/\/www.nexoinformativo.mx\/index.php\/2026\/02\/19\/sheinbaum-reconoce-al-ejercito-mexicano-en-su-113-aniversario-y-destaca-su-papel-en-la-soberania-nacional\/#primaryimage\",\"url\":\"https:\/\/www.nexoinformativo.mx\/wp-content\/uploads\/2026\/02\/post_2026-02-19_Di_a_del_Eje_rcito_Mexicano_12_GM.jpg\",\"contentUrl\":\"https:\/\/www.nexoinformativo.mx\/wp-content\/uploads\/2026\/02\/post_2026-02-19_Di_a_del_Eje_rcito_Mexicano_12_GM.jpg\",\"width\":650,\"height\":380},{\"@type\":\"BreadcrumbList\",\"@id\":\"https:\/\/www.nexoinformativo.mx\/index.php\/2026\/02\/19\/sheinbaum-reconoce-al-ejercito-mexicano-en-su-113-aniversario-y-destaca-su-papel-en-la-soberania-nacional\/#breadcrumb\",\"itemListElement\":[{\"@type\":\"ListItem\",\"position\":1,\"name\":\"Inicio\",\"item\":\"https:\/\/www.nexoinformativo.mx\/\"},{\"@type\":\"ListItem\",\"position\":2,\"name\":\"Sheinbaum reconoce al Ej\u00e9rcito Mexicano en su 113 aniversario y destaca su papel en la soberan\u00eda nacional\"}]},{\"@type\":\"WebSite\",\"@id\":\"https:\/\/www.nexoinformativo.mx\/#website\",\"url\":\"https:\/\/www.nexoinformativo.mx\/\",\"name\":\"Nexo Informativo Santiago de Quer\u00e9taro\",\"description\":\"Explora NexoInformativo y convi\u00e9rtete en parte de una comunidad que valora el conocimiento y la verdad. Tu nexoinformativo es tu puente hacia una comprensi\u00f3n m\u00e1s profunda del mundo que te rodea.\",\"publisher\":{\"@id\":\"https:\/\/www.nexoinformativo.mx\/#organization\"},\"potentialAction\":[{\"@type\":\"SearchAction\",\"target\":{\"@type\":\"EntryPoint\",\"urlTemplate\":\"https:\/\/www.nexoinformativo.mx\/?s={search_term_string}\"},\"query-input\":{\"@type\":\"PropertyValueSpecification\",\"valueRequired\":true,\"valueName\":\"search_term_string\"}}],\"inLanguage\":\"es\"},{\"@type\":\"Organization\",\"@id\":\"https:\/\/www.nexoinformativo.mx\/#organization\",\"name\":\"Nexo Informativo Santiago de Quer\u00e9taro\",\"url\":\"https:\/\/www.nexoinformativo.mx\/\",\"logo\":{\"@type\":\"ImageObject\",\"inLanguage\":\"es\",\"@id\":\"https:\/\/www.nexoinformativo.mx\/#\/schema\/logo\/image\/\",\"url\":\"https:\/\/www.nexoinformativo.mx\/wp-content\/uploads\/2024\/07\/nexoi-trasparente-2.png\",\"contentUrl\":\"https:\/\/www.nexoinformativo.mx\/wp-content\/uploads\/2024\/07\/nexoi-trasparente-2.png\",\"width\":816,\"height\":339,\"caption\":\"Nexo Informativo Santiago de Quer\u00e9taro\"},\"image\":{\"@id\":\"https:\/\/www.nexoinformativo.mx\/#\/schema\/logo\/image\/\"},\"sameAs\":[\"https:\/\/www.facebook.com\/people\/Nexo-Informativo\/61564066885511\/\"]},{\"@type\":\"Person\",\"@id\":\"https:\/\/www.nexoinformativo.mx\/#\/schema\/person\/7749d380ba08c8ca00d7bc76fd907b7d\",\"name\":\"Nexo Informativo\",\"image\":{\"@type\":\"ImageObject\",\"inLanguage\":\"es\",\"@id\":\"https:\/\/www.nexoinformativo.mx\/#\/schema\/person\/image\/\",\"url\":\"https:\/\/secure.gravatar.com\/avatar\/dde2928154642a13d95f87ddf1ea9718fe2b46760a005c53e41ff5ad610704e6?s=96&d=mm&r=g\",\"contentUrl\":\"https:\/\/secure.gravatar.com\/avatar\/dde2928154642a13d95f87ddf1ea9718fe2b46760a005c53e41ff5ad610704e6?s=96&d=mm&r=g\",\"caption\":\"Nexo Informativo\"},\"url\":\"https:\/\/www.nexoinformativo.mx\/index.php\/author\/edicion\/\"}]}<\/script>\n<!-- \/ Yoast SEO plugin. -->","yoast_head_json":{"title":"Sheinbaum reconoce al Ej\u00e9rcito Mexicano en su 113 aniversario y destaca su papel en la soberan\u00eda nacional | Nexo Informativo Santiago de Quer\u00e9taro","robots":{"index":"index","follow":"follow","max-snippet":"max-snippet:-1","max-image-preview":"max-image-preview:large","max-video-preview":"max-video-preview:-1"},"canonical":"https:\/\/www.nexoinformativo.mx\/index.php\/2026\/02\/19\/sheinbaum-reconoce-al-ejercito-mexicano-en-su-113-aniversario-y-destaca-su-papel-en-la-soberania-nacional\/","og_locale":"es_MX","og_type":"article","og_title":"Sheinbaum reconoce al Ej\u00e9rcito Mexicano en su 113 aniversario y destaca su papel en la soberan\u00eda nacional | Nexo Informativo Santiago de Quer\u00e9taro","og_description":"En el marco del 113 Aniversario del Ej\u00e9rcito Mexicano, la presidenta Claudia Sheinbaum Pardo afirm\u00f3 que las Fuerzas Armadas garantizan que M\u00e9xico decida su destino con independencia, incluso ante presiones globales.","og_url":"https:\/\/www.nexoinformativo.mx\/index.php\/2026\/02\/19\/sheinbaum-reconoce-al-ejercito-mexicano-en-su-113-aniversario-y-destaca-su-papel-en-la-soberania-nacional\/","og_site_name":"Nexo Informativo Santiago de Quer\u00e9taro","article_publisher":"https:\/\/www.facebook.com\/people\/Nexo-Informativo\/61564066885511\/","article_published_time":"2026-02-19T19:00:07+00:00","article_modified_time":"2026-02-20T03:16:07+00:00","og_image":[{"width":650,"height":380,"url":"https:\/\/www.nexoinformativo.mx\/wp-content\/uploads\/2026\/02\/post_2026-02-19_Di_a_del_Eje_rcito_Mexicano_12_GM.jpg","type":"image\/jpeg"}],"author":"Nexo Informativo","twitter_card":"summary_large_image","twitter_misc":{"Escrito por":"Nexo Informativo","Tiempo de lectura":"1 minuto"},"schema":{"@context":"https:\/\/schema.org","@graph":[{"@type":"Article","@id":"https:\/\/www.nexoinformativo.mx\/index.php\/2026\/02\/19\/sheinbaum-reconoce-al-ejercito-mexicano-en-su-113-aniversario-y-destaca-su-papel-en-la-soberania-nacional\/#article","isPartOf":{"@id":"https:\/\/www.nexoinformativo.mx\/index.php\/2026\/02\/19\/sheinbaum-reconoce-al-ejercito-mexicano-en-su-113-aniversario-y-destaca-su-papel-en-la-soberania-nacional\/"},"author":{"name":"Nexo Informativo","@id":"https:\/\/www.nexoinformativo.mx\/#\/schema\/person\/7749d380ba08c8ca00d7bc76fd907b7d"},"headline":"Sheinbaum reconoce al Ej\u00e9rcito Mexicano en su 113 aniversario y destaca su papel en la soberan\u00eda nacional","datePublished":"2026-02-19T19:00:07+00:00","dateModified":"2026-02-20T03:16:07+00:00","mainEntityOfPage":{"@id":"https:\/\/www.nexoinformativo.mx\/index.php\/2026\/02\/19\/sheinbaum-reconoce-al-ejercito-mexicano-en-su-113-aniversario-y-destaca-su-papel-en-la-soberania-nacional\/"},"wordCount":261,"commentCount":0,"publisher":{"@id":"https:\/\/www.nexoinformativo.mx\/#organization"},"image":{"@id":"https:\/\/www.nexoinformativo.mx\/index.php\/2026\/02\/19\/sheinbaum-reconoce-al-ejercito-mexicano-en-su-113-aniversario-y-destaca-su-papel-en-la-soberania-nacional\/#primaryimage"},"thumbnailUrl":"https:\/\/www.nexoinformativo.mx\/wp-content\/uploads\/2026\/02\/post_2026-02-19_Di_a_del_Eje_rcito_Mexicano_12_GM.jpg","keywords":["Ej\u00e9rcitoMexicano","FuerzasArmadas","Seguridad","Soberan\u00eda"],"articleSection":["Nacional","\u00daltima Hora"],"inLanguage":"es","potentialAction":[{"@type":"CommentAction","name":"Comment","target":["https:\/\/www.nexoinformativo.mx\/index.php\/2026\/02\/19\/sheinbaum-reconoce-al-ejercito-mexicano-en-su-113-aniversario-y-destaca-su-papel-en-la-soberania-nacional\/#respond"]}]},{"@type":"WebPage","@id":"https:\/\/www.nexoinformativo.mx\/index.php\/2026\/02\/19\/sheinbaum-reconoce-al-ejercito-mexicano-en-su-113-aniversario-y-destaca-su-papel-en-la-soberania-nacional\/","url":"https:\/\/www.nexoinformativo.mx\/index.php\/2026\/02\/19\/sheinbaum-reconoce-al-ejercito-mexicano-en-su-113-aniversario-y-destaca-su-papel-en-la-soberania-nacional\/","name":"Sheinbaum reconoce al Ej\u00e9rcito Mexicano en su 113 aniversario y destaca su papel en la soberan\u00eda nacional | Nexo Informativo Santiago de Quer\u00e9taro","isPartOf":{"@id":"https:\/\/www.nexoinformativo.mx\/#website"},"primaryImageOfPage":{"@id":"https:\/\/www.nexoinformativo.mx\/index.php\/2026\/02\/19\/sheinbaum-reconoce-al-ejercito-mexicano-en-su-113-aniversario-y-destaca-su-papel-en-la-soberania-nacional\/#primaryimage"},"image":{"@id":"https:\/\/www.nexoinformativo.mx\/index.php\/2026\/02\/19\/sheinbaum-reconoce-al-ejercito-mexicano-en-su-113-aniversario-y-destaca-su-papel-en-la-soberania-nacional\/#primaryimage"},"thumbnailUrl":"https:\/\/www.nexoinformativo.mx\/wp-content\/uploads\/2026\/02\/post_2026-02-19_Di_a_del_Eje_rcito_Mexicano_12_GM.jpg","datePublished":"2026-02-19T19:00:07+00:00","dateModified":"2026-02-20T03:16:07+00:00","breadcrumb":{"@id":"https:\/\/www.nexoinformativo.mx\/index.php\/2026\/02\/19\/sheinbaum-reconoce-al-ejercito-mexicano-en-su-113-aniversario-y-destaca-su-papel-en-la-soberania-nacional\/#breadcrumb"},"inLanguage":"es","potentialAction":[{"@type":"ReadAction","target":["https:\/\/www.nexoinformativo.mx\/index.php\/2026\/02\/19\/sheinbaum-reconoce-al-ejercito-mexicano-en-su-113-aniversario-y-destaca-su-papel-en-la-soberania-nacional\/"]}]},{"@type":"ImageObject","inLanguage":"es","@id":"https:\/\/www.nexoinformativo.mx\/index.php\/2026\/02\/19\/sheinbaum-reconoce-al-ejercito-mexicano-en-su-113-aniversario-y-destaca-su-papel-en-la-soberania-nacional\/#primaryimage","url":"https:\/\/www.nexoinformativo.mx\/wp-content\/uploads\/2026\/02\/post_2026-02-19_Di_a_del_Eje_rcito_Mexicano_12_GM.jpg","contentUrl":"https:\/\/www.nexoinformativo.mx\/wp-content\/uploads\/2026\/02\/post_2026-02-19_Di_a_del_Eje_rcito_Mexicano_12_GM.jpg","width":650,"height":380},{"@type":"BreadcrumbList","@id":"https:\/\/www.nexoinformativo.mx\/index.php\/2026\/02\/19\/sheinbaum-reconoce-al-ejercito-mexicano-en-su-113-aniversario-y-destaca-su-papel-en-la-soberania-nacional\/#breadcrumb","itemListElement":[{"@type":"ListItem","position":1,"name":"Inicio","item":"https:\/\/www.nexoinformativo.mx\/"},{"@type":"ListItem","position":2,"name":"Sheinbaum reconoce al Ej\u00e9rcito Mexicano en su 113 aniversario y destaca su papel en la soberan\u00eda nacional"}]},{"@type":"WebSite","@id":"https:\/\/www.nexoinformativo.mx\/#website","url":"https:\/\/www.nexoinformativo.mx\/","name":"Nexo Informativo Santiago de Quer\u00e9taro","description":"Explora NexoInformativo y convi\u00e9rtete en parte de una comunidad que valora el conocimiento y la verdad. Tu nexoinformativo es tu puente hacia una comprensi\u00f3n m\u00e1s profunda del mundo que te rodea.","publisher":{"@id":"https:\/\/www.nexoinformativo.mx\/#organization"},"potentialAction":[{"@type":"SearchAction","target":{"@type":"EntryPoint","urlTemplate":"https:\/\/www.nexoinformativo.mx\/?s={search_term_string}"},"query-input":{"@type":"PropertyValueSpecification","valueRequired":true,"valueName":"search_term_string"}}],"inLanguage":"es"},{"@type":"Organization","@id":"https:\/\/www.nexoinformativo.mx\/#organization","name":"Nexo Informativo Santiago de Quer\u00e9taro","url":"https:\/\/www.nexoinformativo.mx\/","logo":{"@type":"ImageObject","inLanguage":"es","@id":"https:\/\/www.nexoinformativo.mx\/#\/schema\/logo\/image\/","url":"https:\/\/www.nexoinformativo.mx\/wp-content\/uploads\/2024\/07\/nexoi-trasparente-2.png","contentUrl":"https:\/\/www.nexoinformativo.mx\/wp-content\/uploads\/2024\/07\/nexoi-trasparente-2.png","width":816,"height":339,"caption":"Nexo Informativo Santiago de Quer\u00e9taro"},"image":{"@id":"https:\/\/www.nexoinformativo.mx\/#\/schema\/logo\/image\/"},"sameAs":["https:\/\/www.facebook.com\/people\/Nexo-Informativo\/61564066885511\/"]},{"@type":"Person","@id":"https:\/\/www.nexoinformativo.mx\/#\/schema\/person\/7749d380ba08c8ca00d7bc76fd907b7d","name":"Nexo Informativo","image":{"@type":"ImageObject","inLanguage":"es","@id":"https:\/\/www.nexoinformativo.mx\/#\/schema\/person\/image\/","url":"https:\/\/secure.gravatar.com\/avatar\/dde2928154642a13d95f87ddf1ea9718fe2b46760a005c53e41ff5ad610704e6?s=96&d=mm&r=g","contentUrl":"https:\/\/secure.gravatar.com\/avatar\/dde2928154642a13d95f87ddf1ea9718fe2b46760a005c53e41ff5ad610704e6?s=96&d=mm&r=g","caption":"Nexo Informativo"},"url":"https:\/\/www.nexoinformativo.mx\/index.php\/author\/edicion\/"}]}},"_links":{"self":[{"href":"https:\/\/www.nexoinformativo.mx\/index.php\/wp-json\/wp\/v2\/posts\/17252","targetHints":{"allow":["GET"]}}],"collection":[{"href":"https:\/\/www.nexoinformativo.mx\/index.php\/wp-json\/wp\/v2\/posts"}],"about":[{"href":"https:\/\/www.nexoinformativo.mx\/index.php\/wp-json\/wp\/v2\/types\/post"}],"author":[{"embeddable":true,"href":"https:\/\/www.nexoinformativo.mx\/index.php\/wp-json\/wp\/v2\/users\/3"}],"replies":[{"embeddable":true,"href":"https:\/\/www.nexoinformativo.mx\/index.php\/wp-json\/wp\/v2\/comments?post=17252"}],"version-history":[{"count":1,"href":"https:\/\/www.nexoinformativo.mx\/index.php\/wp-json\/wp\/v2\/posts\/17252\/revisions"}],"predecessor-version":[{"id":17253,"href":"https:\/\/www.nexoinformativo.mx\/index.php\/wp-json\/wp\/v2\/posts\/17252\/revisions\/17253"}],"wp:featuredmedia":[{"embeddable":true,"href":"https:\/\/www.nexoinformativo.mx\/index.php\/wp-json\/wp\/v2\/media\/17251"}],"wp:attachment":[{"href":"https:\/\/www.nexoinformativo.mx\/index.php\/wp-json\/wp\/v2\/media?parent=17252"}],"wp:term":[{"taxonomy":"category","embeddable":true,"href":"https:\/\/www.nexoinformativo.mx\/index.php\/wp-json\/wp\/v2\/categories?post=17252"},{"taxonomy":"post_tag","embeddable":true,"href":"https:\/\/www.nexoinformativo.mx\/index.php\/wp-json\/wp\/v2\/tags?post=17252"}],"curies":[{"name":"wp","href":"https:\/\/api.w.org\/{rel}","templated":true}]}}