{"id":17255,"date":"2026-02-22T11:00:21","date_gmt":"2026-02-22T17:00:21","guid":{"rendered":"https:\/\/www.nexoinformativo.mx\/?p=17255"},"modified":"2026-02-22T12:18:48","modified_gmt":"2026-02-22T18:18:48","slug":"mencho-muere-abatido-por-el-ejercito-en-operativo-en-jalisco","status":"publish","type":"post","link":"https:\/\/www.nexoinformativo.mx\/index.php\/2026\/02\/22\/mencho-muere-abatido-por-el-ejercito-en-operativo-en-jalisco\/","title":{"rendered":"Mencho muere abatido por el Ej\u00e9rcito en operativo en Jalisco"},"content":{"rendered":"\n<p>Nemesio Oseguera Cervantes, alias \u201cEl Mencho\u201d, presunto l\u00edder del C\u00e1rtel Jalisco Nueva Generaci\u00f3n, habr\u00eda sido abatido la ma\u00f1ana de este domingo durante un operativo federal realizado en Tapalpa, seg\u00fan reportes preliminares de fuentes de seguridad de alto nivel.<\/p>\n\n\n\n<p><br>Tras la acci\u00f3n militar se registraron narcobloqueos y quema de veh\u00edculos en varias entidades, entre ellas Jalisco, Guanajuato, Michoac\u00e1n, Tamaulipas y Nayarit. Autoridades mantienen vigilancia y operativos para restablecer la circulaci\u00f3n y evitar m\u00e1s hechos violentos.<\/p>\n\n\n\n<p><br>Tambi\u00e9n se report\u00f3 presencia de fuerzas federales en la zona de Talpa de Allende, considerada \u00e1rea de influencia del grupo criminal. Hasta ahora, el gobierno federal no ha emitido confirmaci\u00f3n oficial p\u00fablica, aunque funcionarios habr\u00edan validado la informaci\u00f3n de forma preliminar.<\/p>\n\n\n\n<p><br>De acuerdo con investigaciones del Departamento de Justicia de Estados Unidos, la Fiscal\u00eda General de la Rep\u00fablica y la Drug Enforcement Administration, el presunto capo era uno de los criminales m\u00e1s buscados por cargos de narcotr\u00e1fico, violencia organizada y lavado de dinero, adem\u00e1s de contar con sanciones del Departamento del Tesoro de Estados Unidos.<\/p>\n","protected":false},"excerpt":{"rendered":"<p>Poner un mo\u00f1o negro a un lado de luto grande y terminar de poner el cabello<\/p>\n","protected":false},"author":3,"featured_media":17254,"comment_status":"open","ping_status":"open","sticky":false,"template":"","format":"standard","meta":{"footnotes":""},"categories":[88,137,58],"tags":[1787,5125,1610,1632,131],"class_list":["post-17255","post","type-post","status-publish","format-standard","has-post-thumbnail","hentry","category-nacional","category-sucesos","category-ultima-hora","tag-cjng","tag-jalisco","tag-mexico","tag-operativo","tag-seguridad"],"yoast_head":"<!-- This site is optimized with the Yoast SEO plugin v25.0 - https:\/\/yoast.com\/wordpress\/plugins\/seo\/ -->\n<title>Mencho muere abatido por el Ej\u00e9rcito en operativo en Jalisco | Nexo Informativo Santiago de Quer\u00e9taro<\/title>\n<meta name=\"robots\" content=\"index, follow, max-snippet:-1, max-image-preview:large, max-video-preview:-1\" \/>\n<link rel=\"canonical\" href=\"https:\/\/www.nexoinformativo.mx\/index.php\/2026\/02\/22\/mencho-muere-abatido-por-el-ejercito-en-operativo-en-jalisco\/\" \/>\n<meta property=\"og:locale\" content=\"es_MX\" \/>\n<meta property=\"og:type\" content=\"article\" \/>\n<meta property=\"og:title\" content=\"Mencho muere abatido por el Ej\u00e9rcito en operativo en Jalisco | Nexo Informativo Santiago de Quer\u00e9taro\" \/>\n<meta property=\"og:description\" content=\"Poner un mo\u00f1o negro a un lado de luto grande y terminar de poner el cabello\" \/>\n<meta property=\"og:url\" content=\"https:\/\/www.nexoinformativo.mx\/index.php\/2026\/02\/22\/mencho-muere-abatido-por-el-ejercito-en-operativo-en-jalisco\/\" \/>\n<meta property=\"og:site_name\" content=\"Nexo Informativo Santiago de Quer\u00e9taro\" \/>\n<meta property=\"article:publisher\" content=\"https:\/\/www.facebook.com\/people\/Nexo-Informativo\/61564066885511\/\" \/>\n<meta property=\"article:published_time\" content=\"2026-02-22T17:00:21+00:00\" \/>\n<meta property=\"article:modified_time\" content=\"2026-02-22T18:18:48+00:00\" \/>\n<meta property=\"og:image\" content=\"https:\/\/www.nexoinformativo.mx\/wp-content\/uploads\/2026\/02\/copilot_image_1771784282657.jpeg\" \/>\n\t<meta property=\"og:image:width\" content=\"1024\" \/>\n\t<meta property=\"og:image:height\" content=\"1024\" \/>\n\t<meta property=\"og:image:type\" content=\"image\/jpeg\" \/>\n<meta name=\"author\" content=\"Nexo Informativo\" \/>\n<meta name=\"twitter:card\" content=\"summary_large_image\" \/>\n<meta name=\"twitter:label1\" content=\"Escrito por\" \/>\n\t<meta name=\"twitter:data1\" content=\"Nexo Informativo\" \/>\n\t<meta name=\"twitter:label2\" content=\"Tiempo de lectura\" \/>\n\t<meta name=\"twitter:data2\" content=\"1 minuto\" \/>\n<script type=\"application\/ld+json\" class=\"yoast-schema-graph\">{\"@context\":\"https:\/\/schema.org\",\"@graph\":[{\"@type\":\"Article\",\"@id\":\"https:\/\/www.nexoinformativo.mx\/index.php\/2026\/02\/22\/mencho-muere-abatido-por-el-ejercito-en-operativo-en-jalisco\/#article\",\"isPartOf\":{\"@id\":\"https:\/\/www.nexoinformativo.mx\/index.php\/2026\/02\/22\/mencho-muere-abatido-por-el-ejercito-en-operativo-en-jalisco\/\"},\"author\":{\"name\":\"Nexo Informativo\",\"@id\":\"https:\/\/www.nexoinformativo.mx\/#\/schema\/person\/7749d380ba08c8ca00d7bc76fd907b7d\"},\"headline\":\"Mencho muere abatido por el Ej\u00e9rcito en operativo en Jalisco\",\"datePublished\":\"2026-02-22T17:00:21+00:00\",\"dateModified\":\"2026-02-22T18:18:48+00:00\",\"mainEntityOfPage\":{\"@id\":\"https:\/\/www.nexoinformativo.mx\/index.php\/2026\/02\/22\/mencho-muere-abatido-por-el-ejercito-en-operativo-en-jalisco\/\"},\"wordCount\":201,\"commentCount\":0,\"publisher\":{\"@id\":\"https:\/\/www.nexoinformativo.mx\/#organization\"},\"image\":{\"@id\":\"https:\/\/www.nexoinformativo.mx\/index.php\/2026\/02\/22\/mencho-muere-abatido-por-el-ejercito-en-operativo-en-jalisco\/#primaryimage\"},\"thumbnailUrl\":\"https:\/\/www.nexoinformativo.mx\/wp-content\/uploads\/2026\/02\/copilot_image_1771784282657.jpeg\",\"keywords\":[\"CJNG\",\"Jalisco\",\"M\u00e9xico\",\"Operativo\",\"Seguridad\"],\"articleSection\":[\"Nacional\",\"Sucesos\",\"\u00daltima Hora\"],\"inLanguage\":\"es\",\"potentialAction\":[{\"@type\":\"CommentAction\",\"name\":\"Comment\",\"target\":[\"https:\/\/www.nexoinformativo.mx\/index.php\/2026\/02\/22\/mencho-muere-abatido-por-el-ejercito-en-operativo-en-jalisco\/#respond\"]}]},{\"@type\":\"WebPage\",\"@id\":\"https:\/\/www.nexoinformativo.mx\/index.php\/2026\/02\/22\/mencho-muere-abatido-por-el-ejercito-en-operativo-en-jalisco\/\",\"url\":\"https:\/\/www.nexoinformativo.mx\/index.php\/2026\/02\/22\/mencho-muere-abatido-por-el-ejercito-en-operativo-en-jalisco\/\",\"name\":\"Mencho muere abatido por el Ej\u00e9rcito en operativo en Jalisco | Nexo Informativo Santiago de Quer\u00e9taro\",\"isPartOf\":{\"@id\":\"https:\/\/www.nexoinformativo.mx\/#website\"},\"primaryImageOfPage\":{\"@id\":\"https:\/\/www.nexoinformativo.mx\/index.php\/2026\/02\/22\/mencho-muere-abatido-por-el-ejercito-en-operativo-en-jalisco\/#primaryimage\"},\"image\":{\"@id\":\"https:\/\/www.nexoinformativo.mx\/index.php\/2026\/02\/22\/mencho-muere-abatido-por-el-ejercito-en-operativo-en-jalisco\/#primaryimage\"},\"thumbnailUrl\":\"https:\/\/www.nexoinformativo.mx\/wp-content\/uploads\/2026\/02\/copilot_image_1771784282657.jpeg\",\"datePublished\":\"2026-02-22T17:00:21+00:00\",\"dateModified\":\"2026-02-22T18:18:48+00:00\",\"breadcrumb\":{\"@id\":\"https:\/\/www.nexoinformativo.mx\/index.php\/2026\/02\/22\/mencho-muere-abatido-por-el-ejercito-en-operativo-en-jalisco\/#breadcrumb\"},\"inLanguage\":\"es\",\"potentialAction\":[{\"@type\":\"ReadAction\",\"target\":[\"https:\/\/www.nexoinformativo.mx\/index.php\/2026\/02\/22\/mencho-muere-abatido-por-el-ejercito-en-operativo-en-jalisco\/\"]}]},{\"@type\":\"ImageObject\",\"inLanguage\":\"es\",\"@id\":\"https:\/\/www.nexoinformativo.mx\/index.php\/2026\/02\/22\/mencho-muere-abatido-por-el-ejercito-en-operativo-en-jalisco\/#primaryimage\",\"url\":\"https:\/\/www.nexoinformativo.mx\/wp-content\/uploads\/2026\/02\/copilot_image_1771784282657.jpeg\",\"contentUrl\":\"https:\/\/www.nexoinformativo.mx\/wp-content\/uploads\/2026\/02\/copilot_image_1771784282657.jpeg\",\"width\":1024,\"height\":1024},{\"@type\":\"BreadcrumbList\",\"@id\":\"https:\/\/www.nexoinformativo.mx\/index.php\/2026\/02\/22\/mencho-muere-abatido-por-el-ejercito-en-operativo-en-jalisco\/#breadcrumb\",\"itemListElement\":[{\"@type\":\"ListItem\",\"position\":1,\"name\":\"Inicio\",\"item\":\"https:\/\/www.nexoinformativo.mx\/\"},{\"@type\":\"ListItem\",\"position\":2,\"name\":\"Mencho muere abatido por el Ej\u00e9rcito en operativo en Jalisco\"}]},{\"@type\":\"WebSite\",\"@id\":\"https:\/\/www.nexoinformativo.mx\/#website\",\"url\":\"https:\/\/www.nexoinformativo.mx\/\",\"name\":\"Nexo Informativo Santiago de Quer\u00e9taro\",\"description\":\"Explora NexoInformativo y convi\u00e9rtete en parte de una comunidad que valora el conocimiento y la verdad. Tu nexoinformativo es tu puente hacia una comprensi\u00f3n m\u00e1s profunda del mundo que te rodea.\",\"publisher\":{\"@id\":\"https:\/\/www.nexoinformativo.mx\/#organization\"},\"potentialAction\":[{\"@type\":\"SearchAction\",\"target\":{\"@type\":\"EntryPoint\",\"urlTemplate\":\"https:\/\/www.nexoinformativo.mx\/?s={search_term_string}\"},\"query-input\":{\"@type\":\"PropertyValueSpecification\",\"valueRequired\":true,\"valueName\":\"search_term_string\"}}],\"inLanguage\":\"es\"},{\"@type\":\"Organization\",\"@id\":\"https:\/\/www.nexoinformativo.mx\/#organization\",\"name\":\"Nexo Informativo Santiago de Quer\u00e9taro\",\"url\":\"https:\/\/www.nexoinformativo.mx\/\",\"logo\":{\"@type\":\"ImageObject\",\"inLanguage\":\"es\",\"@id\":\"https:\/\/www.nexoinformativo.mx\/#\/schema\/logo\/image\/\",\"url\":\"https:\/\/www.nexoinformativo.mx\/wp-content\/uploads\/2024\/07\/nexoi-trasparente-2.png\",\"contentUrl\":\"https:\/\/www.nexoinformativo.mx\/wp-content\/uploads\/2024\/07\/nexoi-trasparente-2.png\",\"width\":816,\"height\":339,\"caption\":\"Nexo Informativo Santiago de Quer\u00e9taro\"},\"image\":{\"@id\":\"https:\/\/www.nexoinformativo.mx\/#\/schema\/logo\/image\/\"},\"sameAs\":[\"https:\/\/www.facebook.com\/people\/Nexo-Informativo\/61564066885511\/\"]},{\"@type\":\"Person\",\"@id\":\"https:\/\/www.nexoinformativo.mx\/#\/schema\/person\/7749d380ba08c8ca00d7bc76fd907b7d\",\"name\":\"Nexo Informativo\",\"image\":{\"@type\":\"ImageObject\",\"inLanguage\":\"es\",\"@id\":\"https:\/\/www.nexoinformativo.mx\/#\/schema\/person\/image\/\",\"url\":\"https:\/\/secure.gravatar.com\/avatar\/dde2928154642a13d95f87ddf1ea9718fe2b46760a005c53e41ff5ad610704e6?s=96&d=mm&r=g\",\"contentUrl\":\"https:\/\/secure.gravatar.com\/avatar\/dde2928154642a13d95f87ddf1ea9718fe2b46760a005c53e41ff5ad610704e6?s=96&d=mm&r=g\",\"caption\":\"Nexo Informativo\"},\"url\":\"https:\/\/www.nexoinformativo.mx\/index.php\/author\/edicion\/\"}]}<\/script>\n<!-- \/ Yoast SEO plugin. -->","yoast_head_json":{"title":"Mencho muere abatido por el Ej\u00e9rcito en operativo en Jalisco | Nexo Informativo Santiago de Quer\u00e9taro","robots":{"index":"index","follow":"follow","max-snippet":"max-snippet:-1","max-image-preview":"max-image-preview:large","max-video-preview":"max-video-preview:-1"},"canonical":"https:\/\/www.nexoinformativo.mx\/index.php\/2026\/02\/22\/mencho-muere-abatido-por-el-ejercito-en-operativo-en-jalisco\/","og_locale":"es_MX","og_type":"article","og_title":"Mencho muere abatido por el Ej\u00e9rcito en operativo en Jalisco | Nexo Informativo Santiago de Quer\u00e9taro","og_description":"Poner un mo\u00f1o negro a un lado de luto grande y terminar de poner el cabello","og_url":"https:\/\/www.nexoinformativo.mx\/index.php\/2026\/02\/22\/mencho-muere-abatido-por-el-ejercito-en-operativo-en-jalisco\/","og_site_name":"Nexo Informativo Santiago de Quer\u00e9taro","article_publisher":"https:\/\/www.facebook.com\/people\/Nexo-Informativo\/61564066885511\/","article_published_time":"2026-02-22T17:00:21+00:00","article_modified_time":"2026-02-22T18:18:48+00:00","og_image":[{"width":1024,"height":1024,"url":"https:\/\/www.nexoinformativo.mx\/wp-content\/uploads\/2026\/02\/copilot_image_1771784282657.jpeg","type":"image\/jpeg"}],"author":"Nexo Informativo","twitter_card":"summary_large_image","twitter_misc":{"Escrito por":"Nexo Informativo","Tiempo de lectura":"1 minuto"},"schema":{"@context":"https:\/\/schema.org","@graph":[{"@type":"Article","@id":"https:\/\/www.nexoinformativo.mx\/index.php\/2026\/02\/22\/mencho-muere-abatido-por-el-ejercito-en-operativo-en-jalisco\/#article","isPartOf":{"@id":"https:\/\/www.nexoinformativo.mx\/index.php\/2026\/02\/22\/mencho-muere-abatido-por-el-ejercito-en-operativo-en-jalisco\/"},"author":{"name":"Nexo Informativo","@id":"https:\/\/www.nexoinformativo.mx\/#\/schema\/person\/7749d380ba08c8ca00d7bc76fd907b7d"},"headline":"Mencho muere abatido por el Ej\u00e9rcito en operativo en Jalisco","datePublished":"2026-02-22T17:00:21+00:00","dateModified":"2026-02-22T18:18:48+00:00","mainEntityOfPage":{"@id":"https:\/\/www.nexoinformativo.mx\/index.php\/2026\/02\/22\/mencho-muere-abatido-por-el-ejercito-en-operativo-en-jalisco\/"},"wordCount":201,"commentCount":0,"publisher":{"@id":"https:\/\/www.nexoinformativo.mx\/#organization"},"image":{"@id":"https:\/\/www.nexoinformativo.mx\/index.php\/2026\/02\/22\/mencho-muere-abatido-por-el-ejercito-en-operativo-en-jalisco\/#primaryimage"},"thumbnailUrl":"https:\/\/www.nexoinformativo.mx\/wp-content\/uploads\/2026\/02\/copilot_image_1771784282657.jpeg","keywords":["CJNG","Jalisco","M\u00e9xico","Operativo","Seguridad"],"articleSection":["Nacional","Sucesos","\u00daltima Hora"],"inLanguage":"es","potentialAction":[{"@type":"CommentAction","name":"Comment","target":["https:\/\/www.nexoinformativo.mx\/index.php\/2026\/02\/22\/mencho-muere-abatido-por-el-ejercito-en-operativo-en-jalisco\/#respond"]}]},{"@type":"WebPage","@id":"https:\/\/www.nexoinformativo.mx\/index.php\/2026\/02\/22\/mencho-muere-abatido-por-el-ejercito-en-operativo-en-jalisco\/","url":"https:\/\/www.nexoinformativo.mx\/index.php\/2026\/02\/22\/mencho-muere-abatido-por-el-ejercito-en-operativo-en-jalisco\/","name":"Mencho muere abatido por el Ej\u00e9rcito en operativo en Jalisco | Nexo Informativo Santiago de Quer\u00e9taro","isPartOf":{"@id":"https:\/\/www.nexoinformativo.mx\/#website"},"primaryImageOfPage":{"@id":"https:\/\/www.nexoinformativo.mx\/index.php\/2026\/02\/22\/mencho-muere-abatido-por-el-ejercito-en-operativo-en-jalisco\/#primaryimage"},"image":{"@id":"https:\/\/www.nexoinformativo.mx\/index.php\/2026\/02\/22\/mencho-muere-abatido-por-el-ejercito-en-operativo-en-jalisco\/#primaryimage"},"thumbnailUrl":"https:\/\/www.nexoinformativo.mx\/wp-content\/uploads\/2026\/02\/copilot_image_1771784282657.jpeg","datePublished":"2026-02-22T17:00:21+00:00","dateModified":"2026-02-22T18:18:48+00:00","breadcrumb":{"@id":"https:\/\/www.nexoinformativo.mx\/index.php\/2026\/02\/22\/mencho-muere-abatido-por-el-ejercito-en-operativo-en-jalisco\/#breadcrumb"},"inLanguage":"es","potentialAction":[{"@type":"ReadAction","target":["https:\/\/www.nexoinformativo.mx\/index.php\/2026\/02\/22\/mencho-muere-abatido-por-el-ejercito-en-operativo-en-jalisco\/"]}]},{"@type":"ImageObject","inLanguage":"es","@id":"https:\/\/www.nexoinformativo.mx\/index.php\/2026\/02\/22\/mencho-muere-abatido-por-el-ejercito-en-operativo-en-jalisco\/#primaryimage","url":"https:\/\/www.nexoinformativo.mx\/wp-content\/uploads\/2026\/02\/copilot_image_1771784282657.jpeg","contentUrl":"https:\/\/www.nexoinformativo.mx\/wp-content\/uploads\/2026\/02\/copilot_image_1771784282657.jpeg","width":1024,"height":1024},{"@type":"BreadcrumbList","@id":"https:\/\/www.nexoinformativo.mx\/index.php\/2026\/02\/22\/mencho-muere-abatido-por-el-ejercito-en-operativo-en-jalisco\/#breadcrumb","itemListElement":[{"@type":"ListItem","position":1,"name":"Inicio","item":"https:\/\/www.nexoinformativo.mx\/"},{"@type":"ListItem","position":2,"name":"Mencho muere abatido por el Ej\u00e9rcito en operativo en Jalisco"}]},{"@type":"WebSite","@id":"https:\/\/www.nexoinformativo.mx\/#website","url":"https:\/\/www.nexoinformativo.mx\/","name":"Nexo Informativo Santiago de Quer\u00e9taro","description":"Explora NexoInformativo y convi\u00e9rtete en parte de una comunidad que valora el conocimiento y la verdad. Tu nexoinformativo es tu puente hacia una comprensi\u00f3n m\u00e1s profunda del mundo que te rodea.","publisher":{"@id":"https:\/\/www.nexoinformativo.mx\/#organization"},"potentialAction":[{"@type":"SearchAction","target":{"@type":"EntryPoint","urlTemplate":"https:\/\/www.nexoinformativo.mx\/?s={search_term_string}"},"query-input":{"@type":"PropertyValueSpecification","valueRequired":true,"valueName":"search_term_string"}}],"inLanguage":"es"},{"@type":"Organization","@id":"https:\/\/www.nexoinformativo.mx\/#organization","name":"Nexo Informativo Santiago de Quer\u00e9taro","url":"https:\/\/www.nexoinformativo.mx\/","logo":{"@type":"ImageObject","inLanguage":"es","@id":"https:\/\/www.nexoinformativo.mx\/#\/schema\/logo\/image\/","url":"https:\/\/www.nexoinformativo.mx\/wp-content\/uploads\/2024\/07\/nexoi-trasparente-2.png","contentUrl":"https:\/\/www.nexoinformativo.mx\/wp-content\/uploads\/2024\/07\/nexoi-trasparente-2.png","width":816,"height":339,"caption":"Nexo Informativo Santiago de Quer\u00e9taro"},"image":{"@id":"https:\/\/www.nexoinformativo.mx\/#\/schema\/logo\/image\/"},"sameAs":["https:\/\/www.facebook.com\/people\/Nexo-Informativo\/61564066885511\/"]},{"@type":"Person","@id":"https:\/\/www.nexoinformativo.mx\/#\/schema\/person\/7749d380ba08c8ca00d7bc76fd907b7d","name":"Nexo Informativo","image":{"@type":"ImageObject","inLanguage":"es","@id":"https:\/\/www.nexoinformativo.mx\/#\/schema\/person\/image\/","url":"https:\/\/secure.gravatar.com\/avatar\/dde2928154642a13d95f87ddf1ea9718fe2b46760a005c53e41ff5ad610704e6?s=96&d=mm&r=g","contentUrl":"https:\/\/secure.gravatar.com\/avatar\/dde2928154642a13d95f87ddf1ea9718fe2b46760a005c53e41ff5ad610704e6?s=96&d=mm&r=g","caption":"Nexo Informativo"},"url":"https:\/\/www.nexoinformativo.mx\/index.php\/author\/edicion\/"}]}},"_links":{"self":[{"href":"https:\/\/www.nexoinformativo.mx\/index.php\/wp-json\/wp\/v2\/posts\/17255","targetHints":{"allow":["GET"]}}],"collection":[{"href":"https:\/\/www.nexoinformativo.mx\/index.php\/wp-json\/wp\/v2\/posts"}],"about":[{"href":"https:\/\/www.nexoinformativo.mx\/index.php\/wp-json\/wp\/v2\/types\/post"}],"author":[{"embeddable":true,"href":"https:\/\/www.nexoinformativo.mx\/index.php\/wp-json\/wp\/v2\/users\/3"}],"replies":[{"embeddable":true,"href":"https:\/\/www.nexoinformativo.mx\/index.php\/wp-json\/wp\/v2\/comments?post=17255"}],"version-history":[{"count":1,"href":"https:\/\/www.nexoinformativo.mx\/index.php\/wp-json\/wp\/v2\/posts\/17255\/revisions"}],"predecessor-version":[{"id":17256,"href":"https:\/\/www.nexoinformativo.mx\/index.php\/wp-json\/wp\/v2\/posts\/17255\/revisions\/17256"}],"wp:featuredmedia":[{"embeddable":true,"href":"https:\/\/www.nexoinformativo.mx\/index.php\/wp-json\/wp\/v2\/media\/17254"}],"wp:attachment":[{"href":"https:\/\/www.nexoinformativo.mx\/index.php\/wp-json\/wp\/v2\/media?parent=17255"}],"wp:term":[{"taxonomy":"category","embeddable":true,"href":"https:\/\/www.nexoinformativo.mx\/index.php\/wp-json\/wp\/v2\/categories?post=17255"},{"taxonomy":"post_tag","embeddable":true,"href":"https:\/\/www.nexoinformativo.mx\/index.php\/wp-json\/wp\/v2\/tags?post=17255"}],"curies":[{"name":"wp","href":"https:\/\/api.w.org\/{rel}","templated":true}]}}