{"id":17258,"date":"2026-02-23T12:00:42","date_gmt":"2026-02-23T18:00:42","guid":{"rendered":"https:\/\/www.nexoinformativo.mx\/?p=17258"},"modified":"2026-02-23T16:07:57","modified_gmt":"2026-02-23T22:07:57","slug":"operativo-federal-frena-violencia-y-retira-85-bloqueos-carreteros-en-mexico","status":"publish","type":"post","link":"https:\/\/www.nexoinformativo.mx\/index.php\/2026\/02\/23\/operativo-federal-frena-violencia-y-retira-85-bloqueos-carreteros-en-mexico\/","title":{"rendered":"Operativo federal frena violencia y retira 85 bloqueos carreteros en M\u00e9xico"},"content":{"rendered":"\n<p>El secretario de Seguridad, Omar Garc\u00eda Harfuch, inform\u00f3 que tras los hechos violentos registrados el domingo en varias regiones, ya no hay bloqueos activos en carreteras federales. Durante la conferencia encabezada por la presidenta Claudia Sheinbaum desde Palacio Nacional, destac\u00f3 que la r\u00e1pida coordinaci\u00f3n entre autoridades permiti\u00f3 restablecer el orden y contener los ataques.<\/p>\n\n\n\n<p><br>Los disturbios se originaron luego de un operativo de alto impacto realizado por la Secretar\u00eda de la Defensa Nacional en la zona boscosa de Tapalpa, en Jalisco, lo que provoc\u00f3 reacciones criminales simult\u00e1neas como quema de veh\u00edculos, ataques a comercios y agresiones armadas contra autoridades. En total se registraron 85 bloqueos en carreteras de Baja California, Estado de M\u00e9xico, Michoac\u00e1n, Guanajuato, Guerrero, Oaxaca, Sinaloa, Tamaulipas, Veracruz y Zacatecas, siendo Jalisco la entidad con m\u00e1s casos.<\/p>\n\n\n\n<p><br>Como parte de la estrategia, se instal\u00f3 un centro de mando con personal de la Secretar\u00eda de Marina, la Fiscal\u00eda General de la Rep\u00fablica, la Secretar\u00eda de Seguridad y Protecci\u00f3n Ciudadana, el Centro Nacional de Inteligencia, la Secretar\u00eda de Gobernaci\u00f3n y la Guardia Nacional, lo que permiti\u00f3 controlar la situaci\u00f3n en pocas horas. Adem\u00e1s, se reportaron 70 detenidos en siete estados y 27 agresiones armadas contra corporaciones.<\/p>\n\n\n\n<p><br>El funcionario reconoci\u00f3 el trabajo del Ej\u00e9rcito, Fuerza A\u00e9rea y fuerzas federales, as\u00ed como el liderazgo del general Ricardo Trevilla Trejo, destacando que estas acciones debilitaron a una organizaci\u00f3n criminal internacional. El Gabinete de Seguridad mantendr\u00e1 el centro de mando activo y continuar\u00e1 informando a la ciudadan\u00eda.<\/p>\n","protected":false},"excerpt":{"rendered":"<p>El secretario de Seguridad, Omar Garc\u00eda Harfuch, inform\u00f3 que tras los hechos violentos registrados el domingo en varias regiones, ya no hay bloqueos activos en carreteras federales.<\/p>\n","protected":false},"author":3,"featured_media":17257,"comment_status":"open","ping_status":"open","sticky":false,"template":"","format":"standard","meta":{"footnotes":""},"categories":[42,137,58],"tags":[5126,261,1610,1632,131],"class_list":["post-17258","post","type-post","status-publish","format-standard","has-post-thumbnail","hentry","category-estado","category-sucesos","category-ultima-hora","tag-bloqueos","tag-detenidos","tag-mexico","tag-operativo","tag-seguridad"],"yoast_head":"<!-- This site is optimized with the Yoast SEO plugin v25.0 - https:\/\/yoast.com\/wordpress\/plugins\/seo\/ -->\n<title>Operativo federal frena violencia y retira 85 bloqueos carreteros en M\u00e9xico | Nexo Informativo Santiago de Quer\u00e9taro<\/title>\n<meta name=\"robots\" content=\"index, follow, max-snippet:-1, max-image-preview:large, max-video-preview:-1\" \/>\n<link rel=\"canonical\" href=\"https:\/\/www.nexoinformativo.mx\/index.php\/2026\/02\/23\/operativo-federal-frena-violencia-y-retira-85-bloqueos-carreteros-en-mexico\/\" \/>\n<meta property=\"og:locale\" content=\"es_MX\" \/>\n<meta property=\"og:type\" content=\"article\" \/>\n<meta property=\"og:title\" content=\"Operativo federal frena violencia y retira 85 bloqueos carreteros en M\u00e9xico | Nexo Informativo Santiago de Quer\u00e9taro\" \/>\n<meta property=\"og:description\" content=\"El secretario de Seguridad, Omar Garc\u00eda Harfuch, inform\u00f3 que tras los hechos violentos registrados el domingo en varias regiones, ya no hay bloqueos activos en carreteras federales.\" \/>\n<meta property=\"og:url\" content=\"https:\/\/www.nexoinformativo.mx\/index.php\/2026\/02\/23\/operativo-federal-frena-violencia-y-retira-85-bloqueos-carreteros-en-mexico\/\" \/>\n<meta property=\"og:site_name\" content=\"Nexo Informativo Santiago de Quer\u00e9taro\" \/>\n<meta property=\"article:publisher\" content=\"https:\/\/www.facebook.com\/people\/Nexo-Informativo\/61564066885511\/\" \/>\n<meta property=\"article:published_time\" content=\"2026-02-23T18:00:42+00:00\" \/>\n<meta property=\"article:modified_time\" content=\"2026-02-23T22:07:57+00:00\" \/>\n<meta property=\"og:image\" content=\"https:\/\/www.nexoinformativo.mx\/wp-content\/uploads\/2026\/02\/FB_IMG_1771884179668.jpg\" \/>\n\t<meta property=\"og:image:width\" content=\"856\" \/>\n\t<meta property=\"og:image:height\" content=\"748\" \/>\n\t<meta property=\"og:image:type\" content=\"image\/jpeg\" \/>\n<meta name=\"author\" content=\"Nexo Informativo\" \/>\n<meta name=\"twitter:card\" content=\"summary_large_image\" \/>\n<meta name=\"twitter:label1\" content=\"Escrito por\" \/>\n\t<meta name=\"twitter:data1\" content=\"Nexo Informativo\" \/>\n\t<meta name=\"twitter:label2\" content=\"Tiempo de lectura\" \/>\n\t<meta name=\"twitter:data2\" content=\"1 minuto\" \/>\n<script type=\"application\/ld+json\" class=\"yoast-schema-graph\">{\"@context\":\"https:\/\/schema.org\",\"@graph\":[{\"@type\":\"Article\",\"@id\":\"https:\/\/www.nexoinformativo.mx\/index.php\/2026\/02\/23\/operativo-federal-frena-violencia-y-retira-85-bloqueos-carreteros-en-mexico\/#article\",\"isPartOf\":{\"@id\":\"https:\/\/www.nexoinformativo.mx\/index.php\/2026\/02\/23\/operativo-federal-frena-violencia-y-retira-85-bloqueos-carreteros-en-mexico\/\"},\"author\":{\"name\":\"Nexo Informativo\",\"@id\":\"https:\/\/www.nexoinformativo.mx\/#\/schema\/person\/7749d380ba08c8ca00d7bc76fd907b7d\"},\"headline\":\"Operativo federal frena violencia y retira 85 bloqueos carreteros en M\u00e9xico\",\"datePublished\":\"2026-02-23T18:00:42+00:00\",\"dateModified\":\"2026-02-23T22:07:57+00:00\",\"mainEntityOfPage\":{\"@id\":\"https:\/\/www.nexoinformativo.mx\/index.php\/2026\/02\/23\/operativo-federal-frena-violencia-y-retira-85-bloqueos-carreteros-en-mexico\/\"},\"wordCount\":273,\"commentCount\":0,\"publisher\":{\"@id\":\"https:\/\/www.nexoinformativo.mx\/#organization\"},\"image\":{\"@id\":\"https:\/\/www.nexoinformativo.mx\/index.php\/2026\/02\/23\/operativo-federal-frena-violencia-y-retira-85-bloqueos-carreteros-en-mexico\/#primaryimage\"},\"thumbnailUrl\":\"https:\/\/www.nexoinformativo.mx\/wp-content\/uploads\/2026\/02\/FB_IMG_1771884179668.jpg\",\"keywords\":[\"Bloqueos\",\"detenidos\",\"M\u00e9xico\",\"Operativo\",\"Seguridad\"],\"articleSection\":[\"Estado\",\"Sucesos\",\"\u00daltima Hora\"],\"inLanguage\":\"es\",\"potentialAction\":[{\"@type\":\"CommentAction\",\"name\":\"Comment\",\"target\":[\"https:\/\/www.nexoinformativo.mx\/index.php\/2026\/02\/23\/operativo-federal-frena-violencia-y-retira-85-bloqueos-carreteros-en-mexico\/#respond\"]}]},{\"@type\":\"WebPage\",\"@id\":\"https:\/\/www.nexoinformativo.mx\/index.php\/2026\/02\/23\/operativo-federal-frena-violencia-y-retira-85-bloqueos-carreteros-en-mexico\/\",\"url\":\"https:\/\/www.nexoinformativo.mx\/index.php\/2026\/02\/23\/operativo-federal-frena-violencia-y-retira-85-bloqueos-carreteros-en-mexico\/\",\"name\":\"Operativo federal frena violencia y retira 85 bloqueos carreteros en M\u00e9xico | Nexo Informativo Santiago de Quer\u00e9taro\",\"isPartOf\":{\"@id\":\"https:\/\/www.nexoinformativo.mx\/#website\"},\"primaryImageOfPage\":{\"@id\":\"https:\/\/www.nexoinformativo.mx\/index.php\/2026\/02\/23\/operativo-federal-frena-violencia-y-retira-85-bloqueos-carreteros-en-mexico\/#primaryimage\"},\"image\":{\"@id\":\"https:\/\/www.nexoinformativo.mx\/index.php\/2026\/02\/23\/operativo-federal-frena-violencia-y-retira-85-bloqueos-carreteros-en-mexico\/#primaryimage\"},\"thumbnailUrl\":\"https:\/\/www.nexoinformativo.mx\/wp-content\/uploads\/2026\/02\/FB_IMG_1771884179668.jpg\",\"datePublished\":\"2026-02-23T18:00:42+00:00\",\"dateModified\":\"2026-02-23T22:07:57+00:00\",\"breadcrumb\":{\"@id\":\"https:\/\/www.nexoinformativo.mx\/index.php\/2026\/02\/23\/operativo-federal-frena-violencia-y-retira-85-bloqueos-carreteros-en-mexico\/#breadcrumb\"},\"inLanguage\":\"es\",\"potentialAction\":[{\"@type\":\"ReadAction\",\"target\":[\"https:\/\/www.nexoinformativo.mx\/index.php\/2026\/02\/23\/operativo-federal-frena-violencia-y-retira-85-bloqueos-carreteros-en-mexico\/\"]}]},{\"@type\":\"ImageObject\",\"inLanguage\":\"es\",\"@id\":\"https:\/\/www.nexoinformativo.mx\/index.php\/2026\/02\/23\/operativo-federal-frena-violencia-y-retira-85-bloqueos-carreteros-en-mexico\/#primaryimage\",\"url\":\"https:\/\/www.nexoinformativo.mx\/wp-content\/uploads\/2026\/02\/FB_IMG_1771884179668.jpg\",\"contentUrl\":\"https:\/\/www.nexoinformativo.mx\/wp-content\/uploads\/2026\/02\/FB_IMG_1771884179668.jpg\",\"width\":856,\"height\":748},{\"@type\":\"BreadcrumbList\",\"@id\":\"https:\/\/www.nexoinformativo.mx\/index.php\/2026\/02\/23\/operativo-federal-frena-violencia-y-retira-85-bloqueos-carreteros-en-mexico\/#breadcrumb\",\"itemListElement\":[{\"@type\":\"ListItem\",\"position\":1,\"name\":\"Inicio\",\"item\":\"https:\/\/www.nexoinformativo.mx\/\"},{\"@type\":\"ListItem\",\"position\":2,\"name\":\"Operativo federal frena violencia y retira 85 bloqueos carreteros en M\u00e9xico\"}]},{\"@type\":\"WebSite\",\"@id\":\"https:\/\/www.nexoinformativo.mx\/#website\",\"url\":\"https:\/\/www.nexoinformativo.mx\/\",\"name\":\"Nexo Informativo Santiago de Quer\u00e9taro\",\"description\":\"Explora NexoInformativo y convi\u00e9rtete en parte de una comunidad que valora el conocimiento y la verdad. Tu nexoinformativo es tu puente hacia una comprensi\u00f3n m\u00e1s profunda del mundo que te rodea.\",\"publisher\":{\"@id\":\"https:\/\/www.nexoinformativo.mx\/#organization\"},\"potentialAction\":[{\"@type\":\"SearchAction\",\"target\":{\"@type\":\"EntryPoint\",\"urlTemplate\":\"https:\/\/www.nexoinformativo.mx\/?s={search_term_string}\"},\"query-input\":{\"@type\":\"PropertyValueSpecification\",\"valueRequired\":true,\"valueName\":\"search_term_string\"}}],\"inLanguage\":\"es\"},{\"@type\":\"Organization\",\"@id\":\"https:\/\/www.nexoinformativo.mx\/#organization\",\"name\":\"Nexo Informativo Santiago de Quer\u00e9taro\",\"url\":\"https:\/\/www.nexoinformativo.mx\/\",\"logo\":{\"@type\":\"ImageObject\",\"inLanguage\":\"es\",\"@id\":\"https:\/\/www.nexoinformativo.mx\/#\/schema\/logo\/image\/\",\"url\":\"https:\/\/www.nexoinformativo.mx\/wp-content\/uploads\/2024\/07\/nexoi-trasparente-2.png\",\"contentUrl\":\"https:\/\/www.nexoinformativo.mx\/wp-content\/uploads\/2024\/07\/nexoi-trasparente-2.png\",\"width\":816,\"height\":339,\"caption\":\"Nexo Informativo Santiago de Quer\u00e9taro\"},\"image\":{\"@id\":\"https:\/\/www.nexoinformativo.mx\/#\/schema\/logo\/image\/\"},\"sameAs\":[\"https:\/\/www.facebook.com\/people\/Nexo-Informativo\/61564066885511\/\"]},{\"@type\":\"Person\",\"@id\":\"https:\/\/www.nexoinformativo.mx\/#\/schema\/person\/7749d380ba08c8ca00d7bc76fd907b7d\",\"name\":\"Nexo Informativo\",\"image\":{\"@type\":\"ImageObject\",\"inLanguage\":\"es\",\"@id\":\"https:\/\/www.nexoinformativo.mx\/#\/schema\/person\/image\/\",\"url\":\"https:\/\/secure.gravatar.com\/avatar\/dde2928154642a13d95f87ddf1ea9718fe2b46760a005c53e41ff5ad610704e6?s=96&d=mm&r=g\",\"contentUrl\":\"https:\/\/secure.gravatar.com\/avatar\/dde2928154642a13d95f87ddf1ea9718fe2b46760a005c53e41ff5ad610704e6?s=96&d=mm&r=g\",\"caption\":\"Nexo Informativo\"},\"url\":\"https:\/\/www.nexoinformativo.mx\/index.php\/author\/edicion\/\"}]}<\/script>\n<!-- \/ Yoast SEO plugin. -->","yoast_head_json":{"title":"Operativo federal frena violencia y retira 85 bloqueos carreteros en M\u00e9xico | Nexo Informativo Santiago de Quer\u00e9taro","robots":{"index":"index","follow":"follow","max-snippet":"max-snippet:-1","max-image-preview":"max-image-preview:large","max-video-preview":"max-video-preview:-1"},"canonical":"https:\/\/www.nexoinformativo.mx\/index.php\/2026\/02\/23\/operativo-federal-frena-violencia-y-retira-85-bloqueos-carreteros-en-mexico\/","og_locale":"es_MX","og_type":"article","og_title":"Operativo federal frena violencia y retira 85 bloqueos carreteros en M\u00e9xico | Nexo Informativo Santiago de Quer\u00e9taro","og_description":"El secretario de Seguridad, Omar Garc\u00eda Harfuch, inform\u00f3 que tras los hechos violentos registrados el domingo en varias regiones, ya no hay bloqueos activos en carreteras federales.","og_url":"https:\/\/www.nexoinformativo.mx\/index.php\/2026\/02\/23\/operativo-federal-frena-violencia-y-retira-85-bloqueos-carreteros-en-mexico\/","og_site_name":"Nexo Informativo Santiago de Quer\u00e9taro","article_publisher":"https:\/\/www.facebook.com\/people\/Nexo-Informativo\/61564066885511\/","article_published_time":"2026-02-23T18:00:42+00:00","article_modified_time":"2026-02-23T22:07:57+00:00","og_image":[{"width":856,"height":748,"url":"https:\/\/www.nexoinformativo.mx\/wp-content\/uploads\/2026\/02\/FB_IMG_1771884179668.jpg","type":"image\/jpeg"}],"author":"Nexo Informativo","twitter_card":"summary_large_image","twitter_misc":{"Escrito por":"Nexo Informativo","Tiempo de lectura":"1 minuto"},"schema":{"@context":"https:\/\/schema.org","@graph":[{"@type":"Article","@id":"https:\/\/www.nexoinformativo.mx\/index.php\/2026\/02\/23\/operativo-federal-frena-violencia-y-retira-85-bloqueos-carreteros-en-mexico\/#article","isPartOf":{"@id":"https:\/\/www.nexoinformativo.mx\/index.php\/2026\/02\/23\/operativo-federal-frena-violencia-y-retira-85-bloqueos-carreteros-en-mexico\/"},"author":{"name":"Nexo Informativo","@id":"https:\/\/www.nexoinformativo.mx\/#\/schema\/person\/7749d380ba08c8ca00d7bc76fd907b7d"},"headline":"Operativo federal frena violencia y retira 85 bloqueos carreteros en M\u00e9xico","datePublished":"2026-02-23T18:00:42+00:00","dateModified":"2026-02-23T22:07:57+00:00","mainEntityOfPage":{"@id":"https:\/\/www.nexoinformativo.mx\/index.php\/2026\/02\/23\/operativo-federal-frena-violencia-y-retira-85-bloqueos-carreteros-en-mexico\/"},"wordCount":273,"commentCount":0,"publisher":{"@id":"https:\/\/www.nexoinformativo.mx\/#organization"},"image":{"@id":"https:\/\/www.nexoinformativo.mx\/index.php\/2026\/02\/23\/operativo-federal-frena-violencia-y-retira-85-bloqueos-carreteros-en-mexico\/#primaryimage"},"thumbnailUrl":"https:\/\/www.nexoinformativo.mx\/wp-content\/uploads\/2026\/02\/FB_IMG_1771884179668.jpg","keywords":["Bloqueos","detenidos","M\u00e9xico","Operativo","Seguridad"],"articleSection":["Estado","Sucesos","\u00daltima Hora"],"inLanguage":"es","potentialAction":[{"@type":"CommentAction","name":"Comment","target":["https:\/\/www.nexoinformativo.mx\/index.php\/2026\/02\/23\/operativo-federal-frena-violencia-y-retira-85-bloqueos-carreteros-en-mexico\/#respond"]}]},{"@type":"WebPage","@id":"https:\/\/www.nexoinformativo.mx\/index.php\/2026\/02\/23\/operativo-federal-frena-violencia-y-retira-85-bloqueos-carreteros-en-mexico\/","url":"https:\/\/www.nexoinformativo.mx\/index.php\/2026\/02\/23\/operativo-federal-frena-violencia-y-retira-85-bloqueos-carreteros-en-mexico\/","name":"Operativo federal frena violencia y retira 85 bloqueos carreteros en M\u00e9xico | Nexo Informativo Santiago de Quer\u00e9taro","isPartOf":{"@id":"https:\/\/www.nexoinformativo.mx\/#website"},"primaryImageOfPage":{"@id":"https:\/\/www.nexoinformativo.mx\/index.php\/2026\/02\/23\/operativo-federal-frena-violencia-y-retira-85-bloqueos-carreteros-en-mexico\/#primaryimage"},"image":{"@id":"https:\/\/www.nexoinformativo.mx\/index.php\/2026\/02\/23\/operativo-federal-frena-violencia-y-retira-85-bloqueos-carreteros-en-mexico\/#primaryimage"},"thumbnailUrl":"https:\/\/www.nexoinformativo.mx\/wp-content\/uploads\/2026\/02\/FB_IMG_1771884179668.jpg","datePublished":"2026-02-23T18:00:42+00:00","dateModified":"2026-02-23T22:07:57+00:00","breadcrumb":{"@id":"https:\/\/www.nexoinformativo.mx\/index.php\/2026\/02\/23\/operativo-federal-frena-violencia-y-retira-85-bloqueos-carreteros-en-mexico\/#breadcrumb"},"inLanguage":"es","potentialAction":[{"@type":"ReadAction","target":["https:\/\/www.nexoinformativo.mx\/index.php\/2026\/02\/23\/operativo-federal-frena-violencia-y-retira-85-bloqueos-carreteros-en-mexico\/"]}]},{"@type":"ImageObject","inLanguage":"es","@id":"https:\/\/www.nexoinformativo.mx\/index.php\/2026\/02\/23\/operativo-federal-frena-violencia-y-retira-85-bloqueos-carreteros-en-mexico\/#primaryimage","url":"https:\/\/www.nexoinformativo.mx\/wp-content\/uploads\/2026\/02\/FB_IMG_1771884179668.jpg","contentUrl":"https:\/\/www.nexoinformativo.mx\/wp-content\/uploads\/2026\/02\/FB_IMG_1771884179668.jpg","width":856,"height":748},{"@type":"BreadcrumbList","@id":"https:\/\/www.nexoinformativo.mx\/index.php\/2026\/02\/23\/operativo-federal-frena-violencia-y-retira-85-bloqueos-carreteros-en-mexico\/#breadcrumb","itemListElement":[{"@type":"ListItem","position":1,"name":"Inicio","item":"https:\/\/www.nexoinformativo.mx\/"},{"@type":"ListItem","position":2,"name":"Operativo federal frena violencia y retira 85 bloqueos carreteros en M\u00e9xico"}]},{"@type":"WebSite","@id":"https:\/\/www.nexoinformativo.mx\/#website","url":"https:\/\/www.nexoinformativo.mx\/","name":"Nexo Informativo Santiago de Quer\u00e9taro","description":"Explora NexoInformativo y convi\u00e9rtete en parte de una comunidad que valora el conocimiento y la verdad. Tu nexoinformativo es tu puente hacia una comprensi\u00f3n m\u00e1s profunda del mundo que te rodea.","publisher":{"@id":"https:\/\/www.nexoinformativo.mx\/#organization"},"potentialAction":[{"@type":"SearchAction","target":{"@type":"EntryPoint","urlTemplate":"https:\/\/www.nexoinformativo.mx\/?s={search_term_string}"},"query-input":{"@type":"PropertyValueSpecification","valueRequired":true,"valueName":"search_term_string"}}],"inLanguage":"es"},{"@type":"Organization","@id":"https:\/\/www.nexoinformativo.mx\/#organization","name":"Nexo Informativo Santiago de Quer\u00e9taro","url":"https:\/\/www.nexoinformativo.mx\/","logo":{"@type":"ImageObject","inLanguage":"es","@id":"https:\/\/www.nexoinformativo.mx\/#\/schema\/logo\/image\/","url":"https:\/\/www.nexoinformativo.mx\/wp-content\/uploads\/2024\/07\/nexoi-trasparente-2.png","contentUrl":"https:\/\/www.nexoinformativo.mx\/wp-content\/uploads\/2024\/07\/nexoi-trasparente-2.png","width":816,"height":339,"caption":"Nexo Informativo Santiago de Quer\u00e9taro"},"image":{"@id":"https:\/\/www.nexoinformativo.mx\/#\/schema\/logo\/image\/"},"sameAs":["https:\/\/www.facebook.com\/people\/Nexo-Informativo\/61564066885511\/"]},{"@type":"Person","@id":"https:\/\/www.nexoinformativo.mx\/#\/schema\/person\/7749d380ba08c8ca00d7bc76fd907b7d","name":"Nexo Informativo","image":{"@type":"ImageObject","inLanguage":"es","@id":"https:\/\/www.nexoinformativo.mx\/#\/schema\/person\/image\/","url":"https:\/\/secure.gravatar.com\/avatar\/dde2928154642a13d95f87ddf1ea9718fe2b46760a005c53e41ff5ad610704e6?s=96&d=mm&r=g","contentUrl":"https:\/\/secure.gravatar.com\/avatar\/dde2928154642a13d95f87ddf1ea9718fe2b46760a005c53e41ff5ad610704e6?s=96&d=mm&r=g","caption":"Nexo Informativo"},"url":"https:\/\/www.nexoinformativo.mx\/index.php\/author\/edicion\/"}]}},"_links":{"self":[{"href":"https:\/\/www.nexoinformativo.mx\/index.php\/wp-json\/wp\/v2\/posts\/17258","targetHints":{"allow":["GET"]}}],"collection":[{"href":"https:\/\/www.nexoinformativo.mx\/index.php\/wp-json\/wp\/v2\/posts"}],"about":[{"href":"https:\/\/www.nexoinformativo.mx\/index.php\/wp-json\/wp\/v2\/types\/post"}],"author":[{"embeddable":true,"href":"https:\/\/www.nexoinformativo.mx\/index.php\/wp-json\/wp\/v2\/users\/3"}],"replies":[{"embeddable":true,"href":"https:\/\/www.nexoinformativo.mx\/index.php\/wp-json\/wp\/v2\/comments?post=17258"}],"version-history":[{"count":1,"href":"https:\/\/www.nexoinformativo.mx\/index.php\/wp-json\/wp\/v2\/posts\/17258\/revisions"}],"predecessor-version":[{"id":17259,"href":"https:\/\/www.nexoinformativo.mx\/index.php\/wp-json\/wp\/v2\/posts\/17258\/revisions\/17259"}],"wp:featuredmedia":[{"embeddable":true,"href":"https:\/\/www.nexoinformativo.mx\/index.php\/wp-json\/wp\/v2\/media\/17257"}],"wp:attachment":[{"href":"https:\/\/www.nexoinformativo.mx\/index.php\/wp-json\/wp\/v2\/media?parent=17258"}],"wp:term":[{"taxonomy":"category","embeddable":true,"href":"https:\/\/www.nexoinformativo.mx\/index.php\/wp-json\/wp\/v2\/categories?post=17258"},{"taxonomy":"post_tag","embeddable":true,"href":"https:\/\/www.nexoinformativo.mx\/index.php\/wp-json\/wp\/v2\/tags?post=17258"}],"curies":[{"name":"wp","href":"https:\/\/api.w.org\/{rel}","templated":true}]}}