{"id":17264,"date":"2026-03-10T11:16:16","date_gmt":"2026-03-10T17:16:16","guid":{"rendered":"https:\/\/www.nexoinformativo.mx\/?p=17264"},"modified":"2026-03-10T11:18:08","modified_gmt":"2026-03-10T17:18:08","slug":"segun-sheinbaum-los-homicidios-en-mexico-bajan-un-44-y-febrero-es-el-mes-mas-seguro-en-una-decada","status":"publish","type":"post","link":"https:\/\/www.nexoinformativo.mx\/index.php\/2026\/03\/10\/segun-sheinbaum-los-homicidios-en-mexico-bajan-un-44-y-febrero-es-el-mes-mas-seguro-en-una-decada\/","title":{"rendered":"Seg\u00fan Sheinbaum, los homicidios en M\u00e9xico bajan un 44% y febrero es el mes m\u00e1s seguro en una d\u00e9cada"},"content":{"rendered":"\n<p><br>La presidenta Claudia Sheinbaum inform\u00f3 que, gracias a la Estrategia Nacional de Seguridad, los homicidios dolosos en M\u00e9xico disminuyeron un 44% entre septiembre de 2024 y febrero de 2026. Durante su conferencia matutina, destac\u00f3 que febrero de este a\u00f1o se consolid\u00f3 como el mes con menos violencia en la \u00faltima d\u00e9cada, logrando reducir el promedio diario de v\u00edctimas de 86.9 a 48.8, lo que representa 38 muertes menos cada d\u00eda.<\/p>\n\n\n\n<p><br>Este avance en la seguridad nacional es el resultado de una mayor coordinaci\u00f3n con los estados y el fortalecimiento de las labores de inteligencia e investigaci\u00f3n. Seg\u00fan las cifras oficiales, estas acciones permitieron la detenci\u00f3n de 46 mil 405 personas por delitos de alto impacto, as\u00ed como el decomiso de m\u00e1s de 24 mil armas de fuego y 346 toneladas de droga. Adem\u00e1s, se inform\u00f3 sobre el desmantelamiento de 2 mil 318 laboratorios clandestinos y un fuerte golpe a la extorsi\u00f3n con la captura de 907 delincuentes.<\/p>\n\n\n\n<p><br>Finalmente, el Gobierno de M\u00e9xico reafirm\u00f3 que su estrategia tambi\u00e9n se enfoca en atender las causas de la violencia mediante programas sociales y educativos. Como parte de este esfuerzo, se anunci\u00f3 la construcci\u00f3n y ampliaci\u00f3n de 500 planteles de bachillerato para ofrecer espacios de estudio a 200 mil j\u00f3venes. Con estas medidas, se busca no solo combatir el crimen con inteligencia, sino brindar mejores oportunidades a las nuevas generaciones para alejarlas de la delincuencia.<\/p>\n","protected":false},"excerpt":{"rendered":"<p>La presidenta de M\u00e9xico, Claudia Sheinbaum Pardo, destac\u00f3 que, gracias a la Estrategia Nacional de Seguridad, los homicidios dolosos en el pa\u00eds disminuyeron un 44 por ciento entre septiembre de 2024 y febrero de 2026.<\/p>\n","protected":false},"author":3,"featured_media":17263,"comment_status":"open","ping_status":"open","sticky":false,"template":"","format":"standard","meta":{"footnotes":""},"categories":[88,58],"tags":[967,5130,5129,2729,1175],"class_list":["post-17264","post","type-post","status-publish","format-standard","has-post-thumbnail","hentry","category-nacional","category-ultima-hora","tag-claudiasheinbaum","tag-estrategiadeseguridad","tag-homicidiosmexico","tag-pazenmexico","tag-seguridadmexico"],"yoast_head":"<!-- This site is optimized with the Yoast SEO plugin v25.0 - https:\/\/yoast.com\/wordpress\/plugins\/seo\/ -->\n<title>Seg\u00fan Sheinbaum, los homicidios en M\u00e9xico bajan un 44% y febrero es el mes m\u00e1s seguro en una d\u00e9cada | Nexo Informativo Santiago de Quer\u00e9taro<\/title>\n<meta name=\"robots\" content=\"index, follow, max-snippet:-1, max-image-preview:large, max-video-preview:-1\" \/>\n<link rel=\"canonical\" href=\"https:\/\/www.nexoinformativo.mx\/index.php\/2026\/03\/10\/segun-sheinbaum-los-homicidios-en-mexico-bajan-un-44-y-febrero-es-el-mes-mas-seguro-en-una-decada\/\" \/>\n<meta property=\"og:locale\" content=\"es_MX\" \/>\n<meta property=\"og:type\" content=\"article\" \/>\n<meta property=\"og:title\" content=\"Seg\u00fan Sheinbaum, los homicidios en M\u00e9xico bajan un 44% y febrero es el mes m\u00e1s seguro en una d\u00e9cada | Nexo Informativo Santiago de Quer\u00e9taro\" \/>\n<meta property=\"og:description\" content=\"La presidenta de M\u00e9xico, Claudia Sheinbaum Pardo, destac\u00f3 que, gracias a la Estrategia Nacional de Seguridad, los homicidios dolosos en el pa\u00eds disminuyeron un 44 por ciento entre septiembre de 2024 y febrero de 2026.\" \/>\n<meta property=\"og:url\" content=\"https:\/\/www.nexoinformativo.mx\/index.php\/2026\/03\/10\/segun-sheinbaum-los-homicidios-en-mexico-bajan-un-44-y-febrero-es-el-mes-mas-seguro-en-una-decada\/\" \/>\n<meta property=\"og:site_name\" content=\"Nexo Informativo Santiago de Quer\u00e9taro\" \/>\n<meta property=\"article:publisher\" content=\"https:\/\/www.facebook.com\/people\/Nexo-Informativo\/61564066885511\/\" \/>\n<meta property=\"article:published_time\" content=\"2026-03-10T17:16:16+00:00\" \/>\n<meta property=\"article:modified_time\" content=\"2026-03-10T17:18:08+00:00\" \/>\n<meta property=\"og:image\" content=\"https:\/\/www.nexoinformativo.mx\/wp-content\/uploads\/2026\/03\/post_2026-03-10_Conferencia_de_prensa_matutina_-_Palacio_Nacional_14_GM.jpg\" \/>\n\t<meta property=\"og:image:width\" content=\"650\" \/>\n\t<meta property=\"og:image:height\" content=\"380\" \/>\n\t<meta property=\"og:image:type\" content=\"image\/jpeg\" \/>\n<meta name=\"author\" content=\"Nexo Informativo\" \/>\n<meta name=\"twitter:card\" content=\"summary_large_image\" \/>\n<meta name=\"twitter:label1\" content=\"Escrito por\" \/>\n\t<meta name=\"twitter:data1\" content=\"Nexo Informativo\" \/>\n\t<meta name=\"twitter:label2\" content=\"Tiempo de lectura\" \/>\n\t<meta name=\"twitter:data2\" content=\"1 minuto\" \/>\n<script type=\"application\/ld+json\" class=\"yoast-schema-graph\">{\"@context\":\"https:\/\/schema.org\",\"@graph\":[{\"@type\":\"Article\",\"@id\":\"https:\/\/www.nexoinformativo.mx\/index.php\/2026\/03\/10\/segun-sheinbaum-los-homicidios-en-mexico-bajan-un-44-y-febrero-es-el-mes-mas-seguro-en-una-decada\/#article\",\"isPartOf\":{\"@id\":\"https:\/\/www.nexoinformativo.mx\/index.php\/2026\/03\/10\/segun-sheinbaum-los-homicidios-en-mexico-bajan-un-44-y-febrero-es-el-mes-mas-seguro-en-una-decada\/\"},\"author\":{\"name\":\"Nexo Informativo\",\"@id\":\"https:\/\/www.nexoinformativo.mx\/#\/schema\/person\/7749d380ba08c8ca00d7bc76fd907b7d\"},\"headline\":\"Seg\u00fan Sheinbaum, los homicidios en M\u00e9xico bajan un 44% y febrero es el mes m\u00e1s seguro en una d\u00e9cada\",\"datePublished\":\"2026-03-10T17:16:16+00:00\",\"dateModified\":\"2026-03-10T17:18:08+00:00\",\"mainEntityOfPage\":{\"@id\":\"https:\/\/www.nexoinformativo.mx\/index.php\/2026\/03\/10\/segun-sheinbaum-los-homicidios-en-mexico-bajan-un-44-y-febrero-es-el-mes-mas-seguro-en-una-decada\/\"},\"wordCount\":255,\"commentCount\":0,\"publisher\":{\"@id\":\"https:\/\/www.nexoinformativo.mx\/#organization\"},\"image\":{\"@id\":\"https:\/\/www.nexoinformativo.mx\/index.php\/2026\/03\/10\/segun-sheinbaum-los-homicidios-en-mexico-bajan-un-44-y-febrero-es-el-mes-mas-seguro-en-una-decada\/#primaryimage\"},\"thumbnailUrl\":\"https:\/\/www.nexoinformativo.mx\/wp-content\/uploads\/2026\/03\/post_2026-03-10_Conferencia_de_prensa_matutina_-_Palacio_Nacional_14_GM.jpg\",\"keywords\":[\"ClaudiaSheinbaum\",\"EstrategiaDeSeguridad\",\"HomicidiosM\u00e9xico\",\"PazEnM\u00e9xico\",\"SeguridadM\u00e9xico\"],\"articleSection\":[\"Nacional\",\"\u00daltima Hora\"],\"inLanguage\":\"es\",\"potentialAction\":[{\"@type\":\"CommentAction\",\"name\":\"Comment\",\"target\":[\"https:\/\/www.nexoinformativo.mx\/index.php\/2026\/03\/10\/segun-sheinbaum-los-homicidios-en-mexico-bajan-un-44-y-febrero-es-el-mes-mas-seguro-en-una-decada\/#respond\"]}]},{\"@type\":\"WebPage\",\"@id\":\"https:\/\/www.nexoinformativo.mx\/index.php\/2026\/03\/10\/segun-sheinbaum-los-homicidios-en-mexico-bajan-un-44-y-febrero-es-el-mes-mas-seguro-en-una-decada\/\",\"url\":\"https:\/\/www.nexoinformativo.mx\/index.php\/2026\/03\/10\/segun-sheinbaum-los-homicidios-en-mexico-bajan-un-44-y-febrero-es-el-mes-mas-seguro-en-una-decada\/\",\"name\":\"Seg\u00fan Sheinbaum, los homicidios en M\u00e9xico bajan un 44% y febrero es el mes m\u00e1s seguro en una d\u00e9cada | Nexo Informativo Santiago de Quer\u00e9taro\",\"isPartOf\":{\"@id\":\"https:\/\/www.nexoinformativo.mx\/#website\"},\"primaryImageOfPage\":{\"@id\":\"https:\/\/www.nexoinformativo.mx\/index.php\/2026\/03\/10\/segun-sheinbaum-los-homicidios-en-mexico-bajan-un-44-y-febrero-es-el-mes-mas-seguro-en-una-decada\/#primaryimage\"},\"image\":{\"@id\":\"https:\/\/www.nexoinformativo.mx\/index.php\/2026\/03\/10\/segun-sheinbaum-los-homicidios-en-mexico-bajan-un-44-y-febrero-es-el-mes-mas-seguro-en-una-decada\/#primaryimage\"},\"thumbnailUrl\":\"https:\/\/www.nexoinformativo.mx\/wp-content\/uploads\/2026\/03\/post_2026-03-10_Conferencia_de_prensa_matutina_-_Palacio_Nacional_14_GM.jpg\",\"datePublished\":\"2026-03-10T17:16:16+00:00\",\"dateModified\":\"2026-03-10T17:18:08+00:00\",\"breadcrumb\":{\"@id\":\"https:\/\/www.nexoinformativo.mx\/index.php\/2026\/03\/10\/segun-sheinbaum-los-homicidios-en-mexico-bajan-un-44-y-febrero-es-el-mes-mas-seguro-en-una-decada\/#breadcrumb\"},\"inLanguage\":\"es\",\"potentialAction\":[{\"@type\":\"ReadAction\",\"target\":[\"https:\/\/www.nexoinformativo.mx\/index.php\/2026\/03\/10\/segun-sheinbaum-los-homicidios-en-mexico-bajan-un-44-y-febrero-es-el-mes-mas-seguro-en-una-decada\/\"]}]},{\"@type\":\"ImageObject\",\"inLanguage\":\"es\",\"@id\":\"https:\/\/www.nexoinformativo.mx\/index.php\/2026\/03\/10\/segun-sheinbaum-los-homicidios-en-mexico-bajan-un-44-y-febrero-es-el-mes-mas-seguro-en-una-decada\/#primaryimage\",\"url\":\"https:\/\/www.nexoinformativo.mx\/wp-content\/uploads\/2026\/03\/post_2026-03-10_Conferencia_de_prensa_matutina_-_Palacio_Nacional_14_GM.jpg\",\"contentUrl\":\"https:\/\/www.nexoinformativo.mx\/wp-content\/uploads\/2026\/03\/post_2026-03-10_Conferencia_de_prensa_matutina_-_Palacio_Nacional_14_GM.jpg\",\"width\":650,\"height\":380},{\"@type\":\"BreadcrumbList\",\"@id\":\"https:\/\/www.nexoinformativo.mx\/index.php\/2026\/03\/10\/segun-sheinbaum-los-homicidios-en-mexico-bajan-un-44-y-febrero-es-el-mes-mas-seguro-en-una-decada\/#breadcrumb\",\"itemListElement\":[{\"@type\":\"ListItem\",\"position\":1,\"name\":\"Inicio\",\"item\":\"https:\/\/www.nexoinformativo.mx\/\"},{\"@type\":\"ListItem\",\"position\":2,\"name\":\"Seg\u00fan Sheinbaum, los homicidios en M\u00e9xico bajan un 44% y febrero es el mes m\u00e1s seguro en una d\u00e9cada\"}]},{\"@type\":\"WebSite\",\"@id\":\"https:\/\/www.nexoinformativo.mx\/#website\",\"url\":\"https:\/\/www.nexoinformativo.mx\/\",\"name\":\"Nexo Informativo Santiago de Quer\u00e9taro\",\"description\":\"Explora NexoInformativo y convi\u00e9rtete en parte de una comunidad que valora el conocimiento y la verdad. Tu nexoinformativo es tu puente hacia una comprensi\u00f3n m\u00e1s profunda del mundo que te rodea.\",\"publisher\":{\"@id\":\"https:\/\/www.nexoinformativo.mx\/#organization\"},\"potentialAction\":[{\"@type\":\"SearchAction\",\"target\":{\"@type\":\"EntryPoint\",\"urlTemplate\":\"https:\/\/www.nexoinformativo.mx\/?s={search_term_string}\"},\"query-input\":{\"@type\":\"PropertyValueSpecification\",\"valueRequired\":true,\"valueName\":\"search_term_string\"}}],\"inLanguage\":\"es\"},{\"@type\":\"Organization\",\"@id\":\"https:\/\/www.nexoinformativo.mx\/#organization\",\"name\":\"Nexo Informativo Santiago de Quer\u00e9taro\",\"url\":\"https:\/\/www.nexoinformativo.mx\/\",\"logo\":{\"@type\":\"ImageObject\",\"inLanguage\":\"es\",\"@id\":\"https:\/\/www.nexoinformativo.mx\/#\/schema\/logo\/image\/\",\"url\":\"https:\/\/www.nexoinformativo.mx\/wp-content\/uploads\/2024\/07\/nexoi-trasparente-2.png\",\"contentUrl\":\"https:\/\/www.nexoinformativo.mx\/wp-content\/uploads\/2024\/07\/nexoi-trasparente-2.png\",\"width\":816,\"height\":339,\"caption\":\"Nexo Informativo Santiago de Quer\u00e9taro\"},\"image\":{\"@id\":\"https:\/\/www.nexoinformativo.mx\/#\/schema\/logo\/image\/\"},\"sameAs\":[\"https:\/\/www.facebook.com\/people\/Nexo-Informativo\/61564066885511\/\"]},{\"@type\":\"Person\",\"@id\":\"https:\/\/www.nexoinformativo.mx\/#\/schema\/person\/7749d380ba08c8ca00d7bc76fd907b7d\",\"name\":\"Nexo Informativo\",\"image\":{\"@type\":\"ImageObject\",\"inLanguage\":\"es\",\"@id\":\"https:\/\/www.nexoinformativo.mx\/#\/schema\/person\/image\/\",\"url\":\"https:\/\/secure.gravatar.com\/avatar\/dde2928154642a13d95f87ddf1ea9718fe2b46760a005c53e41ff5ad610704e6?s=96&d=mm&r=g\",\"contentUrl\":\"https:\/\/secure.gravatar.com\/avatar\/dde2928154642a13d95f87ddf1ea9718fe2b46760a005c53e41ff5ad610704e6?s=96&d=mm&r=g\",\"caption\":\"Nexo Informativo\"},\"url\":\"https:\/\/www.nexoinformativo.mx\/index.php\/author\/edicion\/\"}]}<\/script>\n<!-- \/ Yoast SEO plugin. -->","yoast_head_json":{"title":"Seg\u00fan Sheinbaum, los homicidios en M\u00e9xico bajan un 44% y febrero es el mes m\u00e1s seguro en una d\u00e9cada | Nexo Informativo Santiago de Quer\u00e9taro","robots":{"index":"index","follow":"follow","max-snippet":"max-snippet:-1","max-image-preview":"max-image-preview:large","max-video-preview":"max-video-preview:-1"},"canonical":"https:\/\/www.nexoinformativo.mx\/index.php\/2026\/03\/10\/segun-sheinbaum-los-homicidios-en-mexico-bajan-un-44-y-febrero-es-el-mes-mas-seguro-en-una-decada\/","og_locale":"es_MX","og_type":"article","og_title":"Seg\u00fan Sheinbaum, los homicidios en M\u00e9xico bajan un 44% y febrero es el mes m\u00e1s seguro en una d\u00e9cada | Nexo Informativo Santiago de Quer\u00e9taro","og_description":"La presidenta de M\u00e9xico, Claudia Sheinbaum Pardo, destac\u00f3 que, gracias a la Estrategia Nacional de Seguridad, los homicidios dolosos en el pa\u00eds disminuyeron un 44 por ciento entre septiembre de 2024 y febrero de 2026.","og_url":"https:\/\/www.nexoinformativo.mx\/index.php\/2026\/03\/10\/segun-sheinbaum-los-homicidios-en-mexico-bajan-un-44-y-febrero-es-el-mes-mas-seguro-en-una-decada\/","og_site_name":"Nexo Informativo Santiago de Quer\u00e9taro","article_publisher":"https:\/\/www.facebook.com\/people\/Nexo-Informativo\/61564066885511\/","article_published_time":"2026-03-10T17:16:16+00:00","article_modified_time":"2026-03-10T17:18:08+00:00","og_image":[{"width":650,"height":380,"url":"https:\/\/www.nexoinformativo.mx\/wp-content\/uploads\/2026\/03\/post_2026-03-10_Conferencia_de_prensa_matutina_-_Palacio_Nacional_14_GM.jpg","type":"image\/jpeg"}],"author":"Nexo Informativo","twitter_card":"summary_large_image","twitter_misc":{"Escrito por":"Nexo Informativo","Tiempo de lectura":"1 minuto"},"schema":{"@context":"https:\/\/schema.org","@graph":[{"@type":"Article","@id":"https:\/\/www.nexoinformativo.mx\/index.php\/2026\/03\/10\/segun-sheinbaum-los-homicidios-en-mexico-bajan-un-44-y-febrero-es-el-mes-mas-seguro-en-una-decada\/#article","isPartOf":{"@id":"https:\/\/www.nexoinformativo.mx\/index.php\/2026\/03\/10\/segun-sheinbaum-los-homicidios-en-mexico-bajan-un-44-y-febrero-es-el-mes-mas-seguro-en-una-decada\/"},"author":{"name":"Nexo Informativo","@id":"https:\/\/www.nexoinformativo.mx\/#\/schema\/person\/7749d380ba08c8ca00d7bc76fd907b7d"},"headline":"Seg\u00fan Sheinbaum, los homicidios en M\u00e9xico bajan un 44% y febrero es el mes m\u00e1s seguro en una d\u00e9cada","datePublished":"2026-03-10T17:16:16+00:00","dateModified":"2026-03-10T17:18:08+00:00","mainEntityOfPage":{"@id":"https:\/\/www.nexoinformativo.mx\/index.php\/2026\/03\/10\/segun-sheinbaum-los-homicidios-en-mexico-bajan-un-44-y-febrero-es-el-mes-mas-seguro-en-una-decada\/"},"wordCount":255,"commentCount":0,"publisher":{"@id":"https:\/\/www.nexoinformativo.mx\/#organization"},"image":{"@id":"https:\/\/www.nexoinformativo.mx\/index.php\/2026\/03\/10\/segun-sheinbaum-los-homicidios-en-mexico-bajan-un-44-y-febrero-es-el-mes-mas-seguro-en-una-decada\/#primaryimage"},"thumbnailUrl":"https:\/\/www.nexoinformativo.mx\/wp-content\/uploads\/2026\/03\/post_2026-03-10_Conferencia_de_prensa_matutina_-_Palacio_Nacional_14_GM.jpg","keywords":["ClaudiaSheinbaum","EstrategiaDeSeguridad","HomicidiosM\u00e9xico","PazEnM\u00e9xico","SeguridadM\u00e9xico"],"articleSection":["Nacional","\u00daltima Hora"],"inLanguage":"es","potentialAction":[{"@type":"CommentAction","name":"Comment","target":["https:\/\/www.nexoinformativo.mx\/index.php\/2026\/03\/10\/segun-sheinbaum-los-homicidios-en-mexico-bajan-un-44-y-febrero-es-el-mes-mas-seguro-en-una-decada\/#respond"]}]},{"@type":"WebPage","@id":"https:\/\/www.nexoinformativo.mx\/index.php\/2026\/03\/10\/segun-sheinbaum-los-homicidios-en-mexico-bajan-un-44-y-febrero-es-el-mes-mas-seguro-en-una-decada\/","url":"https:\/\/www.nexoinformativo.mx\/index.php\/2026\/03\/10\/segun-sheinbaum-los-homicidios-en-mexico-bajan-un-44-y-febrero-es-el-mes-mas-seguro-en-una-decada\/","name":"Seg\u00fan Sheinbaum, los homicidios en M\u00e9xico bajan un 44% y febrero es el mes m\u00e1s seguro en una d\u00e9cada | Nexo Informativo Santiago de Quer\u00e9taro","isPartOf":{"@id":"https:\/\/www.nexoinformativo.mx\/#website"},"primaryImageOfPage":{"@id":"https:\/\/www.nexoinformativo.mx\/index.php\/2026\/03\/10\/segun-sheinbaum-los-homicidios-en-mexico-bajan-un-44-y-febrero-es-el-mes-mas-seguro-en-una-decada\/#primaryimage"},"image":{"@id":"https:\/\/www.nexoinformativo.mx\/index.php\/2026\/03\/10\/segun-sheinbaum-los-homicidios-en-mexico-bajan-un-44-y-febrero-es-el-mes-mas-seguro-en-una-decada\/#primaryimage"},"thumbnailUrl":"https:\/\/www.nexoinformativo.mx\/wp-content\/uploads\/2026\/03\/post_2026-03-10_Conferencia_de_prensa_matutina_-_Palacio_Nacional_14_GM.jpg","datePublished":"2026-03-10T17:16:16+00:00","dateModified":"2026-03-10T17:18:08+00:00","breadcrumb":{"@id":"https:\/\/www.nexoinformativo.mx\/index.php\/2026\/03\/10\/segun-sheinbaum-los-homicidios-en-mexico-bajan-un-44-y-febrero-es-el-mes-mas-seguro-en-una-decada\/#breadcrumb"},"inLanguage":"es","potentialAction":[{"@type":"ReadAction","target":["https:\/\/www.nexoinformativo.mx\/index.php\/2026\/03\/10\/segun-sheinbaum-los-homicidios-en-mexico-bajan-un-44-y-febrero-es-el-mes-mas-seguro-en-una-decada\/"]}]},{"@type":"ImageObject","inLanguage":"es","@id":"https:\/\/www.nexoinformativo.mx\/index.php\/2026\/03\/10\/segun-sheinbaum-los-homicidios-en-mexico-bajan-un-44-y-febrero-es-el-mes-mas-seguro-en-una-decada\/#primaryimage","url":"https:\/\/www.nexoinformativo.mx\/wp-content\/uploads\/2026\/03\/post_2026-03-10_Conferencia_de_prensa_matutina_-_Palacio_Nacional_14_GM.jpg","contentUrl":"https:\/\/www.nexoinformativo.mx\/wp-content\/uploads\/2026\/03\/post_2026-03-10_Conferencia_de_prensa_matutina_-_Palacio_Nacional_14_GM.jpg","width":650,"height":380},{"@type":"BreadcrumbList","@id":"https:\/\/www.nexoinformativo.mx\/index.php\/2026\/03\/10\/segun-sheinbaum-los-homicidios-en-mexico-bajan-un-44-y-febrero-es-el-mes-mas-seguro-en-una-decada\/#breadcrumb","itemListElement":[{"@type":"ListItem","position":1,"name":"Inicio","item":"https:\/\/www.nexoinformativo.mx\/"},{"@type":"ListItem","position":2,"name":"Seg\u00fan Sheinbaum, los homicidios en M\u00e9xico bajan un 44% y febrero es el mes m\u00e1s seguro en una d\u00e9cada"}]},{"@type":"WebSite","@id":"https:\/\/www.nexoinformativo.mx\/#website","url":"https:\/\/www.nexoinformativo.mx\/","name":"Nexo Informativo Santiago de Quer\u00e9taro","description":"Explora NexoInformativo y convi\u00e9rtete en parte de una comunidad que valora el conocimiento y la verdad. Tu nexoinformativo es tu puente hacia una comprensi\u00f3n m\u00e1s profunda del mundo que te rodea.","publisher":{"@id":"https:\/\/www.nexoinformativo.mx\/#organization"},"potentialAction":[{"@type":"SearchAction","target":{"@type":"EntryPoint","urlTemplate":"https:\/\/www.nexoinformativo.mx\/?s={search_term_string}"},"query-input":{"@type":"PropertyValueSpecification","valueRequired":true,"valueName":"search_term_string"}}],"inLanguage":"es"},{"@type":"Organization","@id":"https:\/\/www.nexoinformativo.mx\/#organization","name":"Nexo Informativo Santiago de Quer\u00e9taro","url":"https:\/\/www.nexoinformativo.mx\/","logo":{"@type":"ImageObject","inLanguage":"es","@id":"https:\/\/www.nexoinformativo.mx\/#\/schema\/logo\/image\/","url":"https:\/\/www.nexoinformativo.mx\/wp-content\/uploads\/2024\/07\/nexoi-trasparente-2.png","contentUrl":"https:\/\/www.nexoinformativo.mx\/wp-content\/uploads\/2024\/07\/nexoi-trasparente-2.png","width":816,"height":339,"caption":"Nexo Informativo Santiago de Quer\u00e9taro"},"image":{"@id":"https:\/\/www.nexoinformativo.mx\/#\/schema\/logo\/image\/"},"sameAs":["https:\/\/www.facebook.com\/people\/Nexo-Informativo\/61564066885511\/"]},{"@type":"Person","@id":"https:\/\/www.nexoinformativo.mx\/#\/schema\/person\/7749d380ba08c8ca00d7bc76fd907b7d","name":"Nexo Informativo","image":{"@type":"ImageObject","inLanguage":"es","@id":"https:\/\/www.nexoinformativo.mx\/#\/schema\/person\/image\/","url":"https:\/\/secure.gravatar.com\/avatar\/dde2928154642a13d95f87ddf1ea9718fe2b46760a005c53e41ff5ad610704e6?s=96&d=mm&r=g","contentUrl":"https:\/\/secure.gravatar.com\/avatar\/dde2928154642a13d95f87ddf1ea9718fe2b46760a005c53e41ff5ad610704e6?s=96&d=mm&r=g","caption":"Nexo Informativo"},"url":"https:\/\/www.nexoinformativo.mx\/index.php\/author\/edicion\/"}]}},"_links":{"self":[{"href":"https:\/\/www.nexoinformativo.mx\/index.php\/wp-json\/wp\/v2\/posts\/17264","targetHints":{"allow":["GET"]}}],"collection":[{"href":"https:\/\/www.nexoinformativo.mx\/index.php\/wp-json\/wp\/v2\/posts"}],"about":[{"href":"https:\/\/www.nexoinformativo.mx\/index.php\/wp-json\/wp\/v2\/types\/post"}],"author":[{"embeddable":true,"href":"https:\/\/www.nexoinformativo.mx\/index.php\/wp-json\/wp\/v2\/users\/3"}],"replies":[{"embeddable":true,"href":"https:\/\/www.nexoinformativo.mx\/index.php\/wp-json\/wp\/v2\/comments?post=17264"}],"version-history":[{"count":1,"href":"https:\/\/www.nexoinformativo.mx\/index.php\/wp-json\/wp\/v2\/posts\/17264\/revisions"}],"predecessor-version":[{"id":17265,"href":"https:\/\/www.nexoinformativo.mx\/index.php\/wp-json\/wp\/v2\/posts\/17264\/revisions\/17265"}],"wp:featuredmedia":[{"embeddable":true,"href":"https:\/\/www.nexoinformativo.mx\/index.php\/wp-json\/wp\/v2\/media\/17263"}],"wp:attachment":[{"href":"https:\/\/www.nexoinformativo.mx\/index.php\/wp-json\/wp\/v2\/media?parent=17264"}],"wp:term":[{"taxonomy":"category","embeddable":true,"href":"https:\/\/www.nexoinformativo.mx\/index.php\/wp-json\/wp\/v2\/categories?post=17264"},{"taxonomy":"post_tag","embeddable":true,"href":"https:\/\/www.nexoinformativo.mx\/index.php\/wp-json\/wp\/v2\/tags?post=17264"}],"curies":[{"name":"wp","href":"https:\/\/api.w.org\/{rel}","templated":true}]}}