{"id":17279,"date":"2026-03-12T13:00:11","date_gmt":"2026-03-12T19:00:11","guid":{"rendered":"https:\/\/www.nexoinformativo.mx\/?p=17279"},"modified":"2026-03-12T20:52:40","modified_gmt":"2026-03-13T02:52:40","slug":"felifer-macias-nombra-nuevo-delegado-en-felix-osores-para-fortalecer-atencion-en-queretaro","status":"publish","type":"post","link":"https:\/\/www.nexoinformativo.mx\/index.php\/2026\/03\/12\/felifer-macias-nombra-nuevo-delegado-en-felix-osores-para-fortalecer-atencion-en-queretaro\/","title":{"rendered":"Felifer Mac\u00edas nombra nuevo delegado en F\u00e9lix Osores para fortalecer atenci\u00f3n en Quer\u00e9taro"},"content":{"rendered":"\n<p>El presidente municipal de Quer\u00e9taro, Felipe Fernando Mac\u00edas Olvera, anunci\u00f3 el nombramiento de Adolfo R\u00edos M\u00e9ndez como nuevo delegado de la delegaci\u00f3n F\u00e9lix Osores, la m\u00e1s grande del municipio. El alcalde se\u00f1al\u00f3 que este cambio busca fortalecer la atenci\u00f3n directa a las familias y mejorar los servicios municipales en esta zona de la capital.<br><br>Durante el anuncio, el edil destac\u00f3 que su administraci\u00f3n trabaja para mantener un gobierno cercano a la ciudadan\u00eda, con funcionarios que recorran colonias y escuchen las necesidades de las y los habitantes de Quer\u00e9taro.<br><br>Antes de asumir el cargo, Adolfo R\u00edos M\u00e9ndez se desempe\u00f1\u00f3 como comisionado del Consejo Estatal contra las Adicciones en Quer\u00e9taro y tambi\u00e9n ocup\u00f3 cargos en el Aeropuerto Internacional de Quer\u00e9taro, adem\u00e1s de colaborar en proyectos del Club Quer\u00e9taro y en el Senado de la Rep\u00fablica.<br><br>El nuevo delegado agradeci\u00f3 la confianza del alcalde y asegur\u00f3 que trabajar\u00e1 para mantener contacto directo con la ciudadan\u00eda y atender las demandas de las colonias de la delegaci\u00f3n F\u00e9lix Osores, una de las zonas con mayor poblaci\u00f3n del municipio.<\/p>\n","protected":false},"excerpt":{"rendered":"<p>El presidente municipal de Quer\u00e9taro, Felipe Fernando Mac\u00edas Olvera, anunci\u00f3 el nombramiento de Adolfo R\u00edos M\u00e9ndez como nuevo delegado de la delegaci\u00f3n F\u00e9lix Osores, la m\u00e1s grande del municipio.<\/p>\n","protected":false},"author":3,"featured_media":17278,"comment_status":"open","ping_status":"open","sticky":false,"template":"","format":"standard","meta":{"footnotes":""},"categories":[65,21,58],"tags":[5135,1000,5134,236,133],"class_list":["post-17279","post","type-post","status-publish","format-standard","has-post-thumbnail","hentry","category-municipios","category-politica","category-ultima-hora","tag-delegados","tag-felifermacias","tag-felixosores","tag-gobiernomunicipal","tag-queretaro"],"yoast_head":"<!-- This site is optimized with the Yoast SEO plugin v25.0 - https:\/\/yoast.com\/wordpress\/plugins\/seo\/ -->\n<title>Felifer Mac\u00edas nombra nuevo delegado en F\u00e9lix Osores para fortalecer atenci\u00f3n en Quer\u00e9taro | Nexo Informativo Santiago de Quer\u00e9taro<\/title>\n<meta name=\"robots\" content=\"index, follow, max-snippet:-1, max-image-preview:large, max-video-preview:-1\" \/>\n<link rel=\"canonical\" href=\"https:\/\/www.nexoinformativo.mx\/index.php\/2026\/03\/12\/felifer-macias-nombra-nuevo-delegado-en-felix-osores-para-fortalecer-atencion-en-queretaro\/\" \/>\n<meta property=\"og:locale\" content=\"es_MX\" \/>\n<meta property=\"og:type\" content=\"article\" \/>\n<meta property=\"og:title\" content=\"Felifer Mac\u00edas nombra nuevo delegado en F\u00e9lix Osores para fortalecer atenci\u00f3n en Quer\u00e9taro | Nexo Informativo Santiago de Quer\u00e9taro\" \/>\n<meta property=\"og:description\" content=\"El presidente municipal de Quer\u00e9taro, Felipe Fernando Mac\u00edas Olvera, anunci\u00f3 el nombramiento de Adolfo R\u00edos M\u00e9ndez como nuevo delegado de la delegaci\u00f3n F\u00e9lix Osores, la m\u00e1s grande del municipio.\" \/>\n<meta property=\"og:url\" content=\"https:\/\/www.nexoinformativo.mx\/index.php\/2026\/03\/12\/felifer-macias-nombra-nuevo-delegado-en-felix-osores-para-fortalecer-atencion-en-queretaro\/\" \/>\n<meta property=\"og:site_name\" content=\"Nexo Informativo Santiago de Quer\u00e9taro\" \/>\n<meta property=\"article:publisher\" content=\"https:\/\/www.facebook.com\/people\/Nexo-Informativo\/61564066885511\/\" \/>\n<meta property=\"article:published_time\" content=\"2026-03-12T19:00:11+00:00\" \/>\n<meta property=\"article:modified_time\" content=\"2026-03-13T02:52:40+00:00\" \/>\n<meta property=\"og:image\" content=\"https:\/\/www.nexoinformativo.mx\/wp-content\/uploads\/2026\/03\/Felifer-Macias-585x390-1.jpg\" \/>\n\t<meta property=\"og:image:width\" content=\"585\" \/>\n\t<meta property=\"og:image:height\" content=\"390\" \/>\n\t<meta property=\"og:image:type\" content=\"image\/jpeg\" \/>\n<meta name=\"author\" content=\"Nexo Informativo\" \/>\n<meta name=\"twitter:card\" content=\"summary_large_image\" \/>\n<meta name=\"twitter:label1\" content=\"Escrito por\" \/>\n\t<meta name=\"twitter:data1\" content=\"Nexo Informativo\" \/>\n\t<meta name=\"twitter:label2\" content=\"Tiempo de lectura\" \/>\n\t<meta name=\"twitter:data2\" content=\"1 minuto\" \/>\n<script type=\"application\/ld+json\" class=\"yoast-schema-graph\">{\"@context\":\"https:\/\/schema.org\",\"@graph\":[{\"@type\":\"Article\",\"@id\":\"https:\/\/www.nexoinformativo.mx\/index.php\/2026\/03\/12\/felifer-macias-nombra-nuevo-delegado-en-felix-osores-para-fortalecer-atencion-en-queretaro\/#article\",\"isPartOf\":{\"@id\":\"https:\/\/www.nexoinformativo.mx\/index.php\/2026\/03\/12\/felifer-macias-nombra-nuevo-delegado-en-felix-osores-para-fortalecer-atencion-en-queretaro\/\"},\"author\":{\"name\":\"Nexo Informativo\",\"@id\":\"https:\/\/www.nexoinformativo.mx\/#\/schema\/person\/7749d380ba08c8ca00d7bc76fd907b7d\"},\"headline\":\"Felifer Mac\u00edas nombra nuevo delegado en F\u00e9lix Osores para fortalecer atenci\u00f3n en Quer\u00e9taro\",\"datePublished\":\"2026-03-12T19:00:11+00:00\",\"dateModified\":\"2026-03-13T02:52:40+00:00\",\"mainEntityOfPage\":{\"@id\":\"https:\/\/www.nexoinformativo.mx\/index.php\/2026\/03\/12\/felifer-macias-nombra-nuevo-delegado-en-felix-osores-para-fortalecer-atencion-en-queretaro\/\"},\"wordCount\":214,\"commentCount\":0,\"publisher\":{\"@id\":\"https:\/\/www.nexoinformativo.mx\/#organization\"},\"image\":{\"@id\":\"https:\/\/www.nexoinformativo.mx\/index.php\/2026\/03\/12\/felifer-macias-nombra-nuevo-delegado-en-felix-osores-para-fortalecer-atencion-en-queretaro\/#primaryimage\"},\"thumbnailUrl\":\"https:\/\/www.nexoinformativo.mx\/wp-content\/uploads\/2026\/03\/Felifer-Macias-585x390-1.jpg\",\"keywords\":[\"Delegados\",\"FeliferMac\u00edas\",\"F\u00e9lixOsores\",\"GobiernoMunicipal\",\"Quer\u00e9taro\"],\"articleSection\":[\"Municipios\",\"Pol\u00edtica\",\"\u00daltima Hora\"],\"inLanguage\":\"es\",\"potentialAction\":[{\"@type\":\"CommentAction\",\"name\":\"Comment\",\"target\":[\"https:\/\/www.nexoinformativo.mx\/index.php\/2026\/03\/12\/felifer-macias-nombra-nuevo-delegado-en-felix-osores-para-fortalecer-atencion-en-queretaro\/#respond\"]}]},{\"@type\":\"WebPage\",\"@id\":\"https:\/\/www.nexoinformativo.mx\/index.php\/2026\/03\/12\/felifer-macias-nombra-nuevo-delegado-en-felix-osores-para-fortalecer-atencion-en-queretaro\/\",\"url\":\"https:\/\/www.nexoinformativo.mx\/index.php\/2026\/03\/12\/felifer-macias-nombra-nuevo-delegado-en-felix-osores-para-fortalecer-atencion-en-queretaro\/\",\"name\":\"Felifer Mac\u00edas nombra nuevo delegado en F\u00e9lix Osores para fortalecer atenci\u00f3n en Quer\u00e9taro | Nexo Informativo Santiago de Quer\u00e9taro\",\"isPartOf\":{\"@id\":\"https:\/\/www.nexoinformativo.mx\/#website\"},\"primaryImageOfPage\":{\"@id\":\"https:\/\/www.nexoinformativo.mx\/index.php\/2026\/03\/12\/felifer-macias-nombra-nuevo-delegado-en-felix-osores-para-fortalecer-atencion-en-queretaro\/#primaryimage\"},\"image\":{\"@id\":\"https:\/\/www.nexoinformativo.mx\/index.php\/2026\/03\/12\/felifer-macias-nombra-nuevo-delegado-en-felix-osores-para-fortalecer-atencion-en-queretaro\/#primaryimage\"},\"thumbnailUrl\":\"https:\/\/www.nexoinformativo.mx\/wp-content\/uploads\/2026\/03\/Felifer-Macias-585x390-1.jpg\",\"datePublished\":\"2026-03-12T19:00:11+00:00\",\"dateModified\":\"2026-03-13T02:52:40+00:00\",\"breadcrumb\":{\"@id\":\"https:\/\/www.nexoinformativo.mx\/index.php\/2026\/03\/12\/felifer-macias-nombra-nuevo-delegado-en-felix-osores-para-fortalecer-atencion-en-queretaro\/#breadcrumb\"},\"inLanguage\":\"es\",\"potentialAction\":[{\"@type\":\"ReadAction\",\"target\":[\"https:\/\/www.nexoinformativo.mx\/index.php\/2026\/03\/12\/felifer-macias-nombra-nuevo-delegado-en-felix-osores-para-fortalecer-atencion-en-queretaro\/\"]}]},{\"@type\":\"ImageObject\",\"inLanguage\":\"es\",\"@id\":\"https:\/\/www.nexoinformativo.mx\/index.php\/2026\/03\/12\/felifer-macias-nombra-nuevo-delegado-en-felix-osores-para-fortalecer-atencion-en-queretaro\/#primaryimage\",\"url\":\"https:\/\/www.nexoinformativo.mx\/wp-content\/uploads\/2026\/03\/Felifer-Macias-585x390-1.jpg\",\"contentUrl\":\"https:\/\/www.nexoinformativo.mx\/wp-content\/uploads\/2026\/03\/Felifer-Macias-585x390-1.jpg\",\"width\":585,\"height\":390},{\"@type\":\"BreadcrumbList\",\"@id\":\"https:\/\/www.nexoinformativo.mx\/index.php\/2026\/03\/12\/felifer-macias-nombra-nuevo-delegado-en-felix-osores-para-fortalecer-atencion-en-queretaro\/#breadcrumb\",\"itemListElement\":[{\"@type\":\"ListItem\",\"position\":1,\"name\":\"Inicio\",\"item\":\"https:\/\/www.nexoinformativo.mx\/\"},{\"@type\":\"ListItem\",\"position\":2,\"name\":\"Felifer Mac\u00edas nombra nuevo delegado en F\u00e9lix Osores para fortalecer atenci\u00f3n en Quer\u00e9taro\"}]},{\"@type\":\"WebSite\",\"@id\":\"https:\/\/www.nexoinformativo.mx\/#website\",\"url\":\"https:\/\/www.nexoinformativo.mx\/\",\"name\":\"Nexo Informativo Santiago de Quer\u00e9taro\",\"description\":\"Explora NexoInformativo y convi\u00e9rtete en parte de una comunidad que valora el conocimiento y la verdad. Tu nexoinformativo es tu puente hacia una comprensi\u00f3n m\u00e1s profunda del mundo que te rodea.\",\"publisher\":{\"@id\":\"https:\/\/www.nexoinformativo.mx\/#organization\"},\"potentialAction\":[{\"@type\":\"SearchAction\",\"target\":{\"@type\":\"EntryPoint\",\"urlTemplate\":\"https:\/\/www.nexoinformativo.mx\/?s={search_term_string}\"},\"query-input\":{\"@type\":\"PropertyValueSpecification\",\"valueRequired\":true,\"valueName\":\"search_term_string\"}}],\"inLanguage\":\"es\"},{\"@type\":\"Organization\",\"@id\":\"https:\/\/www.nexoinformativo.mx\/#organization\",\"name\":\"Nexo Informativo Santiago de Quer\u00e9taro\",\"url\":\"https:\/\/www.nexoinformativo.mx\/\",\"logo\":{\"@type\":\"ImageObject\",\"inLanguage\":\"es\",\"@id\":\"https:\/\/www.nexoinformativo.mx\/#\/schema\/logo\/image\/\",\"url\":\"https:\/\/www.nexoinformativo.mx\/wp-content\/uploads\/2024\/07\/nexoi-trasparente-2.png\",\"contentUrl\":\"https:\/\/www.nexoinformativo.mx\/wp-content\/uploads\/2024\/07\/nexoi-trasparente-2.png\",\"width\":816,\"height\":339,\"caption\":\"Nexo Informativo Santiago de Quer\u00e9taro\"},\"image\":{\"@id\":\"https:\/\/www.nexoinformativo.mx\/#\/schema\/logo\/image\/\"},\"sameAs\":[\"https:\/\/www.facebook.com\/people\/Nexo-Informativo\/61564066885511\/\"]},{\"@type\":\"Person\",\"@id\":\"https:\/\/www.nexoinformativo.mx\/#\/schema\/person\/7749d380ba08c8ca00d7bc76fd907b7d\",\"name\":\"Nexo Informativo\",\"image\":{\"@type\":\"ImageObject\",\"inLanguage\":\"es\",\"@id\":\"https:\/\/www.nexoinformativo.mx\/#\/schema\/person\/image\/\",\"url\":\"https:\/\/secure.gravatar.com\/avatar\/dde2928154642a13d95f87ddf1ea9718fe2b46760a005c53e41ff5ad610704e6?s=96&d=mm&r=g\",\"contentUrl\":\"https:\/\/secure.gravatar.com\/avatar\/dde2928154642a13d95f87ddf1ea9718fe2b46760a005c53e41ff5ad610704e6?s=96&d=mm&r=g\",\"caption\":\"Nexo Informativo\"},\"url\":\"https:\/\/www.nexoinformativo.mx\/index.php\/author\/edicion\/\"}]}<\/script>\n<!-- \/ Yoast SEO plugin. -->","yoast_head_json":{"title":"Felifer Mac\u00edas nombra nuevo delegado en F\u00e9lix Osores para fortalecer atenci\u00f3n en Quer\u00e9taro | Nexo Informativo Santiago de Quer\u00e9taro","robots":{"index":"index","follow":"follow","max-snippet":"max-snippet:-1","max-image-preview":"max-image-preview:large","max-video-preview":"max-video-preview:-1"},"canonical":"https:\/\/www.nexoinformativo.mx\/index.php\/2026\/03\/12\/felifer-macias-nombra-nuevo-delegado-en-felix-osores-para-fortalecer-atencion-en-queretaro\/","og_locale":"es_MX","og_type":"article","og_title":"Felifer Mac\u00edas nombra nuevo delegado en F\u00e9lix Osores para fortalecer atenci\u00f3n en Quer\u00e9taro | Nexo Informativo Santiago de Quer\u00e9taro","og_description":"El presidente municipal de Quer\u00e9taro, Felipe Fernando Mac\u00edas Olvera, anunci\u00f3 el nombramiento de Adolfo R\u00edos M\u00e9ndez como nuevo delegado de la delegaci\u00f3n F\u00e9lix Osores, la m\u00e1s grande del municipio.","og_url":"https:\/\/www.nexoinformativo.mx\/index.php\/2026\/03\/12\/felifer-macias-nombra-nuevo-delegado-en-felix-osores-para-fortalecer-atencion-en-queretaro\/","og_site_name":"Nexo Informativo Santiago de Quer\u00e9taro","article_publisher":"https:\/\/www.facebook.com\/people\/Nexo-Informativo\/61564066885511\/","article_published_time":"2026-03-12T19:00:11+00:00","article_modified_time":"2026-03-13T02:52:40+00:00","og_image":[{"width":585,"height":390,"url":"https:\/\/www.nexoinformativo.mx\/wp-content\/uploads\/2026\/03\/Felifer-Macias-585x390-1.jpg","type":"image\/jpeg"}],"author":"Nexo Informativo","twitter_card":"summary_large_image","twitter_misc":{"Escrito por":"Nexo Informativo","Tiempo de lectura":"1 minuto"},"schema":{"@context":"https:\/\/schema.org","@graph":[{"@type":"Article","@id":"https:\/\/www.nexoinformativo.mx\/index.php\/2026\/03\/12\/felifer-macias-nombra-nuevo-delegado-en-felix-osores-para-fortalecer-atencion-en-queretaro\/#article","isPartOf":{"@id":"https:\/\/www.nexoinformativo.mx\/index.php\/2026\/03\/12\/felifer-macias-nombra-nuevo-delegado-en-felix-osores-para-fortalecer-atencion-en-queretaro\/"},"author":{"name":"Nexo Informativo","@id":"https:\/\/www.nexoinformativo.mx\/#\/schema\/person\/7749d380ba08c8ca00d7bc76fd907b7d"},"headline":"Felifer Mac\u00edas nombra nuevo delegado en F\u00e9lix Osores para fortalecer atenci\u00f3n en Quer\u00e9taro","datePublished":"2026-03-12T19:00:11+00:00","dateModified":"2026-03-13T02:52:40+00:00","mainEntityOfPage":{"@id":"https:\/\/www.nexoinformativo.mx\/index.php\/2026\/03\/12\/felifer-macias-nombra-nuevo-delegado-en-felix-osores-para-fortalecer-atencion-en-queretaro\/"},"wordCount":214,"commentCount":0,"publisher":{"@id":"https:\/\/www.nexoinformativo.mx\/#organization"},"image":{"@id":"https:\/\/www.nexoinformativo.mx\/index.php\/2026\/03\/12\/felifer-macias-nombra-nuevo-delegado-en-felix-osores-para-fortalecer-atencion-en-queretaro\/#primaryimage"},"thumbnailUrl":"https:\/\/www.nexoinformativo.mx\/wp-content\/uploads\/2026\/03\/Felifer-Macias-585x390-1.jpg","keywords":["Delegados","FeliferMac\u00edas","F\u00e9lixOsores","GobiernoMunicipal","Quer\u00e9taro"],"articleSection":["Municipios","Pol\u00edtica","\u00daltima Hora"],"inLanguage":"es","potentialAction":[{"@type":"CommentAction","name":"Comment","target":["https:\/\/www.nexoinformativo.mx\/index.php\/2026\/03\/12\/felifer-macias-nombra-nuevo-delegado-en-felix-osores-para-fortalecer-atencion-en-queretaro\/#respond"]}]},{"@type":"WebPage","@id":"https:\/\/www.nexoinformativo.mx\/index.php\/2026\/03\/12\/felifer-macias-nombra-nuevo-delegado-en-felix-osores-para-fortalecer-atencion-en-queretaro\/","url":"https:\/\/www.nexoinformativo.mx\/index.php\/2026\/03\/12\/felifer-macias-nombra-nuevo-delegado-en-felix-osores-para-fortalecer-atencion-en-queretaro\/","name":"Felifer Mac\u00edas nombra nuevo delegado en F\u00e9lix Osores para fortalecer atenci\u00f3n en Quer\u00e9taro | Nexo Informativo Santiago de Quer\u00e9taro","isPartOf":{"@id":"https:\/\/www.nexoinformativo.mx\/#website"},"primaryImageOfPage":{"@id":"https:\/\/www.nexoinformativo.mx\/index.php\/2026\/03\/12\/felifer-macias-nombra-nuevo-delegado-en-felix-osores-para-fortalecer-atencion-en-queretaro\/#primaryimage"},"image":{"@id":"https:\/\/www.nexoinformativo.mx\/index.php\/2026\/03\/12\/felifer-macias-nombra-nuevo-delegado-en-felix-osores-para-fortalecer-atencion-en-queretaro\/#primaryimage"},"thumbnailUrl":"https:\/\/www.nexoinformativo.mx\/wp-content\/uploads\/2026\/03\/Felifer-Macias-585x390-1.jpg","datePublished":"2026-03-12T19:00:11+00:00","dateModified":"2026-03-13T02:52:40+00:00","breadcrumb":{"@id":"https:\/\/www.nexoinformativo.mx\/index.php\/2026\/03\/12\/felifer-macias-nombra-nuevo-delegado-en-felix-osores-para-fortalecer-atencion-en-queretaro\/#breadcrumb"},"inLanguage":"es","potentialAction":[{"@type":"ReadAction","target":["https:\/\/www.nexoinformativo.mx\/index.php\/2026\/03\/12\/felifer-macias-nombra-nuevo-delegado-en-felix-osores-para-fortalecer-atencion-en-queretaro\/"]}]},{"@type":"ImageObject","inLanguage":"es","@id":"https:\/\/www.nexoinformativo.mx\/index.php\/2026\/03\/12\/felifer-macias-nombra-nuevo-delegado-en-felix-osores-para-fortalecer-atencion-en-queretaro\/#primaryimage","url":"https:\/\/www.nexoinformativo.mx\/wp-content\/uploads\/2026\/03\/Felifer-Macias-585x390-1.jpg","contentUrl":"https:\/\/www.nexoinformativo.mx\/wp-content\/uploads\/2026\/03\/Felifer-Macias-585x390-1.jpg","width":585,"height":390},{"@type":"BreadcrumbList","@id":"https:\/\/www.nexoinformativo.mx\/index.php\/2026\/03\/12\/felifer-macias-nombra-nuevo-delegado-en-felix-osores-para-fortalecer-atencion-en-queretaro\/#breadcrumb","itemListElement":[{"@type":"ListItem","position":1,"name":"Inicio","item":"https:\/\/www.nexoinformativo.mx\/"},{"@type":"ListItem","position":2,"name":"Felifer Mac\u00edas nombra nuevo delegado en F\u00e9lix Osores para fortalecer atenci\u00f3n en Quer\u00e9taro"}]},{"@type":"WebSite","@id":"https:\/\/www.nexoinformativo.mx\/#website","url":"https:\/\/www.nexoinformativo.mx\/","name":"Nexo Informativo Santiago de Quer\u00e9taro","description":"Explora NexoInformativo y convi\u00e9rtete en parte de una comunidad que valora el conocimiento y la verdad. Tu nexoinformativo es tu puente hacia una comprensi\u00f3n m\u00e1s profunda del mundo que te rodea.","publisher":{"@id":"https:\/\/www.nexoinformativo.mx\/#organization"},"potentialAction":[{"@type":"SearchAction","target":{"@type":"EntryPoint","urlTemplate":"https:\/\/www.nexoinformativo.mx\/?s={search_term_string}"},"query-input":{"@type":"PropertyValueSpecification","valueRequired":true,"valueName":"search_term_string"}}],"inLanguage":"es"},{"@type":"Organization","@id":"https:\/\/www.nexoinformativo.mx\/#organization","name":"Nexo Informativo Santiago de Quer\u00e9taro","url":"https:\/\/www.nexoinformativo.mx\/","logo":{"@type":"ImageObject","inLanguage":"es","@id":"https:\/\/www.nexoinformativo.mx\/#\/schema\/logo\/image\/","url":"https:\/\/www.nexoinformativo.mx\/wp-content\/uploads\/2024\/07\/nexoi-trasparente-2.png","contentUrl":"https:\/\/www.nexoinformativo.mx\/wp-content\/uploads\/2024\/07\/nexoi-trasparente-2.png","width":816,"height":339,"caption":"Nexo Informativo Santiago de Quer\u00e9taro"},"image":{"@id":"https:\/\/www.nexoinformativo.mx\/#\/schema\/logo\/image\/"},"sameAs":["https:\/\/www.facebook.com\/people\/Nexo-Informativo\/61564066885511\/"]},{"@type":"Person","@id":"https:\/\/www.nexoinformativo.mx\/#\/schema\/person\/7749d380ba08c8ca00d7bc76fd907b7d","name":"Nexo Informativo","image":{"@type":"ImageObject","inLanguage":"es","@id":"https:\/\/www.nexoinformativo.mx\/#\/schema\/person\/image\/","url":"https:\/\/secure.gravatar.com\/avatar\/dde2928154642a13d95f87ddf1ea9718fe2b46760a005c53e41ff5ad610704e6?s=96&d=mm&r=g","contentUrl":"https:\/\/secure.gravatar.com\/avatar\/dde2928154642a13d95f87ddf1ea9718fe2b46760a005c53e41ff5ad610704e6?s=96&d=mm&r=g","caption":"Nexo Informativo"},"url":"https:\/\/www.nexoinformativo.mx\/index.php\/author\/edicion\/"}]}},"_links":{"self":[{"href":"https:\/\/www.nexoinformativo.mx\/index.php\/wp-json\/wp\/v2\/posts\/17279","targetHints":{"allow":["GET"]}}],"collection":[{"href":"https:\/\/www.nexoinformativo.mx\/index.php\/wp-json\/wp\/v2\/posts"}],"about":[{"href":"https:\/\/www.nexoinformativo.mx\/index.php\/wp-json\/wp\/v2\/types\/post"}],"author":[{"embeddable":true,"href":"https:\/\/www.nexoinformativo.mx\/index.php\/wp-json\/wp\/v2\/users\/3"}],"replies":[{"embeddable":true,"href":"https:\/\/www.nexoinformativo.mx\/index.php\/wp-json\/wp\/v2\/comments?post=17279"}],"version-history":[{"count":1,"href":"https:\/\/www.nexoinformativo.mx\/index.php\/wp-json\/wp\/v2\/posts\/17279\/revisions"}],"predecessor-version":[{"id":17280,"href":"https:\/\/www.nexoinformativo.mx\/index.php\/wp-json\/wp\/v2\/posts\/17279\/revisions\/17280"}],"wp:featuredmedia":[{"embeddable":true,"href":"https:\/\/www.nexoinformativo.mx\/index.php\/wp-json\/wp\/v2\/media\/17278"}],"wp:attachment":[{"href":"https:\/\/www.nexoinformativo.mx\/index.php\/wp-json\/wp\/v2\/media?parent=17279"}],"wp:term":[{"taxonomy":"category","embeddable":true,"href":"https:\/\/www.nexoinformativo.mx\/index.php\/wp-json\/wp\/v2\/categories?post=17279"},{"taxonomy":"post_tag","embeddable":true,"href":"https:\/\/www.nexoinformativo.mx\/index.php\/wp-json\/wp\/v2\/tags?post=17279"}],"curies":[{"name":"wp","href":"https:\/\/api.w.org\/{rel}","templated":true}]}}