{"id":17282,"date":"2026-03-12T13:00:05","date_gmt":"2026-03-12T19:00:05","guid":{"rendered":"https:\/\/www.nexoinformativo.mx\/?p=17282"},"modified":"2026-03-12T21:03:10","modified_gmt":"2026-03-13T03:03:10","slug":"inah-restaurara-pintas-del-8m-en-el-templo-de-san-francisco-en-queretaro","status":"publish","type":"post","link":"https:\/\/www.nexoinformativo.mx\/index.php\/2026\/03\/12\/inah-restaurara-pintas-del-8m-en-el-templo-de-san-francisco-en-queretaro\/","title":{"rendered":"INAH restaurar\u00e1 pintas del 8M en el Templo de San Francisco en Quer\u00e9taro"},"content":{"rendered":"\n<p>Las pintas realizadas durante la marcha del 8 de marzo en el Templo de San Francisco de As\u00eds ser\u00e1n restauradas con apoyo del Instituto Nacional de Antropolog\u00eda e Historia, debido a que el inmueble est\u00e1 catalogado como monumento hist\u00f3rico en el Centro Hist\u00f3rico de Quer\u00e9taro.<br><br>Autoridades eclesi\u00e1sticas informaron que, tras la movilizaci\u00f3n por el D\u00eda Internacional de la Mujer, la fachada del templo present\u00f3 pintas y un intento de incendio en una de sus puertas. Sin embargo, no se reportaron da\u00f1os mayores, ya que previamente se hab\u00edan aplicado materiales retardantes al fuego como medida preventiva.<br><br>Debido a su valor hist\u00f3rico, la restauraci\u00f3n deber\u00e1 seguir los lineamientos t\u00e9cnicos del INAH. Especialistas realizar\u00e1n primero una evaluaci\u00f3n de los da\u00f1os para definir el proceso adecuado de limpieza y conservaci\u00f3n del edificio.<br><br>La Di\u00f3cesis de Quer\u00e9taro se\u00f1al\u00f3 que respeta la lucha de las mujeres, pero reiter\u00f3 que la violencia no debe responderse con violencia, ya que los da\u00f1os afectan un s\u00edmbolo religioso importante para la comunidad en Quer\u00e9taro.<\/p>\n","protected":false},"excerpt":{"rendered":"<p>Las pintas realizadas durante la marcha del 8 de marzo en el Templo de San Francisco de As\u00eds ser\u00e1n restauradas con apoyo del Instituto Nacional de Antropolog\u00eda e Historia, debido a que el inmueble est\u00e1 catalogado como monumento hist\u00f3rico en el Centro Hist\u00f3rico de Quer\u00e9taro.<\/p>\n","protected":false},"author":3,"featured_media":17292,"comment_status":"open","ping_status":"open","sticky":false,"template":"","format":"standard","meta":{"footnotes":""},"categories":[65,58],"tags":[3656,653,1885,133,5136],"class_list":["post-17282","post","type-post","status-publish","format-standard","has-post-thumbnail","hentry","category-municipios","category-ultima-hora","tag-8m","tag-centrohistorico","tag-inah","tag-queretaro","tag-templodesanfrancisco"],"yoast_head":"<!-- This site is optimized with the Yoast SEO plugin v25.0 - https:\/\/yoast.com\/wordpress\/plugins\/seo\/ -->\n<title>INAH restaurar\u00e1 pintas del 8M en el Templo de San Francisco en Quer\u00e9taro | Nexo Informativo Santiago de Quer\u00e9taro<\/title>\n<meta name=\"robots\" content=\"index, follow, max-snippet:-1, max-image-preview:large, max-video-preview:-1\" \/>\n<link rel=\"canonical\" href=\"https:\/\/www.nexoinformativo.mx\/index.php\/2026\/03\/12\/inah-restaurara-pintas-del-8m-en-el-templo-de-san-francisco-en-queretaro\/\" \/>\n<meta property=\"og:locale\" content=\"es_MX\" \/>\n<meta property=\"og:type\" content=\"article\" \/>\n<meta property=\"og:title\" content=\"INAH restaurar\u00e1 pintas del 8M en el Templo de San Francisco en Quer\u00e9taro | Nexo Informativo Santiago de Quer\u00e9taro\" \/>\n<meta property=\"og:description\" content=\"Las pintas realizadas durante la marcha del 8 de marzo en el Templo de San Francisco de As\u00eds ser\u00e1n restauradas con apoyo del Instituto Nacional de Antropolog\u00eda e Historia, debido a que el inmueble est\u00e1 catalogado como monumento hist\u00f3rico en el Centro Hist\u00f3rico de Quer\u00e9taro.\" \/>\n<meta property=\"og:url\" content=\"https:\/\/www.nexoinformativo.mx\/index.php\/2026\/03\/12\/inah-restaurara-pintas-del-8m-en-el-templo-de-san-francisco-en-queretaro\/\" \/>\n<meta property=\"og:site_name\" content=\"Nexo Informativo Santiago de Quer\u00e9taro\" \/>\n<meta property=\"article:publisher\" content=\"https:\/\/www.facebook.com\/people\/Nexo-Informativo\/61564066885511\/\" \/>\n<meta property=\"article:published_time\" content=\"2026-03-12T19:00:05+00:00\" \/>\n<meta property=\"article:modified_time\" content=\"2026-03-13T03:03:10+00:00\" \/>\n<meta property=\"og:image\" content=\"https:\/\/www.nexoinformativo.mx\/wp-content\/uploads\/2026\/03\/IMG_20260312_205949-629x1024.png\" \/>\n\t<meta property=\"og:image:width\" content=\"629\" \/>\n\t<meta property=\"og:image:height\" content=\"1024\" \/>\n\t<meta property=\"og:image:type\" content=\"image\/png\" \/>\n<meta name=\"author\" content=\"Nexo Informativo\" \/>\n<meta name=\"twitter:card\" content=\"summary_large_image\" \/>\n<meta name=\"twitter:label1\" content=\"Escrito por\" \/>\n\t<meta name=\"twitter:data1\" content=\"Nexo Informativo\" \/>\n\t<meta name=\"twitter:label2\" content=\"Tiempo de lectura\" \/>\n\t<meta name=\"twitter:data2\" content=\"1 minuto\" \/>\n<script type=\"application\/ld+json\" class=\"yoast-schema-graph\">{\"@context\":\"https:\/\/schema.org\",\"@graph\":[{\"@type\":\"Article\",\"@id\":\"https:\/\/www.nexoinformativo.mx\/index.php\/2026\/03\/12\/inah-restaurara-pintas-del-8m-en-el-templo-de-san-francisco-en-queretaro\/#article\",\"isPartOf\":{\"@id\":\"https:\/\/www.nexoinformativo.mx\/index.php\/2026\/03\/12\/inah-restaurara-pintas-del-8m-en-el-templo-de-san-francisco-en-queretaro\/\"},\"author\":{\"name\":\"Nexo Informativo\",\"@id\":\"https:\/\/www.nexoinformativo.mx\/#\/schema\/person\/7749d380ba08c8ca00d7bc76fd907b7d\"},\"headline\":\"INAH restaurar\u00e1 pintas del 8M en el Templo de San Francisco en Quer\u00e9taro\",\"datePublished\":\"2026-03-12T19:00:05+00:00\",\"dateModified\":\"2026-03-13T03:03:10+00:00\",\"mainEntityOfPage\":{\"@id\":\"https:\/\/www.nexoinformativo.mx\/index.php\/2026\/03\/12\/inah-restaurara-pintas-del-8m-en-el-templo-de-san-francisco-en-queretaro\/\"},\"wordCount\":201,\"commentCount\":0,\"publisher\":{\"@id\":\"https:\/\/www.nexoinformativo.mx\/#organization\"},\"image\":{\"@id\":\"https:\/\/www.nexoinformativo.mx\/index.php\/2026\/03\/12\/inah-restaurara-pintas-del-8m-en-el-templo-de-san-francisco-en-queretaro\/#primaryimage\"},\"thumbnailUrl\":\"https:\/\/www.nexoinformativo.mx\/wp-content\/uploads\/2026\/03\/IMG_20260312_205949.png\",\"keywords\":[\"8M\",\"CentroHist\u00f3rico\",\"INAH\",\"Quer\u00e9taro\",\"TemploDeSanFrancisco\"],\"articleSection\":[\"Municipios\",\"\u00daltima Hora\"],\"inLanguage\":\"es\",\"potentialAction\":[{\"@type\":\"CommentAction\",\"name\":\"Comment\",\"target\":[\"https:\/\/www.nexoinformativo.mx\/index.php\/2026\/03\/12\/inah-restaurara-pintas-del-8m-en-el-templo-de-san-francisco-en-queretaro\/#respond\"]}]},{\"@type\":\"WebPage\",\"@id\":\"https:\/\/www.nexoinformativo.mx\/index.php\/2026\/03\/12\/inah-restaurara-pintas-del-8m-en-el-templo-de-san-francisco-en-queretaro\/\",\"url\":\"https:\/\/www.nexoinformativo.mx\/index.php\/2026\/03\/12\/inah-restaurara-pintas-del-8m-en-el-templo-de-san-francisco-en-queretaro\/\",\"name\":\"INAH restaurar\u00e1 pintas del 8M en el Templo de San Francisco en Quer\u00e9taro | Nexo Informativo Santiago de Quer\u00e9taro\",\"isPartOf\":{\"@id\":\"https:\/\/www.nexoinformativo.mx\/#website\"},\"primaryImageOfPage\":{\"@id\":\"https:\/\/www.nexoinformativo.mx\/index.php\/2026\/03\/12\/inah-restaurara-pintas-del-8m-en-el-templo-de-san-francisco-en-queretaro\/#primaryimage\"},\"image\":{\"@id\":\"https:\/\/www.nexoinformativo.mx\/index.php\/2026\/03\/12\/inah-restaurara-pintas-del-8m-en-el-templo-de-san-francisco-en-queretaro\/#primaryimage\"},\"thumbnailUrl\":\"https:\/\/www.nexoinformativo.mx\/wp-content\/uploads\/2026\/03\/IMG_20260312_205949.png\",\"datePublished\":\"2026-03-12T19:00:05+00:00\",\"dateModified\":\"2026-03-13T03:03:10+00:00\",\"breadcrumb\":{\"@id\":\"https:\/\/www.nexoinformativo.mx\/index.php\/2026\/03\/12\/inah-restaurara-pintas-del-8m-en-el-templo-de-san-francisco-en-queretaro\/#breadcrumb\"},\"inLanguage\":\"es\",\"potentialAction\":[{\"@type\":\"ReadAction\",\"target\":[\"https:\/\/www.nexoinformativo.mx\/index.php\/2026\/03\/12\/inah-restaurara-pintas-del-8m-en-el-templo-de-san-francisco-en-queretaro\/\"]}]},{\"@type\":\"ImageObject\",\"inLanguage\":\"es\",\"@id\":\"https:\/\/www.nexoinformativo.mx\/index.php\/2026\/03\/12\/inah-restaurara-pintas-del-8m-en-el-templo-de-san-francisco-en-queretaro\/#primaryimage\",\"url\":\"https:\/\/www.nexoinformativo.mx\/wp-content\/uploads\/2026\/03\/IMG_20260312_205949.png\",\"contentUrl\":\"https:\/\/www.nexoinformativo.mx\/wp-content\/uploads\/2026\/03\/IMG_20260312_205949.png\",\"width\":1536,\"height\":2501},{\"@type\":\"BreadcrumbList\",\"@id\":\"https:\/\/www.nexoinformativo.mx\/index.php\/2026\/03\/12\/inah-restaurara-pintas-del-8m-en-el-templo-de-san-francisco-en-queretaro\/#breadcrumb\",\"itemListElement\":[{\"@type\":\"ListItem\",\"position\":1,\"name\":\"Inicio\",\"item\":\"https:\/\/www.nexoinformativo.mx\/\"},{\"@type\":\"ListItem\",\"position\":2,\"name\":\"INAH restaurar\u00e1 pintas del 8M en el Templo de San Francisco en Quer\u00e9taro\"}]},{\"@type\":\"WebSite\",\"@id\":\"https:\/\/www.nexoinformativo.mx\/#website\",\"url\":\"https:\/\/www.nexoinformativo.mx\/\",\"name\":\"Nexo Informativo Santiago de Quer\u00e9taro\",\"description\":\"Explora NexoInformativo y convi\u00e9rtete en parte de una comunidad que valora el conocimiento y la verdad. Tu nexoinformativo es tu puente hacia una comprensi\u00f3n m\u00e1s profunda del mundo que te rodea.\",\"publisher\":{\"@id\":\"https:\/\/www.nexoinformativo.mx\/#organization\"},\"potentialAction\":[{\"@type\":\"SearchAction\",\"target\":{\"@type\":\"EntryPoint\",\"urlTemplate\":\"https:\/\/www.nexoinformativo.mx\/?s={search_term_string}\"},\"query-input\":{\"@type\":\"PropertyValueSpecification\",\"valueRequired\":true,\"valueName\":\"search_term_string\"}}],\"inLanguage\":\"es\"},{\"@type\":\"Organization\",\"@id\":\"https:\/\/www.nexoinformativo.mx\/#organization\",\"name\":\"Nexo Informativo Santiago de Quer\u00e9taro\",\"url\":\"https:\/\/www.nexoinformativo.mx\/\",\"logo\":{\"@type\":\"ImageObject\",\"inLanguage\":\"es\",\"@id\":\"https:\/\/www.nexoinformativo.mx\/#\/schema\/logo\/image\/\",\"url\":\"https:\/\/www.nexoinformativo.mx\/wp-content\/uploads\/2024\/07\/nexoi-trasparente-2.png\",\"contentUrl\":\"https:\/\/www.nexoinformativo.mx\/wp-content\/uploads\/2024\/07\/nexoi-trasparente-2.png\",\"width\":816,\"height\":339,\"caption\":\"Nexo Informativo Santiago de Quer\u00e9taro\"},\"image\":{\"@id\":\"https:\/\/www.nexoinformativo.mx\/#\/schema\/logo\/image\/\"},\"sameAs\":[\"https:\/\/www.facebook.com\/people\/Nexo-Informativo\/61564066885511\/\"]},{\"@type\":\"Person\",\"@id\":\"https:\/\/www.nexoinformativo.mx\/#\/schema\/person\/7749d380ba08c8ca00d7bc76fd907b7d\",\"name\":\"Nexo Informativo\",\"image\":{\"@type\":\"ImageObject\",\"inLanguage\":\"es\",\"@id\":\"https:\/\/www.nexoinformativo.mx\/#\/schema\/person\/image\/\",\"url\":\"https:\/\/secure.gravatar.com\/avatar\/dde2928154642a13d95f87ddf1ea9718fe2b46760a005c53e41ff5ad610704e6?s=96&d=mm&r=g\",\"contentUrl\":\"https:\/\/secure.gravatar.com\/avatar\/dde2928154642a13d95f87ddf1ea9718fe2b46760a005c53e41ff5ad610704e6?s=96&d=mm&r=g\",\"caption\":\"Nexo Informativo\"},\"url\":\"https:\/\/www.nexoinformativo.mx\/index.php\/author\/edicion\/\"}]}<\/script>\n<!-- \/ Yoast SEO plugin. -->","yoast_head_json":{"title":"INAH restaurar\u00e1 pintas del 8M en el Templo de San Francisco en Quer\u00e9taro | Nexo Informativo Santiago de Quer\u00e9taro","robots":{"index":"index","follow":"follow","max-snippet":"max-snippet:-1","max-image-preview":"max-image-preview:large","max-video-preview":"max-video-preview:-1"},"canonical":"https:\/\/www.nexoinformativo.mx\/index.php\/2026\/03\/12\/inah-restaurara-pintas-del-8m-en-el-templo-de-san-francisco-en-queretaro\/","og_locale":"es_MX","og_type":"article","og_title":"INAH restaurar\u00e1 pintas del 8M en el Templo de San Francisco en Quer\u00e9taro | Nexo Informativo Santiago de Quer\u00e9taro","og_description":"Las pintas realizadas durante la marcha del 8 de marzo en el Templo de San Francisco de As\u00eds ser\u00e1n restauradas con apoyo del Instituto Nacional de Antropolog\u00eda e Historia, debido a que el inmueble est\u00e1 catalogado como monumento hist\u00f3rico en el Centro Hist\u00f3rico de Quer\u00e9taro.","og_url":"https:\/\/www.nexoinformativo.mx\/index.php\/2026\/03\/12\/inah-restaurara-pintas-del-8m-en-el-templo-de-san-francisco-en-queretaro\/","og_site_name":"Nexo Informativo Santiago de Quer\u00e9taro","article_publisher":"https:\/\/www.facebook.com\/people\/Nexo-Informativo\/61564066885511\/","article_published_time":"2026-03-12T19:00:05+00:00","article_modified_time":"2026-03-13T03:03:10+00:00","og_image":[{"width":629,"height":1024,"url":"https:\/\/www.nexoinformativo.mx\/wp-content\/uploads\/2026\/03\/IMG_20260312_205949-629x1024.png","type":"image\/png"}],"author":"Nexo Informativo","twitter_card":"summary_large_image","twitter_misc":{"Escrito por":"Nexo Informativo","Tiempo de lectura":"1 minuto"},"schema":{"@context":"https:\/\/schema.org","@graph":[{"@type":"Article","@id":"https:\/\/www.nexoinformativo.mx\/index.php\/2026\/03\/12\/inah-restaurara-pintas-del-8m-en-el-templo-de-san-francisco-en-queretaro\/#article","isPartOf":{"@id":"https:\/\/www.nexoinformativo.mx\/index.php\/2026\/03\/12\/inah-restaurara-pintas-del-8m-en-el-templo-de-san-francisco-en-queretaro\/"},"author":{"name":"Nexo Informativo","@id":"https:\/\/www.nexoinformativo.mx\/#\/schema\/person\/7749d380ba08c8ca00d7bc76fd907b7d"},"headline":"INAH restaurar\u00e1 pintas del 8M en el Templo de San Francisco en Quer\u00e9taro","datePublished":"2026-03-12T19:00:05+00:00","dateModified":"2026-03-13T03:03:10+00:00","mainEntityOfPage":{"@id":"https:\/\/www.nexoinformativo.mx\/index.php\/2026\/03\/12\/inah-restaurara-pintas-del-8m-en-el-templo-de-san-francisco-en-queretaro\/"},"wordCount":201,"commentCount":0,"publisher":{"@id":"https:\/\/www.nexoinformativo.mx\/#organization"},"image":{"@id":"https:\/\/www.nexoinformativo.mx\/index.php\/2026\/03\/12\/inah-restaurara-pintas-del-8m-en-el-templo-de-san-francisco-en-queretaro\/#primaryimage"},"thumbnailUrl":"https:\/\/www.nexoinformativo.mx\/wp-content\/uploads\/2026\/03\/IMG_20260312_205949.png","keywords":["8M","CentroHist\u00f3rico","INAH","Quer\u00e9taro","TemploDeSanFrancisco"],"articleSection":["Municipios","\u00daltima Hora"],"inLanguage":"es","potentialAction":[{"@type":"CommentAction","name":"Comment","target":["https:\/\/www.nexoinformativo.mx\/index.php\/2026\/03\/12\/inah-restaurara-pintas-del-8m-en-el-templo-de-san-francisco-en-queretaro\/#respond"]}]},{"@type":"WebPage","@id":"https:\/\/www.nexoinformativo.mx\/index.php\/2026\/03\/12\/inah-restaurara-pintas-del-8m-en-el-templo-de-san-francisco-en-queretaro\/","url":"https:\/\/www.nexoinformativo.mx\/index.php\/2026\/03\/12\/inah-restaurara-pintas-del-8m-en-el-templo-de-san-francisco-en-queretaro\/","name":"INAH restaurar\u00e1 pintas del 8M en el Templo de San Francisco en Quer\u00e9taro | Nexo Informativo Santiago de Quer\u00e9taro","isPartOf":{"@id":"https:\/\/www.nexoinformativo.mx\/#website"},"primaryImageOfPage":{"@id":"https:\/\/www.nexoinformativo.mx\/index.php\/2026\/03\/12\/inah-restaurara-pintas-del-8m-en-el-templo-de-san-francisco-en-queretaro\/#primaryimage"},"image":{"@id":"https:\/\/www.nexoinformativo.mx\/index.php\/2026\/03\/12\/inah-restaurara-pintas-del-8m-en-el-templo-de-san-francisco-en-queretaro\/#primaryimage"},"thumbnailUrl":"https:\/\/www.nexoinformativo.mx\/wp-content\/uploads\/2026\/03\/IMG_20260312_205949.png","datePublished":"2026-03-12T19:00:05+00:00","dateModified":"2026-03-13T03:03:10+00:00","breadcrumb":{"@id":"https:\/\/www.nexoinformativo.mx\/index.php\/2026\/03\/12\/inah-restaurara-pintas-del-8m-en-el-templo-de-san-francisco-en-queretaro\/#breadcrumb"},"inLanguage":"es","potentialAction":[{"@type":"ReadAction","target":["https:\/\/www.nexoinformativo.mx\/index.php\/2026\/03\/12\/inah-restaurara-pintas-del-8m-en-el-templo-de-san-francisco-en-queretaro\/"]}]},{"@type":"ImageObject","inLanguage":"es","@id":"https:\/\/www.nexoinformativo.mx\/index.php\/2026\/03\/12\/inah-restaurara-pintas-del-8m-en-el-templo-de-san-francisco-en-queretaro\/#primaryimage","url":"https:\/\/www.nexoinformativo.mx\/wp-content\/uploads\/2026\/03\/IMG_20260312_205949.png","contentUrl":"https:\/\/www.nexoinformativo.mx\/wp-content\/uploads\/2026\/03\/IMG_20260312_205949.png","width":1536,"height":2501},{"@type":"BreadcrumbList","@id":"https:\/\/www.nexoinformativo.mx\/index.php\/2026\/03\/12\/inah-restaurara-pintas-del-8m-en-el-templo-de-san-francisco-en-queretaro\/#breadcrumb","itemListElement":[{"@type":"ListItem","position":1,"name":"Inicio","item":"https:\/\/www.nexoinformativo.mx\/"},{"@type":"ListItem","position":2,"name":"INAH restaurar\u00e1 pintas del 8M en el Templo de San Francisco en Quer\u00e9taro"}]},{"@type":"WebSite","@id":"https:\/\/www.nexoinformativo.mx\/#website","url":"https:\/\/www.nexoinformativo.mx\/","name":"Nexo Informativo Santiago de Quer\u00e9taro","description":"Explora NexoInformativo y convi\u00e9rtete en parte de una comunidad que valora el conocimiento y la verdad. Tu nexoinformativo es tu puente hacia una comprensi\u00f3n m\u00e1s profunda del mundo que te rodea.","publisher":{"@id":"https:\/\/www.nexoinformativo.mx\/#organization"},"potentialAction":[{"@type":"SearchAction","target":{"@type":"EntryPoint","urlTemplate":"https:\/\/www.nexoinformativo.mx\/?s={search_term_string}"},"query-input":{"@type":"PropertyValueSpecification","valueRequired":true,"valueName":"search_term_string"}}],"inLanguage":"es"},{"@type":"Organization","@id":"https:\/\/www.nexoinformativo.mx\/#organization","name":"Nexo Informativo Santiago de Quer\u00e9taro","url":"https:\/\/www.nexoinformativo.mx\/","logo":{"@type":"ImageObject","inLanguage":"es","@id":"https:\/\/www.nexoinformativo.mx\/#\/schema\/logo\/image\/","url":"https:\/\/www.nexoinformativo.mx\/wp-content\/uploads\/2024\/07\/nexoi-trasparente-2.png","contentUrl":"https:\/\/www.nexoinformativo.mx\/wp-content\/uploads\/2024\/07\/nexoi-trasparente-2.png","width":816,"height":339,"caption":"Nexo Informativo Santiago de Quer\u00e9taro"},"image":{"@id":"https:\/\/www.nexoinformativo.mx\/#\/schema\/logo\/image\/"},"sameAs":["https:\/\/www.facebook.com\/people\/Nexo-Informativo\/61564066885511\/"]},{"@type":"Person","@id":"https:\/\/www.nexoinformativo.mx\/#\/schema\/person\/7749d380ba08c8ca00d7bc76fd907b7d","name":"Nexo Informativo","image":{"@type":"ImageObject","inLanguage":"es","@id":"https:\/\/www.nexoinformativo.mx\/#\/schema\/person\/image\/","url":"https:\/\/secure.gravatar.com\/avatar\/dde2928154642a13d95f87ddf1ea9718fe2b46760a005c53e41ff5ad610704e6?s=96&d=mm&r=g","contentUrl":"https:\/\/secure.gravatar.com\/avatar\/dde2928154642a13d95f87ddf1ea9718fe2b46760a005c53e41ff5ad610704e6?s=96&d=mm&r=g","caption":"Nexo Informativo"},"url":"https:\/\/www.nexoinformativo.mx\/index.php\/author\/edicion\/"}]}},"_links":{"self":[{"href":"https:\/\/www.nexoinformativo.mx\/index.php\/wp-json\/wp\/v2\/posts\/17282","targetHints":{"allow":["GET"]}}],"collection":[{"href":"https:\/\/www.nexoinformativo.mx\/index.php\/wp-json\/wp\/v2\/posts"}],"about":[{"href":"https:\/\/www.nexoinformativo.mx\/index.php\/wp-json\/wp\/v2\/types\/post"}],"author":[{"embeddable":true,"href":"https:\/\/www.nexoinformativo.mx\/index.php\/wp-json\/wp\/v2\/users\/3"}],"replies":[{"embeddable":true,"href":"https:\/\/www.nexoinformativo.mx\/index.php\/wp-json\/wp\/v2\/comments?post=17282"}],"version-history":[{"count":1,"href":"https:\/\/www.nexoinformativo.mx\/index.php\/wp-json\/wp\/v2\/posts\/17282\/revisions"}],"predecessor-version":[{"id":17283,"href":"https:\/\/www.nexoinformativo.mx\/index.php\/wp-json\/wp\/v2\/posts\/17282\/revisions\/17283"}],"wp:featuredmedia":[{"embeddable":true,"href":"https:\/\/www.nexoinformativo.mx\/index.php\/wp-json\/wp\/v2\/media\/17292"}],"wp:attachment":[{"href":"https:\/\/www.nexoinformativo.mx\/index.php\/wp-json\/wp\/v2\/media?parent=17282"}],"wp:term":[{"taxonomy":"category","embeddable":true,"href":"https:\/\/www.nexoinformativo.mx\/index.php\/wp-json\/wp\/v2\/categories?post=17282"},{"taxonomy":"post_tag","embeddable":true,"href":"https:\/\/www.nexoinformativo.mx\/index.php\/wp-json\/wp\/v2\/tags?post=17282"}],"curies":[{"name":"wp","href":"https:\/\/api.w.org\/{rel}","templated":true}]}}