{"id":17289,"date":"2026-03-12T13:00:13","date_gmt":"2026-03-12T19:00:13","guid":{"rendered":"https:\/\/www.nexoinformativo.mx\/?p=17289"},"modified":"2026-03-12T21:01:51","modified_gmt":"2026-03-13T03:01:51","slug":"queretaro-recibe-el-trophy-tour-del-mundial-2026-con-exposicion-historica","status":"publish","type":"post","link":"https:\/\/www.nexoinformativo.mx\/index.php\/2026\/03\/12\/queretaro-recibe-el-trophy-tour-del-mundial-2026-con-exposicion-historica\/","title":{"rendered":"Quer\u00e9taro recibe el Trophy Tour del Mundial 2026 con exposici\u00f3n hist\u00f3rica"},"content":{"rendered":"\n<p>El trofeo original de la Copa Mundial de la FIFA 2026 lleg\u00f3 a Quer\u00e9taro, M\u00e9xico, como parte del Trophy Tour, una gira internacional que acerca el m\u00e1ximo s\u00edmbolo del f\u00fatbol a los aficionados antes del pr\u00f3ximo Mundial que se celebrar\u00e1 en Norteam\u00e9rica.<br><br>La exposici\u00f3n se realiza en el Quer\u00e9taro Centro de Congresos, donde familias y seguidores del f\u00fatbol pueden conocer de cerca el trofeo y recorrer una muestra con piezas hist\u00f3ricas de las Copas del Mundo. Entre los objetos destacan balones oficiales de distintos torneos, playeras de selecciones nacionales y memorabilia del f\u00fatbol internacional.<br><br>Durante el recorrido tambi\u00e9n hay actividades interactivas para los visitantes, como un espacio para probar el peso del trofeo \u2014de m\u00e1s de seis kilos\u2014, grabar mensajes de apoyo a la selecci\u00f3n mexicana y tomarse una fotograf\u00eda con la copa.<br><br>Autoridades municipales encabezadas por Felifer Mac\u00edas destacaron que la llegada del Trophy Tour coloca a Quer\u00e9taro en el mapa internacional del f\u00fatbol y permite que miles de personas vivan de cerca la emoci\u00f3n rumbo al Mundial 2026.<\/p>\n","protected":false},"excerpt":{"rendered":"<p>El trofeo original de la Copa Mundial de la FIFA 2026 lleg\u00f3 a Quer\u00e9taro, M\u00e9xico, como parte del Trophy Tour, una gira internacional que acerca el m\u00e1ximo s\u00edmbolo del f\u00fatbol a los aficionados antes del pr\u00f3ximo Mundial que se celebrar\u00e1 en Norteam\u00e9rica.<\/p>\n","protected":false},"author":3,"featured_media":17288,"comment_status":"open","ping_status":"open","sticky":false,"template":"","format":"standard","meta":{"footnotes":""},"categories":[5,42,58],"tags":[5137,5078,2223,133,5138],"class_list":["post-17289","post","type-post","status-publish","format-standard","has-post-thumbnail","hentry","category-economia","category-estado","category-ultima-hora","tag-copadelmundo","tag-futbol","tag-mundial2026","tag-queretaro","tag-trophytour"],"yoast_head":"<!-- This site is optimized with the Yoast SEO plugin v25.0 - https:\/\/yoast.com\/wordpress\/plugins\/seo\/ -->\n<title>Quer\u00e9taro recibe el Trophy Tour del Mundial 2026 con exposici\u00f3n hist\u00f3rica | Nexo Informativo Santiago de Quer\u00e9taro<\/title>\n<meta name=\"robots\" content=\"index, follow, max-snippet:-1, max-image-preview:large, max-video-preview:-1\" \/>\n<link rel=\"canonical\" href=\"https:\/\/www.nexoinformativo.mx\/index.php\/2026\/03\/12\/queretaro-recibe-el-trophy-tour-del-mundial-2026-con-exposicion-historica\/\" \/>\n<meta property=\"og:locale\" content=\"es_MX\" \/>\n<meta property=\"og:type\" content=\"article\" \/>\n<meta property=\"og:title\" content=\"Quer\u00e9taro recibe el Trophy Tour del Mundial 2026 con exposici\u00f3n hist\u00f3rica | Nexo Informativo Santiago de Quer\u00e9taro\" \/>\n<meta property=\"og:description\" content=\"El trofeo original de la Copa Mundial de la FIFA 2026 lleg\u00f3 a Quer\u00e9taro, M\u00e9xico, como parte del Trophy Tour, una gira internacional que acerca el m\u00e1ximo s\u00edmbolo del f\u00fatbol a los aficionados antes del pr\u00f3ximo Mundial que se celebrar\u00e1 en Norteam\u00e9rica.\" \/>\n<meta property=\"og:url\" content=\"https:\/\/www.nexoinformativo.mx\/index.php\/2026\/03\/12\/queretaro-recibe-el-trophy-tour-del-mundial-2026-con-exposicion-historica\/\" \/>\n<meta property=\"og:site_name\" content=\"Nexo Informativo Santiago de Quer\u00e9taro\" \/>\n<meta property=\"article:publisher\" content=\"https:\/\/www.facebook.com\/people\/Nexo-Informativo\/61564066885511\/\" \/>\n<meta property=\"article:published_time\" content=\"2026-03-12T19:00:13+00:00\" \/>\n<meta property=\"article:modified_time\" content=\"2026-03-13T03:01:51+00:00\" \/>\n<meta property=\"og:image\" content=\"https:\/\/www.nexoinformativo.mx\/wp-content\/uploads\/2026\/03\/IMG_20260312_205927-1024x932.png\" \/>\n\t<meta property=\"og:image:width\" content=\"1024\" \/>\n\t<meta property=\"og:image:height\" content=\"932\" \/>\n\t<meta property=\"og:image:type\" content=\"image\/png\" \/>\n<meta name=\"author\" content=\"Nexo Informativo\" \/>\n<meta name=\"twitter:card\" content=\"summary_large_image\" \/>\n<meta name=\"twitter:label1\" content=\"Escrito por\" \/>\n\t<meta name=\"twitter:data1\" content=\"Nexo Informativo\" \/>\n\t<meta name=\"twitter:label2\" content=\"Tiempo de lectura\" \/>\n\t<meta name=\"twitter:data2\" content=\"1 minuto\" \/>\n<script type=\"application\/ld+json\" class=\"yoast-schema-graph\">{\"@context\":\"https:\/\/schema.org\",\"@graph\":[{\"@type\":\"Article\",\"@id\":\"https:\/\/www.nexoinformativo.mx\/index.php\/2026\/03\/12\/queretaro-recibe-el-trophy-tour-del-mundial-2026-con-exposicion-historica\/#article\",\"isPartOf\":{\"@id\":\"https:\/\/www.nexoinformativo.mx\/index.php\/2026\/03\/12\/queretaro-recibe-el-trophy-tour-del-mundial-2026-con-exposicion-historica\/\"},\"author\":{\"name\":\"Nexo Informativo\",\"@id\":\"https:\/\/www.nexoinformativo.mx\/#\/schema\/person\/7749d380ba08c8ca00d7bc76fd907b7d\"},\"headline\":\"Quer\u00e9taro recibe el Trophy Tour del Mundial 2026 con exposici\u00f3n hist\u00f3rica\",\"datePublished\":\"2026-03-12T19:00:13+00:00\",\"dateModified\":\"2026-03-13T03:01:51+00:00\",\"mainEntityOfPage\":{\"@id\":\"https:\/\/www.nexoinformativo.mx\/index.php\/2026\/03\/12\/queretaro-recibe-el-trophy-tour-del-mundial-2026-con-exposicion-historica\/\"},\"wordCount\":201,\"commentCount\":0,\"publisher\":{\"@id\":\"https:\/\/www.nexoinformativo.mx\/#organization\"},\"image\":{\"@id\":\"https:\/\/www.nexoinformativo.mx\/index.php\/2026\/03\/12\/queretaro-recibe-el-trophy-tour-del-mundial-2026-con-exposicion-historica\/#primaryimage\"},\"thumbnailUrl\":\"https:\/\/www.nexoinformativo.mx\/wp-content\/uploads\/2026\/03\/IMG_20260312_205927.png\",\"keywords\":[\"CopaDelMundo\",\"Futbol\",\"Mundial2026\",\"Quer\u00e9taro\",\"TrophyTour\"],\"articleSection\":[\"Econom\u00eda\",\"Estado\",\"\u00daltima Hora\"],\"inLanguage\":\"es\",\"potentialAction\":[{\"@type\":\"CommentAction\",\"name\":\"Comment\",\"target\":[\"https:\/\/www.nexoinformativo.mx\/index.php\/2026\/03\/12\/queretaro-recibe-el-trophy-tour-del-mundial-2026-con-exposicion-historica\/#respond\"]}]},{\"@type\":\"WebPage\",\"@id\":\"https:\/\/www.nexoinformativo.mx\/index.php\/2026\/03\/12\/queretaro-recibe-el-trophy-tour-del-mundial-2026-con-exposicion-historica\/\",\"url\":\"https:\/\/www.nexoinformativo.mx\/index.php\/2026\/03\/12\/queretaro-recibe-el-trophy-tour-del-mundial-2026-con-exposicion-historica\/\",\"name\":\"Quer\u00e9taro recibe el Trophy Tour del Mundial 2026 con exposici\u00f3n hist\u00f3rica | Nexo Informativo Santiago de Quer\u00e9taro\",\"isPartOf\":{\"@id\":\"https:\/\/www.nexoinformativo.mx\/#website\"},\"primaryImageOfPage\":{\"@id\":\"https:\/\/www.nexoinformativo.mx\/index.php\/2026\/03\/12\/queretaro-recibe-el-trophy-tour-del-mundial-2026-con-exposicion-historica\/#primaryimage\"},\"image\":{\"@id\":\"https:\/\/www.nexoinformativo.mx\/index.php\/2026\/03\/12\/queretaro-recibe-el-trophy-tour-del-mundial-2026-con-exposicion-historica\/#primaryimage\"},\"thumbnailUrl\":\"https:\/\/www.nexoinformativo.mx\/wp-content\/uploads\/2026\/03\/IMG_20260312_205927.png\",\"datePublished\":\"2026-03-12T19:00:13+00:00\",\"dateModified\":\"2026-03-13T03:01:51+00:00\",\"breadcrumb\":{\"@id\":\"https:\/\/www.nexoinformativo.mx\/index.php\/2026\/03\/12\/queretaro-recibe-el-trophy-tour-del-mundial-2026-con-exposicion-historica\/#breadcrumb\"},\"inLanguage\":\"es\",\"potentialAction\":[{\"@type\":\"ReadAction\",\"target\":[\"https:\/\/www.nexoinformativo.mx\/index.php\/2026\/03\/12\/queretaro-recibe-el-trophy-tour-del-mundial-2026-con-exposicion-historica\/\"]}]},{\"@type\":\"ImageObject\",\"inLanguage\":\"es\",\"@id\":\"https:\/\/www.nexoinformativo.mx\/index.php\/2026\/03\/12\/queretaro-recibe-el-trophy-tour-del-mundial-2026-con-exposicion-historica\/#primaryimage\",\"url\":\"https:\/\/www.nexoinformativo.mx\/wp-content\/uploads\/2026\/03\/IMG_20260312_205927.png\",\"contentUrl\":\"https:\/\/www.nexoinformativo.mx\/wp-content\/uploads\/2026\/03\/IMG_20260312_205927.png\",\"width\":2048,\"height\":1864},{\"@type\":\"BreadcrumbList\",\"@id\":\"https:\/\/www.nexoinformativo.mx\/index.php\/2026\/03\/12\/queretaro-recibe-el-trophy-tour-del-mundial-2026-con-exposicion-historica\/#breadcrumb\",\"itemListElement\":[{\"@type\":\"ListItem\",\"position\":1,\"name\":\"Inicio\",\"item\":\"https:\/\/www.nexoinformativo.mx\/\"},{\"@type\":\"ListItem\",\"position\":2,\"name\":\"Quer\u00e9taro recibe el Trophy Tour del Mundial 2026 con exposici\u00f3n hist\u00f3rica\"}]},{\"@type\":\"WebSite\",\"@id\":\"https:\/\/www.nexoinformativo.mx\/#website\",\"url\":\"https:\/\/www.nexoinformativo.mx\/\",\"name\":\"Nexo Informativo Santiago de Quer\u00e9taro\",\"description\":\"Explora NexoInformativo y convi\u00e9rtete en parte de una comunidad que valora el conocimiento y la verdad. Tu nexoinformativo es tu puente hacia una comprensi\u00f3n m\u00e1s profunda del mundo que te rodea.\",\"publisher\":{\"@id\":\"https:\/\/www.nexoinformativo.mx\/#organization\"},\"potentialAction\":[{\"@type\":\"SearchAction\",\"target\":{\"@type\":\"EntryPoint\",\"urlTemplate\":\"https:\/\/www.nexoinformativo.mx\/?s={search_term_string}\"},\"query-input\":{\"@type\":\"PropertyValueSpecification\",\"valueRequired\":true,\"valueName\":\"search_term_string\"}}],\"inLanguage\":\"es\"},{\"@type\":\"Organization\",\"@id\":\"https:\/\/www.nexoinformativo.mx\/#organization\",\"name\":\"Nexo Informativo Santiago de Quer\u00e9taro\",\"url\":\"https:\/\/www.nexoinformativo.mx\/\",\"logo\":{\"@type\":\"ImageObject\",\"inLanguage\":\"es\",\"@id\":\"https:\/\/www.nexoinformativo.mx\/#\/schema\/logo\/image\/\",\"url\":\"https:\/\/www.nexoinformativo.mx\/wp-content\/uploads\/2024\/07\/nexoi-trasparente-2.png\",\"contentUrl\":\"https:\/\/www.nexoinformativo.mx\/wp-content\/uploads\/2024\/07\/nexoi-trasparente-2.png\",\"width\":816,\"height\":339,\"caption\":\"Nexo Informativo Santiago de Quer\u00e9taro\"},\"image\":{\"@id\":\"https:\/\/www.nexoinformativo.mx\/#\/schema\/logo\/image\/\"},\"sameAs\":[\"https:\/\/www.facebook.com\/people\/Nexo-Informativo\/61564066885511\/\"]},{\"@type\":\"Person\",\"@id\":\"https:\/\/www.nexoinformativo.mx\/#\/schema\/person\/7749d380ba08c8ca00d7bc76fd907b7d\",\"name\":\"Nexo Informativo\",\"image\":{\"@type\":\"ImageObject\",\"inLanguage\":\"es\",\"@id\":\"https:\/\/www.nexoinformativo.mx\/#\/schema\/person\/image\/\",\"url\":\"https:\/\/secure.gravatar.com\/avatar\/dde2928154642a13d95f87ddf1ea9718fe2b46760a005c53e41ff5ad610704e6?s=96&d=mm&r=g\",\"contentUrl\":\"https:\/\/secure.gravatar.com\/avatar\/dde2928154642a13d95f87ddf1ea9718fe2b46760a005c53e41ff5ad610704e6?s=96&d=mm&r=g\",\"caption\":\"Nexo Informativo\"},\"url\":\"https:\/\/www.nexoinformativo.mx\/index.php\/author\/edicion\/\"}]}<\/script>\n<!-- \/ Yoast SEO plugin. -->","yoast_head_json":{"title":"Quer\u00e9taro recibe el Trophy Tour del Mundial 2026 con exposici\u00f3n hist\u00f3rica | Nexo Informativo Santiago de Quer\u00e9taro","robots":{"index":"index","follow":"follow","max-snippet":"max-snippet:-1","max-image-preview":"max-image-preview:large","max-video-preview":"max-video-preview:-1"},"canonical":"https:\/\/www.nexoinformativo.mx\/index.php\/2026\/03\/12\/queretaro-recibe-el-trophy-tour-del-mundial-2026-con-exposicion-historica\/","og_locale":"es_MX","og_type":"article","og_title":"Quer\u00e9taro recibe el Trophy Tour del Mundial 2026 con exposici\u00f3n hist\u00f3rica | Nexo Informativo Santiago de Quer\u00e9taro","og_description":"El trofeo original de la Copa Mundial de la FIFA 2026 lleg\u00f3 a Quer\u00e9taro, M\u00e9xico, como parte del Trophy Tour, una gira internacional que acerca el m\u00e1ximo s\u00edmbolo del f\u00fatbol a los aficionados antes del pr\u00f3ximo Mundial que se celebrar\u00e1 en Norteam\u00e9rica.","og_url":"https:\/\/www.nexoinformativo.mx\/index.php\/2026\/03\/12\/queretaro-recibe-el-trophy-tour-del-mundial-2026-con-exposicion-historica\/","og_site_name":"Nexo Informativo Santiago de Quer\u00e9taro","article_publisher":"https:\/\/www.facebook.com\/people\/Nexo-Informativo\/61564066885511\/","article_published_time":"2026-03-12T19:00:13+00:00","article_modified_time":"2026-03-13T03:01:51+00:00","og_image":[{"width":1024,"height":932,"url":"https:\/\/www.nexoinformativo.mx\/wp-content\/uploads\/2026\/03\/IMG_20260312_205927-1024x932.png","type":"image\/png"}],"author":"Nexo Informativo","twitter_card":"summary_large_image","twitter_misc":{"Escrito por":"Nexo Informativo","Tiempo de lectura":"1 minuto"},"schema":{"@context":"https:\/\/schema.org","@graph":[{"@type":"Article","@id":"https:\/\/www.nexoinformativo.mx\/index.php\/2026\/03\/12\/queretaro-recibe-el-trophy-tour-del-mundial-2026-con-exposicion-historica\/#article","isPartOf":{"@id":"https:\/\/www.nexoinformativo.mx\/index.php\/2026\/03\/12\/queretaro-recibe-el-trophy-tour-del-mundial-2026-con-exposicion-historica\/"},"author":{"name":"Nexo Informativo","@id":"https:\/\/www.nexoinformativo.mx\/#\/schema\/person\/7749d380ba08c8ca00d7bc76fd907b7d"},"headline":"Quer\u00e9taro recibe el Trophy Tour del Mundial 2026 con exposici\u00f3n hist\u00f3rica","datePublished":"2026-03-12T19:00:13+00:00","dateModified":"2026-03-13T03:01:51+00:00","mainEntityOfPage":{"@id":"https:\/\/www.nexoinformativo.mx\/index.php\/2026\/03\/12\/queretaro-recibe-el-trophy-tour-del-mundial-2026-con-exposicion-historica\/"},"wordCount":201,"commentCount":0,"publisher":{"@id":"https:\/\/www.nexoinformativo.mx\/#organization"},"image":{"@id":"https:\/\/www.nexoinformativo.mx\/index.php\/2026\/03\/12\/queretaro-recibe-el-trophy-tour-del-mundial-2026-con-exposicion-historica\/#primaryimage"},"thumbnailUrl":"https:\/\/www.nexoinformativo.mx\/wp-content\/uploads\/2026\/03\/IMG_20260312_205927.png","keywords":["CopaDelMundo","Futbol","Mundial2026","Quer\u00e9taro","TrophyTour"],"articleSection":["Econom\u00eda","Estado","\u00daltima Hora"],"inLanguage":"es","potentialAction":[{"@type":"CommentAction","name":"Comment","target":["https:\/\/www.nexoinformativo.mx\/index.php\/2026\/03\/12\/queretaro-recibe-el-trophy-tour-del-mundial-2026-con-exposicion-historica\/#respond"]}]},{"@type":"WebPage","@id":"https:\/\/www.nexoinformativo.mx\/index.php\/2026\/03\/12\/queretaro-recibe-el-trophy-tour-del-mundial-2026-con-exposicion-historica\/","url":"https:\/\/www.nexoinformativo.mx\/index.php\/2026\/03\/12\/queretaro-recibe-el-trophy-tour-del-mundial-2026-con-exposicion-historica\/","name":"Quer\u00e9taro recibe el Trophy Tour del Mundial 2026 con exposici\u00f3n hist\u00f3rica | Nexo Informativo Santiago de Quer\u00e9taro","isPartOf":{"@id":"https:\/\/www.nexoinformativo.mx\/#website"},"primaryImageOfPage":{"@id":"https:\/\/www.nexoinformativo.mx\/index.php\/2026\/03\/12\/queretaro-recibe-el-trophy-tour-del-mundial-2026-con-exposicion-historica\/#primaryimage"},"image":{"@id":"https:\/\/www.nexoinformativo.mx\/index.php\/2026\/03\/12\/queretaro-recibe-el-trophy-tour-del-mundial-2026-con-exposicion-historica\/#primaryimage"},"thumbnailUrl":"https:\/\/www.nexoinformativo.mx\/wp-content\/uploads\/2026\/03\/IMG_20260312_205927.png","datePublished":"2026-03-12T19:00:13+00:00","dateModified":"2026-03-13T03:01:51+00:00","breadcrumb":{"@id":"https:\/\/www.nexoinformativo.mx\/index.php\/2026\/03\/12\/queretaro-recibe-el-trophy-tour-del-mundial-2026-con-exposicion-historica\/#breadcrumb"},"inLanguage":"es","potentialAction":[{"@type":"ReadAction","target":["https:\/\/www.nexoinformativo.mx\/index.php\/2026\/03\/12\/queretaro-recibe-el-trophy-tour-del-mundial-2026-con-exposicion-historica\/"]}]},{"@type":"ImageObject","inLanguage":"es","@id":"https:\/\/www.nexoinformativo.mx\/index.php\/2026\/03\/12\/queretaro-recibe-el-trophy-tour-del-mundial-2026-con-exposicion-historica\/#primaryimage","url":"https:\/\/www.nexoinformativo.mx\/wp-content\/uploads\/2026\/03\/IMG_20260312_205927.png","contentUrl":"https:\/\/www.nexoinformativo.mx\/wp-content\/uploads\/2026\/03\/IMG_20260312_205927.png","width":2048,"height":1864},{"@type":"BreadcrumbList","@id":"https:\/\/www.nexoinformativo.mx\/index.php\/2026\/03\/12\/queretaro-recibe-el-trophy-tour-del-mundial-2026-con-exposicion-historica\/#breadcrumb","itemListElement":[{"@type":"ListItem","position":1,"name":"Inicio","item":"https:\/\/www.nexoinformativo.mx\/"},{"@type":"ListItem","position":2,"name":"Quer\u00e9taro recibe el Trophy Tour del Mundial 2026 con exposici\u00f3n hist\u00f3rica"}]},{"@type":"WebSite","@id":"https:\/\/www.nexoinformativo.mx\/#website","url":"https:\/\/www.nexoinformativo.mx\/","name":"Nexo Informativo Santiago de Quer\u00e9taro","description":"Explora NexoInformativo y convi\u00e9rtete en parte de una comunidad que valora el conocimiento y la verdad. Tu nexoinformativo es tu puente hacia una comprensi\u00f3n m\u00e1s profunda del mundo que te rodea.","publisher":{"@id":"https:\/\/www.nexoinformativo.mx\/#organization"},"potentialAction":[{"@type":"SearchAction","target":{"@type":"EntryPoint","urlTemplate":"https:\/\/www.nexoinformativo.mx\/?s={search_term_string}"},"query-input":{"@type":"PropertyValueSpecification","valueRequired":true,"valueName":"search_term_string"}}],"inLanguage":"es"},{"@type":"Organization","@id":"https:\/\/www.nexoinformativo.mx\/#organization","name":"Nexo Informativo Santiago de Quer\u00e9taro","url":"https:\/\/www.nexoinformativo.mx\/","logo":{"@type":"ImageObject","inLanguage":"es","@id":"https:\/\/www.nexoinformativo.mx\/#\/schema\/logo\/image\/","url":"https:\/\/www.nexoinformativo.mx\/wp-content\/uploads\/2024\/07\/nexoi-trasparente-2.png","contentUrl":"https:\/\/www.nexoinformativo.mx\/wp-content\/uploads\/2024\/07\/nexoi-trasparente-2.png","width":816,"height":339,"caption":"Nexo Informativo Santiago de Quer\u00e9taro"},"image":{"@id":"https:\/\/www.nexoinformativo.mx\/#\/schema\/logo\/image\/"},"sameAs":["https:\/\/www.facebook.com\/people\/Nexo-Informativo\/61564066885511\/"]},{"@type":"Person","@id":"https:\/\/www.nexoinformativo.mx\/#\/schema\/person\/7749d380ba08c8ca00d7bc76fd907b7d","name":"Nexo Informativo","image":{"@type":"ImageObject","inLanguage":"es","@id":"https:\/\/www.nexoinformativo.mx\/#\/schema\/person\/image\/","url":"https:\/\/secure.gravatar.com\/avatar\/dde2928154642a13d95f87ddf1ea9718fe2b46760a005c53e41ff5ad610704e6?s=96&d=mm&r=g","contentUrl":"https:\/\/secure.gravatar.com\/avatar\/dde2928154642a13d95f87ddf1ea9718fe2b46760a005c53e41ff5ad610704e6?s=96&d=mm&r=g","caption":"Nexo Informativo"},"url":"https:\/\/www.nexoinformativo.mx\/index.php\/author\/edicion\/"}]}},"_links":{"self":[{"href":"https:\/\/www.nexoinformativo.mx\/index.php\/wp-json\/wp\/v2\/posts\/17289","targetHints":{"allow":["GET"]}}],"collection":[{"href":"https:\/\/www.nexoinformativo.mx\/index.php\/wp-json\/wp\/v2\/posts"}],"about":[{"href":"https:\/\/www.nexoinformativo.mx\/index.php\/wp-json\/wp\/v2\/types\/post"}],"author":[{"embeddable":true,"href":"https:\/\/www.nexoinformativo.mx\/index.php\/wp-json\/wp\/v2\/users\/3"}],"replies":[{"embeddable":true,"href":"https:\/\/www.nexoinformativo.mx\/index.php\/wp-json\/wp\/v2\/comments?post=17289"}],"version-history":[{"count":1,"href":"https:\/\/www.nexoinformativo.mx\/index.php\/wp-json\/wp\/v2\/posts\/17289\/revisions"}],"predecessor-version":[{"id":17290,"href":"https:\/\/www.nexoinformativo.mx\/index.php\/wp-json\/wp\/v2\/posts\/17289\/revisions\/17290"}],"wp:featuredmedia":[{"embeddable":true,"href":"https:\/\/www.nexoinformativo.mx\/index.php\/wp-json\/wp\/v2\/media\/17288"}],"wp:attachment":[{"href":"https:\/\/www.nexoinformativo.mx\/index.php\/wp-json\/wp\/v2\/media?parent=17289"}],"wp:term":[{"taxonomy":"category","embeddable":true,"href":"https:\/\/www.nexoinformativo.mx\/index.php\/wp-json\/wp\/v2\/categories?post=17289"},{"taxonomy":"post_tag","embeddable":true,"href":"https:\/\/www.nexoinformativo.mx\/index.php\/wp-json\/wp\/v2\/tags?post=17289"}],"curies":[{"name":"wp","href":"https:\/\/api.w.org\/{rel}","templated":true}]}}