{"id":17295,"date":"2026-03-12T13:00:34","date_gmt":"2026-03-12T19:00:34","guid":{"rendered":"https:\/\/www.nexoinformativo.mx\/?p=17295"},"modified":"2026-03-12T21:06:16","modified_gmt":"2026-03-13T03:06:16","slug":"regresan-a-queretaro-52-viajeros-que-quedaron-varados-en-dubai","status":"publish","type":"post","link":"https:\/\/www.nexoinformativo.mx\/index.php\/2026\/03\/12\/regresan-a-queretaro-52-viajeros-que-quedaron-varados-en-dubai\/","title":{"rendered":"Regresan a Quer\u00e9taro 52 viajeros que quedaron varados en Dub\u00e1i"},"content":{"rendered":"\n<p>Un grupo de 52 personas originarias de Quer\u00e9taro regres\u00f3 a M\u00e9xico luego de permanecer varados en Dub\u00e1i, en medio de la tensi\u00f3n y conflictos en Medio Oriente. Los viajeros finalmente lograron volver al estado tras un operativo de traslado coordinado que permiti\u00f3 su salida segura de la regi\u00f3n.<br><br>De acuerdo con la informaci\u00f3n difundida, los queretanos se encontraban de vacaciones cuando comenz\u00f3 la crisis en la zona, lo que provoc\u00f3 incertidumbre y complicaciones para poder regresar a casa. Durante su estancia en Dub\u00e1i, algunos relataron momentos de preocupaci\u00f3n al escuchar bombardeos y observar el aumento de medidas de seguridad.<br><br>El grupo logr\u00f3 salir de Dub\u00e1i y volar hacia Madrid, desde donde posteriormente viajaron a M\u00e9xico. Finalmente arribaron al Aeropuerto Internacional de Quer\u00e9taro, donde pudieron reencontrarse con familiares despu\u00e9s de varios d\u00edas de incertidumbre.<br><br>Las autoridades se\u00f1alaron que el regreso se logr\u00f3 gracias a la coordinaci\u00f3n con instancias gubernamentales y apoyo log\u00edstico para garantizar la seguridad de los viajeros durante su traslado.<\/p>\n","protected":false},"excerpt":{"rendered":"<p>Un grupo de 52 personas originarias de Quer\u00e9taro regres\u00f3 a M\u00e9xico luego de permanecer varados en Dub\u00e1i, en medio de la tensi\u00f3n y conflictos en Medio Oriente.<\/p>\n","protected":false},"author":3,"featured_media":17294,"comment_status":"open","ping_status":"open","sticky":false,"template":"","format":"standard","meta":{"footnotes":""},"categories":[42,58],"tags":[5139,5141,5140,133],"class_list":["post-17295","post","type-post","status-publish","format-standard","has-post-thumbnail","hentry","category-estado","category-ultima-hora","tag-dubai","tag-mediooriente","tag-mexicanosenelextranjero","tag-queretaro"],"yoast_head":"<!-- This site is optimized with the Yoast SEO plugin v25.0 - https:\/\/yoast.com\/wordpress\/plugins\/seo\/ -->\n<title>Regresan a Quer\u00e9taro 52 viajeros que quedaron varados en Dub\u00e1i | Nexo Informativo Santiago de Quer\u00e9taro<\/title>\n<meta name=\"robots\" content=\"index, follow, max-snippet:-1, max-image-preview:large, max-video-preview:-1\" \/>\n<link rel=\"canonical\" href=\"https:\/\/www.nexoinformativo.mx\/index.php\/2026\/03\/12\/regresan-a-queretaro-52-viajeros-que-quedaron-varados-en-dubai\/\" \/>\n<meta property=\"og:locale\" content=\"es_MX\" \/>\n<meta property=\"og:type\" content=\"article\" \/>\n<meta property=\"og:title\" content=\"Regresan a Quer\u00e9taro 52 viajeros que quedaron varados en Dub\u00e1i | Nexo Informativo Santiago de Quer\u00e9taro\" \/>\n<meta property=\"og:description\" content=\"Un grupo de 52 personas originarias de Quer\u00e9taro regres\u00f3 a M\u00e9xico luego de permanecer varados en Dub\u00e1i, en medio de la tensi\u00f3n y conflictos en Medio Oriente.\" \/>\n<meta property=\"og:url\" content=\"https:\/\/www.nexoinformativo.mx\/index.php\/2026\/03\/12\/regresan-a-queretaro-52-viajeros-que-quedaron-varados-en-dubai\/\" \/>\n<meta property=\"og:site_name\" content=\"Nexo Informativo Santiago de Quer\u00e9taro\" \/>\n<meta property=\"article:publisher\" content=\"https:\/\/www.facebook.com\/people\/Nexo-Informativo\/61564066885511\/\" \/>\n<meta property=\"article:published_time\" content=\"2026-03-12T19:00:34+00:00\" \/>\n<meta property=\"article:modified_time\" content=\"2026-03-13T03:06:16+00:00\" \/>\n<meta property=\"og:image\" content=\"https:\/\/www.nexoinformativo.mx\/wp-content\/uploads\/2026\/03\/IMG_20260312_210459-1024x513.png\" \/>\n\t<meta property=\"og:image:width\" content=\"1024\" \/>\n\t<meta property=\"og:image:height\" content=\"513\" \/>\n\t<meta property=\"og:image:type\" content=\"image\/png\" \/>\n<meta name=\"author\" content=\"Nexo Informativo\" \/>\n<meta name=\"twitter:card\" content=\"summary_large_image\" \/>\n<meta name=\"twitter:label1\" content=\"Escrito por\" \/>\n\t<meta name=\"twitter:data1\" content=\"Nexo Informativo\" \/>\n\t<meta name=\"twitter:label2\" content=\"Tiempo de lectura\" \/>\n\t<meta name=\"twitter:data2\" content=\"1 minuto\" \/>\n<script type=\"application\/ld+json\" class=\"yoast-schema-graph\">{\"@context\":\"https:\/\/schema.org\",\"@graph\":[{\"@type\":\"Article\",\"@id\":\"https:\/\/www.nexoinformativo.mx\/index.php\/2026\/03\/12\/regresan-a-queretaro-52-viajeros-que-quedaron-varados-en-dubai\/#article\",\"isPartOf\":{\"@id\":\"https:\/\/www.nexoinformativo.mx\/index.php\/2026\/03\/12\/regresan-a-queretaro-52-viajeros-que-quedaron-varados-en-dubai\/\"},\"author\":{\"name\":\"Nexo Informativo\",\"@id\":\"https:\/\/www.nexoinformativo.mx\/#\/schema\/person\/7749d380ba08c8ca00d7bc76fd907b7d\"},\"headline\":\"Regresan a Quer\u00e9taro 52 viajeros que quedaron varados en Dub\u00e1i\",\"datePublished\":\"2026-03-12T19:00:34+00:00\",\"dateModified\":\"2026-03-13T03:06:16+00:00\",\"mainEntityOfPage\":{\"@id\":\"https:\/\/www.nexoinformativo.mx\/index.php\/2026\/03\/12\/regresan-a-queretaro-52-viajeros-que-quedaron-varados-en-dubai\/\"},\"wordCount\":187,\"commentCount\":0,\"publisher\":{\"@id\":\"https:\/\/www.nexoinformativo.mx\/#organization\"},\"image\":{\"@id\":\"https:\/\/www.nexoinformativo.mx\/index.php\/2026\/03\/12\/regresan-a-queretaro-52-viajeros-que-quedaron-varados-en-dubai\/#primaryimage\"},\"thumbnailUrl\":\"https:\/\/www.nexoinformativo.mx\/wp-content\/uploads\/2026\/03\/IMG_20260312_210459-scaled.png\",\"keywords\":[\"Dub\u00e1i\",\"MedioOriente\",\"MexicanosEnElExtranjero\",\"Quer\u00e9taro\"],\"articleSection\":[\"Estado\",\"\u00daltima Hora\"],\"inLanguage\":\"es\",\"potentialAction\":[{\"@type\":\"CommentAction\",\"name\":\"Comment\",\"target\":[\"https:\/\/www.nexoinformativo.mx\/index.php\/2026\/03\/12\/regresan-a-queretaro-52-viajeros-que-quedaron-varados-en-dubai\/#respond\"]}]},{\"@type\":\"WebPage\",\"@id\":\"https:\/\/www.nexoinformativo.mx\/index.php\/2026\/03\/12\/regresan-a-queretaro-52-viajeros-que-quedaron-varados-en-dubai\/\",\"url\":\"https:\/\/www.nexoinformativo.mx\/index.php\/2026\/03\/12\/regresan-a-queretaro-52-viajeros-que-quedaron-varados-en-dubai\/\",\"name\":\"Regresan a Quer\u00e9taro 52 viajeros que quedaron varados en Dub\u00e1i | Nexo Informativo Santiago de Quer\u00e9taro\",\"isPartOf\":{\"@id\":\"https:\/\/www.nexoinformativo.mx\/#website\"},\"primaryImageOfPage\":{\"@id\":\"https:\/\/www.nexoinformativo.mx\/index.php\/2026\/03\/12\/regresan-a-queretaro-52-viajeros-que-quedaron-varados-en-dubai\/#primaryimage\"},\"image\":{\"@id\":\"https:\/\/www.nexoinformativo.mx\/index.php\/2026\/03\/12\/regresan-a-queretaro-52-viajeros-que-quedaron-varados-en-dubai\/#primaryimage\"},\"thumbnailUrl\":\"https:\/\/www.nexoinformativo.mx\/wp-content\/uploads\/2026\/03\/IMG_20260312_210459-scaled.png\",\"datePublished\":\"2026-03-12T19:00:34+00:00\",\"dateModified\":\"2026-03-13T03:06:16+00:00\",\"breadcrumb\":{\"@id\":\"https:\/\/www.nexoinformativo.mx\/index.php\/2026\/03\/12\/regresan-a-queretaro-52-viajeros-que-quedaron-varados-en-dubai\/#breadcrumb\"},\"inLanguage\":\"es\",\"potentialAction\":[{\"@type\":\"ReadAction\",\"target\":[\"https:\/\/www.nexoinformativo.mx\/index.php\/2026\/03\/12\/regresan-a-queretaro-52-viajeros-que-quedaron-varados-en-dubai\/\"]}]},{\"@type\":\"ImageObject\",\"inLanguage\":\"es\",\"@id\":\"https:\/\/www.nexoinformativo.mx\/index.php\/2026\/03\/12\/regresan-a-queretaro-52-viajeros-que-quedaron-varados-en-dubai\/#primaryimage\",\"url\":\"https:\/\/www.nexoinformativo.mx\/wp-content\/uploads\/2026\/03\/IMG_20260312_210459-scaled.png\",\"contentUrl\":\"https:\/\/www.nexoinformativo.mx\/wp-content\/uploads\/2026\/03\/IMG_20260312_210459-scaled.png\",\"width\":2560,\"height\":1282},{\"@type\":\"BreadcrumbList\",\"@id\":\"https:\/\/www.nexoinformativo.mx\/index.php\/2026\/03\/12\/regresan-a-queretaro-52-viajeros-que-quedaron-varados-en-dubai\/#breadcrumb\",\"itemListElement\":[{\"@type\":\"ListItem\",\"position\":1,\"name\":\"Inicio\",\"item\":\"https:\/\/www.nexoinformativo.mx\/\"},{\"@type\":\"ListItem\",\"position\":2,\"name\":\"Regresan a Quer\u00e9taro 52 viajeros que quedaron varados en Dub\u00e1i\"}]},{\"@type\":\"WebSite\",\"@id\":\"https:\/\/www.nexoinformativo.mx\/#website\",\"url\":\"https:\/\/www.nexoinformativo.mx\/\",\"name\":\"Nexo Informativo Santiago de Quer\u00e9taro\",\"description\":\"Explora NexoInformativo y convi\u00e9rtete en parte de una comunidad que valora el conocimiento y la verdad. Tu nexoinformativo es tu puente hacia una comprensi\u00f3n m\u00e1s profunda del mundo que te rodea.\",\"publisher\":{\"@id\":\"https:\/\/www.nexoinformativo.mx\/#organization\"},\"potentialAction\":[{\"@type\":\"SearchAction\",\"target\":{\"@type\":\"EntryPoint\",\"urlTemplate\":\"https:\/\/www.nexoinformativo.mx\/?s={search_term_string}\"},\"query-input\":{\"@type\":\"PropertyValueSpecification\",\"valueRequired\":true,\"valueName\":\"search_term_string\"}}],\"inLanguage\":\"es\"},{\"@type\":\"Organization\",\"@id\":\"https:\/\/www.nexoinformativo.mx\/#organization\",\"name\":\"Nexo Informativo Santiago de Quer\u00e9taro\",\"url\":\"https:\/\/www.nexoinformativo.mx\/\",\"logo\":{\"@type\":\"ImageObject\",\"inLanguage\":\"es\",\"@id\":\"https:\/\/www.nexoinformativo.mx\/#\/schema\/logo\/image\/\",\"url\":\"https:\/\/www.nexoinformativo.mx\/wp-content\/uploads\/2024\/07\/nexoi-trasparente-2.png\",\"contentUrl\":\"https:\/\/www.nexoinformativo.mx\/wp-content\/uploads\/2024\/07\/nexoi-trasparente-2.png\",\"width\":816,\"height\":339,\"caption\":\"Nexo Informativo Santiago de Quer\u00e9taro\"},\"image\":{\"@id\":\"https:\/\/www.nexoinformativo.mx\/#\/schema\/logo\/image\/\"},\"sameAs\":[\"https:\/\/www.facebook.com\/people\/Nexo-Informativo\/61564066885511\/\"]},{\"@type\":\"Person\",\"@id\":\"https:\/\/www.nexoinformativo.mx\/#\/schema\/person\/7749d380ba08c8ca00d7bc76fd907b7d\",\"name\":\"Nexo Informativo\",\"image\":{\"@type\":\"ImageObject\",\"inLanguage\":\"es\",\"@id\":\"https:\/\/www.nexoinformativo.mx\/#\/schema\/person\/image\/\",\"url\":\"https:\/\/secure.gravatar.com\/avatar\/dde2928154642a13d95f87ddf1ea9718fe2b46760a005c53e41ff5ad610704e6?s=96&d=mm&r=g\",\"contentUrl\":\"https:\/\/secure.gravatar.com\/avatar\/dde2928154642a13d95f87ddf1ea9718fe2b46760a005c53e41ff5ad610704e6?s=96&d=mm&r=g\",\"caption\":\"Nexo Informativo\"},\"url\":\"https:\/\/www.nexoinformativo.mx\/index.php\/author\/edicion\/\"}]}<\/script>\n<!-- \/ Yoast SEO plugin. -->","yoast_head_json":{"title":"Regresan a Quer\u00e9taro 52 viajeros que quedaron varados en Dub\u00e1i | Nexo Informativo Santiago de Quer\u00e9taro","robots":{"index":"index","follow":"follow","max-snippet":"max-snippet:-1","max-image-preview":"max-image-preview:large","max-video-preview":"max-video-preview:-1"},"canonical":"https:\/\/www.nexoinformativo.mx\/index.php\/2026\/03\/12\/regresan-a-queretaro-52-viajeros-que-quedaron-varados-en-dubai\/","og_locale":"es_MX","og_type":"article","og_title":"Regresan a Quer\u00e9taro 52 viajeros que quedaron varados en Dub\u00e1i | Nexo Informativo Santiago de Quer\u00e9taro","og_description":"Un grupo de 52 personas originarias de Quer\u00e9taro regres\u00f3 a M\u00e9xico luego de permanecer varados en Dub\u00e1i, en medio de la tensi\u00f3n y conflictos en Medio Oriente.","og_url":"https:\/\/www.nexoinformativo.mx\/index.php\/2026\/03\/12\/regresan-a-queretaro-52-viajeros-que-quedaron-varados-en-dubai\/","og_site_name":"Nexo Informativo Santiago de Quer\u00e9taro","article_publisher":"https:\/\/www.facebook.com\/people\/Nexo-Informativo\/61564066885511\/","article_published_time":"2026-03-12T19:00:34+00:00","article_modified_time":"2026-03-13T03:06:16+00:00","og_image":[{"width":1024,"height":513,"url":"https:\/\/www.nexoinformativo.mx\/wp-content\/uploads\/2026\/03\/IMG_20260312_210459-1024x513.png","type":"image\/png"}],"author":"Nexo Informativo","twitter_card":"summary_large_image","twitter_misc":{"Escrito por":"Nexo Informativo","Tiempo de lectura":"1 minuto"},"schema":{"@context":"https:\/\/schema.org","@graph":[{"@type":"Article","@id":"https:\/\/www.nexoinformativo.mx\/index.php\/2026\/03\/12\/regresan-a-queretaro-52-viajeros-que-quedaron-varados-en-dubai\/#article","isPartOf":{"@id":"https:\/\/www.nexoinformativo.mx\/index.php\/2026\/03\/12\/regresan-a-queretaro-52-viajeros-que-quedaron-varados-en-dubai\/"},"author":{"name":"Nexo Informativo","@id":"https:\/\/www.nexoinformativo.mx\/#\/schema\/person\/7749d380ba08c8ca00d7bc76fd907b7d"},"headline":"Regresan a Quer\u00e9taro 52 viajeros que quedaron varados en Dub\u00e1i","datePublished":"2026-03-12T19:00:34+00:00","dateModified":"2026-03-13T03:06:16+00:00","mainEntityOfPage":{"@id":"https:\/\/www.nexoinformativo.mx\/index.php\/2026\/03\/12\/regresan-a-queretaro-52-viajeros-que-quedaron-varados-en-dubai\/"},"wordCount":187,"commentCount":0,"publisher":{"@id":"https:\/\/www.nexoinformativo.mx\/#organization"},"image":{"@id":"https:\/\/www.nexoinformativo.mx\/index.php\/2026\/03\/12\/regresan-a-queretaro-52-viajeros-que-quedaron-varados-en-dubai\/#primaryimage"},"thumbnailUrl":"https:\/\/www.nexoinformativo.mx\/wp-content\/uploads\/2026\/03\/IMG_20260312_210459-scaled.png","keywords":["Dub\u00e1i","MedioOriente","MexicanosEnElExtranjero","Quer\u00e9taro"],"articleSection":["Estado","\u00daltima Hora"],"inLanguage":"es","potentialAction":[{"@type":"CommentAction","name":"Comment","target":["https:\/\/www.nexoinformativo.mx\/index.php\/2026\/03\/12\/regresan-a-queretaro-52-viajeros-que-quedaron-varados-en-dubai\/#respond"]}]},{"@type":"WebPage","@id":"https:\/\/www.nexoinformativo.mx\/index.php\/2026\/03\/12\/regresan-a-queretaro-52-viajeros-que-quedaron-varados-en-dubai\/","url":"https:\/\/www.nexoinformativo.mx\/index.php\/2026\/03\/12\/regresan-a-queretaro-52-viajeros-que-quedaron-varados-en-dubai\/","name":"Regresan a Quer\u00e9taro 52 viajeros que quedaron varados en Dub\u00e1i | Nexo Informativo Santiago de Quer\u00e9taro","isPartOf":{"@id":"https:\/\/www.nexoinformativo.mx\/#website"},"primaryImageOfPage":{"@id":"https:\/\/www.nexoinformativo.mx\/index.php\/2026\/03\/12\/regresan-a-queretaro-52-viajeros-que-quedaron-varados-en-dubai\/#primaryimage"},"image":{"@id":"https:\/\/www.nexoinformativo.mx\/index.php\/2026\/03\/12\/regresan-a-queretaro-52-viajeros-que-quedaron-varados-en-dubai\/#primaryimage"},"thumbnailUrl":"https:\/\/www.nexoinformativo.mx\/wp-content\/uploads\/2026\/03\/IMG_20260312_210459-scaled.png","datePublished":"2026-03-12T19:00:34+00:00","dateModified":"2026-03-13T03:06:16+00:00","breadcrumb":{"@id":"https:\/\/www.nexoinformativo.mx\/index.php\/2026\/03\/12\/regresan-a-queretaro-52-viajeros-que-quedaron-varados-en-dubai\/#breadcrumb"},"inLanguage":"es","potentialAction":[{"@type":"ReadAction","target":["https:\/\/www.nexoinformativo.mx\/index.php\/2026\/03\/12\/regresan-a-queretaro-52-viajeros-que-quedaron-varados-en-dubai\/"]}]},{"@type":"ImageObject","inLanguage":"es","@id":"https:\/\/www.nexoinformativo.mx\/index.php\/2026\/03\/12\/regresan-a-queretaro-52-viajeros-que-quedaron-varados-en-dubai\/#primaryimage","url":"https:\/\/www.nexoinformativo.mx\/wp-content\/uploads\/2026\/03\/IMG_20260312_210459-scaled.png","contentUrl":"https:\/\/www.nexoinformativo.mx\/wp-content\/uploads\/2026\/03\/IMG_20260312_210459-scaled.png","width":2560,"height":1282},{"@type":"BreadcrumbList","@id":"https:\/\/www.nexoinformativo.mx\/index.php\/2026\/03\/12\/regresan-a-queretaro-52-viajeros-que-quedaron-varados-en-dubai\/#breadcrumb","itemListElement":[{"@type":"ListItem","position":1,"name":"Inicio","item":"https:\/\/www.nexoinformativo.mx\/"},{"@type":"ListItem","position":2,"name":"Regresan a Quer\u00e9taro 52 viajeros que quedaron varados en Dub\u00e1i"}]},{"@type":"WebSite","@id":"https:\/\/www.nexoinformativo.mx\/#website","url":"https:\/\/www.nexoinformativo.mx\/","name":"Nexo Informativo Santiago de Quer\u00e9taro","description":"Explora NexoInformativo y convi\u00e9rtete en parte de una comunidad que valora el conocimiento y la verdad. Tu nexoinformativo es tu puente hacia una comprensi\u00f3n m\u00e1s profunda del mundo que te rodea.","publisher":{"@id":"https:\/\/www.nexoinformativo.mx\/#organization"},"potentialAction":[{"@type":"SearchAction","target":{"@type":"EntryPoint","urlTemplate":"https:\/\/www.nexoinformativo.mx\/?s={search_term_string}"},"query-input":{"@type":"PropertyValueSpecification","valueRequired":true,"valueName":"search_term_string"}}],"inLanguage":"es"},{"@type":"Organization","@id":"https:\/\/www.nexoinformativo.mx\/#organization","name":"Nexo Informativo Santiago de Quer\u00e9taro","url":"https:\/\/www.nexoinformativo.mx\/","logo":{"@type":"ImageObject","inLanguage":"es","@id":"https:\/\/www.nexoinformativo.mx\/#\/schema\/logo\/image\/","url":"https:\/\/www.nexoinformativo.mx\/wp-content\/uploads\/2024\/07\/nexoi-trasparente-2.png","contentUrl":"https:\/\/www.nexoinformativo.mx\/wp-content\/uploads\/2024\/07\/nexoi-trasparente-2.png","width":816,"height":339,"caption":"Nexo Informativo Santiago de Quer\u00e9taro"},"image":{"@id":"https:\/\/www.nexoinformativo.mx\/#\/schema\/logo\/image\/"},"sameAs":["https:\/\/www.facebook.com\/people\/Nexo-Informativo\/61564066885511\/"]},{"@type":"Person","@id":"https:\/\/www.nexoinformativo.mx\/#\/schema\/person\/7749d380ba08c8ca00d7bc76fd907b7d","name":"Nexo Informativo","image":{"@type":"ImageObject","inLanguage":"es","@id":"https:\/\/www.nexoinformativo.mx\/#\/schema\/person\/image\/","url":"https:\/\/secure.gravatar.com\/avatar\/dde2928154642a13d95f87ddf1ea9718fe2b46760a005c53e41ff5ad610704e6?s=96&d=mm&r=g","contentUrl":"https:\/\/secure.gravatar.com\/avatar\/dde2928154642a13d95f87ddf1ea9718fe2b46760a005c53e41ff5ad610704e6?s=96&d=mm&r=g","caption":"Nexo Informativo"},"url":"https:\/\/www.nexoinformativo.mx\/index.php\/author\/edicion\/"}]}},"_links":{"self":[{"href":"https:\/\/www.nexoinformativo.mx\/index.php\/wp-json\/wp\/v2\/posts\/17295","targetHints":{"allow":["GET"]}}],"collection":[{"href":"https:\/\/www.nexoinformativo.mx\/index.php\/wp-json\/wp\/v2\/posts"}],"about":[{"href":"https:\/\/www.nexoinformativo.mx\/index.php\/wp-json\/wp\/v2\/types\/post"}],"author":[{"embeddable":true,"href":"https:\/\/www.nexoinformativo.mx\/index.php\/wp-json\/wp\/v2\/users\/3"}],"replies":[{"embeddable":true,"href":"https:\/\/www.nexoinformativo.mx\/index.php\/wp-json\/wp\/v2\/comments?post=17295"}],"version-history":[{"count":1,"href":"https:\/\/www.nexoinformativo.mx\/index.php\/wp-json\/wp\/v2\/posts\/17295\/revisions"}],"predecessor-version":[{"id":17296,"href":"https:\/\/www.nexoinformativo.mx\/index.php\/wp-json\/wp\/v2\/posts\/17295\/revisions\/17296"}],"wp:featuredmedia":[{"embeddable":true,"href":"https:\/\/www.nexoinformativo.mx\/index.php\/wp-json\/wp\/v2\/media\/17294"}],"wp:attachment":[{"href":"https:\/\/www.nexoinformativo.mx\/index.php\/wp-json\/wp\/v2\/media?parent=17295"}],"wp:term":[{"taxonomy":"category","embeddable":true,"href":"https:\/\/www.nexoinformativo.mx\/index.php\/wp-json\/wp\/v2\/categories?post=17295"},{"taxonomy":"post_tag","embeddable":true,"href":"https:\/\/www.nexoinformativo.mx\/index.php\/wp-json\/wp\/v2\/tags?post=17295"}],"curies":[{"name":"wp","href":"https:\/\/api.w.org\/{rel}","templated":true}]}}