{"id":1739,"date":"2024-09-10T09:00:12","date_gmt":"2024-09-10T15:00:12","guid":{"rendered":"https:\/\/www.nexoinformativo.mx\/?p=1739"},"modified":"2024-09-10T11:33:09","modified_gmt":"2024-09-10T17:33:09","slug":"habilitan-carril-provisional-en-pinal-de-amoles-tras-deslave-en-carretera-federal-120","status":"publish","type":"post","link":"https:\/\/www.nexoinformativo.mx\/index.php\/2024\/09\/10\/habilitan-carril-provisional-en-pinal-de-amoles-tras-deslave-en-carretera-federal-120\/","title":{"rendered":"Habilitan carril provisional en Pinal de Amoles tras deslave en carretera federal 120"},"content":{"rendered":"<p style=\"text-align: justify;\">El Gobierno del Estado de Quer\u00e9taro habilit\u00f3 un carril provisional en la carretera federal 120, San Juan del R\u00edo-Xilitla, tras un deslave en Pinal de Amoles. El tr\u00e1nsito ser\u00e1 controlado y supervisado por autoridades, permitiendo el paso de veh\u00edculos peque\u00f1os y medianos entre las 8:00 pm y 8:00 am. La prioridad ser\u00e1 para veh\u00edculos de emergencia.<\/p>\n<p>&nbsp;<\/p>\n<p style=\"text-align: justify;\">La Coordinaci\u00f3n Estatal de Protecci\u00f3n Civil y la Comisi\u00f3n Estatal de Infraestructura trabajaron en el retiro de rocas y tierra, producto del deslave causado por las recientes lluvias. Adem\u00e1s, se evaluaron posibles riesgos y se realizaron maniobras de estabilizaci\u00f3n del terreno para garantizar la seguridad en la zona. Se desaloj\u00f3 preventivamente una vivienda cercana, aunque no present\u00f3 da\u00f1os.<\/p>\n<p>&nbsp;<\/p>\n<p style=\"text-align: justify;\">El Gobierno exhorta a los conductores a circular con precauci\u00f3n y seguir las indicaciones oficiales, ya que los trabajos de remoci\u00f3n de escombros contin\u00faan.<\/p>\n","protected":false},"excerpt":{"rendered":"<p>El Gobierno del Estado de Quer\u00e9taro habilit\u00f3 un carril provisional en la carretera federal 120, San Juan del R\u00edo-Xilitla, tras un deslave en Pinal de Amoles. El tr\u00e1nsito ser\u00e1 controlado y supervisado por autoridades, permitiendo el paso de veh\u00edculos peque\u00f1os y medianos entre las 8:00 pm y 8:00 am. La prioridad ser\u00e1 para veh\u00edculos de emergencia.<\/p>\n","protected":false},"author":3,"featured_media":1740,"comment_status":"open","ping_status":"open","sticky":false,"template":"","format":"standard","meta":{"footnotes":""},"categories":[65,58],"tags":[600,601,154,602],"class_list":["post-1739","post","type-post","status-publish","format-standard","has-post-thumbnail","hentry","category-municipios","category-ultima-hora","tag-deslavequeretaro","tag-pinaldeamoles","tag-proteccioncivil","tag-transitoseguro"],"yoast_head":"<!-- This site is optimized with the Yoast SEO plugin v25.0 - https:\/\/yoast.com\/wordpress\/plugins\/seo\/ -->\n<title>Habilitan carril provisional en Pinal de Amoles tras deslave en carretera federal 120 | Nexo Informativo Santiago de Quer\u00e9taro<\/title>\n<meta name=\"description\" content=\"Habilitan carril provisional en Pinal de Amoles tras deslave en carretera federal 120\" \/>\n<meta name=\"robots\" content=\"index, follow, max-snippet:-1, max-image-preview:large, max-video-preview:-1\" \/>\n<link rel=\"canonical\" href=\"https:\/\/www.nexoinformativo.mx\/index.php\/2024\/09\/10\/habilitan-carril-provisional-en-pinal-de-amoles-tras-deslave-en-carretera-federal-120\/\" \/>\n<meta property=\"og:locale\" content=\"es_MX\" \/>\n<meta property=\"og:type\" content=\"article\" \/>\n<meta property=\"og:title\" content=\"Habilitan carril provisional en Pinal de Amoles tras deslave en carretera federal 120 | Nexo Informativo Santiago de Quer\u00e9taro\" \/>\n<meta property=\"og:description\" content=\"Habilitan carril provisional en Pinal de Amoles tras deslave en carretera federal 120\" \/>\n<meta property=\"og:url\" content=\"https:\/\/www.nexoinformativo.mx\/index.php\/2024\/09\/10\/habilitan-carril-provisional-en-pinal-de-amoles-tras-deslave-en-carretera-federal-120\/\" \/>\n<meta property=\"og:site_name\" content=\"Nexo Informativo Santiago de Quer\u00e9taro\" \/>\n<meta property=\"article:publisher\" content=\"https:\/\/www.facebook.com\/people\/Nexo-Informativo\/61564066885511\/\" \/>\n<meta property=\"article:published_time\" content=\"2024-09-10T15:00:12+00:00\" \/>\n<meta property=\"article:modified_time\" content=\"2024-09-10T17:33:09+00:00\" \/>\n<meta property=\"og:image\" content=\"https:\/\/www.nexoinformativo.mx\/wp-content\/uploads\/2024\/09\/unnamed-16-1-e1725989533719.jpg\" \/>\n\t<meta property=\"og:image:width\" content=\"800\" \/>\n\t<meta property=\"og:image:height\" content=\"1299\" \/>\n\t<meta property=\"og:image:type\" content=\"image\/jpeg\" \/>\n<meta name=\"author\" content=\"Nexo Informativo\" \/>\n<meta name=\"twitter:card\" content=\"summary_large_image\" \/>\n<meta name=\"twitter:label1\" content=\"Escrito por\" \/>\n\t<meta name=\"twitter:data1\" content=\"Nexo Informativo\" \/>\n\t<meta name=\"twitter:label2\" content=\"Tiempo de lectura\" \/>\n\t<meta name=\"twitter:data2\" content=\"1 minuto\" \/>\n<script type=\"application\/ld+json\" class=\"yoast-schema-graph\">{\"@context\":\"https:\/\/schema.org\",\"@graph\":[{\"@type\":\"Article\",\"@id\":\"https:\/\/www.nexoinformativo.mx\/index.php\/2024\/09\/10\/habilitan-carril-provisional-en-pinal-de-amoles-tras-deslave-en-carretera-federal-120\/#article\",\"isPartOf\":{\"@id\":\"https:\/\/www.nexoinformativo.mx\/index.php\/2024\/09\/10\/habilitan-carril-provisional-en-pinal-de-amoles-tras-deslave-en-carretera-federal-120\/\"},\"author\":{\"name\":\"Nexo Informativo\",\"@id\":\"https:\/\/www.nexoinformativo.mx\/#\/schema\/person\/7749d380ba08c8ca00d7bc76fd907b7d\"},\"headline\":\"Habilitan carril provisional en Pinal de Amoles tras deslave en carretera federal 120\",\"datePublished\":\"2024-09-10T15:00:12+00:00\",\"dateModified\":\"2024-09-10T17:33:09+00:00\",\"mainEntityOfPage\":{\"@id\":\"https:\/\/www.nexoinformativo.mx\/index.php\/2024\/09\/10\/habilitan-carril-provisional-en-pinal-de-amoles-tras-deslave-en-carretera-federal-120\/\"},\"wordCount\":164,\"commentCount\":0,\"publisher\":{\"@id\":\"https:\/\/www.nexoinformativo.mx\/#organization\"},\"image\":{\"@id\":\"https:\/\/www.nexoinformativo.mx\/index.php\/2024\/09\/10\/habilitan-carril-provisional-en-pinal-de-amoles-tras-deslave-en-carretera-federal-120\/#primaryimage\"},\"thumbnailUrl\":\"https:\/\/www.nexoinformativo.mx\/wp-content\/uploads\/2024\/09\/unnamed-16-1-e1725989533719.jpg\",\"keywords\":[\"DeslaveQuer\u00e9taro\",\"PinalDeAmoles\",\"proteccioncivil\",\"TransitoSeguro\"],\"articleSection\":[\"Municipios\",\"\u00daltima Hora\"],\"inLanguage\":\"es\",\"potentialAction\":[{\"@type\":\"CommentAction\",\"name\":\"Comment\",\"target\":[\"https:\/\/www.nexoinformativo.mx\/index.php\/2024\/09\/10\/habilitan-carril-provisional-en-pinal-de-amoles-tras-deslave-en-carretera-federal-120\/#respond\"]}]},{\"@type\":\"WebPage\",\"@id\":\"https:\/\/www.nexoinformativo.mx\/index.php\/2024\/09\/10\/habilitan-carril-provisional-en-pinal-de-amoles-tras-deslave-en-carretera-federal-120\/\",\"url\":\"https:\/\/www.nexoinformativo.mx\/index.php\/2024\/09\/10\/habilitan-carril-provisional-en-pinal-de-amoles-tras-deslave-en-carretera-federal-120\/\",\"name\":\"Habilitan carril provisional en Pinal de Amoles tras deslave en carretera federal 120 | Nexo Informativo Santiago de Quer\u00e9taro\",\"isPartOf\":{\"@id\":\"https:\/\/www.nexoinformativo.mx\/#website\"},\"primaryImageOfPage\":{\"@id\":\"https:\/\/www.nexoinformativo.mx\/index.php\/2024\/09\/10\/habilitan-carril-provisional-en-pinal-de-amoles-tras-deslave-en-carretera-federal-120\/#primaryimage\"},\"image\":{\"@id\":\"https:\/\/www.nexoinformativo.mx\/index.php\/2024\/09\/10\/habilitan-carril-provisional-en-pinal-de-amoles-tras-deslave-en-carretera-federal-120\/#primaryimage\"},\"thumbnailUrl\":\"https:\/\/www.nexoinformativo.mx\/wp-content\/uploads\/2024\/09\/unnamed-16-1-e1725989533719.jpg\",\"datePublished\":\"2024-09-10T15:00:12+00:00\",\"dateModified\":\"2024-09-10T17:33:09+00:00\",\"description\":\"Habilitan carril provisional en Pinal de Amoles tras deslave en carretera federal 120\",\"breadcrumb\":{\"@id\":\"https:\/\/www.nexoinformativo.mx\/index.php\/2024\/09\/10\/habilitan-carril-provisional-en-pinal-de-amoles-tras-deslave-en-carretera-federal-120\/#breadcrumb\"},\"inLanguage\":\"es\",\"potentialAction\":[{\"@type\":\"ReadAction\",\"target\":[\"https:\/\/www.nexoinformativo.mx\/index.php\/2024\/09\/10\/habilitan-carril-provisional-en-pinal-de-amoles-tras-deslave-en-carretera-federal-120\/\"]}]},{\"@type\":\"ImageObject\",\"inLanguage\":\"es\",\"@id\":\"https:\/\/www.nexoinformativo.mx\/index.php\/2024\/09\/10\/habilitan-carril-provisional-en-pinal-de-amoles-tras-deslave-en-carretera-federal-120\/#primaryimage\",\"url\":\"https:\/\/www.nexoinformativo.mx\/wp-content\/uploads\/2024\/09\/unnamed-16-1-e1725989533719.jpg\",\"contentUrl\":\"https:\/\/www.nexoinformativo.mx\/wp-content\/uploads\/2024\/09\/unnamed-16-1-e1725989533719.jpg\",\"width\":800,\"height\":1299},{\"@type\":\"BreadcrumbList\",\"@id\":\"https:\/\/www.nexoinformativo.mx\/index.php\/2024\/09\/10\/habilitan-carril-provisional-en-pinal-de-amoles-tras-deslave-en-carretera-federal-120\/#breadcrumb\",\"itemListElement\":[{\"@type\":\"ListItem\",\"position\":1,\"name\":\"Inicio\",\"item\":\"https:\/\/www.nexoinformativo.mx\/\"},{\"@type\":\"ListItem\",\"position\":2,\"name\":\"Habilitan carril provisional en Pinal de Amoles tras deslave en carretera federal 120\"}]},{\"@type\":\"WebSite\",\"@id\":\"https:\/\/www.nexoinformativo.mx\/#website\",\"url\":\"https:\/\/www.nexoinformativo.mx\/\",\"name\":\"Nexo Informativo Santiago de Quer\u00e9taro\",\"description\":\"Explora NexoInformativo y convi\u00e9rtete en parte de una comunidad que valora el conocimiento y la verdad. Tu nexoinformativo es tu puente hacia una comprensi\u00f3n m\u00e1s profunda del mundo que te rodea.\",\"publisher\":{\"@id\":\"https:\/\/www.nexoinformativo.mx\/#organization\"},\"potentialAction\":[{\"@type\":\"SearchAction\",\"target\":{\"@type\":\"EntryPoint\",\"urlTemplate\":\"https:\/\/www.nexoinformativo.mx\/?s={search_term_string}\"},\"query-input\":{\"@type\":\"PropertyValueSpecification\",\"valueRequired\":true,\"valueName\":\"search_term_string\"}}],\"inLanguage\":\"es\"},{\"@type\":\"Organization\",\"@id\":\"https:\/\/www.nexoinformativo.mx\/#organization\",\"name\":\"Nexo Informativo Santiago de Quer\u00e9taro\",\"url\":\"https:\/\/www.nexoinformativo.mx\/\",\"logo\":{\"@type\":\"ImageObject\",\"inLanguage\":\"es\",\"@id\":\"https:\/\/www.nexoinformativo.mx\/#\/schema\/logo\/image\/\",\"url\":\"https:\/\/www.nexoinformativo.mx\/wp-content\/uploads\/2024\/07\/nexoi-trasparente-2.png\",\"contentUrl\":\"https:\/\/www.nexoinformativo.mx\/wp-content\/uploads\/2024\/07\/nexoi-trasparente-2.png\",\"width\":816,\"height\":339,\"caption\":\"Nexo Informativo Santiago de Quer\u00e9taro\"},\"image\":{\"@id\":\"https:\/\/www.nexoinformativo.mx\/#\/schema\/logo\/image\/\"},\"sameAs\":[\"https:\/\/www.facebook.com\/people\/Nexo-Informativo\/61564066885511\/\"]},{\"@type\":\"Person\",\"@id\":\"https:\/\/www.nexoinformativo.mx\/#\/schema\/person\/7749d380ba08c8ca00d7bc76fd907b7d\",\"name\":\"Nexo Informativo\",\"image\":{\"@type\":\"ImageObject\",\"inLanguage\":\"es\",\"@id\":\"https:\/\/www.nexoinformativo.mx\/#\/schema\/person\/image\/\",\"url\":\"https:\/\/secure.gravatar.com\/avatar\/dde2928154642a13d95f87ddf1ea9718fe2b46760a005c53e41ff5ad610704e6?s=96&d=mm&r=g\",\"contentUrl\":\"https:\/\/secure.gravatar.com\/avatar\/dde2928154642a13d95f87ddf1ea9718fe2b46760a005c53e41ff5ad610704e6?s=96&d=mm&r=g\",\"caption\":\"Nexo Informativo\"},\"url\":\"https:\/\/www.nexoinformativo.mx\/index.php\/author\/edicion\/\"}]}<\/script>\n<!-- \/ Yoast SEO plugin. -->","yoast_head_json":{"title":"Habilitan carril provisional en Pinal de Amoles tras deslave en carretera federal 120 | Nexo Informativo Santiago de Quer\u00e9taro","description":"Habilitan carril provisional en Pinal de Amoles tras deslave en carretera federal 120","robots":{"index":"index","follow":"follow","max-snippet":"max-snippet:-1","max-image-preview":"max-image-preview:large","max-video-preview":"max-video-preview:-1"},"canonical":"https:\/\/www.nexoinformativo.mx\/index.php\/2024\/09\/10\/habilitan-carril-provisional-en-pinal-de-amoles-tras-deslave-en-carretera-federal-120\/","og_locale":"es_MX","og_type":"article","og_title":"Habilitan carril provisional en Pinal de Amoles tras deslave en carretera federal 120 | Nexo Informativo Santiago de Quer\u00e9taro","og_description":"Habilitan carril provisional en Pinal de Amoles tras deslave en carretera federal 120","og_url":"https:\/\/www.nexoinformativo.mx\/index.php\/2024\/09\/10\/habilitan-carril-provisional-en-pinal-de-amoles-tras-deslave-en-carretera-federal-120\/","og_site_name":"Nexo Informativo Santiago de Quer\u00e9taro","article_publisher":"https:\/\/www.facebook.com\/people\/Nexo-Informativo\/61564066885511\/","article_published_time":"2024-09-10T15:00:12+00:00","article_modified_time":"2024-09-10T17:33:09+00:00","og_image":[{"width":800,"height":1299,"url":"https:\/\/www.nexoinformativo.mx\/wp-content\/uploads\/2024\/09\/unnamed-16-1-e1725989533719.jpg","type":"image\/jpeg"}],"author":"Nexo Informativo","twitter_card":"summary_large_image","twitter_misc":{"Escrito por":"Nexo Informativo","Tiempo de lectura":"1 minuto"},"schema":{"@context":"https:\/\/schema.org","@graph":[{"@type":"Article","@id":"https:\/\/www.nexoinformativo.mx\/index.php\/2024\/09\/10\/habilitan-carril-provisional-en-pinal-de-amoles-tras-deslave-en-carretera-federal-120\/#article","isPartOf":{"@id":"https:\/\/www.nexoinformativo.mx\/index.php\/2024\/09\/10\/habilitan-carril-provisional-en-pinal-de-amoles-tras-deslave-en-carretera-federal-120\/"},"author":{"name":"Nexo Informativo","@id":"https:\/\/www.nexoinformativo.mx\/#\/schema\/person\/7749d380ba08c8ca00d7bc76fd907b7d"},"headline":"Habilitan carril provisional en Pinal de Amoles tras deslave en carretera federal 120","datePublished":"2024-09-10T15:00:12+00:00","dateModified":"2024-09-10T17:33:09+00:00","mainEntityOfPage":{"@id":"https:\/\/www.nexoinformativo.mx\/index.php\/2024\/09\/10\/habilitan-carril-provisional-en-pinal-de-amoles-tras-deslave-en-carretera-federal-120\/"},"wordCount":164,"commentCount":0,"publisher":{"@id":"https:\/\/www.nexoinformativo.mx\/#organization"},"image":{"@id":"https:\/\/www.nexoinformativo.mx\/index.php\/2024\/09\/10\/habilitan-carril-provisional-en-pinal-de-amoles-tras-deslave-en-carretera-federal-120\/#primaryimage"},"thumbnailUrl":"https:\/\/www.nexoinformativo.mx\/wp-content\/uploads\/2024\/09\/unnamed-16-1-e1725989533719.jpg","keywords":["DeslaveQuer\u00e9taro","PinalDeAmoles","proteccioncivil","TransitoSeguro"],"articleSection":["Municipios","\u00daltima Hora"],"inLanguage":"es","potentialAction":[{"@type":"CommentAction","name":"Comment","target":["https:\/\/www.nexoinformativo.mx\/index.php\/2024\/09\/10\/habilitan-carril-provisional-en-pinal-de-amoles-tras-deslave-en-carretera-federal-120\/#respond"]}]},{"@type":"WebPage","@id":"https:\/\/www.nexoinformativo.mx\/index.php\/2024\/09\/10\/habilitan-carril-provisional-en-pinal-de-amoles-tras-deslave-en-carretera-federal-120\/","url":"https:\/\/www.nexoinformativo.mx\/index.php\/2024\/09\/10\/habilitan-carril-provisional-en-pinal-de-amoles-tras-deslave-en-carretera-federal-120\/","name":"Habilitan carril provisional en Pinal de Amoles tras deslave en carretera federal 120 | Nexo Informativo Santiago de Quer\u00e9taro","isPartOf":{"@id":"https:\/\/www.nexoinformativo.mx\/#website"},"primaryImageOfPage":{"@id":"https:\/\/www.nexoinformativo.mx\/index.php\/2024\/09\/10\/habilitan-carril-provisional-en-pinal-de-amoles-tras-deslave-en-carretera-federal-120\/#primaryimage"},"image":{"@id":"https:\/\/www.nexoinformativo.mx\/index.php\/2024\/09\/10\/habilitan-carril-provisional-en-pinal-de-amoles-tras-deslave-en-carretera-federal-120\/#primaryimage"},"thumbnailUrl":"https:\/\/www.nexoinformativo.mx\/wp-content\/uploads\/2024\/09\/unnamed-16-1-e1725989533719.jpg","datePublished":"2024-09-10T15:00:12+00:00","dateModified":"2024-09-10T17:33:09+00:00","description":"Habilitan carril provisional en Pinal de Amoles tras deslave en carretera federal 120","breadcrumb":{"@id":"https:\/\/www.nexoinformativo.mx\/index.php\/2024\/09\/10\/habilitan-carril-provisional-en-pinal-de-amoles-tras-deslave-en-carretera-federal-120\/#breadcrumb"},"inLanguage":"es","potentialAction":[{"@type":"ReadAction","target":["https:\/\/www.nexoinformativo.mx\/index.php\/2024\/09\/10\/habilitan-carril-provisional-en-pinal-de-amoles-tras-deslave-en-carretera-federal-120\/"]}]},{"@type":"ImageObject","inLanguage":"es","@id":"https:\/\/www.nexoinformativo.mx\/index.php\/2024\/09\/10\/habilitan-carril-provisional-en-pinal-de-amoles-tras-deslave-en-carretera-federal-120\/#primaryimage","url":"https:\/\/www.nexoinformativo.mx\/wp-content\/uploads\/2024\/09\/unnamed-16-1-e1725989533719.jpg","contentUrl":"https:\/\/www.nexoinformativo.mx\/wp-content\/uploads\/2024\/09\/unnamed-16-1-e1725989533719.jpg","width":800,"height":1299},{"@type":"BreadcrumbList","@id":"https:\/\/www.nexoinformativo.mx\/index.php\/2024\/09\/10\/habilitan-carril-provisional-en-pinal-de-amoles-tras-deslave-en-carretera-federal-120\/#breadcrumb","itemListElement":[{"@type":"ListItem","position":1,"name":"Inicio","item":"https:\/\/www.nexoinformativo.mx\/"},{"@type":"ListItem","position":2,"name":"Habilitan carril provisional en Pinal de Amoles tras deslave en carretera federal 120"}]},{"@type":"WebSite","@id":"https:\/\/www.nexoinformativo.mx\/#website","url":"https:\/\/www.nexoinformativo.mx\/","name":"Nexo Informativo Santiago de Quer\u00e9taro","description":"Explora NexoInformativo y convi\u00e9rtete en parte de una comunidad que valora el conocimiento y la verdad. Tu nexoinformativo es tu puente hacia una comprensi\u00f3n m\u00e1s profunda del mundo que te rodea.","publisher":{"@id":"https:\/\/www.nexoinformativo.mx\/#organization"},"potentialAction":[{"@type":"SearchAction","target":{"@type":"EntryPoint","urlTemplate":"https:\/\/www.nexoinformativo.mx\/?s={search_term_string}"},"query-input":{"@type":"PropertyValueSpecification","valueRequired":true,"valueName":"search_term_string"}}],"inLanguage":"es"},{"@type":"Organization","@id":"https:\/\/www.nexoinformativo.mx\/#organization","name":"Nexo Informativo Santiago de Quer\u00e9taro","url":"https:\/\/www.nexoinformativo.mx\/","logo":{"@type":"ImageObject","inLanguage":"es","@id":"https:\/\/www.nexoinformativo.mx\/#\/schema\/logo\/image\/","url":"https:\/\/www.nexoinformativo.mx\/wp-content\/uploads\/2024\/07\/nexoi-trasparente-2.png","contentUrl":"https:\/\/www.nexoinformativo.mx\/wp-content\/uploads\/2024\/07\/nexoi-trasparente-2.png","width":816,"height":339,"caption":"Nexo Informativo Santiago de Quer\u00e9taro"},"image":{"@id":"https:\/\/www.nexoinformativo.mx\/#\/schema\/logo\/image\/"},"sameAs":["https:\/\/www.facebook.com\/people\/Nexo-Informativo\/61564066885511\/"]},{"@type":"Person","@id":"https:\/\/www.nexoinformativo.mx\/#\/schema\/person\/7749d380ba08c8ca00d7bc76fd907b7d","name":"Nexo Informativo","image":{"@type":"ImageObject","inLanguage":"es","@id":"https:\/\/www.nexoinformativo.mx\/#\/schema\/person\/image\/","url":"https:\/\/secure.gravatar.com\/avatar\/dde2928154642a13d95f87ddf1ea9718fe2b46760a005c53e41ff5ad610704e6?s=96&d=mm&r=g","contentUrl":"https:\/\/secure.gravatar.com\/avatar\/dde2928154642a13d95f87ddf1ea9718fe2b46760a005c53e41ff5ad610704e6?s=96&d=mm&r=g","caption":"Nexo Informativo"},"url":"https:\/\/www.nexoinformativo.mx\/index.php\/author\/edicion\/"}]}},"_links":{"self":[{"href":"https:\/\/www.nexoinformativo.mx\/index.php\/wp-json\/wp\/v2\/posts\/1739","targetHints":{"allow":["GET"]}}],"collection":[{"href":"https:\/\/www.nexoinformativo.mx\/index.php\/wp-json\/wp\/v2\/posts"}],"about":[{"href":"https:\/\/www.nexoinformativo.mx\/index.php\/wp-json\/wp\/v2\/types\/post"}],"author":[{"embeddable":true,"href":"https:\/\/www.nexoinformativo.mx\/index.php\/wp-json\/wp\/v2\/users\/3"}],"replies":[{"embeddable":true,"href":"https:\/\/www.nexoinformativo.mx\/index.php\/wp-json\/wp\/v2\/comments?post=1739"}],"version-history":[{"count":1,"href":"https:\/\/www.nexoinformativo.mx\/index.php\/wp-json\/wp\/v2\/posts\/1739\/revisions"}],"predecessor-version":[{"id":1741,"href":"https:\/\/www.nexoinformativo.mx\/index.php\/wp-json\/wp\/v2\/posts\/1739\/revisions\/1741"}],"wp:featuredmedia":[{"embeddable":true,"href":"https:\/\/www.nexoinformativo.mx\/index.php\/wp-json\/wp\/v2\/media\/1740"}],"wp:attachment":[{"href":"https:\/\/www.nexoinformativo.mx\/index.php\/wp-json\/wp\/v2\/media?parent=1739"}],"wp:term":[{"taxonomy":"category","embeddable":true,"href":"https:\/\/www.nexoinformativo.mx\/index.php\/wp-json\/wp\/v2\/categories?post=1739"},{"taxonomy":"post_tag","embeddable":true,"href":"https:\/\/www.nexoinformativo.mx\/index.php\/wp-json\/wp\/v2\/tags?post=1739"}],"curies":[{"name":"wp","href":"https:\/\/api.w.org\/{rel}","templated":true}]}}