{"id":1742,"date":"2024-09-10T11:49:36","date_gmt":"2024-09-10T17:49:36","guid":{"rendered":"https:\/\/www.nexoinformativo.mx\/?p=1742"},"modified":"2024-09-10T11:49:36","modified_gmt":"2024-09-10T17:49:36","slug":"oxxo-reconoce-a-14-policias-de-san-juan-del-rio-por-su-destacada-labor-en-seguridad","status":"publish","type":"post","link":"https:\/\/www.nexoinformativo.mx\/index.php\/2024\/09\/10\/oxxo-reconoce-a-14-policias-de-san-juan-del-rio-por-su-destacada-labor-en-seguridad\/","title":{"rendered":"Oxxo reconoce a 14 polic\u00edas de San Juan del R\u00edo por su destacada labor en seguridad"},"content":{"rendered":"<p style=\"text-align: justify;\">Oxxo reconoci\u00f3 a 14 elementos de la Secretar\u00eda de Seguridad P\u00fablica Municipal de San Juan del R\u00edo (SSPM-SJR) por su compromiso en la prevenci\u00f3n del delito y la protecci\u00f3n de la ciudadan\u00eda. Durante una ceremonia en el Centro C\u00edvico, encabezada por el alcalde Roberto Cabrera Valencia, se destac\u00f3 la labor coordinada en materia de seguridad que se realiza en el municipio.<\/p>\n<p>&nbsp;<\/p>\n<p style=\"text-align: justify;\">El titular de Seguridad P\u00fablica, \u00c1ngel Rangel Nieves, agradeci\u00f3 el reconocimiento, resaltando la importancia de estos est\u00edmulos como un \u201csalario emocional\u201d que motiva a los oficiales a seguir trabajando con entrega y pasi\u00f3n. El gerente regional de Oxxo, Luis Alberto Ochoa Mac\u00edas, subray\u00f3 que los polic\u00edas crean un entorno seguro para sus clientes y colaboradores.<\/p>\n","protected":false},"excerpt":{"rendered":"<p>Oxxo reconoci\u00f3 a 14 elementos de la Secretar\u00eda de Seguridad P\u00fablica Municipal de San Juan del R\u00edo (SSPM-SJR) por su compromiso en la prevenci\u00f3n del delito y la protecci\u00f3n de la ciudadan\u00eda. Durante una ceremonia en el Centro C\u00edvico, encabezada por el alcalde Roberto Cabrera Valencia, se destac\u00f3 la labor coordinada en materia de seguridad que se realiza en el municipio.<\/p>\n","protected":false},"author":3,"featured_media":1743,"comment_status":"open","ping_status":"open","sticky":false,"template":"","format":"standard","meta":{"footnotes":""},"categories":[65,58],"tags":[606,605,604,603],"class_list":["post-1742","post","type-post","status-publish","format-standard","has-post-thumbnail","hentry","category-municipios","category-ultima-hora","tag-oxxosanjuan","tag-policiaejemplar","tag-reconocimientopolicial","tag-seguridadsanjuandelrio"],"yoast_head":"<!-- This site is optimized with the Yoast SEO plugin v25.0 - https:\/\/yoast.com\/wordpress\/plugins\/seo\/ -->\n<title>Oxxo reconoce a 14 polic\u00edas de San Juan del R\u00edo por su destacada labor en seguridad | Nexo Informativo Santiago de Quer\u00e9taro<\/title>\n<meta name=\"description\" content=\"Oxxo reconoce a 14 polic\u00edas de San Juan del R\u00edo por su destacada labor en seguridad\" \/>\n<meta name=\"robots\" content=\"index, follow, max-snippet:-1, max-image-preview:large, max-video-preview:-1\" \/>\n<link rel=\"canonical\" href=\"https:\/\/www.nexoinformativo.mx\/index.php\/2024\/09\/10\/oxxo-reconoce-a-14-policias-de-san-juan-del-rio-por-su-destacada-labor-en-seguridad\/\" \/>\n<meta property=\"og:locale\" content=\"es_MX\" \/>\n<meta property=\"og:type\" content=\"article\" \/>\n<meta property=\"og:title\" content=\"Oxxo reconoce a 14 polic\u00edas de San Juan del R\u00edo por su destacada labor en seguridad | Nexo Informativo Santiago de Quer\u00e9taro\" \/>\n<meta property=\"og:description\" content=\"Oxxo reconoce a 14 polic\u00edas de San Juan del R\u00edo por su destacada labor en seguridad\" \/>\n<meta property=\"og:url\" content=\"https:\/\/www.nexoinformativo.mx\/index.php\/2024\/09\/10\/oxxo-reconoce-a-14-policias-de-san-juan-del-rio-por-su-destacada-labor-en-seguridad\/\" \/>\n<meta property=\"og:site_name\" content=\"Nexo Informativo Santiago de Quer\u00e9taro\" \/>\n<meta property=\"article:publisher\" content=\"https:\/\/www.facebook.com\/people\/Nexo-Informativo\/61564066885511\/\" \/>\n<meta property=\"article:published_time\" content=\"2024-09-10T17:49:36+00:00\" \/>\n<meta property=\"og:image\" content=\"https:\/\/www.nexoinformativo.mx\/wp-content\/uploads\/2024\/09\/unnamed-17-1-e1725990514923.jpg\" \/>\n\t<meta property=\"og:image:width\" content=\"800\" \/>\n\t<meta property=\"og:image:height\" content=\"533\" \/>\n\t<meta property=\"og:image:type\" content=\"image\/jpeg\" \/>\n<meta name=\"author\" content=\"Nexo Informativo\" \/>\n<meta name=\"twitter:card\" content=\"summary_large_image\" \/>\n<meta name=\"twitter:label1\" content=\"Escrito por\" \/>\n\t<meta name=\"twitter:data1\" content=\"Nexo Informativo\" \/>\n\t<meta name=\"twitter:label2\" content=\"Tiempo de lectura\" \/>\n\t<meta name=\"twitter:data2\" content=\"1 minuto\" \/>\n<script type=\"application\/ld+json\" class=\"yoast-schema-graph\">{\"@context\":\"https:\/\/schema.org\",\"@graph\":[{\"@type\":\"Article\",\"@id\":\"https:\/\/www.nexoinformativo.mx\/index.php\/2024\/09\/10\/oxxo-reconoce-a-14-policias-de-san-juan-del-rio-por-su-destacada-labor-en-seguridad\/#article\",\"isPartOf\":{\"@id\":\"https:\/\/www.nexoinformativo.mx\/index.php\/2024\/09\/10\/oxxo-reconoce-a-14-policias-de-san-juan-del-rio-por-su-destacada-labor-en-seguridad\/\"},\"author\":{\"name\":\"Nexo Informativo\",\"@id\":\"https:\/\/www.nexoinformativo.mx\/#\/schema\/person\/7749d380ba08c8ca00d7bc76fd907b7d\"},\"headline\":\"Oxxo reconoce a 14 polic\u00edas de San Juan del R\u00edo por su destacada labor en seguridad\",\"datePublished\":\"2024-09-10T17:49:36+00:00\",\"mainEntityOfPage\":{\"@id\":\"https:\/\/www.nexoinformativo.mx\/index.php\/2024\/09\/10\/oxxo-reconoce-a-14-policias-de-san-juan-del-rio-por-su-destacada-labor-en-seguridad\/\"},\"wordCount\":145,\"commentCount\":0,\"publisher\":{\"@id\":\"https:\/\/www.nexoinformativo.mx\/#organization\"},\"image\":{\"@id\":\"https:\/\/www.nexoinformativo.mx\/index.php\/2024\/09\/10\/oxxo-reconoce-a-14-policias-de-san-juan-del-rio-por-su-destacada-labor-en-seguridad\/#primaryimage\"},\"thumbnailUrl\":\"https:\/\/www.nexoinformativo.mx\/wp-content\/uploads\/2024\/09\/unnamed-17-1-e1725990514923.jpg\",\"keywords\":[\"OxxoSanJuan\",\"Polic\u00edaEjemplar\",\"ReconocimientoPolicial\",\"SeguridadSanJuanDelR\u00edo\"],\"articleSection\":[\"Municipios\",\"\u00daltima Hora\"],\"inLanguage\":\"es\",\"potentialAction\":[{\"@type\":\"CommentAction\",\"name\":\"Comment\",\"target\":[\"https:\/\/www.nexoinformativo.mx\/index.php\/2024\/09\/10\/oxxo-reconoce-a-14-policias-de-san-juan-del-rio-por-su-destacada-labor-en-seguridad\/#respond\"]}]},{\"@type\":\"WebPage\",\"@id\":\"https:\/\/www.nexoinformativo.mx\/index.php\/2024\/09\/10\/oxxo-reconoce-a-14-policias-de-san-juan-del-rio-por-su-destacada-labor-en-seguridad\/\",\"url\":\"https:\/\/www.nexoinformativo.mx\/index.php\/2024\/09\/10\/oxxo-reconoce-a-14-policias-de-san-juan-del-rio-por-su-destacada-labor-en-seguridad\/\",\"name\":\"Oxxo reconoce a 14 polic\u00edas de San Juan del R\u00edo por su destacada labor en seguridad | Nexo Informativo Santiago de Quer\u00e9taro\",\"isPartOf\":{\"@id\":\"https:\/\/www.nexoinformativo.mx\/#website\"},\"primaryImageOfPage\":{\"@id\":\"https:\/\/www.nexoinformativo.mx\/index.php\/2024\/09\/10\/oxxo-reconoce-a-14-policias-de-san-juan-del-rio-por-su-destacada-labor-en-seguridad\/#primaryimage\"},\"image\":{\"@id\":\"https:\/\/www.nexoinformativo.mx\/index.php\/2024\/09\/10\/oxxo-reconoce-a-14-policias-de-san-juan-del-rio-por-su-destacada-labor-en-seguridad\/#primaryimage\"},\"thumbnailUrl\":\"https:\/\/www.nexoinformativo.mx\/wp-content\/uploads\/2024\/09\/unnamed-17-1-e1725990514923.jpg\",\"datePublished\":\"2024-09-10T17:49:36+00:00\",\"description\":\"Oxxo reconoce a 14 polic\u00edas de San Juan del R\u00edo por su destacada labor en seguridad\",\"breadcrumb\":{\"@id\":\"https:\/\/www.nexoinformativo.mx\/index.php\/2024\/09\/10\/oxxo-reconoce-a-14-policias-de-san-juan-del-rio-por-su-destacada-labor-en-seguridad\/#breadcrumb\"},\"inLanguage\":\"es\",\"potentialAction\":[{\"@type\":\"ReadAction\",\"target\":[\"https:\/\/www.nexoinformativo.mx\/index.php\/2024\/09\/10\/oxxo-reconoce-a-14-policias-de-san-juan-del-rio-por-su-destacada-labor-en-seguridad\/\"]}]},{\"@type\":\"ImageObject\",\"inLanguage\":\"es\",\"@id\":\"https:\/\/www.nexoinformativo.mx\/index.php\/2024\/09\/10\/oxxo-reconoce-a-14-policias-de-san-juan-del-rio-por-su-destacada-labor-en-seguridad\/#primaryimage\",\"url\":\"https:\/\/www.nexoinformativo.mx\/wp-content\/uploads\/2024\/09\/unnamed-17-1-e1725990514923.jpg\",\"contentUrl\":\"https:\/\/www.nexoinformativo.mx\/wp-content\/uploads\/2024\/09\/unnamed-17-1-e1725990514923.jpg\",\"width\":800,\"height\":533},{\"@type\":\"BreadcrumbList\",\"@id\":\"https:\/\/www.nexoinformativo.mx\/index.php\/2024\/09\/10\/oxxo-reconoce-a-14-policias-de-san-juan-del-rio-por-su-destacada-labor-en-seguridad\/#breadcrumb\",\"itemListElement\":[{\"@type\":\"ListItem\",\"position\":1,\"name\":\"Inicio\",\"item\":\"https:\/\/www.nexoinformativo.mx\/\"},{\"@type\":\"ListItem\",\"position\":2,\"name\":\"Oxxo reconoce a 14 polic\u00edas de San Juan del R\u00edo por su destacada labor en seguridad\"}]},{\"@type\":\"WebSite\",\"@id\":\"https:\/\/www.nexoinformativo.mx\/#website\",\"url\":\"https:\/\/www.nexoinformativo.mx\/\",\"name\":\"Nexo Informativo Santiago de Quer\u00e9taro\",\"description\":\"Explora NexoInformativo y convi\u00e9rtete en parte de una comunidad que valora el conocimiento y la verdad. Tu nexoinformativo es tu puente hacia una comprensi\u00f3n m\u00e1s profunda del mundo que te rodea.\",\"publisher\":{\"@id\":\"https:\/\/www.nexoinformativo.mx\/#organization\"},\"potentialAction\":[{\"@type\":\"SearchAction\",\"target\":{\"@type\":\"EntryPoint\",\"urlTemplate\":\"https:\/\/www.nexoinformativo.mx\/?s={search_term_string}\"},\"query-input\":{\"@type\":\"PropertyValueSpecification\",\"valueRequired\":true,\"valueName\":\"search_term_string\"}}],\"inLanguage\":\"es\"},{\"@type\":\"Organization\",\"@id\":\"https:\/\/www.nexoinformativo.mx\/#organization\",\"name\":\"Nexo Informativo Santiago de Quer\u00e9taro\",\"url\":\"https:\/\/www.nexoinformativo.mx\/\",\"logo\":{\"@type\":\"ImageObject\",\"inLanguage\":\"es\",\"@id\":\"https:\/\/www.nexoinformativo.mx\/#\/schema\/logo\/image\/\",\"url\":\"https:\/\/www.nexoinformativo.mx\/wp-content\/uploads\/2024\/07\/nexoi-trasparente-2.png\",\"contentUrl\":\"https:\/\/www.nexoinformativo.mx\/wp-content\/uploads\/2024\/07\/nexoi-trasparente-2.png\",\"width\":816,\"height\":339,\"caption\":\"Nexo Informativo Santiago de Quer\u00e9taro\"},\"image\":{\"@id\":\"https:\/\/www.nexoinformativo.mx\/#\/schema\/logo\/image\/\"},\"sameAs\":[\"https:\/\/www.facebook.com\/people\/Nexo-Informativo\/61564066885511\/\"]},{\"@type\":\"Person\",\"@id\":\"https:\/\/www.nexoinformativo.mx\/#\/schema\/person\/7749d380ba08c8ca00d7bc76fd907b7d\",\"name\":\"Nexo Informativo\",\"image\":{\"@type\":\"ImageObject\",\"inLanguage\":\"es\",\"@id\":\"https:\/\/www.nexoinformativo.mx\/#\/schema\/person\/image\/\",\"url\":\"https:\/\/secure.gravatar.com\/avatar\/dde2928154642a13d95f87ddf1ea9718fe2b46760a005c53e41ff5ad610704e6?s=96&d=mm&r=g\",\"contentUrl\":\"https:\/\/secure.gravatar.com\/avatar\/dde2928154642a13d95f87ddf1ea9718fe2b46760a005c53e41ff5ad610704e6?s=96&d=mm&r=g\",\"caption\":\"Nexo Informativo\"},\"url\":\"https:\/\/www.nexoinformativo.mx\/index.php\/author\/edicion\/\"}]}<\/script>\n<!-- \/ Yoast SEO plugin. -->","yoast_head_json":{"title":"Oxxo reconoce a 14 polic\u00edas de San Juan del R\u00edo por su destacada labor en seguridad | Nexo Informativo Santiago de Quer\u00e9taro","description":"Oxxo reconoce a 14 polic\u00edas de San Juan del R\u00edo por su destacada labor en seguridad","robots":{"index":"index","follow":"follow","max-snippet":"max-snippet:-1","max-image-preview":"max-image-preview:large","max-video-preview":"max-video-preview:-1"},"canonical":"https:\/\/www.nexoinformativo.mx\/index.php\/2024\/09\/10\/oxxo-reconoce-a-14-policias-de-san-juan-del-rio-por-su-destacada-labor-en-seguridad\/","og_locale":"es_MX","og_type":"article","og_title":"Oxxo reconoce a 14 polic\u00edas de San Juan del R\u00edo por su destacada labor en seguridad | Nexo Informativo Santiago de Quer\u00e9taro","og_description":"Oxxo reconoce a 14 polic\u00edas de San Juan del R\u00edo por su destacada labor en seguridad","og_url":"https:\/\/www.nexoinformativo.mx\/index.php\/2024\/09\/10\/oxxo-reconoce-a-14-policias-de-san-juan-del-rio-por-su-destacada-labor-en-seguridad\/","og_site_name":"Nexo Informativo Santiago de Quer\u00e9taro","article_publisher":"https:\/\/www.facebook.com\/people\/Nexo-Informativo\/61564066885511\/","article_published_time":"2024-09-10T17:49:36+00:00","og_image":[{"width":800,"height":533,"url":"https:\/\/www.nexoinformativo.mx\/wp-content\/uploads\/2024\/09\/unnamed-17-1-e1725990514923.jpg","type":"image\/jpeg"}],"author":"Nexo Informativo","twitter_card":"summary_large_image","twitter_misc":{"Escrito por":"Nexo Informativo","Tiempo de lectura":"1 minuto"},"schema":{"@context":"https:\/\/schema.org","@graph":[{"@type":"Article","@id":"https:\/\/www.nexoinformativo.mx\/index.php\/2024\/09\/10\/oxxo-reconoce-a-14-policias-de-san-juan-del-rio-por-su-destacada-labor-en-seguridad\/#article","isPartOf":{"@id":"https:\/\/www.nexoinformativo.mx\/index.php\/2024\/09\/10\/oxxo-reconoce-a-14-policias-de-san-juan-del-rio-por-su-destacada-labor-en-seguridad\/"},"author":{"name":"Nexo Informativo","@id":"https:\/\/www.nexoinformativo.mx\/#\/schema\/person\/7749d380ba08c8ca00d7bc76fd907b7d"},"headline":"Oxxo reconoce a 14 polic\u00edas de San Juan del R\u00edo por su destacada labor en seguridad","datePublished":"2024-09-10T17:49:36+00:00","mainEntityOfPage":{"@id":"https:\/\/www.nexoinformativo.mx\/index.php\/2024\/09\/10\/oxxo-reconoce-a-14-policias-de-san-juan-del-rio-por-su-destacada-labor-en-seguridad\/"},"wordCount":145,"commentCount":0,"publisher":{"@id":"https:\/\/www.nexoinformativo.mx\/#organization"},"image":{"@id":"https:\/\/www.nexoinformativo.mx\/index.php\/2024\/09\/10\/oxxo-reconoce-a-14-policias-de-san-juan-del-rio-por-su-destacada-labor-en-seguridad\/#primaryimage"},"thumbnailUrl":"https:\/\/www.nexoinformativo.mx\/wp-content\/uploads\/2024\/09\/unnamed-17-1-e1725990514923.jpg","keywords":["OxxoSanJuan","Polic\u00edaEjemplar","ReconocimientoPolicial","SeguridadSanJuanDelR\u00edo"],"articleSection":["Municipios","\u00daltima Hora"],"inLanguage":"es","potentialAction":[{"@type":"CommentAction","name":"Comment","target":["https:\/\/www.nexoinformativo.mx\/index.php\/2024\/09\/10\/oxxo-reconoce-a-14-policias-de-san-juan-del-rio-por-su-destacada-labor-en-seguridad\/#respond"]}]},{"@type":"WebPage","@id":"https:\/\/www.nexoinformativo.mx\/index.php\/2024\/09\/10\/oxxo-reconoce-a-14-policias-de-san-juan-del-rio-por-su-destacada-labor-en-seguridad\/","url":"https:\/\/www.nexoinformativo.mx\/index.php\/2024\/09\/10\/oxxo-reconoce-a-14-policias-de-san-juan-del-rio-por-su-destacada-labor-en-seguridad\/","name":"Oxxo reconoce a 14 polic\u00edas de San Juan del R\u00edo por su destacada labor en seguridad | Nexo Informativo Santiago de Quer\u00e9taro","isPartOf":{"@id":"https:\/\/www.nexoinformativo.mx\/#website"},"primaryImageOfPage":{"@id":"https:\/\/www.nexoinformativo.mx\/index.php\/2024\/09\/10\/oxxo-reconoce-a-14-policias-de-san-juan-del-rio-por-su-destacada-labor-en-seguridad\/#primaryimage"},"image":{"@id":"https:\/\/www.nexoinformativo.mx\/index.php\/2024\/09\/10\/oxxo-reconoce-a-14-policias-de-san-juan-del-rio-por-su-destacada-labor-en-seguridad\/#primaryimage"},"thumbnailUrl":"https:\/\/www.nexoinformativo.mx\/wp-content\/uploads\/2024\/09\/unnamed-17-1-e1725990514923.jpg","datePublished":"2024-09-10T17:49:36+00:00","description":"Oxxo reconoce a 14 polic\u00edas de San Juan del R\u00edo por su destacada labor en seguridad","breadcrumb":{"@id":"https:\/\/www.nexoinformativo.mx\/index.php\/2024\/09\/10\/oxxo-reconoce-a-14-policias-de-san-juan-del-rio-por-su-destacada-labor-en-seguridad\/#breadcrumb"},"inLanguage":"es","potentialAction":[{"@type":"ReadAction","target":["https:\/\/www.nexoinformativo.mx\/index.php\/2024\/09\/10\/oxxo-reconoce-a-14-policias-de-san-juan-del-rio-por-su-destacada-labor-en-seguridad\/"]}]},{"@type":"ImageObject","inLanguage":"es","@id":"https:\/\/www.nexoinformativo.mx\/index.php\/2024\/09\/10\/oxxo-reconoce-a-14-policias-de-san-juan-del-rio-por-su-destacada-labor-en-seguridad\/#primaryimage","url":"https:\/\/www.nexoinformativo.mx\/wp-content\/uploads\/2024\/09\/unnamed-17-1-e1725990514923.jpg","contentUrl":"https:\/\/www.nexoinformativo.mx\/wp-content\/uploads\/2024\/09\/unnamed-17-1-e1725990514923.jpg","width":800,"height":533},{"@type":"BreadcrumbList","@id":"https:\/\/www.nexoinformativo.mx\/index.php\/2024\/09\/10\/oxxo-reconoce-a-14-policias-de-san-juan-del-rio-por-su-destacada-labor-en-seguridad\/#breadcrumb","itemListElement":[{"@type":"ListItem","position":1,"name":"Inicio","item":"https:\/\/www.nexoinformativo.mx\/"},{"@type":"ListItem","position":2,"name":"Oxxo reconoce a 14 polic\u00edas de San Juan del R\u00edo por su destacada labor en seguridad"}]},{"@type":"WebSite","@id":"https:\/\/www.nexoinformativo.mx\/#website","url":"https:\/\/www.nexoinformativo.mx\/","name":"Nexo Informativo Santiago de Quer\u00e9taro","description":"Explora NexoInformativo y convi\u00e9rtete en parte de una comunidad que valora el conocimiento y la verdad. Tu nexoinformativo es tu puente hacia una comprensi\u00f3n m\u00e1s profunda del mundo que te rodea.","publisher":{"@id":"https:\/\/www.nexoinformativo.mx\/#organization"},"potentialAction":[{"@type":"SearchAction","target":{"@type":"EntryPoint","urlTemplate":"https:\/\/www.nexoinformativo.mx\/?s={search_term_string}"},"query-input":{"@type":"PropertyValueSpecification","valueRequired":true,"valueName":"search_term_string"}}],"inLanguage":"es"},{"@type":"Organization","@id":"https:\/\/www.nexoinformativo.mx\/#organization","name":"Nexo Informativo Santiago de Quer\u00e9taro","url":"https:\/\/www.nexoinformativo.mx\/","logo":{"@type":"ImageObject","inLanguage":"es","@id":"https:\/\/www.nexoinformativo.mx\/#\/schema\/logo\/image\/","url":"https:\/\/www.nexoinformativo.mx\/wp-content\/uploads\/2024\/07\/nexoi-trasparente-2.png","contentUrl":"https:\/\/www.nexoinformativo.mx\/wp-content\/uploads\/2024\/07\/nexoi-trasparente-2.png","width":816,"height":339,"caption":"Nexo Informativo Santiago de Quer\u00e9taro"},"image":{"@id":"https:\/\/www.nexoinformativo.mx\/#\/schema\/logo\/image\/"},"sameAs":["https:\/\/www.facebook.com\/people\/Nexo-Informativo\/61564066885511\/"]},{"@type":"Person","@id":"https:\/\/www.nexoinformativo.mx\/#\/schema\/person\/7749d380ba08c8ca00d7bc76fd907b7d","name":"Nexo Informativo","image":{"@type":"ImageObject","inLanguage":"es","@id":"https:\/\/www.nexoinformativo.mx\/#\/schema\/person\/image\/","url":"https:\/\/secure.gravatar.com\/avatar\/dde2928154642a13d95f87ddf1ea9718fe2b46760a005c53e41ff5ad610704e6?s=96&d=mm&r=g","contentUrl":"https:\/\/secure.gravatar.com\/avatar\/dde2928154642a13d95f87ddf1ea9718fe2b46760a005c53e41ff5ad610704e6?s=96&d=mm&r=g","caption":"Nexo Informativo"},"url":"https:\/\/www.nexoinformativo.mx\/index.php\/author\/edicion\/"}]}},"_links":{"self":[{"href":"https:\/\/www.nexoinformativo.mx\/index.php\/wp-json\/wp\/v2\/posts\/1742","targetHints":{"allow":["GET"]}}],"collection":[{"href":"https:\/\/www.nexoinformativo.mx\/index.php\/wp-json\/wp\/v2\/posts"}],"about":[{"href":"https:\/\/www.nexoinformativo.mx\/index.php\/wp-json\/wp\/v2\/types\/post"}],"author":[{"embeddable":true,"href":"https:\/\/www.nexoinformativo.mx\/index.php\/wp-json\/wp\/v2\/users\/3"}],"replies":[{"embeddable":true,"href":"https:\/\/www.nexoinformativo.mx\/index.php\/wp-json\/wp\/v2\/comments?post=1742"}],"version-history":[{"count":1,"href":"https:\/\/www.nexoinformativo.mx\/index.php\/wp-json\/wp\/v2\/posts\/1742\/revisions"}],"predecessor-version":[{"id":1744,"href":"https:\/\/www.nexoinformativo.mx\/index.php\/wp-json\/wp\/v2\/posts\/1742\/revisions\/1744"}],"wp:featuredmedia":[{"embeddable":true,"href":"https:\/\/www.nexoinformativo.mx\/index.php\/wp-json\/wp\/v2\/media\/1743"}],"wp:attachment":[{"href":"https:\/\/www.nexoinformativo.mx\/index.php\/wp-json\/wp\/v2\/media?parent=1742"}],"wp:term":[{"taxonomy":"category","embeddable":true,"href":"https:\/\/www.nexoinformativo.mx\/index.php\/wp-json\/wp\/v2\/categories?post=1742"},{"taxonomy":"post_tag","embeddable":true,"href":"https:\/\/www.nexoinformativo.mx\/index.php\/wp-json\/wp\/v2\/tags?post=1742"}],"curies":[{"name":"wp","href":"https:\/\/api.w.org\/{rel}","templated":true}]}}