{"id":1745,"date":"2024-09-10T10:00:56","date_gmt":"2024-09-10T16:00:56","guid":{"rendered":"https:\/\/www.nexoinformativo.mx\/?p=1745"},"modified":"2024-10-11T13:41:31","modified_gmt":"2024-10-11T19:41:31","slug":"adax-digitales-convoca-marcha-por-la-despenalizacion-del-aborto-el-28-de-septiembre-en-queretaro","status":"publish","type":"post","link":"https:\/\/www.nexoinformativo.mx\/index.php\/2024\/09\/10\/adax-digitales-convoca-marcha-por-la-despenalizacion-del-aborto-el-28-de-septiembre-en-queretaro\/","title":{"rendered":"Adax Digitales convoca marcha por la despenalizaci\u00f3n del aborto el 28 de septiembre en Quer\u00e9taro"},"content":{"rendered":"<p style=\"text-align: justify;\">El colectivo feminista Adax Digitales, liderado por Maira Dayana, anunci\u00f3 una movilizaci\u00f3n para el D\u00eda de Acci\u00f3n Global por la Despenalizaci\u00f3n del Aborto, el 28 de septiembre. Bajo el lema \u201cEducaci\u00f3n sexual para decidir, anticonceptivos para no abortar, aborto legal, seguro y gratuito para no morir\u201d, invitan a la sociedad a unirse a la marcha que comenzar\u00e1 a las 4:00 p.m. en la Alameda sobre Zaragoza y terminar\u00e1 alrededor de las 8:00 p.m. en la Plaza de la Corregidora, recorriendo la circunvalaci\u00f3n del Palacio de Gobierno y el Paradero.<\/p>\n<p>&nbsp;<\/p>\n<p style=\"text-align: justify;\">Se espera la participaci\u00f3n de unas 400 mujeres. La seguridad de las asistentes es prioritaria, por lo que el recorrido est\u00e1 organizado en bloques para garantizar protecci\u00f3n. El objetivo es exigir un aborto legal, seguro y gratuito en M\u00e9xico, y promover una educaci\u00f3n sexual integral.<\/p>\n<p>&nbsp;<\/p>\n<p style=\"text-align: justify;\">Durante la marcha, se entregar\u00e1 un pliego petitorio a las autoridades para agilizar investigaciones relacionadas con acoso y agresiones sexuales, y se instalar\u00e1n tendederos con fotograf\u00edas de agresores sexuales para visibilizar el problema.<\/p>\n<p>&nbsp;<\/p>\n<p>&nbsp;<\/p>\n<p style=\"text-align: center;\"><strong><em>\u00a1Informaci\u00f3n que transforma!<\/em><\/strong><\/p>\n","protected":false},"excerpt":{"rendered":"<p>El colectivo feminista Adax Digitales, liderado por Maira Dayana, anunci\u00f3 una movilizaci\u00f3n para el D\u00eda de Acci\u00f3n Global por la Despenalizaci\u00f3n del Aborto, el 28 de septiembre. Bajo el lema \u201cEducaci\u00f3n sexual para decidir, anticonceptivos para no abortar, aborto legal, seguro y gratuito para no morir\u201d, invitan a la sociedad a unirse a la marcha que comenzar\u00e1 a las 4:00 p.m. en la Alameda sobre Zaragoza y terminar\u00e1 alrededor de las 8:00 p.m. en la Plaza de la Corregidora, recorriendo la circunvalaci\u00f3n del Palacio de Gobierno y el Paradero.<\/p>\n","protected":false},"author":3,"featured_media":1746,"comment_status":"open","ping_status":"open","sticky":false,"template":"","format":"standard","meta":{"footnotes":""},"categories":[42,21],"tags":[609,607,610,608],"class_list":["post-1745","post","type-post","status-publish","format-standard","has-post-thumbnail","hentry","category-estado","category-politica","tag-derechosreproductivos","tag-despenalizacionaborto","tag-educacionsexual","tag-marcha28s"],"yoast_head":"<!-- This site is optimized with the Yoast SEO plugin v25.0 - https:\/\/yoast.com\/wordpress\/plugins\/seo\/ -->\n<title>Adax Digitales convoca marcha por la despenalizaci\u00f3n del aborto el 28 de septiembre en Quer\u00e9taro | Nexo Informativo Santiago de Quer\u00e9taro<\/title>\n<meta name=\"description\" content=\"Adax Digitales convoca marcha por la despenalizaci\u00f3n del aborto el 28 de septiembre en Quer\u00e9taro\" \/>\n<meta name=\"robots\" content=\"index, follow, max-snippet:-1, max-image-preview:large, max-video-preview:-1\" \/>\n<link rel=\"canonical\" href=\"https:\/\/www.nexoinformativo.mx\/index.php\/2024\/09\/10\/adax-digitales-convoca-marcha-por-la-despenalizacion-del-aborto-el-28-de-septiembre-en-queretaro\/\" \/>\n<meta property=\"og:locale\" content=\"es_MX\" \/>\n<meta property=\"og:type\" content=\"article\" \/>\n<meta property=\"og:title\" content=\"Adax Digitales convoca marcha por la despenalizaci\u00f3n del aborto el 28 de septiembre en Quer\u00e9taro | Nexo Informativo Santiago de Quer\u00e9taro\" \/>\n<meta property=\"og:description\" content=\"Adax Digitales convoca marcha por la despenalizaci\u00f3n del aborto el 28 de septiembre en Quer\u00e9taro\" \/>\n<meta property=\"og:url\" content=\"https:\/\/www.nexoinformativo.mx\/index.php\/2024\/09\/10\/adax-digitales-convoca-marcha-por-la-despenalizacion-del-aborto-el-28-de-septiembre-en-queretaro\/\" \/>\n<meta property=\"og:site_name\" content=\"Nexo Informativo Santiago de Quer\u00e9taro\" \/>\n<meta property=\"article:publisher\" content=\"https:\/\/www.facebook.com\/people\/Nexo-Informativo\/61564066885511\/\" \/>\n<meta property=\"article:published_time\" content=\"2024-09-10T16:00:56+00:00\" \/>\n<meta property=\"article:modified_time\" content=\"2024-10-11T19:41:31+00:00\" \/>\n<meta property=\"og:image\" content=\"https:\/\/www.nexoinformativo.mx\/wp-content\/uploads\/2024\/09\/unnamed-18-1-e1725992145820.jpg\" \/>\n\t<meta property=\"og:image:width\" content=\"800\" \/>\n\t<meta property=\"og:image:height\" content=\"600\" \/>\n\t<meta property=\"og:image:type\" content=\"image\/jpeg\" \/>\n<meta name=\"author\" content=\"Nexo Informativo\" \/>\n<meta name=\"twitter:card\" content=\"summary_large_image\" \/>\n<meta name=\"twitter:label1\" content=\"Escrito por\" \/>\n\t<meta name=\"twitter:data1\" content=\"Nexo Informativo\" \/>\n\t<meta name=\"twitter:label2\" content=\"Tiempo de lectura\" \/>\n\t<meta name=\"twitter:data2\" content=\"1 minuto\" \/>\n<script type=\"application\/ld+json\" class=\"yoast-schema-graph\">{\"@context\":\"https:\/\/schema.org\",\"@graph\":[{\"@type\":\"Article\",\"@id\":\"https:\/\/www.nexoinformativo.mx\/index.php\/2024\/09\/10\/adax-digitales-convoca-marcha-por-la-despenalizacion-del-aborto-el-28-de-septiembre-en-queretaro\/#article\",\"isPartOf\":{\"@id\":\"https:\/\/www.nexoinformativo.mx\/index.php\/2024\/09\/10\/adax-digitales-convoca-marcha-por-la-despenalizacion-del-aborto-el-28-de-septiembre-en-queretaro\/\"},\"author\":{\"name\":\"Nexo Informativo\",\"@id\":\"https:\/\/www.nexoinformativo.mx\/#\/schema\/person\/7749d380ba08c8ca00d7bc76fd907b7d\"},\"headline\":\"Adax Digitales convoca marcha por la despenalizaci\u00f3n del aborto el 28 de septiembre en Quer\u00e9taro\",\"datePublished\":\"2024-09-10T16:00:56+00:00\",\"dateModified\":\"2024-10-11T19:41:31+00:00\",\"mainEntityOfPage\":{\"@id\":\"https:\/\/www.nexoinformativo.mx\/index.php\/2024\/09\/10\/adax-digitales-convoca-marcha-por-la-despenalizacion-del-aborto-el-28-de-septiembre-en-queretaro\/\"},\"wordCount\":201,\"commentCount\":0,\"publisher\":{\"@id\":\"https:\/\/www.nexoinformativo.mx\/#organization\"},\"image\":{\"@id\":\"https:\/\/www.nexoinformativo.mx\/index.php\/2024\/09\/10\/adax-digitales-convoca-marcha-por-la-despenalizacion-del-aborto-el-28-de-septiembre-en-queretaro\/#primaryimage\"},\"thumbnailUrl\":\"https:\/\/www.nexoinformativo.mx\/wp-content\/uploads\/2024\/09\/unnamed-18-1-e1725992145820.jpg\",\"keywords\":[\"DerechosReproductivos\",\"Despenalizaci\u00f3nAborto\",\"Educaci\u00f3nSexual\",\"Marcha28S\"],\"articleSection\":[\"Estado\",\"Pol\u00edtica\"],\"inLanguage\":\"es\",\"potentialAction\":[{\"@type\":\"CommentAction\",\"name\":\"Comment\",\"target\":[\"https:\/\/www.nexoinformativo.mx\/index.php\/2024\/09\/10\/adax-digitales-convoca-marcha-por-la-despenalizacion-del-aborto-el-28-de-septiembre-en-queretaro\/#respond\"]}]},{\"@type\":\"WebPage\",\"@id\":\"https:\/\/www.nexoinformativo.mx\/index.php\/2024\/09\/10\/adax-digitales-convoca-marcha-por-la-despenalizacion-del-aborto-el-28-de-septiembre-en-queretaro\/\",\"url\":\"https:\/\/www.nexoinformativo.mx\/index.php\/2024\/09\/10\/adax-digitales-convoca-marcha-por-la-despenalizacion-del-aborto-el-28-de-septiembre-en-queretaro\/\",\"name\":\"Adax Digitales convoca marcha por la despenalizaci\u00f3n del aborto el 28 de septiembre en Quer\u00e9taro | Nexo Informativo Santiago de Quer\u00e9taro\",\"isPartOf\":{\"@id\":\"https:\/\/www.nexoinformativo.mx\/#website\"},\"primaryImageOfPage\":{\"@id\":\"https:\/\/www.nexoinformativo.mx\/index.php\/2024\/09\/10\/adax-digitales-convoca-marcha-por-la-despenalizacion-del-aborto-el-28-de-septiembre-en-queretaro\/#primaryimage\"},\"image\":{\"@id\":\"https:\/\/www.nexoinformativo.mx\/index.php\/2024\/09\/10\/adax-digitales-convoca-marcha-por-la-despenalizacion-del-aborto-el-28-de-septiembre-en-queretaro\/#primaryimage\"},\"thumbnailUrl\":\"https:\/\/www.nexoinformativo.mx\/wp-content\/uploads\/2024\/09\/unnamed-18-1-e1725992145820.jpg\",\"datePublished\":\"2024-09-10T16:00:56+00:00\",\"dateModified\":\"2024-10-11T19:41:31+00:00\",\"description\":\"Adax Digitales convoca marcha por la despenalizaci\u00f3n del aborto el 28 de septiembre en Quer\u00e9taro\",\"breadcrumb\":{\"@id\":\"https:\/\/www.nexoinformativo.mx\/index.php\/2024\/09\/10\/adax-digitales-convoca-marcha-por-la-despenalizacion-del-aborto-el-28-de-septiembre-en-queretaro\/#breadcrumb\"},\"inLanguage\":\"es\",\"potentialAction\":[{\"@type\":\"ReadAction\",\"target\":[\"https:\/\/www.nexoinformativo.mx\/index.php\/2024\/09\/10\/adax-digitales-convoca-marcha-por-la-despenalizacion-del-aborto-el-28-de-septiembre-en-queretaro\/\"]}]},{\"@type\":\"ImageObject\",\"inLanguage\":\"es\",\"@id\":\"https:\/\/www.nexoinformativo.mx\/index.php\/2024\/09\/10\/adax-digitales-convoca-marcha-por-la-despenalizacion-del-aborto-el-28-de-septiembre-en-queretaro\/#primaryimage\",\"url\":\"https:\/\/www.nexoinformativo.mx\/wp-content\/uploads\/2024\/09\/unnamed-18-1-e1725992145820.jpg\",\"contentUrl\":\"https:\/\/www.nexoinformativo.mx\/wp-content\/uploads\/2024\/09\/unnamed-18-1-e1725992145820.jpg\",\"width\":800,\"height\":600},{\"@type\":\"BreadcrumbList\",\"@id\":\"https:\/\/www.nexoinformativo.mx\/index.php\/2024\/09\/10\/adax-digitales-convoca-marcha-por-la-despenalizacion-del-aborto-el-28-de-septiembre-en-queretaro\/#breadcrumb\",\"itemListElement\":[{\"@type\":\"ListItem\",\"position\":1,\"name\":\"Inicio\",\"item\":\"https:\/\/www.nexoinformativo.mx\/\"},{\"@type\":\"ListItem\",\"position\":2,\"name\":\"Adax Digitales convoca marcha por la despenalizaci\u00f3n del aborto el 28 de septiembre en Quer\u00e9taro\"}]},{\"@type\":\"WebSite\",\"@id\":\"https:\/\/www.nexoinformativo.mx\/#website\",\"url\":\"https:\/\/www.nexoinformativo.mx\/\",\"name\":\"Nexo Informativo Santiago de Quer\u00e9taro\",\"description\":\"Explora NexoInformativo y convi\u00e9rtete en parte de una comunidad que valora el conocimiento y la verdad. Tu nexoinformativo es tu puente hacia una comprensi\u00f3n m\u00e1s profunda del mundo que te rodea.\",\"publisher\":{\"@id\":\"https:\/\/www.nexoinformativo.mx\/#organization\"},\"potentialAction\":[{\"@type\":\"SearchAction\",\"target\":{\"@type\":\"EntryPoint\",\"urlTemplate\":\"https:\/\/www.nexoinformativo.mx\/?s={search_term_string}\"},\"query-input\":{\"@type\":\"PropertyValueSpecification\",\"valueRequired\":true,\"valueName\":\"search_term_string\"}}],\"inLanguage\":\"es\"},{\"@type\":\"Organization\",\"@id\":\"https:\/\/www.nexoinformativo.mx\/#organization\",\"name\":\"Nexo Informativo Santiago de Quer\u00e9taro\",\"url\":\"https:\/\/www.nexoinformativo.mx\/\",\"logo\":{\"@type\":\"ImageObject\",\"inLanguage\":\"es\",\"@id\":\"https:\/\/www.nexoinformativo.mx\/#\/schema\/logo\/image\/\",\"url\":\"https:\/\/www.nexoinformativo.mx\/wp-content\/uploads\/2024\/07\/nexoi-trasparente-2.png\",\"contentUrl\":\"https:\/\/www.nexoinformativo.mx\/wp-content\/uploads\/2024\/07\/nexoi-trasparente-2.png\",\"width\":816,\"height\":339,\"caption\":\"Nexo Informativo Santiago de Quer\u00e9taro\"},\"image\":{\"@id\":\"https:\/\/www.nexoinformativo.mx\/#\/schema\/logo\/image\/\"},\"sameAs\":[\"https:\/\/www.facebook.com\/people\/Nexo-Informativo\/61564066885511\/\"]},{\"@type\":\"Person\",\"@id\":\"https:\/\/www.nexoinformativo.mx\/#\/schema\/person\/7749d380ba08c8ca00d7bc76fd907b7d\",\"name\":\"Nexo Informativo\",\"image\":{\"@type\":\"ImageObject\",\"inLanguage\":\"es\",\"@id\":\"https:\/\/www.nexoinformativo.mx\/#\/schema\/person\/image\/\",\"url\":\"https:\/\/secure.gravatar.com\/avatar\/dde2928154642a13d95f87ddf1ea9718fe2b46760a005c53e41ff5ad610704e6?s=96&d=mm&r=g\",\"contentUrl\":\"https:\/\/secure.gravatar.com\/avatar\/dde2928154642a13d95f87ddf1ea9718fe2b46760a005c53e41ff5ad610704e6?s=96&d=mm&r=g\",\"caption\":\"Nexo Informativo\"},\"url\":\"https:\/\/www.nexoinformativo.mx\/index.php\/author\/edicion\/\"}]}<\/script>\n<!-- \/ Yoast SEO plugin. -->","yoast_head_json":{"title":"Adax Digitales convoca marcha por la despenalizaci\u00f3n del aborto el 28 de septiembre en Quer\u00e9taro | Nexo Informativo Santiago de Quer\u00e9taro","description":"Adax Digitales convoca marcha por la despenalizaci\u00f3n del aborto el 28 de septiembre en Quer\u00e9taro","robots":{"index":"index","follow":"follow","max-snippet":"max-snippet:-1","max-image-preview":"max-image-preview:large","max-video-preview":"max-video-preview:-1"},"canonical":"https:\/\/www.nexoinformativo.mx\/index.php\/2024\/09\/10\/adax-digitales-convoca-marcha-por-la-despenalizacion-del-aborto-el-28-de-septiembre-en-queretaro\/","og_locale":"es_MX","og_type":"article","og_title":"Adax Digitales convoca marcha por la despenalizaci\u00f3n del aborto el 28 de septiembre en Quer\u00e9taro | Nexo Informativo Santiago de Quer\u00e9taro","og_description":"Adax Digitales convoca marcha por la despenalizaci\u00f3n del aborto el 28 de septiembre en Quer\u00e9taro","og_url":"https:\/\/www.nexoinformativo.mx\/index.php\/2024\/09\/10\/adax-digitales-convoca-marcha-por-la-despenalizacion-del-aborto-el-28-de-septiembre-en-queretaro\/","og_site_name":"Nexo Informativo Santiago de Quer\u00e9taro","article_publisher":"https:\/\/www.facebook.com\/people\/Nexo-Informativo\/61564066885511\/","article_published_time":"2024-09-10T16:00:56+00:00","article_modified_time":"2024-10-11T19:41:31+00:00","og_image":[{"width":800,"height":600,"url":"https:\/\/www.nexoinformativo.mx\/wp-content\/uploads\/2024\/09\/unnamed-18-1-e1725992145820.jpg","type":"image\/jpeg"}],"author":"Nexo Informativo","twitter_card":"summary_large_image","twitter_misc":{"Escrito por":"Nexo Informativo","Tiempo de lectura":"1 minuto"},"schema":{"@context":"https:\/\/schema.org","@graph":[{"@type":"Article","@id":"https:\/\/www.nexoinformativo.mx\/index.php\/2024\/09\/10\/adax-digitales-convoca-marcha-por-la-despenalizacion-del-aborto-el-28-de-septiembre-en-queretaro\/#article","isPartOf":{"@id":"https:\/\/www.nexoinformativo.mx\/index.php\/2024\/09\/10\/adax-digitales-convoca-marcha-por-la-despenalizacion-del-aborto-el-28-de-septiembre-en-queretaro\/"},"author":{"name":"Nexo Informativo","@id":"https:\/\/www.nexoinformativo.mx\/#\/schema\/person\/7749d380ba08c8ca00d7bc76fd907b7d"},"headline":"Adax Digitales convoca marcha por la despenalizaci\u00f3n del aborto el 28 de septiembre en Quer\u00e9taro","datePublished":"2024-09-10T16:00:56+00:00","dateModified":"2024-10-11T19:41:31+00:00","mainEntityOfPage":{"@id":"https:\/\/www.nexoinformativo.mx\/index.php\/2024\/09\/10\/adax-digitales-convoca-marcha-por-la-despenalizacion-del-aborto-el-28-de-septiembre-en-queretaro\/"},"wordCount":201,"commentCount":0,"publisher":{"@id":"https:\/\/www.nexoinformativo.mx\/#organization"},"image":{"@id":"https:\/\/www.nexoinformativo.mx\/index.php\/2024\/09\/10\/adax-digitales-convoca-marcha-por-la-despenalizacion-del-aborto-el-28-de-septiembre-en-queretaro\/#primaryimage"},"thumbnailUrl":"https:\/\/www.nexoinformativo.mx\/wp-content\/uploads\/2024\/09\/unnamed-18-1-e1725992145820.jpg","keywords":["DerechosReproductivos","Despenalizaci\u00f3nAborto","Educaci\u00f3nSexual","Marcha28S"],"articleSection":["Estado","Pol\u00edtica"],"inLanguage":"es","potentialAction":[{"@type":"CommentAction","name":"Comment","target":["https:\/\/www.nexoinformativo.mx\/index.php\/2024\/09\/10\/adax-digitales-convoca-marcha-por-la-despenalizacion-del-aborto-el-28-de-septiembre-en-queretaro\/#respond"]}]},{"@type":"WebPage","@id":"https:\/\/www.nexoinformativo.mx\/index.php\/2024\/09\/10\/adax-digitales-convoca-marcha-por-la-despenalizacion-del-aborto-el-28-de-septiembre-en-queretaro\/","url":"https:\/\/www.nexoinformativo.mx\/index.php\/2024\/09\/10\/adax-digitales-convoca-marcha-por-la-despenalizacion-del-aborto-el-28-de-septiembre-en-queretaro\/","name":"Adax Digitales convoca marcha por la despenalizaci\u00f3n del aborto el 28 de septiembre en Quer\u00e9taro | Nexo Informativo Santiago de Quer\u00e9taro","isPartOf":{"@id":"https:\/\/www.nexoinformativo.mx\/#website"},"primaryImageOfPage":{"@id":"https:\/\/www.nexoinformativo.mx\/index.php\/2024\/09\/10\/adax-digitales-convoca-marcha-por-la-despenalizacion-del-aborto-el-28-de-septiembre-en-queretaro\/#primaryimage"},"image":{"@id":"https:\/\/www.nexoinformativo.mx\/index.php\/2024\/09\/10\/adax-digitales-convoca-marcha-por-la-despenalizacion-del-aborto-el-28-de-septiembre-en-queretaro\/#primaryimage"},"thumbnailUrl":"https:\/\/www.nexoinformativo.mx\/wp-content\/uploads\/2024\/09\/unnamed-18-1-e1725992145820.jpg","datePublished":"2024-09-10T16:00:56+00:00","dateModified":"2024-10-11T19:41:31+00:00","description":"Adax Digitales convoca marcha por la despenalizaci\u00f3n del aborto el 28 de septiembre en Quer\u00e9taro","breadcrumb":{"@id":"https:\/\/www.nexoinformativo.mx\/index.php\/2024\/09\/10\/adax-digitales-convoca-marcha-por-la-despenalizacion-del-aborto-el-28-de-septiembre-en-queretaro\/#breadcrumb"},"inLanguage":"es","potentialAction":[{"@type":"ReadAction","target":["https:\/\/www.nexoinformativo.mx\/index.php\/2024\/09\/10\/adax-digitales-convoca-marcha-por-la-despenalizacion-del-aborto-el-28-de-septiembre-en-queretaro\/"]}]},{"@type":"ImageObject","inLanguage":"es","@id":"https:\/\/www.nexoinformativo.mx\/index.php\/2024\/09\/10\/adax-digitales-convoca-marcha-por-la-despenalizacion-del-aborto-el-28-de-septiembre-en-queretaro\/#primaryimage","url":"https:\/\/www.nexoinformativo.mx\/wp-content\/uploads\/2024\/09\/unnamed-18-1-e1725992145820.jpg","contentUrl":"https:\/\/www.nexoinformativo.mx\/wp-content\/uploads\/2024\/09\/unnamed-18-1-e1725992145820.jpg","width":800,"height":600},{"@type":"BreadcrumbList","@id":"https:\/\/www.nexoinformativo.mx\/index.php\/2024\/09\/10\/adax-digitales-convoca-marcha-por-la-despenalizacion-del-aborto-el-28-de-septiembre-en-queretaro\/#breadcrumb","itemListElement":[{"@type":"ListItem","position":1,"name":"Inicio","item":"https:\/\/www.nexoinformativo.mx\/"},{"@type":"ListItem","position":2,"name":"Adax Digitales convoca marcha por la despenalizaci\u00f3n del aborto el 28 de septiembre en Quer\u00e9taro"}]},{"@type":"WebSite","@id":"https:\/\/www.nexoinformativo.mx\/#website","url":"https:\/\/www.nexoinformativo.mx\/","name":"Nexo Informativo Santiago de Quer\u00e9taro","description":"Explora NexoInformativo y convi\u00e9rtete en parte de una comunidad que valora el conocimiento y la verdad. Tu nexoinformativo es tu puente hacia una comprensi\u00f3n m\u00e1s profunda del mundo que te rodea.","publisher":{"@id":"https:\/\/www.nexoinformativo.mx\/#organization"},"potentialAction":[{"@type":"SearchAction","target":{"@type":"EntryPoint","urlTemplate":"https:\/\/www.nexoinformativo.mx\/?s={search_term_string}"},"query-input":{"@type":"PropertyValueSpecification","valueRequired":true,"valueName":"search_term_string"}}],"inLanguage":"es"},{"@type":"Organization","@id":"https:\/\/www.nexoinformativo.mx\/#organization","name":"Nexo Informativo Santiago de Quer\u00e9taro","url":"https:\/\/www.nexoinformativo.mx\/","logo":{"@type":"ImageObject","inLanguage":"es","@id":"https:\/\/www.nexoinformativo.mx\/#\/schema\/logo\/image\/","url":"https:\/\/www.nexoinformativo.mx\/wp-content\/uploads\/2024\/07\/nexoi-trasparente-2.png","contentUrl":"https:\/\/www.nexoinformativo.mx\/wp-content\/uploads\/2024\/07\/nexoi-trasparente-2.png","width":816,"height":339,"caption":"Nexo Informativo Santiago de Quer\u00e9taro"},"image":{"@id":"https:\/\/www.nexoinformativo.mx\/#\/schema\/logo\/image\/"},"sameAs":["https:\/\/www.facebook.com\/people\/Nexo-Informativo\/61564066885511\/"]},{"@type":"Person","@id":"https:\/\/www.nexoinformativo.mx\/#\/schema\/person\/7749d380ba08c8ca00d7bc76fd907b7d","name":"Nexo Informativo","image":{"@type":"ImageObject","inLanguage":"es","@id":"https:\/\/www.nexoinformativo.mx\/#\/schema\/person\/image\/","url":"https:\/\/secure.gravatar.com\/avatar\/dde2928154642a13d95f87ddf1ea9718fe2b46760a005c53e41ff5ad610704e6?s=96&d=mm&r=g","contentUrl":"https:\/\/secure.gravatar.com\/avatar\/dde2928154642a13d95f87ddf1ea9718fe2b46760a005c53e41ff5ad610704e6?s=96&d=mm&r=g","caption":"Nexo Informativo"},"url":"https:\/\/www.nexoinformativo.mx\/index.php\/author\/edicion\/"}]}},"_links":{"self":[{"href":"https:\/\/www.nexoinformativo.mx\/index.php\/wp-json\/wp\/v2\/posts\/1745","targetHints":{"allow":["GET"]}}],"collection":[{"href":"https:\/\/www.nexoinformativo.mx\/index.php\/wp-json\/wp\/v2\/posts"}],"about":[{"href":"https:\/\/www.nexoinformativo.mx\/index.php\/wp-json\/wp\/v2\/types\/post"}],"author":[{"embeddable":true,"href":"https:\/\/www.nexoinformativo.mx\/index.php\/wp-json\/wp\/v2\/users\/3"}],"replies":[{"embeddable":true,"href":"https:\/\/www.nexoinformativo.mx\/index.php\/wp-json\/wp\/v2\/comments?post=1745"}],"version-history":[{"count":3,"href":"https:\/\/www.nexoinformativo.mx\/index.php\/wp-json\/wp\/v2\/posts\/1745\/revisions"}],"predecessor-version":[{"id":2804,"href":"https:\/\/www.nexoinformativo.mx\/index.php\/wp-json\/wp\/v2\/posts\/1745\/revisions\/2804"}],"wp:featuredmedia":[{"embeddable":true,"href":"https:\/\/www.nexoinformativo.mx\/index.php\/wp-json\/wp\/v2\/media\/1746"}],"wp:attachment":[{"href":"https:\/\/www.nexoinformativo.mx\/index.php\/wp-json\/wp\/v2\/media?parent=1745"}],"wp:term":[{"taxonomy":"category","embeddable":true,"href":"https:\/\/www.nexoinformativo.mx\/index.php\/wp-json\/wp\/v2\/categories?post=1745"},{"taxonomy":"post_tag","embeddable":true,"href":"https:\/\/www.nexoinformativo.mx\/index.php\/wp-json\/wp\/v2\/tags?post=1745"}],"curies":[{"name":"wp","href":"https:\/\/api.w.org\/{rel}","templated":true}]}}