{"id":1748,"date":"2024-09-10T11:00:48","date_gmt":"2024-09-10T17:00:48","guid":{"rendered":"https:\/\/www.nexoinformativo.mx\/?p=1748"},"modified":"2024-09-10T12:39:28","modified_gmt":"2024-09-10T18:39:28","slug":"choque-multiple-en-la-carretera-57-causa-caos-vial-en-el-marques","status":"publish","type":"post","link":"https:\/\/www.nexoinformativo.mx\/index.php\/2024\/09\/10\/choque-multiple-en-la-carretera-57-causa-caos-vial-en-el-marques\/","title":{"rendered":"Choque m\u00faltiple en la carretera 57 causa caos vial en El Marqu\u00e9s"},"content":{"rendered":"<p style=\"text-align: justify;\">Esta ma\u00f1ana se registr\u00f3 un aparatoso accidente vehicular tipo choque m\u00faltiple en la carretera federal 57 M\u00e9xico \u2013 Quer\u00e9taro, justo bajo el puente vehicular de entrada a la comunidad de La Piedad, en El Marqu\u00e9s. El incidente involucr\u00f3 al menos cuatro veh\u00edculos particulares que circulaban en direcci\u00f3n a la capital queretana.<\/p>\n<p>&nbsp;<\/p>\n<p style=\"text-align: justify;\">De acuerdo con informaci\u00f3n extraoficial, el exceso de velocidad y la falta de precauci\u00f3n fueron las causas principales de la carambola. Testigos alertaron r\u00e1pidamente a las autoridades, y minutos despu\u00e9s, param\u00e9dicos de Cruz Roja, Protecci\u00f3n Civil municipal y elementos de bomberos llegaron al lugar para proporcionar los primeros auxilios a los ocupantes de los veh\u00edculos. Afortunadamente, las personas involucradas solo sufrieron lesiones menores.<\/p>\n<p>&nbsp;<\/p>\n<p style=\"text-align: justify;\">La Guardia Nacional divisi\u00f3n carreteras se encarg\u00f3 de cerrar parcialmente la vialidad, lo que provoc\u00f3 un fuerte estancamiento del tr\u00e1fico, ya que solo un carril permaneci\u00f3 habilitado para la circulaci\u00f3n. Tras varios minutos de trabajo por parte de los cuerpos de emergencia, se solicit\u00f3 el apoyo de gr\u00faas para retirar los veh\u00edculos da\u00f1ados y despejar la zona.<\/p>\n","protected":false},"excerpt":{"rendered":"<p>Esta ma\u00f1ana se registr\u00f3 un aparatoso accidente vehicular tipo choque m\u00faltiple en la carretera federal 57 M\u00e9xico \u2013 Quer\u00e9taro, justo bajo el puente vehicular de entrada a la comunidad de La Piedad, en El Marqu\u00e9s. El incidente involucr\u00f3 al menos cuatro veh\u00edculos particulares que circulaban en direcci\u00f3n a la capital queretana.<\/p>\n","protected":false},"author":3,"featured_media":1749,"comment_status":"open","ping_status":"open","sticky":false,"template":"","format":"standard","meta":{"footnotes":""},"categories":[65,137,58],"tags":[611,612,613,614],"class_list":["post-1748","post","type-post","status-publish","format-standard","has-post-thumbnail","hentry","category-municipios","category-sucesos","category-ultima-hora","tag-accidentecarretero","tag-carretera57","tag-choquemultiple","tag-emergencia"],"yoast_head":"<!-- This site is optimized with the Yoast SEO plugin v25.0 - https:\/\/yoast.com\/wordpress\/plugins\/seo\/ -->\n<title>Choque m\u00faltiple en la carretera 57 causa caos vial en El Marqu\u00e9s | Nexo Informativo Santiago de Quer\u00e9taro<\/title>\n<meta name=\"description\" content=\"Choque m\u00faltiple en la carretera 57 causa caos vial en El Marqu\u00e9s\" \/>\n<meta name=\"robots\" content=\"index, follow, max-snippet:-1, max-image-preview:large, max-video-preview:-1\" \/>\n<link rel=\"canonical\" href=\"https:\/\/www.nexoinformativo.mx\/index.php\/2024\/09\/10\/choque-multiple-en-la-carretera-57-causa-caos-vial-en-el-marques\/\" \/>\n<meta property=\"og:locale\" content=\"es_MX\" \/>\n<meta property=\"og:type\" content=\"article\" \/>\n<meta property=\"og:title\" content=\"Choque m\u00faltiple en la carretera 57 causa caos vial en El Marqu\u00e9s | Nexo Informativo Santiago de Quer\u00e9taro\" \/>\n<meta property=\"og:description\" content=\"Choque m\u00faltiple en la carretera 57 causa caos vial en El Marqu\u00e9s\" \/>\n<meta property=\"og:url\" content=\"https:\/\/www.nexoinformativo.mx\/index.php\/2024\/09\/10\/choque-multiple-en-la-carretera-57-causa-caos-vial-en-el-marques\/\" \/>\n<meta property=\"og:site_name\" content=\"Nexo Informativo Santiago de Quer\u00e9taro\" \/>\n<meta property=\"article:publisher\" content=\"https:\/\/www.facebook.com\/people\/Nexo-Informativo\/61564066885511\/\" \/>\n<meta property=\"article:published_time\" content=\"2024-09-10T17:00:48+00:00\" \/>\n<meta property=\"article:modified_time\" content=\"2024-09-10T18:39:28+00:00\" \/>\n<meta property=\"og:image\" content=\"https:\/\/www.nexoinformativo.mx\/wp-content\/uploads\/2024\/09\/unnamed-19-e1725993518454.jpg\" \/>\n\t<meta property=\"og:image:width\" content=\"800\" \/>\n\t<meta property=\"og:image:height\" content=\"894\" \/>\n\t<meta property=\"og:image:type\" content=\"image\/jpeg\" \/>\n<meta name=\"author\" content=\"Nexo Informativo\" \/>\n<meta name=\"twitter:card\" content=\"summary_large_image\" \/>\n<meta name=\"twitter:label1\" content=\"Escrito por\" \/>\n\t<meta name=\"twitter:data1\" content=\"Nexo Informativo\" \/>\n\t<meta name=\"twitter:label2\" content=\"Tiempo de lectura\" \/>\n\t<meta name=\"twitter:data2\" content=\"1 minuto\" \/>\n<script type=\"application\/ld+json\" class=\"yoast-schema-graph\">{\"@context\":\"https:\/\/schema.org\",\"@graph\":[{\"@type\":\"Article\",\"@id\":\"https:\/\/www.nexoinformativo.mx\/index.php\/2024\/09\/10\/choque-multiple-en-la-carretera-57-causa-caos-vial-en-el-marques\/#article\",\"isPartOf\":{\"@id\":\"https:\/\/www.nexoinformativo.mx\/index.php\/2024\/09\/10\/choque-multiple-en-la-carretera-57-causa-caos-vial-en-el-marques\/\"},\"author\":{\"name\":\"Nexo Informativo\",\"@id\":\"https:\/\/www.nexoinformativo.mx\/#\/schema\/person\/7749d380ba08c8ca00d7bc76fd907b7d\"},\"headline\":\"Choque m\u00faltiple en la carretera 57 causa caos vial en El Marqu\u00e9s\",\"datePublished\":\"2024-09-10T17:00:48+00:00\",\"dateModified\":\"2024-09-10T18:39:28+00:00\",\"mainEntityOfPage\":{\"@id\":\"https:\/\/www.nexoinformativo.mx\/index.php\/2024\/09\/10\/choque-multiple-en-la-carretera-57-causa-caos-vial-en-el-marques\/\"},\"wordCount\":204,\"commentCount\":0,\"publisher\":{\"@id\":\"https:\/\/www.nexoinformativo.mx\/#organization\"},\"image\":{\"@id\":\"https:\/\/www.nexoinformativo.mx\/index.php\/2024\/09\/10\/choque-multiple-en-la-carretera-57-causa-caos-vial-en-el-marques\/#primaryimage\"},\"thumbnailUrl\":\"https:\/\/www.nexoinformativo.mx\/wp-content\/uploads\/2024\/09\/unnamed-19-e1725993518454.jpg\",\"keywords\":[\"AccidenteCarretero\",\"Carretera57\",\"ChoqueM\u00faltiple\",\"Emergencia\"],\"articleSection\":[\"Municipios\",\"Sucesos\",\"\u00daltima Hora\"],\"inLanguage\":\"es\",\"potentialAction\":[{\"@type\":\"CommentAction\",\"name\":\"Comment\",\"target\":[\"https:\/\/www.nexoinformativo.mx\/index.php\/2024\/09\/10\/choque-multiple-en-la-carretera-57-causa-caos-vial-en-el-marques\/#respond\"]}]},{\"@type\":\"WebPage\",\"@id\":\"https:\/\/www.nexoinformativo.mx\/index.php\/2024\/09\/10\/choque-multiple-en-la-carretera-57-causa-caos-vial-en-el-marques\/\",\"url\":\"https:\/\/www.nexoinformativo.mx\/index.php\/2024\/09\/10\/choque-multiple-en-la-carretera-57-causa-caos-vial-en-el-marques\/\",\"name\":\"Choque m\u00faltiple en la carretera 57 causa caos vial en El Marqu\u00e9s | Nexo Informativo Santiago de Quer\u00e9taro\",\"isPartOf\":{\"@id\":\"https:\/\/www.nexoinformativo.mx\/#website\"},\"primaryImageOfPage\":{\"@id\":\"https:\/\/www.nexoinformativo.mx\/index.php\/2024\/09\/10\/choque-multiple-en-la-carretera-57-causa-caos-vial-en-el-marques\/#primaryimage\"},\"image\":{\"@id\":\"https:\/\/www.nexoinformativo.mx\/index.php\/2024\/09\/10\/choque-multiple-en-la-carretera-57-causa-caos-vial-en-el-marques\/#primaryimage\"},\"thumbnailUrl\":\"https:\/\/www.nexoinformativo.mx\/wp-content\/uploads\/2024\/09\/unnamed-19-e1725993518454.jpg\",\"datePublished\":\"2024-09-10T17:00:48+00:00\",\"dateModified\":\"2024-09-10T18:39:28+00:00\",\"description\":\"Choque m\u00faltiple en la carretera 57 causa caos vial en El Marqu\u00e9s\",\"breadcrumb\":{\"@id\":\"https:\/\/www.nexoinformativo.mx\/index.php\/2024\/09\/10\/choque-multiple-en-la-carretera-57-causa-caos-vial-en-el-marques\/#breadcrumb\"},\"inLanguage\":\"es\",\"potentialAction\":[{\"@type\":\"ReadAction\",\"target\":[\"https:\/\/www.nexoinformativo.mx\/index.php\/2024\/09\/10\/choque-multiple-en-la-carretera-57-causa-caos-vial-en-el-marques\/\"]}]},{\"@type\":\"ImageObject\",\"inLanguage\":\"es\",\"@id\":\"https:\/\/www.nexoinformativo.mx\/index.php\/2024\/09\/10\/choque-multiple-en-la-carretera-57-causa-caos-vial-en-el-marques\/#primaryimage\",\"url\":\"https:\/\/www.nexoinformativo.mx\/wp-content\/uploads\/2024\/09\/unnamed-19-e1725993518454.jpg\",\"contentUrl\":\"https:\/\/www.nexoinformativo.mx\/wp-content\/uploads\/2024\/09\/unnamed-19-e1725993518454.jpg\",\"width\":800,\"height\":894},{\"@type\":\"BreadcrumbList\",\"@id\":\"https:\/\/www.nexoinformativo.mx\/index.php\/2024\/09\/10\/choque-multiple-en-la-carretera-57-causa-caos-vial-en-el-marques\/#breadcrumb\",\"itemListElement\":[{\"@type\":\"ListItem\",\"position\":1,\"name\":\"Inicio\",\"item\":\"https:\/\/www.nexoinformativo.mx\/\"},{\"@type\":\"ListItem\",\"position\":2,\"name\":\"Choque m\u00faltiple en la carretera 57 causa caos vial en El Marqu\u00e9s\"}]},{\"@type\":\"WebSite\",\"@id\":\"https:\/\/www.nexoinformativo.mx\/#website\",\"url\":\"https:\/\/www.nexoinformativo.mx\/\",\"name\":\"Nexo Informativo Santiago de Quer\u00e9taro\",\"description\":\"Explora NexoInformativo y convi\u00e9rtete en parte de una comunidad que valora el conocimiento y la verdad. Tu nexoinformativo es tu puente hacia una comprensi\u00f3n m\u00e1s profunda del mundo que te rodea.\",\"publisher\":{\"@id\":\"https:\/\/www.nexoinformativo.mx\/#organization\"},\"potentialAction\":[{\"@type\":\"SearchAction\",\"target\":{\"@type\":\"EntryPoint\",\"urlTemplate\":\"https:\/\/www.nexoinformativo.mx\/?s={search_term_string}\"},\"query-input\":{\"@type\":\"PropertyValueSpecification\",\"valueRequired\":true,\"valueName\":\"search_term_string\"}}],\"inLanguage\":\"es\"},{\"@type\":\"Organization\",\"@id\":\"https:\/\/www.nexoinformativo.mx\/#organization\",\"name\":\"Nexo Informativo Santiago de Quer\u00e9taro\",\"url\":\"https:\/\/www.nexoinformativo.mx\/\",\"logo\":{\"@type\":\"ImageObject\",\"inLanguage\":\"es\",\"@id\":\"https:\/\/www.nexoinformativo.mx\/#\/schema\/logo\/image\/\",\"url\":\"https:\/\/www.nexoinformativo.mx\/wp-content\/uploads\/2024\/07\/nexoi-trasparente-2.png\",\"contentUrl\":\"https:\/\/www.nexoinformativo.mx\/wp-content\/uploads\/2024\/07\/nexoi-trasparente-2.png\",\"width\":816,\"height\":339,\"caption\":\"Nexo Informativo Santiago de Quer\u00e9taro\"},\"image\":{\"@id\":\"https:\/\/www.nexoinformativo.mx\/#\/schema\/logo\/image\/\"},\"sameAs\":[\"https:\/\/www.facebook.com\/people\/Nexo-Informativo\/61564066885511\/\"]},{\"@type\":\"Person\",\"@id\":\"https:\/\/www.nexoinformativo.mx\/#\/schema\/person\/7749d380ba08c8ca00d7bc76fd907b7d\",\"name\":\"Nexo Informativo\",\"image\":{\"@type\":\"ImageObject\",\"inLanguage\":\"es\",\"@id\":\"https:\/\/www.nexoinformativo.mx\/#\/schema\/person\/image\/\",\"url\":\"https:\/\/secure.gravatar.com\/avatar\/dde2928154642a13d95f87ddf1ea9718fe2b46760a005c53e41ff5ad610704e6?s=96&d=mm&r=g\",\"contentUrl\":\"https:\/\/secure.gravatar.com\/avatar\/dde2928154642a13d95f87ddf1ea9718fe2b46760a005c53e41ff5ad610704e6?s=96&d=mm&r=g\",\"caption\":\"Nexo Informativo\"},\"url\":\"https:\/\/www.nexoinformativo.mx\/index.php\/author\/edicion\/\"}]}<\/script>\n<!-- \/ Yoast SEO plugin. -->","yoast_head_json":{"title":"Choque m\u00faltiple en la carretera 57 causa caos vial en El Marqu\u00e9s | Nexo Informativo Santiago de Quer\u00e9taro","description":"Choque m\u00faltiple en la carretera 57 causa caos vial en El Marqu\u00e9s","robots":{"index":"index","follow":"follow","max-snippet":"max-snippet:-1","max-image-preview":"max-image-preview:large","max-video-preview":"max-video-preview:-1"},"canonical":"https:\/\/www.nexoinformativo.mx\/index.php\/2024\/09\/10\/choque-multiple-en-la-carretera-57-causa-caos-vial-en-el-marques\/","og_locale":"es_MX","og_type":"article","og_title":"Choque m\u00faltiple en la carretera 57 causa caos vial en El Marqu\u00e9s | Nexo Informativo Santiago de Quer\u00e9taro","og_description":"Choque m\u00faltiple en la carretera 57 causa caos vial en El Marqu\u00e9s","og_url":"https:\/\/www.nexoinformativo.mx\/index.php\/2024\/09\/10\/choque-multiple-en-la-carretera-57-causa-caos-vial-en-el-marques\/","og_site_name":"Nexo Informativo Santiago de Quer\u00e9taro","article_publisher":"https:\/\/www.facebook.com\/people\/Nexo-Informativo\/61564066885511\/","article_published_time":"2024-09-10T17:00:48+00:00","article_modified_time":"2024-09-10T18:39:28+00:00","og_image":[{"width":800,"height":894,"url":"https:\/\/www.nexoinformativo.mx\/wp-content\/uploads\/2024\/09\/unnamed-19-e1725993518454.jpg","type":"image\/jpeg"}],"author":"Nexo Informativo","twitter_card":"summary_large_image","twitter_misc":{"Escrito por":"Nexo Informativo","Tiempo de lectura":"1 minuto"},"schema":{"@context":"https:\/\/schema.org","@graph":[{"@type":"Article","@id":"https:\/\/www.nexoinformativo.mx\/index.php\/2024\/09\/10\/choque-multiple-en-la-carretera-57-causa-caos-vial-en-el-marques\/#article","isPartOf":{"@id":"https:\/\/www.nexoinformativo.mx\/index.php\/2024\/09\/10\/choque-multiple-en-la-carretera-57-causa-caos-vial-en-el-marques\/"},"author":{"name":"Nexo Informativo","@id":"https:\/\/www.nexoinformativo.mx\/#\/schema\/person\/7749d380ba08c8ca00d7bc76fd907b7d"},"headline":"Choque m\u00faltiple en la carretera 57 causa caos vial en El Marqu\u00e9s","datePublished":"2024-09-10T17:00:48+00:00","dateModified":"2024-09-10T18:39:28+00:00","mainEntityOfPage":{"@id":"https:\/\/www.nexoinformativo.mx\/index.php\/2024\/09\/10\/choque-multiple-en-la-carretera-57-causa-caos-vial-en-el-marques\/"},"wordCount":204,"commentCount":0,"publisher":{"@id":"https:\/\/www.nexoinformativo.mx\/#organization"},"image":{"@id":"https:\/\/www.nexoinformativo.mx\/index.php\/2024\/09\/10\/choque-multiple-en-la-carretera-57-causa-caos-vial-en-el-marques\/#primaryimage"},"thumbnailUrl":"https:\/\/www.nexoinformativo.mx\/wp-content\/uploads\/2024\/09\/unnamed-19-e1725993518454.jpg","keywords":["AccidenteCarretero","Carretera57","ChoqueM\u00faltiple","Emergencia"],"articleSection":["Municipios","Sucesos","\u00daltima Hora"],"inLanguage":"es","potentialAction":[{"@type":"CommentAction","name":"Comment","target":["https:\/\/www.nexoinformativo.mx\/index.php\/2024\/09\/10\/choque-multiple-en-la-carretera-57-causa-caos-vial-en-el-marques\/#respond"]}]},{"@type":"WebPage","@id":"https:\/\/www.nexoinformativo.mx\/index.php\/2024\/09\/10\/choque-multiple-en-la-carretera-57-causa-caos-vial-en-el-marques\/","url":"https:\/\/www.nexoinformativo.mx\/index.php\/2024\/09\/10\/choque-multiple-en-la-carretera-57-causa-caos-vial-en-el-marques\/","name":"Choque m\u00faltiple en la carretera 57 causa caos vial en El Marqu\u00e9s | Nexo Informativo Santiago de Quer\u00e9taro","isPartOf":{"@id":"https:\/\/www.nexoinformativo.mx\/#website"},"primaryImageOfPage":{"@id":"https:\/\/www.nexoinformativo.mx\/index.php\/2024\/09\/10\/choque-multiple-en-la-carretera-57-causa-caos-vial-en-el-marques\/#primaryimage"},"image":{"@id":"https:\/\/www.nexoinformativo.mx\/index.php\/2024\/09\/10\/choque-multiple-en-la-carretera-57-causa-caos-vial-en-el-marques\/#primaryimage"},"thumbnailUrl":"https:\/\/www.nexoinformativo.mx\/wp-content\/uploads\/2024\/09\/unnamed-19-e1725993518454.jpg","datePublished":"2024-09-10T17:00:48+00:00","dateModified":"2024-09-10T18:39:28+00:00","description":"Choque m\u00faltiple en la carretera 57 causa caos vial en El Marqu\u00e9s","breadcrumb":{"@id":"https:\/\/www.nexoinformativo.mx\/index.php\/2024\/09\/10\/choque-multiple-en-la-carretera-57-causa-caos-vial-en-el-marques\/#breadcrumb"},"inLanguage":"es","potentialAction":[{"@type":"ReadAction","target":["https:\/\/www.nexoinformativo.mx\/index.php\/2024\/09\/10\/choque-multiple-en-la-carretera-57-causa-caos-vial-en-el-marques\/"]}]},{"@type":"ImageObject","inLanguage":"es","@id":"https:\/\/www.nexoinformativo.mx\/index.php\/2024\/09\/10\/choque-multiple-en-la-carretera-57-causa-caos-vial-en-el-marques\/#primaryimage","url":"https:\/\/www.nexoinformativo.mx\/wp-content\/uploads\/2024\/09\/unnamed-19-e1725993518454.jpg","contentUrl":"https:\/\/www.nexoinformativo.mx\/wp-content\/uploads\/2024\/09\/unnamed-19-e1725993518454.jpg","width":800,"height":894},{"@type":"BreadcrumbList","@id":"https:\/\/www.nexoinformativo.mx\/index.php\/2024\/09\/10\/choque-multiple-en-la-carretera-57-causa-caos-vial-en-el-marques\/#breadcrumb","itemListElement":[{"@type":"ListItem","position":1,"name":"Inicio","item":"https:\/\/www.nexoinformativo.mx\/"},{"@type":"ListItem","position":2,"name":"Choque m\u00faltiple en la carretera 57 causa caos vial en El Marqu\u00e9s"}]},{"@type":"WebSite","@id":"https:\/\/www.nexoinformativo.mx\/#website","url":"https:\/\/www.nexoinformativo.mx\/","name":"Nexo Informativo Santiago de Quer\u00e9taro","description":"Explora NexoInformativo y convi\u00e9rtete en parte de una comunidad que valora el conocimiento y la verdad. Tu nexoinformativo es tu puente hacia una comprensi\u00f3n m\u00e1s profunda del mundo que te rodea.","publisher":{"@id":"https:\/\/www.nexoinformativo.mx\/#organization"},"potentialAction":[{"@type":"SearchAction","target":{"@type":"EntryPoint","urlTemplate":"https:\/\/www.nexoinformativo.mx\/?s={search_term_string}"},"query-input":{"@type":"PropertyValueSpecification","valueRequired":true,"valueName":"search_term_string"}}],"inLanguage":"es"},{"@type":"Organization","@id":"https:\/\/www.nexoinformativo.mx\/#organization","name":"Nexo Informativo Santiago de Quer\u00e9taro","url":"https:\/\/www.nexoinformativo.mx\/","logo":{"@type":"ImageObject","inLanguage":"es","@id":"https:\/\/www.nexoinformativo.mx\/#\/schema\/logo\/image\/","url":"https:\/\/www.nexoinformativo.mx\/wp-content\/uploads\/2024\/07\/nexoi-trasparente-2.png","contentUrl":"https:\/\/www.nexoinformativo.mx\/wp-content\/uploads\/2024\/07\/nexoi-trasparente-2.png","width":816,"height":339,"caption":"Nexo Informativo Santiago de Quer\u00e9taro"},"image":{"@id":"https:\/\/www.nexoinformativo.mx\/#\/schema\/logo\/image\/"},"sameAs":["https:\/\/www.facebook.com\/people\/Nexo-Informativo\/61564066885511\/"]},{"@type":"Person","@id":"https:\/\/www.nexoinformativo.mx\/#\/schema\/person\/7749d380ba08c8ca00d7bc76fd907b7d","name":"Nexo Informativo","image":{"@type":"ImageObject","inLanguage":"es","@id":"https:\/\/www.nexoinformativo.mx\/#\/schema\/person\/image\/","url":"https:\/\/secure.gravatar.com\/avatar\/dde2928154642a13d95f87ddf1ea9718fe2b46760a005c53e41ff5ad610704e6?s=96&d=mm&r=g","contentUrl":"https:\/\/secure.gravatar.com\/avatar\/dde2928154642a13d95f87ddf1ea9718fe2b46760a005c53e41ff5ad610704e6?s=96&d=mm&r=g","caption":"Nexo Informativo"},"url":"https:\/\/www.nexoinformativo.mx\/index.php\/author\/edicion\/"}]}},"_links":{"self":[{"href":"https:\/\/www.nexoinformativo.mx\/index.php\/wp-json\/wp\/v2\/posts\/1748","targetHints":{"allow":["GET"]}}],"collection":[{"href":"https:\/\/www.nexoinformativo.mx\/index.php\/wp-json\/wp\/v2\/posts"}],"about":[{"href":"https:\/\/www.nexoinformativo.mx\/index.php\/wp-json\/wp\/v2\/types\/post"}],"author":[{"embeddable":true,"href":"https:\/\/www.nexoinformativo.mx\/index.php\/wp-json\/wp\/v2\/users\/3"}],"replies":[{"embeddable":true,"href":"https:\/\/www.nexoinformativo.mx\/index.php\/wp-json\/wp\/v2\/comments?post=1748"}],"version-history":[{"count":1,"href":"https:\/\/www.nexoinformativo.mx\/index.php\/wp-json\/wp\/v2\/posts\/1748\/revisions"}],"predecessor-version":[{"id":1750,"href":"https:\/\/www.nexoinformativo.mx\/index.php\/wp-json\/wp\/v2\/posts\/1748\/revisions\/1750"}],"wp:featuredmedia":[{"embeddable":true,"href":"https:\/\/www.nexoinformativo.mx\/index.php\/wp-json\/wp\/v2\/media\/1749"}],"wp:attachment":[{"href":"https:\/\/www.nexoinformativo.mx\/index.php\/wp-json\/wp\/v2\/media?parent=1748"}],"wp:term":[{"taxonomy":"category","embeddable":true,"href":"https:\/\/www.nexoinformativo.mx\/index.php\/wp-json\/wp\/v2\/categories?post=1748"},{"taxonomy":"post_tag","embeddable":true,"href":"https:\/\/www.nexoinformativo.mx\/index.php\/wp-json\/wp\/v2\/tags?post=1748"}],"curies":[{"name":"wp","href":"https:\/\/api.w.org\/{rel}","templated":true}]}}