{"id":1776,"date":"2024-09-10T18:00:01","date_gmt":"2024-09-11T00:00:01","guid":{"rendered":"https:\/\/www.nexoinformativo.mx\/?p=1776"},"modified":"2024-09-10T22:39:24","modified_gmt":"2024-09-11T04:39:24","slug":"vinculan-a-proceso-a-responsable-de-homicidio-en-pueblo-de-jurica","status":"publish","type":"post","link":"https:\/\/www.nexoinformativo.mx\/index.php\/2024\/09\/10\/vinculan-a-proceso-a-responsable-de-homicidio-en-pueblo-de-jurica\/","title":{"rendered":"Vinculan a proceso a responsable de homicidio en Pueblo de Jurica"},"content":{"rendered":"<p style=\"text-align: justify;\">La Fiscal\u00eda General del Estado de Quer\u00e9taro inform\u00f3 que, tras los hechos ocurridos el 3 de septiembre en la colonia Pueblo de Jurica, una persona ha sido vinculada a proceso por el delito de homicidio y se encuentra bajo prisi\u00f3n preventiva. El acusado es se\u00f1alado por la muerte de un hombre con quien hab\u00eda tenido un altercado una semana antes.<\/p>\n<p>&nbsp;<\/p>\n<p style=\"text-align: justify;\">El incidente fue investigado por la Polic\u00eda de Investigaci\u00f3n y personal pericial, quienes acudieron al lugar de los hechos para recabar evidencias. Durante las primeras indagatorias, se logr\u00f3 obtener la media filiaci\u00f3n del agresor, lo que permiti\u00f3 avanzar r\u00e1pidamente en la identificaci\u00f3n del responsable. El d\u00eda del homicidio, el imputado dispar\u00f3 contra la v\u00edctima, caus\u00e1ndole heridas mortales.<\/p>\n<p>&nbsp;<\/p>\n<p style=\"text-align: justify;\">Con los datos obtenidos, la Fiscal\u00eda Especializada solicit\u00f3 una orden de aprehensi\u00f3n en contra del acusado, la cual fue concedida por un juez de control. En audiencia inicial, el juez determin\u00f3 que el acusado permanecer\u00e1 bajo prisi\u00f3n preventiva mientras se desarrolla la investigaci\u00f3n complementaria, para la cual se ha otorgado un plazo de tres meses.<\/p>\n","protected":false},"excerpt":{"rendered":"<p>La Fiscal\u00eda General del Estado de Quer\u00e9taro inform\u00f3 que, tras los hechos ocurridos el 3 de septiembre en la colonia Pueblo de Jurica, una persona ha sido vinculada a proceso por el delito de homicidio y se encuentra bajo prisi\u00f3n preventiva. El acusado es se\u00f1alado por la muerte de un hombre con quien hab\u00eda tenido un altercado una semana antes.<\/p>\n","protected":false},"author":3,"featured_media":1777,"comment_status":"open","ping_status":"open","sticky":false,"template":"","format":"standard","meta":{"footnotes":""},"categories":[65,137,58],"tags":[640,638,637,639],"class_list":["post-1776","post","type-post","status-publish","format-standard","has-post-thumbnail","hentry","category-municipios","category-sucesos","category-ultima-hora","tag-combatealcrimen","tag-fiscaliadelestado","tag-justiciaenqueretaro","tag-seguridadjurica"],"yoast_head":"<!-- This site is optimized with the Yoast SEO plugin v25.0 - https:\/\/yoast.com\/wordpress\/plugins\/seo\/ -->\n<title>Vinculan a proceso a responsable de homicidio en Pueblo de Jurica | Nexo Informativo Santiago de Quer\u00e9taro<\/title>\n<meta name=\"description\" content=\"Vinculan a proceso a responsable de homicidio en Pueblo de Jurica\" \/>\n<meta name=\"robots\" content=\"index, follow, max-snippet:-1, max-image-preview:large, max-video-preview:-1\" \/>\n<link rel=\"canonical\" href=\"https:\/\/www.nexoinformativo.mx\/index.php\/2024\/09\/10\/vinculan-a-proceso-a-responsable-de-homicidio-en-pueblo-de-jurica\/\" \/>\n<meta property=\"og:locale\" content=\"es_MX\" \/>\n<meta property=\"og:type\" content=\"article\" \/>\n<meta property=\"og:title\" content=\"Vinculan a proceso a responsable de homicidio en Pueblo de Jurica | Nexo Informativo Santiago de Quer\u00e9taro\" \/>\n<meta property=\"og:description\" content=\"Vinculan a proceso a responsable de homicidio en Pueblo de Jurica\" \/>\n<meta property=\"og:url\" content=\"https:\/\/www.nexoinformativo.mx\/index.php\/2024\/09\/10\/vinculan-a-proceso-a-responsable-de-homicidio-en-pueblo-de-jurica\/\" \/>\n<meta property=\"og:site_name\" content=\"Nexo Informativo Santiago de Quer\u00e9taro\" \/>\n<meta property=\"article:publisher\" content=\"https:\/\/www.facebook.com\/people\/Nexo-Informativo\/61564066885511\/\" \/>\n<meta property=\"article:published_time\" content=\"2024-09-11T00:00:01+00:00\" \/>\n<meta property=\"article:modified_time\" content=\"2024-09-11T04:39:24+00:00\" \/>\n<meta property=\"og:image\" content=\"https:\/\/www.nexoinformativo.mx\/wp-content\/uploads\/2024\/09\/unnamed-1-3-e1726029487581.jpg\" \/>\n\t<meta property=\"og:image:width\" content=\"800\" \/>\n\t<meta property=\"og:image:height\" content=\"505\" \/>\n\t<meta property=\"og:image:type\" content=\"image\/jpeg\" \/>\n<meta name=\"author\" content=\"Nexo Informativo\" \/>\n<meta name=\"twitter:card\" content=\"summary_large_image\" \/>\n<meta name=\"twitter:label1\" content=\"Escrito por\" \/>\n\t<meta name=\"twitter:data1\" content=\"Nexo Informativo\" \/>\n\t<meta name=\"twitter:label2\" content=\"Tiempo de lectura\" \/>\n\t<meta name=\"twitter:data2\" content=\"1 minuto\" \/>\n<script type=\"application\/ld+json\" class=\"yoast-schema-graph\">{\"@context\":\"https:\/\/schema.org\",\"@graph\":[{\"@type\":\"Article\",\"@id\":\"https:\/\/www.nexoinformativo.mx\/index.php\/2024\/09\/10\/vinculan-a-proceso-a-responsable-de-homicidio-en-pueblo-de-jurica\/#article\",\"isPartOf\":{\"@id\":\"https:\/\/www.nexoinformativo.mx\/index.php\/2024\/09\/10\/vinculan-a-proceso-a-responsable-de-homicidio-en-pueblo-de-jurica\/\"},\"author\":{\"name\":\"Nexo Informativo\",\"@id\":\"https:\/\/www.nexoinformativo.mx\/#\/schema\/person\/7749d380ba08c8ca00d7bc76fd907b7d\"},\"headline\":\"Vinculan a proceso a responsable de homicidio en Pueblo de Jurica\",\"datePublished\":\"2024-09-11T00:00:01+00:00\",\"dateModified\":\"2024-09-11T04:39:24+00:00\",\"mainEntityOfPage\":{\"@id\":\"https:\/\/www.nexoinformativo.mx\/index.php\/2024\/09\/10\/vinculan-a-proceso-a-responsable-de-homicidio-en-pueblo-de-jurica\/\"},\"wordCount\":201,\"commentCount\":0,\"publisher\":{\"@id\":\"https:\/\/www.nexoinformativo.mx\/#organization\"},\"image\":{\"@id\":\"https:\/\/www.nexoinformativo.mx\/index.php\/2024\/09\/10\/vinculan-a-proceso-a-responsable-de-homicidio-en-pueblo-de-jurica\/#primaryimage\"},\"thumbnailUrl\":\"https:\/\/www.nexoinformativo.mx\/wp-content\/uploads\/2024\/09\/unnamed-1-3-e1726029487581.jpg\",\"keywords\":[\"CombateAlCrimen\",\"Fiscal\u00edaDelEstado\",\"JusticiaEnQuer\u00e9taro\",\"SeguridadJurica\"],\"articleSection\":[\"Municipios\",\"Sucesos\",\"\u00daltima Hora\"],\"inLanguage\":\"es\",\"potentialAction\":[{\"@type\":\"CommentAction\",\"name\":\"Comment\",\"target\":[\"https:\/\/www.nexoinformativo.mx\/index.php\/2024\/09\/10\/vinculan-a-proceso-a-responsable-de-homicidio-en-pueblo-de-jurica\/#respond\"]}]},{\"@type\":\"WebPage\",\"@id\":\"https:\/\/www.nexoinformativo.mx\/index.php\/2024\/09\/10\/vinculan-a-proceso-a-responsable-de-homicidio-en-pueblo-de-jurica\/\",\"url\":\"https:\/\/www.nexoinformativo.mx\/index.php\/2024\/09\/10\/vinculan-a-proceso-a-responsable-de-homicidio-en-pueblo-de-jurica\/\",\"name\":\"Vinculan a proceso a responsable de homicidio en Pueblo de Jurica | Nexo Informativo Santiago de Quer\u00e9taro\",\"isPartOf\":{\"@id\":\"https:\/\/www.nexoinformativo.mx\/#website\"},\"primaryImageOfPage\":{\"@id\":\"https:\/\/www.nexoinformativo.mx\/index.php\/2024\/09\/10\/vinculan-a-proceso-a-responsable-de-homicidio-en-pueblo-de-jurica\/#primaryimage\"},\"image\":{\"@id\":\"https:\/\/www.nexoinformativo.mx\/index.php\/2024\/09\/10\/vinculan-a-proceso-a-responsable-de-homicidio-en-pueblo-de-jurica\/#primaryimage\"},\"thumbnailUrl\":\"https:\/\/www.nexoinformativo.mx\/wp-content\/uploads\/2024\/09\/unnamed-1-3-e1726029487581.jpg\",\"datePublished\":\"2024-09-11T00:00:01+00:00\",\"dateModified\":\"2024-09-11T04:39:24+00:00\",\"description\":\"Vinculan a proceso a responsable de homicidio en Pueblo de Jurica\",\"breadcrumb\":{\"@id\":\"https:\/\/www.nexoinformativo.mx\/index.php\/2024\/09\/10\/vinculan-a-proceso-a-responsable-de-homicidio-en-pueblo-de-jurica\/#breadcrumb\"},\"inLanguage\":\"es\",\"potentialAction\":[{\"@type\":\"ReadAction\",\"target\":[\"https:\/\/www.nexoinformativo.mx\/index.php\/2024\/09\/10\/vinculan-a-proceso-a-responsable-de-homicidio-en-pueblo-de-jurica\/\"]}]},{\"@type\":\"ImageObject\",\"inLanguage\":\"es\",\"@id\":\"https:\/\/www.nexoinformativo.mx\/index.php\/2024\/09\/10\/vinculan-a-proceso-a-responsable-de-homicidio-en-pueblo-de-jurica\/#primaryimage\",\"url\":\"https:\/\/www.nexoinformativo.mx\/wp-content\/uploads\/2024\/09\/unnamed-1-3-e1726029487581.jpg\",\"contentUrl\":\"https:\/\/www.nexoinformativo.mx\/wp-content\/uploads\/2024\/09\/unnamed-1-3-e1726029487581.jpg\",\"width\":800,\"height\":505},{\"@type\":\"BreadcrumbList\",\"@id\":\"https:\/\/www.nexoinformativo.mx\/index.php\/2024\/09\/10\/vinculan-a-proceso-a-responsable-de-homicidio-en-pueblo-de-jurica\/#breadcrumb\",\"itemListElement\":[{\"@type\":\"ListItem\",\"position\":1,\"name\":\"Inicio\",\"item\":\"https:\/\/www.nexoinformativo.mx\/\"},{\"@type\":\"ListItem\",\"position\":2,\"name\":\"Vinculan a proceso a responsable de homicidio en Pueblo de Jurica\"}]},{\"@type\":\"WebSite\",\"@id\":\"https:\/\/www.nexoinformativo.mx\/#website\",\"url\":\"https:\/\/www.nexoinformativo.mx\/\",\"name\":\"Nexo Informativo Santiago de Quer\u00e9taro\",\"description\":\"Explora NexoInformativo y convi\u00e9rtete en parte de una comunidad que valora el conocimiento y la verdad. Tu nexoinformativo es tu puente hacia una comprensi\u00f3n m\u00e1s profunda del mundo que te rodea.\",\"publisher\":{\"@id\":\"https:\/\/www.nexoinformativo.mx\/#organization\"},\"potentialAction\":[{\"@type\":\"SearchAction\",\"target\":{\"@type\":\"EntryPoint\",\"urlTemplate\":\"https:\/\/www.nexoinformativo.mx\/?s={search_term_string}\"},\"query-input\":{\"@type\":\"PropertyValueSpecification\",\"valueRequired\":true,\"valueName\":\"search_term_string\"}}],\"inLanguage\":\"es\"},{\"@type\":\"Organization\",\"@id\":\"https:\/\/www.nexoinformativo.mx\/#organization\",\"name\":\"Nexo Informativo Santiago de Quer\u00e9taro\",\"url\":\"https:\/\/www.nexoinformativo.mx\/\",\"logo\":{\"@type\":\"ImageObject\",\"inLanguage\":\"es\",\"@id\":\"https:\/\/www.nexoinformativo.mx\/#\/schema\/logo\/image\/\",\"url\":\"https:\/\/www.nexoinformativo.mx\/wp-content\/uploads\/2024\/07\/nexoi-trasparente-2.png\",\"contentUrl\":\"https:\/\/www.nexoinformativo.mx\/wp-content\/uploads\/2024\/07\/nexoi-trasparente-2.png\",\"width\":816,\"height\":339,\"caption\":\"Nexo Informativo Santiago de Quer\u00e9taro\"},\"image\":{\"@id\":\"https:\/\/www.nexoinformativo.mx\/#\/schema\/logo\/image\/\"},\"sameAs\":[\"https:\/\/www.facebook.com\/people\/Nexo-Informativo\/61564066885511\/\"]},{\"@type\":\"Person\",\"@id\":\"https:\/\/www.nexoinformativo.mx\/#\/schema\/person\/7749d380ba08c8ca00d7bc76fd907b7d\",\"name\":\"Nexo Informativo\",\"image\":{\"@type\":\"ImageObject\",\"inLanguage\":\"es\",\"@id\":\"https:\/\/www.nexoinformativo.mx\/#\/schema\/person\/image\/\",\"url\":\"https:\/\/secure.gravatar.com\/avatar\/dde2928154642a13d95f87ddf1ea9718fe2b46760a005c53e41ff5ad610704e6?s=96&d=mm&r=g\",\"contentUrl\":\"https:\/\/secure.gravatar.com\/avatar\/dde2928154642a13d95f87ddf1ea9718fe2b46760a005c53e41ff5ad610704e6?s=96&d=mm&r=g\",\"caption\":\"Nexo Informativo\"},\"url\":\"https:\/\/www.nexoinformativo.mx\/index.php\/author\/edicion\/\"}]}<\/script>\n<!-- \/ Yoast SEO plugin. -->","yoast_head_json":{"title":"Vinculan a proceso a responsable de homicidio en Pueblo de Jurica | Nexo Informativo Santiago de Quer\u00e9taro","description":"Vinculan a proceso a responsable de homicidio en Pueblo de Jurica","robots":{"index":"index","follow":"follow","max-snippet":"max-snippet:-1","max-image-preview":"max-image-preview:large","max-video-preview":"max-video-preview:-1"},"canonical":"https:\/\/www.nexoinformativo.mx\/index.php\/2024\/09\/10\/vinculan-a-proceso-a-responsable-de-homicidio-en-pueblo-de-jurica\/","og_locale":"es_MX","og_type":"article","og_title":"Vinculan a proceso a responsable de homicidio en Pueblo de Jurica | Nexo Informativo Santiago de Quer\u00e9taro","og_description":"Vinculan a proceso a responsable de homicidio en Pueblo de Jurica","og_url":"https:\/\/www.nexoinformativo.mx\/index.php\/2024\/09\/10\/vinculan-a-proceso-a-responsable-de-homicidio-en-pueblo-de-jurica\/","og_site_name":"Nexo Informativo Santiago de Quer\u00e9taro","article_publisher":"https:\/\/www.facebook.com\/people\/Nexo-Informativo\/61564066885511\/","article_published_time":"2024-09-11T00:00:01+00:00","article_modified_time":"2024-09-11T04:39:24+00:00","og_image":[{"width":800,"height":505,"url":"https:\/\/www.nexoinformativo.mx\/wp-content\/uploads\/2024\/09\/unnamed-1-3-e1726029487581.jpg","type":"image\/jpeg"}],"author":"Nexo Informativo","twitter_card":"summary_large_image","twitter_misc":{"Escrito por":"Nexo Informativo","Tiempo de lectura":"1 minuto"},"schema":{"@context":"https:\/\/schema.org","@graph":[{"@type":"Article","@id":"https:\/\/www.nexoinformativo.mx\/index.php\/2024\/09\/10\/vinculan-a-proceso-a-responsable-de-homicidio-en-pueblo-de-jurica\/#article","isPartOf":{"@id":"https:\/\/www.nexoinformativo.mx\/index.php\/2024\/09\/10\/vinculan-a-proceso-a-responsable-de-homicidio-en-pueblo-de-jurica\/"},"author":{"name":"Nexo Informativo","@id":"https:\/\/www.nexoinformativo.mx\/#\/schema\/person\/7749d380ba08c8ca00d7bc76fd907b7d"},"headline":"Vinculan a proceso a responsable de homicidio en Pueblo de Jurica","datePublished":"2024-09-11T00:00:01+00:00","dateModified":"2024-09-11T04:39:24+00:00","mainEntityOfPage":{"@id":"https:\/\/www.nexoinformativo.mx\/index.php\/2024\/09\/10\/vinculan-a-proceso-a-responsable-de-homicidio-en-pueblo-de-jurica\/"},"wordCount":201,"commentCount":0,"publisher":{"@id":"https:\/\/www.nexoinformativo.mx\/#organization"},"image":{"@id":"https:\/\/www.nexoinformativo.mx\/index.php\/2024\/09\/10\/vinculan-a-proceso-a-responsable-de-homicidio-en-pueblo-de-jurica\/#primaryimage"},"thumbnailUrl":"https:\/\/www.nexoinformativo.mx\/wp-content\/uploads\/2024\/09\/unnamed-1-3-e1726029487581.jpg","keywords":["CombateAlCrimen","Fiscal\u00edaDelEstado","JusticiaEnQuer\u00e9taro","SeguridadJurica"],"articleSection":["Municipios","Sucesos","\u00daltima Hora"],"inLanguage":"es","potentialAction":[{"@type":"CommentAction","name":"Comment","target":["https:\/\/www.nexoinformativo.mx\/index.php\/2024\/09\/10\/vinculan-a-proceso-a-responsable-de-homicidio-en-pueblo-de-jurica\/#respond"]}]},{"@type":"WebPage","@id":"https:\/\/www.nexoinformativo.mx\/index.php\/2024\/09\/10\/vinculan-a-proceso-a-responsable-de-homicidio-en-pueblo-de-jurica\/","url":"https:\/\/www.nexoinformativo.mx\/index.php\/2024\/09\/10\/vinculan-a-proceso-a-responsable-de-homicidio-en-pueblo-de-jurica\/","name":"Vinculan a proceso a responsable de homicidio en Pueblo de Jurica | Nexo Informativo Santiago de Quer\u00e9taro","isPartOf":{"@id":"https:\/\/www.nexoinformativo.mx\/#website"},"primaryImageOfPage":{"@id":"https:\/\/www.nexoinformativo.mx\/index.php\/2024\/09\/10\/vinculan-a-proceso-a-responsable-de-homicidio-en-pueblo-de-jurica\/#primaryimage"},"image":{"@id":"https:\/\/www.nexoinformativo.mx\/index.php\/2024\/09\/10\/vinculan-a-proceso-a-responsable-de-homicidio-en-pueblo-de-jurica\/#primaryimage"},"thumbnailUrl":"https:\/\/www.nexoinformativo.mx\/wp-content\/uploads\/2024\/09\/unnamed-1-3-e1726029487581.jpg","datePublished":"2024-09-11T00:00:01+00:00","dateModified":"2024-09-11T04:39:24+00:00","description":"Vinculan a proceso a responsable de homicidio en Pueblo de Jurica","breadcrumb":{"@id":"https:\/\/www.nexoinformativo.mx\/index.php\/2024\/09\/10\/vinculan-a-proceso-a-responsable-de-homicidio-en-pueblo-de-jurica\/#breadcrumb"},"inLanguage":"es","potentialAction":[{"@type":"ReadAction","target":["https:\/\/www.nexoinformativo.mx\/index.php\/2024\/09\/10\/vinculan-a-proceso-a-responsable-de-homicidio-en-pueblo-de-jurica\/"]}]},{"@type":"ImageObject","inLanguage":"es","@id":"https:\/\/www.nexoinformativo.mx\/index.php\/2024\/09\/10\/vinculan-a-proceso-a-responsable-de-homicidio-en-pueblo-de-jurica\/#primaryimage","url":"https:\/\/www.nexoinformativo.mx\/wp-content\/uploads\/2024\/09\/unnamed-1-3-e1726029487581.jpg","contentUrl":"https:\/\/www.nexoinformativo.mx\/wp-content\/uploads\/2024\/09\/unnamed-1-3-e1726029487581.jpg","width":800,"height":505},{"@type":"BreadcrumbList","@id":"https:\/\/www.nexoinformativo.mx\/index.php\/2024\/09\/10\/vinculan-a-proceso-a-responsable-de-homicidio-en-pueblo-de-jurica\/#breadcrumb","itemListElement":[{"@type":"ListItem","position":1,"name":"Inicio","item":"https:\/\/www.nexoinformativo.mx\/"},{"@type":"ListItem","position":2,"name":"Vinculan a proceso a responsable de homicidio en Pueblo de Jurica"}]},{"@type":"WebSite","@id":"https:\/\/www.nexoinformativo.mx\/#website","url":"https:\/\/www.nexoinformativo.mx\/","name":"Nexo Informativo Santiago de Quer\u00e9taro","description":"Explora NexoInformativo y convi\u00e9rtete en parte de una comunidad que valora el conocimiento y la verdad. Tu nexoinformativo es tu puente hacia una comprensi\u00f3n m\u00e1s profunda del mundo que te rodea.","publisher":{"@id":"https:\/\/www.nexoinformativo.mx\/#organization"},"potentialAction":[{"@type":"SearchAction","target":{"@type":"EntryPoint","urlTemplate":"https:\/\/www.nexoinformativo.mx\/?s={search_term_string}"},"query-input":{"@type":"PropertyValueSpecification","valueRequired":true,"valueName":"search_term_string"}}],"inLanguage":"es"},{"@type":"Organization","@id":"https:\/\/www.nexoinformativo.mx\/#organization","name":"Nexo Informativo Santiago de Quer\u00e9taro","url":"https:\/\/www.nexoinformativo.mx\/","logo":{"@type":"ImageObject","inLanguage":"es","@id":"https:\/\/www.nexoinformativo.mx\/#\/schema\/logo\/image\/","url":"https:\/\/www.nexoinformativo.mx\/wp-content\/uploads\/2024\/07\/nexoi-trasparente-2.png","contentUrl":"https:\/\/www.nexoinformativo.mx\/wp-content\/uploads\/2024\/07\/nexoi-trasparente-2.png","width":816,"height":339,"caption":"Nexo Informativo Santiago de Quer\u00e9taro"},"image":{"@id":"https:\/\/www.nexoinformativo.mx\/#\/schema\/logo\/image\/"},"sameAs":["https:\/\/www.facebook.com\/people\/Nexo-Informativo\/61564066885511\/"]},{"@type":"Person","@id":"https:\/\/www.nexoinformativo.mx\/#\/schema\/person\/7749d380ba08c8ca00d7bc76fd907b7d","name":"Nexo Informativo","image":{"@type":"ImageObject","inLanguage":"es","@id":"https:\/\/www.nexoinformativo.mx\/#\/schema\/person\/image\/","url":"https:\/\/secure.gravatar.com\/avatar\/dde2928154642a13d95f87ddf1ea9718fe2b46760a005c53e41ff5ad610704e6?s=96&d=mm&r=g","contentUrl":"https:\/\/secure.gravatar.com\/avatar\/dde2928154642a13d95f87ddf1ea9718fe2b46760a005c53e41ff5ad610704e6?s=96&d=mm&r=g","caption":"Nexo Informativo"},"url":"https:\/\/www.nexoinformativo.mx\/index.php\/author\/edicion\/"}]}},"_links":{"self":[{"href":"https:\/\/www.nexoinformativo.mx\/index.php\/wp-json\/wp\/v2\/posts\/1776","targetHints":{"allow":["GET"]}}],"collection":[{"href":"https:\/\/www.nexoinformativo.mx\/index.php\/wp-json\/wp\/v2\/posts"}],"about":[{"href":"https:\/\/www.nexoinformativo.mx\/index.php\/wp-json\/wp\/v2\/types\/post"}],"author":[{"embeddable":true,"href":"https:\/\/www.nexoinformativo.mx\/index.php\/wp-json\/wp\/v2\/users\/3"}],"replies":[{"embeddable":true,"href":"https:\/\/www.nexoinformativo.mx\/index.php\/wp-json\/wp\/v2\/comments?post=1776"}],"version-history":[{"count":1,"href":"https:\/\/www.nexoinformativo.mx\/index.php\/wp-json\/wp\/v2\/posts\/1776\/revisions"}],"predecessor-version":[{"id":1778,"href":"https:\/\/www.nexoinformativo.mx\/index.php\/wp-json\/wp\/v2\/posts\/1776\/revisions\/1778"}],"wp:featuredmedia":[{"embeddable":true,"href":"https:\/\/www.nexoinformativo.mx\/index.php\/wp-json\/wp\/v2\/media\/1777"}],"wp:attachment":[{"href":"https:\/\/www.nexoinformativo.mx\/index.php\/wp-json\/wp\/v2\/media?parent=1776"}],"wp:term":[{"taxonomy":"category","embeddable":true,"href":"https:\/\/www.nexoinformativo.mx\/index.php\/wp-json\/wp\/v2\/categories?post=1776"},{"taxonomy":"post_tag","embeddable":true,"href":"https:\/\/www.nexoinformativo.mx\/index.php\/wp-json\/wp\/v2\/tags?post=1776"}],"curies":[{"name":"wp","href":"https:\/\/api.w.org\/{rel}","templated":true}]}}