{"id":1790,"date":"2024-09-10T14:00:46","date_gmt":"2024-09-10T20:00:46","guid":{"rendered":"https:\/\/www.nexoinformativo.mx\/?p=1790"},"modified":"2024-09-10T23:55:44","modified_gmt":"2024-09-11T05:55:44","slug":"mejora-en-movilidad-con-nuevo-proyecto-vial-en-la-canada","status":"publish","type":"post","link":"https:\/\/www.nexoinformativo.mx\/index.php\/2024\/09\/10\/mejora-en-movilidad-con-nuevo-proyecto-vial-en-la-canada\/","title":{"rendered":"Mejora en movilidad con nuevo proyecto vial en La Ca\u00f1ada"},"content":{"rendered":"<p style=\"text-align: justify;\">El municipio de El Marqu\u00e9s ha implementado un nuevo proyecto vial en La Ca\u00f1ada desde el 26 de agosto, que ha reducido los tiempos de traslado en el circuito de 49 a solo 20 minutos. La remodelaci\u00f3n de las avenidas Emiliano Zapata y Ferrocarril, ahora de un solo sentido, ha permitido una mayor fluidez del tr\u00e1fico, disminuyendo congestionamientos y aumentando la seguridad para peatones y ciclistas.<\/p>\n<p>&nbsp;<\/p>\n<p style=\"text-align: justify;\">El director de Transporte Gratuito, Mart\u00edn Hern\u00e1ndez Varela, destac\u00f3 que la nueva configuraci\u00f3n del circuito ha optimizado el transporte, con tiempos de recorrido significativamente reducidos. Adem\u00e1s, la segunda etapa del proyecto incluye tres camionetas tipo Van para mejorar el transporte p\u00fablico, especialmente para mujeres, ni\u00f1os, j\u00f3venes y personas de la tercera edad.<\/p>\n<p>&nbsp;<\/p>\n<p style=\"text-align: justify;\">La Secretar\u00eda de Seguridad P\u00fablica y Tr\u00e1nsito Municipal est\u00e1 brindando apoyo en 12 puntos del circuito para asegurar un flujo vehicular continuo, mientras que se coordina con la Agencia de Movilidad del Estado para optimizar el servicio de transporte p\u00fablico.<\/p>\n<p>&nbsp;<\/p>\n<p><img loading=\"lazy\" decoding=\"async\" class=\"alignnone size-full wp-image-1791\" src=\"https:\/\/www.nexoinformativo.mx\/wp-content\/uploads\/2024\/09\/unnamed-9-2-e1726033994864.jpg\" alt=\"\" width=\"800\" height=\"527\" \/><\/p>\n","protected":false},"excerpt":{"rendered":"<p>El municipio de El Marqu\u00e9s ha implementado un nuevo proyecto vial en La Ca\u00f1ada desde el 26 de agosto, que ha reducido los tiempos de traslado en el circuito de 49 a solo 20 minutos.<\/p>\n","protected":false},"author":3,"featured_media":1792,"comment_status":"open","ping_status":"open","sticky":false,"template":"","format":"standard","meta":{"footnotes":""},"categories":[65,58],"tags":[189,185,645,596],"class_list":["post-1790","post","type-post","status-publish","format-standard","has-post-thumbnail","hentry","category-municipios","category-ultima-hora","tag-lacanada","tag-movilidadelmarques","tag-proyectovial","tag-transportepublico"],"yoast_head":"<!-- This site is optimized with the Yoast SEO plugin v25.0 - https:\/\/yoast.com\/wordpress\/plugins\/seo\/ -->\n<title>Mejora en movilidad con nuevo proyecto vial en La Ca\u00f1ada | Nexo Informativo Santiago de Quer\u00e9taro<\/title>\n<meta name=\"description\" content=\"Mejora en movilidad con nuevo proyecto vial en La Ca\u00f1ada\" \/>\n<meta name=\"robots\" content=\"index, follow, max-snippet:-1, max-image-preview:large, max-video-preview:-1\" \/>\n<link rel=\"canonical\" href=\"https:\/\/www.nexoinformativo.mx\/index.php\/2024\/09\/10\/mejora-en-movilidad-con-nuevo-proyecto-vial-en-la-canada\/\" \/>\n<meta property=\"og:locale\" content=\"es_MX\" \/>\n<meta property=\"og:type\" content=\"article\" \/>\n<meta property=\"og:title\" content=\"Mejora en movilidad con nuevo proyecto vial en La Ca\u00f1ada | Nexo Informativo Santiago de Quer\u00e9taro\" \/>\n<meta property=\"og:description\" content=\"Mejora en movilidad con nuevo proyecto vial en La Ca\u00f1ada\" \/>\n<meta property=\"og:url\" content=\"https:\/\/www.nexoinformativo.mx\/index.php\/2024\/09\/10\/mejora-en-movilidad-con-nuevo-proyecto-vial-en-la-canada\/\" \/>\n<meta property=\"og:site_name\" content=\"Nexo Informativo Santiago de Quer\u00e9taro\" \/>\n<meta property=\"article:publisher\" content=\"https:\/\/www.facebook.com\/people\/Nexo-Informativo\/61564066885511\/\" \/>\n<meta property=\"article:published_time\" content=\"2024-09-10T20:00:46+00:00\" \/>\n<meta property=\"article:modified_time\" content=\"2024-09-11T05:55:44+00:00\" \/>\n<meta property=\"og:image\" content=\"https:\/\/www.nexoinformativo.mx\/wp-content\/uploads\/2024\/09\/unnamed-8-1-e1726034032547.jpg\" \/>\n\t<meta property=\"og:image:width\" content=\"800\" \/>\n\t<meta property=\"og:image:height\" content=\"568\" \/>\n\t<meta property=\"og:image:type\" content=\"image\/jpeg\" \/>\n<meta name=\"author\" content=\"Nexo Informativo\" \/>\n<meta name=\"twitter:card\" content=\"summary_large_image\" \/>\n<meta name=\"twitter:label1\" content=\"Escrito por\" \/>\n\t<meta name=\"twitter:data1\" content=\"Nexo Informativo\" \/>\n\t<meta name=\"twitter:label2\" content=\"Tiempo de lectura\" \/>\n\t<meta name=\"twitter:data2\" content=\"2 minutos\" \/>\n<script type=\"application\/ld+json\" class=\"yoast-schema-graph\">{\"@context\":\"https:\/\/schema.org\",\"@graph\":[{\"@type\":\"Article\",\"@id\":\"https:\/\/www.nexoinformativo.mx\/index.php\/2024\/09\/10\/mejora-en-movilidad-con-nuevo-proyecto-vial-en-la-canada\/#article\",\"isPartOf\":{\"@id\":\"https:\/\/www.nexoinformativo.mx\/index.php\/2024\/09\/10\/mejora-en-movilidad-con-nuevo-proyecto-vial-en-la-canada\/\"},\"author\":{\"name\":\"Nexo Informativo\",\"@id\":\"https:\/\/www.nexoinformativo.mx\/#\/schema\/person\/7749d380ba08c8ca00d7bc76fd907b7d\"},\"headline\":\"Mejora en movilidad con nuevo proyecto vial en La Ca\u00f1ada\",\"datePublished\":\"2024-09-10T20:00:46+00:00\",\"dateModified\":\"2024-09-11T05:55:44+00:00\",\"mainEntityOfPage\":{\"@id\":\"https:\/\/www.nexoinformativo.mx\/index.php\/2024\/09\/10\/mejora-en-movilidad-con-nuevo-proyecto-vial-en-la-canada\/\"},\"wordCount\":183,\"commentCount\":0,\"publisher\":{\"@id\":\"https:\/\/www.nexoinformativo.mx\/#organization\"},\"image\":{\"@id\":\"https:\/\/www.nexoinformativo.mx\/index.php\/2024\/09\/10\/mejora-en-movilidad-con-nuevo-proyecto-vial-en-la-canada\/#primaryimage\"},\"thumbnailUrl\":\"https:\/\/www.nexoinformativo.mx\/wp-content\/uploads\/2024\/09\/unnamed-8-1-e1726034032547.jpg\",\"keywords\":[\"LaCa\u00f1ada\",\"MovilidadElMarqu\u00e9s\",\"ProyectoVial\",\"TransporteP\u00fablico\"],\"articleSection\":[\"Municipios\",\"\u00daltima Hora\"],\"inLanguage\":\"es\",\"potentialAction\":[{\"@type\":\"CommentAction\",\"name\":\"Comment\",\"target\":[\"https:\/\/www.nexoinformativo.mx\/index.php\/2024\/09\/10\/mejora-en-movilidad-con-nuevo-proyecto-vial-en-la-canada\/#respond\"]}]},{\"@type\":\"WebPage\",\"@id\":\"https:\/\/www.nexoinformativo.mx\/index.php\/2024\/09\/10\/mejora-en-movilidad-con-nuevo-proyecto-vial-en-la-canada\/\",\"url\":\"https:\/\/www.nexoinformativo.mx\/index.php\/2024\/09\/10\/mejora-en-movilidad-con-nuevo-proyecto-vial-en-la-canada\/\",\"name\":\"Mejora en movilidad con nuevo proyecto vial en La Ca\u00f1ada | Nexo Informativo Santiago de Quer\u00e9taro\",\"isPartOf\":{\"@id\":\"https:\/\/www.nexoinformativo.mx\/#website\"},\"primaryImageOfPage\":{\"@id\":\"https:\/\/www.nexoinformativo.mx\/index.php\/2024\/09\/10\/mejora-en-movilidad-con-nuevo-proyecto-vial-en-la-canada\/#primaryimage\"},\"image\":{\"@id\":\"https:\/\/www.nexoinformativo.mx\/index.php\/2024\/09\/10\/mejora-en-movilidad-con-nuevo-proyecto-vial-en-la-canada\/#primaryimage\"},\"thumbnailUrl\":\"https:\/\/www.nexoinformativo.mx\/wp-content\/uploads\/2024\/09\/unnamed-8-1-e1726034032547.jpg\",\"datePublished\":\"2024-09-10T20:00:46+00:00\",\"dateModified\":\"2024-09-11T05:55:44+00:00\",\"description\":\"Mejora en movilidad con nuevo proyecto vial en La Ca\u00f1ada\",\"breadcrumb\":{\"@id\":\"https:\/\/www.nexoinformativo.mx\/index.php\/2024\/09\/10\/mejora-en-movilidad-con-nuevo-proyecto-vial-en-la-canada\/#breadcrumb\"},\"inLanguage\":\"es\",\"potentialAction\":[{\"@type\":\"ReadAction\",\"target\":[\"https:\/\/www.nexoinformativo.mx\/index.php\/2024\/09\/10\/mejora-en-movilidad-con-nuevo-proyecto-vial-en-la-canada\/\"]}]},{\"@type\":\"ImageObject\",\"inLanguage\":\"es\",\"@id\":\"https:\/\/www.nexoinformativo.mx\/index.php\/2024\/09\/10\/mejora-en-movilidad-con-nuevo-proyecto-vial-en-la-canada\/#primaryimage\",\"url\":\"https:\/\/www.nexoinformativo.mx\/wp-content\/uploads\/2024\/09\/unnamed-8-1-e1726034032547.jpg\",\"contentUrl\":\"https:\/\/www.nexoinformativo.mx\/wp-content\/uploads\/2024\/09\/unnamed-8-1-e1726034032547.jpg\",\"width\":800,\"height\":568},{\"@type\":\"BreadcrumbList\",\"@id\":\"https:\/\/www.nexoinformativo.mx\/index.php\/2024\/09\/10\/mejora-en-movilidad-con-nuevo-proyecto-vial-en-la-canada\/#breadcrumb\",\"itemListElement\":[{\"@type\":\"ListItem\",\"position\":1,\"name\":\"Inicio\",\"item\":\"https:\/\/www.nexoinformativo.mx\/\"},{\"@type\":\"ListItem\",\"position\":2,\"name\":\"Mejora en movilidad con nuevo proyecto vial en La Ca\u00f1ada\"}]},{\"@type\":\"WebSite\",\"@id\":\"https:\/\/www.nexoinformativo.mx\/#website\",\"url\":\"https:\/\/www.nexoinformativo.mx\/\",\"name\":\"Nexo Informativo Santiago de Quer\u00e9taro\",\"description\":\"Explora NexoInformativo y convi\u00e9rtete en parte de una comunidad que valora el conocimiento y la verdad. Tu nexoinformativo es tu puente hacia una comprensi\u00f3n m\u00e1s profunda del mundo que te rodea.\",\"publisher\":{\"@id\":\"https:\/\/www.nexoinformativo.mx\/#organization\"},\"potentialAction\":[{\"@type\":\"SearchAction\",\"target\":{\"@type\":\"EntryPoint\",\"urlTemplate\":\"https:\/\/www.nexoinformativo.mx\/?s={search_term_string}\"},\"query-input\":{\"@type\":\"PropertyValueSpecification\",\"valueRequired\":true,\"valueName\":\"search_term_string\"}}],\"inLanguage\":\"es\"},{\"@type\":\"Organization\",\"@id\":\"https:\/\/www.nexoinformativo.mx\/#organization\",\"name\":\"Nexo Informativo Santiago de Quer\u00e9taro\",\"url\":\"https:\/\/www.nexoinformativo.mx\/\",\"logo\":{\"@type\":\"ImageObject\",\"inLanguage\":\"es\",\"@id\":\"https:\/\/www.nexoinformativo.mx\/#\/schema\/logo\/image\/\",\"url\":\"https:\/\/www.nexoinformativo.mx\/wp-content\/uploads\/2024\/07\/nexoi-trasparente-2.png\",\"contentUrl\":\"https:\/\/www.nexoinformativo.mx\/wp-content\/uploads\/2024\/07\/nexoi-trasparente-2.png\",\"width\":816,\"height\":339,\"caption\":\"Nexo Informativo Santiago de Quer\u00e9taro\"},\"image\":{\"@id\":\"https:\/\/www.nexoinformativo.mx\/#\/schema\/logo\/image\/\"},\"sameAs\":[\"https:\/\/www.facebook.com\/people\/Nexo-Informativo\/61564066885511\/\"]},{\"@type\":\"Person\",\"@id\":\"https:\/\/www.nexoinformativo.mx\/#\/schema\/person\/7749d380ba08c8ca00d7bc76fd907b7d\",\"name\":\"Nexo Informativo\",\"image\":{\"@type\":\"ImageObject\",\"inLanguage\":\"es\",\"@id\":\"https:\/\/www.nexoinformativo.mx\/#\/schema\/person\/image\/\",\"url\":\"https:\/\/secure.gravatar.com\/avatar\/dde2928154642a13d95f87ddf1ea9718fe2b46760a005c53e41ff5ad610704e6?s=96&d=mm&r=g\",\"contentUrl\":\"https:\/\/secure.gravatar.com\/avatar\/dde2928154642a13d95f87ddf1ea9718fe2b46760a005c53e41ff5ad610704e6?s=96&d=mm&r=g\",\"caption\":\"Nexo Informativo\"},\"url\":\"https:\/\/www.nexoinformativo.mx\/index.php\/author\/edicion\/\"}]}<\/script>\n<!-- \/ Yoast SEO plugin. -->","yoast_head_json":{"title":"Mejora en movilidad con nuevo proyecto vial en La Ca\u00f1ada | Nexo Informativo Santiago de Quer\u00e9taro","description":"Mejora en movilidad con nuevo proyecto vial en La Ca\u00f1ada","robots":{"index":"index","follow":"follow","max-snippet":"max-snippet:-1","max-image-preview":"max-image-preview:large","max-video-preview":"max-video-preview:-1"},"canonical":"https:\/\/www.nexoinformativo.mx\/index.php\/2024\/09\/10\/mejora-en-movilidad-con-nuevo-proyecto-vial-en-la-canada\/","og_locale":"es_MX","og_type":"article","og_title":"Mejora en movilidad con nuevo proyecto vial en La Ca\u00f1ada | Nexo Informativo Santiago de Quer\u00e9taro","og_description":"Mejora en movilidad con nuevo proyecto vial en La Ca\u00f1ada","og_url":"https:\/\/www.nexoinformativo.mx\/index.php\/2024\/09\/10\/mejora-en-movilidad-con-nuevo-proyecto-vial-en-la-canada\/","og_site_name":"Nexo Informativo Santiago de Quer\u00e9taro","article_publisher":"https:\/\/www.facebook.com\/people\/Nexo-Informativo\/61564066885511\/","article_published_time":"2024-09-10T20:00:46+00:00","article_modified_time":"2024-09-11T05:55:44+00:00","og_image":[{"width":800,"height":568,"url":"https:\/\/www.nexoinformativo.mx\/wp-content\/uploads\/2024\/09\/unnamed-8-1-e1726034032547.jpg","type":"image\/jpeg"}],"author":"Nexo Informativo","twitter_card":"summary_large_image","twitter_misc":{"Escrito por":"Nexo Informativo","Tiempo de lectura":"2 minutos"},"schema":{"@context":"https:\/\/schema.org","@graph":[{"@type":"Article","@id":"https:\/\/www.nexoinformativo.mx\/index.php\/2024\/09\/10\/mejora-en-movilidad-con-nuevo-proyecto-vial-en-la-canada\/#article","isPartOf":{"@id":"https:\/\/www.nexoinformativo.mx\/index.php\/2024\/09\/10\/mejora-en-movilidad-con-nuevo-proyecto-vial-en-la-canada\/"},"author":{"name":"Nexo Informativo","@id":"https:\/\/www.nexoinformativo.mx\/#\/schema\/person\/7749d380ba08c8ca00d7bc76fd907b7d"},"headline":"Mejora en movilidad con nuevo proyecto vial en La Ca\u00f1ada","datePublished":"2024-09-10T20:00:46+00:00","dateModified":"2024-09-11T05:55:44+00:00","mainEntityOfPage":{"@id":"https:\/\/www.nexoinformativo.mx\/index.php\/2024\/09\/10\/mejora-en-movilidad-con-nuevo-proyecto-vial-en-la-canada\/"},"wordCount":183,"commentCount":0,"publisher":{"@id":"https:\/\/www.nexoinformativo.mx\/#organization"},"image":{"@id":"https:\/\/www.nexoinformativo.mx\/index.php\/2024\/09\/10\/mejora-en-movilidad-con-nuevo-proyecto-vial-en-la-canada\/#primaryimage"},"thumbnailUrl":"https:\/\/www.nexoinformativo.mx\/wp-content\/uploads\/2024\/09\/unnamed-8-1-e1726034032547.jpg","keywords":["LaCa\u00f1ada","MovilidadElMarqu\u00e9s","ProyectoVial","TransporteP\u00fablico"],"articleSection":["Municipios","\u00daltima Hora"],"inLanguage":"es","potentialAction":[{"@type":"CommentAction","name":"Comment","target":["https:\/\/www.nexoinformativo.mx\/index.php\/2024\/09\/10\/mejora-en-movilidad-con-nuevo-proyecto-vial-en-la-canada\/#respond"]}]},{"@type":"WebPage","@id":"https:\/\/www.nexoinformativo.mx\/index.php\/2024\/09\/10\/mejora-en-movilidad-con-nuevo-proyecto-vial-en-la-canada\/","url":"https:\/\/www.nexoinformativo.mx\/index.php\/2024\/09\/10\/mejora-en-movilidad-con-nuevo-proyecto-vial-en-la-canada\/","name":"Mejora en movilidad con nuevo proyecto vial en La Ca\u00f1ada | Nexo Informativo Santiago de Quer\u00e9taro","isPartOf":{"@id":"https:\/\/www.nexoinformativo.mx\/#website"},"primaryImageOfPage":{"@id":"https:\/\/www.nexoinformativo.mx\/index.php\/2024\/09\/10\/mejora-en-movilidad-con-nuevo-proyecto-vial-en-la-canada\/#primaryimage"},"image":{"@id":"https:\/\/www.nexoinformativo.mx\/index.php\/2024\/09\/10\/mejora-en-movilidad-con-nuevo-proyecto-vial-en-la-canada\/#primaryimage"},"thumbnailUrl":"https:\/\/www.nexoinformativo.mx\/wp-content\/uploads\/2024\/09\/unnamed-8-1-e1726034032547.jpg","datePublished":"2024-09-10T20:00:46+00:00","dateModified":"2024-09-11T05:55:44+00:00","description":"Mejora en movilidad con nuevo proyecto vial en La Ca\u00f1ada","breadcrumb":{"@id":"https:\/\/www.nexoinformativo.mx\/index.php\/2024\/09\/10\/mejora-en-movilidad-con-nuevo-proyecto-vial-en-la-canada\/#breadcrumb"},"inLanguage":"es","potentialAction":[{"@type":"ReadAction","target":["https:\/\/www.nexoinformativo.mx\/index.php\/2024\/09\/10\/mejora-en-movilidad-con-nuevo-proyecto-vial-en-la-canada\/"]}]},{"@type":"ImageObject","inLanguage":"es","@id":"https:\/\/www.nexoinformativo.mx\/index.php\/2024\/09\/10\/mejora-en-movilidad-con-nuevo-proyecto-vial-en-la-canada\/#primaryimage","url":"https:\/\/www.nexoinformativo.mx\/wp-content\/uploads\/2024\/09\/unnamed-8-1-e1726034032547.jpg","contentUrl":"https:\/\/www.nexoinformativo.mx\/wp-content\/uploads\/2024\/09\/unnamed-8-1-e1726034032547.jpg","width":800,"height":568},{"@type":"BreadcrumbList","@id":"https:\/\/www.nexoinformativo.mx\/index.php\/2024\/09\/10\/mejora-en-movilidad-con-nuevo-proyecto-vial-en-la-canada\/#breadcrumb","itemListElement":[{"@type":"ListItem","position":1,"name":"Inicio","item":"https:\/\/www.nexoinformativo.mx\/"},{"@type":"ListItem","position":2,"name":"Mejora en movilidad con nuevo proyecto vial en La Ca\u00f1ada"}]},{"@type":"WebSite","@id":"https:\/\/www.nexoinformativo.mx\/#website","url":"https:\/\/www.nexoinformativo.mx\/","name":"Nexo Informativo Santiago de Quer\u00e9taro","description":"Explora NexoInformativo y convi\u00e9rtete en parte de una comunidad que valora el conocimiento y la verdad. Tu nexoinformativo es tu puente hacia una comprensi\u00f3n m\u00e1s profunda del mundo que te rodea.","publisher":{"@id":"https:\/\/www.nexoinformativo.mx\/#organization"},"potentialAction":[{"@type":"SearchAction","target":{"@type":"EntryPoint","urlTemplate":"https:\/\/www.nexoinformativo.mx\/?s={search_term_string}"},"query-input":{"@type":"PropertyValueSpecification","valueRequired":true,"valueName":"search_term_string"}}],"inLanguage":"es"},{"@type":"Organization","@id":"https:\/\/www.nexoinformativo.mx\/#organization","name":"Nexo Informativo Santiago de Quer\u00e9taro","url":"https:\/\/www.nexoinformativo.mx\/","logo":{"@type":"ImageObject","inLanguage":"es","@id":"https:\/\/www.nexoinformativo.mx\/#\/schema\/logo\/image\/","url":"https:\/\/www.nexoinformativo.mx\/wp-content\/uploads\/2024\/07\/nexoi-trasparente-2.png","contentUrl":"https:\/\/www.nexoinformativo.mx\/wp-content\/uploads\/2024\/07\/nexoi-trasparente-2.png","width":816,"height":339,"caption":"Nexo Informativo Santiago de Quer\u00e9taro"},"image":{"@id":"https:\/\/www.nexoinformativo.mx\/#\/schema\/logo\/image\/"},"sameAs":["https:\/\/www.facebook.com\/people\/Nexo-Informativo\/61564066885511\/"]},{"@type":"Person","@id":"https:\/\/www.nexoinformativo.mx\/#\/schema\/person\/7749d380ba08c8ca00d7bc76fd907b7d","name":"Nexo Informativo","image":{"@type":"ImageObject","inLanguage":"es","@id":"https:\/\/www.nexoinformativo.mx\/#\/schema\/person\/image\/","url":"https:\/\/secure.gravatar.com\/avatar\/dde2928154642a13d95f87ddf1ea9718fe2b46760a005c53e41ff5ad610704e6?s=96&d=mm&r=g","contentUrl":"https:\/\/secure.gravatar.com\/avatar\/dde2928154642a13d95f87ddf1ea9718fe2b46760a005c53e41ff5ad610704e6?s=96&d=mm&r=g","caption":"Nexo Informativo"},"url":"https:\/\/www.nexoinformativo.mx\/index.php\/author\/edicion\/"}]}},"_links":{"self":[{"href":"https:\/\/www.nexoinformativo.mx\/index.php\/wp-json\/wp\/v2\/posts\/1790","targetHints":{"allow":["GET"]}}],"collection":[{"href":"https:\/\/www.nexoinformativo.mx\/index.php\/wp-json\/wp\/v2\/posts"}],"about":[{"href":"https:\/\/www.nexoinformativo.mx\/index.php\/wp-json\/wp\/v2\/types\/post"}],"author":[{"embeddable":true,"href":"https:\/\/www.nexoinformativo.mx\/index.php\/wp-json\/wp\/v2\/users\/3"}],"replies":[{"embeddable":true,"href":"https:\/\/www.nexoinformativo.mx\/index.php\/wp-json\/wp\/v2\/comments?post=1790"}],"version-history":[{"count":1,"href":"https:\/\/www.nexoinformativo.mx\/index.php\/wp-json\/wp\/v2\/posts\/1790\/revisions"}],"predecessor-version":[{"id":1793,"href":"https:\/\/www.nexoinformativo.mx\/index.php\/wp-json\/wp\/v2\/posts\/1790\/revisions\/1793"}],"wp:featuredmedia":[{"embeddable":true,"href":"https:\/\/www.nexoinformativo.mx\/index.php\/wp-json\/wp\/v2\/media\/1792"}],"wp:attachment":[{"href":"https:\/\/www.nexoinformativo.mx\/index.php\/wp-json\/wp\/v2\/media?parent=1790"}],"wp:term":[{"taxonomy":"category","embeddable":true,"href":"https:\/\/www.nexoinformativo.mx\/index.php\/wp-json\/wp\/v2\/categories?post=1790"},{"taxonomy":"post_tag","embeddable":true,"href":"https:\/\/www.nexoinformativo.mx\/index.php\/wp-json\/wp\/v2\/tags?post=1790"}],"curies":[{"name":"wp","href":"https:\/\/api.w.org\/{rel}","templated":true}]}}