{"id":1800,"date":"2024-09-11T08:00:00","date_gmt":"2024-09-11T14:00:00","guid":{"rendered":"https:\/\/www.nexoinformativo.mx\/?p=1800"},"modified":"2024-09-11T09:06:40","modified_gmt":"2024-09-11T15:06:40","slug":"aparatoso-accidente-de-camion-de-transporte-en-el-libramiento-norponiente-deja-tres-lesionados","status":"publish","type":"post","link":"https:\/\/www.nexoinformativo.mx\/index.php\/2024\/09\/11\/aparatoso-accidente-de-camion-de-transporte-en-el-libramiento-norponiente-deja-tres-lesionados\/","title":{"rendered":"Aparatoso accidente de cami\u00f3n de transporte en el Libramiento Norponiente deja tres lesionados"},"content":{"rendered":"\r\n<p style=\"text-align: justify;\">Un cami\u00f3n de transporte de personal de la l\u00ednea UTEP sufri\u00f3 un aparatoso accidente la ma\u00f1ana del mi\u00e9rcoles en el Libramiento Norponiente, a la altura de Real de Juriquilla.<\/p>\r\n<p>&nbsp;<\/p>\r\n\r\n\r\n\r\n<p style=\"text-align: justify;\">El incidente ocurri\u00f3 poco despu\u00e9s de las 6:30 a.m., cuando una pinchadura de llanta provoc\u00f3 que el conductor perdiera el control del veh\u00edculo, saltara el camell\u00f3n divisor y chocara contra la barra met\u00e1lica de contenci\u00f3n, quedando a pocos metros de caer a los carriles laterales.<\/p>\r\n<p>&nbsp;<\/p>\r\n\r\n\r\n\r\n<p style=\"text-align: justify;\">M\u00e1s de 20 pasajeros se encontraban a bordo, y aunque tres personas resultaron con golpes menores, todos se reportaron fuera de peligro. Param\u00e9dicos de la Cruz Roja y Protecci\u00f3n Civil acudieron al lugar para brindar los primeros auxilios.<\/p>\r\n<p>&nbsp;<\/p>\r\n\r\n\r\n\r\n<p style=\"text-align: justify;\">La Guardia Nacional y personal de la AMEQ apoyaron en la gesti\u00f3n del tr\u00e1fico, mientras una gr\u00faa retiraba la unidad del lugar.<\/p>\r\n","protected":false},"excerpt":{"rendered":"<p>Un cami\u00f3n de transporte de personal de la l\u00ednea UTEP sufri\u00f3 un aparatoso accidente la ma\u00f1ana del mi\u00e9rcoles en el Libramiento Norponiente, a la altura de Real de Juriquilla.<\/p>\n","protected":false},"author":2,"featured_media":1799,"comment_status":"open","ping_status":"open","sticky":false,"template":"","format":"standard","meta":{"footnotes":""},"categories":[137,58],"tags":[648,649,151,650],"class_list":["post-1800","post","type-post","status-publish","format-standard","has-post-thumbnail","hentry","category-sucesos","category-ultima-hora","tag-accidentecamion","tag-libramientonorponiente","tag-seguridadvial","tag-transportequeretaro"],"yoast_head":"<!-- This site is optimized with the Yoast SEO plugin v25.0 - https:\/\/yoast.com\/wordpress\/plugins\/seo\/ -->\n<title>Aparatoso accidente de cami\u00f3n de transporte en el Libramiento Norponiente deja tres lesionados | Nexo Informativo Santiago de Quer\u00e9taro<\/title>\n<meta name=\"description\" content=\"Aparatoso accidente de cami\u00f3n de transporte en el Libramiento Norponiente deja tres lesionados\" \/>\n<meta name=\"robots\" content=\"index, follow, max-snippet:-1, max-image-preview:large, max-video-preview:-1\" \/>\n<link rel=\"canonical\" href=\"https:\/\/www.nexoinformativo.mx\/index.php\/2024\/09\/11\/aparatoso-accidente-de-camion-de-transporte-en-el-libramiento-norponiente-deja-tres-lesionados\/\" \/>\n<meta property=\"og:locale\" content=\"es_MX\" \/>\n<meta property=\"og:type\" content=\"article\" \/>\n<meta property=\"og:title\" content=\"Aparatoso accidente de cami\u00f3n de transporte en el Libramiento Norponiente deja tres lesionados | Nexo Informativo Santiago de Quer\u00e9taro\" \/>\n<meta property=\"og:description\" content=\"Aparatoso accidente de cami\u00f3n de transporte en el Libramiento Norponiente deja tres lesionados\" \/>\n<meta property=\"og:url\" content=\"https:\/\/www.nexoinformativo.mx\/index.php\/2024\/09\/11\/aparatoso-accidente-de-camion-de-transporte-en-el-libramiento-norponiente-deja-tres-lesionados\/\" \/>\n<meta property=\"og:site_name\" content=\"Nexo Informativo Santiago de Quer\u00e9taro\" \/>\n<meta property=\"article:publisher\" content=\"https:\/\/www.facebook.com\/people\/Nexo-Informativo\/61564066885511\/\" \/>\n<meta property=\"article:published_time\" content=\"2024-09-11T14:00:00+00:00\" \/>\n<meta property=\"article:modified_time\" content=\"2024-09-11T15:06:40+00:00\" \/>\n<meta property=\"og:image\" content=\"https:\/\/www.nexoinformativo.mx\/wp-content\/uploads\/2024\/09\/IMG-20240911-WA0019.jpg\" \/>\n\t<meta property=\"og:image:width\" content=\"721\" \/>\n\t<meta property=\"og:image:height\" content=\"1280\" \/>\n\t<meta property=\"og:image:type\" content=\"image\/jpeg\" \/>\n<meta name=\"author\" content=\"admin\" \/>\n<meta name=\"twitter:card\" content=\"summary_large_image\" \/>\n<meta name=\"twitter:label1\" content=\"Escrito por\" \/>\n\t<meta name=\"twitter:data1\" content=\"admin\" \/>\n\t<meta name=\"twitter:label2\" content=\"Tiempo de lectura\" \/>\n\t<meta name=\"twitter:data2\" content=\"1 minuto\" \/>\n<script type=\"application\/ld+json\" class=\"yoast-schema-graph\">{\"@context\":\"https:\/\/schema.org\",\"@graph\":[{\"@type\":\"Article\",\"@id\":\"https:\/\/www.nexoinformativo.mx\/index.php\/2024\/09\/11\/aparatoso-accidente-de-camion-de-transporte-en-el-libramiento-norponiente-deja-tres-lesionados\/#article\",\"isPartOf\":{\"@id\":\"https:\/\/www.nexoinformativo.mx\/index.php\/2024\/09\/11\/aparatoso-accidente-de-camion-de-transporte-en-el-libramiento-norponiente-deja-tres-lesionados\/\"},\"author\":{\"name\":\"admin\",\"@id\":\"https:\/\/www.nexoinformativo.mx\/#\/schema\/person\/4beeb8fa2c46efc230191fd4030766b5\"},\"headline\":\"Aparatoso accidente de cami\u00f3n de transporte en el Libramiento Norponiente deja tres lesionados\",\"datePublished\":\"2024-09-11T14:00:00+00:00\",\"dateModified\":\"2024-09-11T15:06:40+00:00\",\"mainEntityOfPage\":{\"@id\":\"https:\/\/www.nexoinformativo.mx\/index.php\/2024\/09\/11\/aparatoso-accidente-de-camion-de-transporte-en-el-libramiento-norponiente-deja-tres-lesionados\/\"},\"wordCount\":165,\"commentCount\":0,\"publisher\":{\"@id\":\"https:\/\/www.nexoinformativo.mx\/#organization\"},\"image\":{\"@id\":\"https:\/\/www.nexoinformativo.mx\/index.php\/2024\/09\/11\/aparatoso-accidente-de-camion-de-transporte-en-el-libramiento-norponiente-deja-tres-lesionados\/#primaryimage\"},\"thumbnailUrl\":\"https:\/\/www.nexoinformativo.mx\/wp-content\/uploads\/2024\/09\/IMG-20240911-WA0019.jpg\",\"keywords\":[\"AccidenteCami\u00f3n\",\"LibramientoNorponiente\",\"seguridadvial\",\"TransporteQuer\u00e9taro\"],\"articleSection\":[\"Sucesos\",\"\u00daltima Hora\"],\"inLanguage\":\"es\",\"potentialAction\":[{\"@type\":\"CommentAction\",\"name\":\"Comment\",\"target\":[\"https:\/\/www.nexoinformativo.mx\/index.php\/2024\/09\/11\/aparatoso-accidente-de-camion-de-transporte-en-el-libramiento-norponiente-deja-tres-lesionados\/#respond\"]}]},{\"@type\":\"WebPage\",\"@id\":\"https:\/\/www.nexoinformativo.mx\/index.php\/2024\/09\/11\/aparatoso-accidente-de-camion-de-transporte-en-el-libramiento-norponiente-deja-tres-lesionados\/\",\"url\":\"https:\/\/www.nexoinformativo.mx\/index.php\/2024\/09\/11\/aparatoso-accidente-de-camion-de-transporte-en-el-libramiento-norponiente-deja-tres-lesionados\/\",\"name\":\"Aparatoso accidente de cami\u00f3n de transporte en el Libramiento Norponiente deja tres lesionados | Nexo Informativo Santiago de Quer\u00e9taro\",\"isPartOf\":{\"@id\":\"https:\/\/www.nexoinformativo.mx\/#website\"},\"primaryImageOfPage\":{\"@id\":\"https:\/\/www.nexoinformativo.mx\/index.php\/2024\/09\/11\/aparatoso-accidente-de-camion-de-transporte-en-el-libramiento-norponiente-deja-tres-lesionados\/#primaryimage\"},\"image\":{\"@id\":\"https:\/\/www.nexoinformativo.mx\/index.php\/2024\/09\/11\/aparatoso-accidente-de-camion-de-transporte-en-el-libramiento-norponiente-deja-tres-lesionados\/#primaryimage\"},\"thumbnailUrl\":\"https:\/\/www.nexoinformativo.mx\/wp-content\/uploads\/2024\/09\/IMG-20240911-WA0019.jpg\",\"datePublished\":\"2024-09-11T14:00:00+00:00\",\"dateModified\":\"2024-09-11T15:06:40+00:00\",\"description\":\"Aparatoso accidente de cami\u00f3n de transporte en el Libramiento Norponiente deja tres lesionados\",\"breadcrumb\":{\"@id\":\"https:\/\/www.nexoinformativo.mx\/index.php\/2024\/09\/11\/aparatoso-accidente-de-camion-de-transporte-en-el-libramiento-norponiente-deja-tres-lesionados\/#breadcrumb\"},\"inLanguage\":\"es\",\"potentialAction\":[{\"@type\":\"ReadAction\",\"target\":[\"https:\/\/www.nexoinformativo.mx\/index.php\/2024\/09\/11\/aparatoso-accidente-de-camion-de-transporte-en-el-libramiento-norponiente-deja-tres-lesionados\/\"]}]},{\"@type\":\"ImageObject\",\"inLanguage\":\"es\",\"@id\":\"https:\/\/www.nexoinformativo.mx\/index.php\/2024\/09\/11\/aparatoso-accidente-de-camion-de-transporte-en-el-libramiento-norponiente-deja-tres-lesionados\/#primaryimage\",\"url\":\"https:\/\/www.nexoinformativo.mx\/wp-content\/uploads\/2024\/09\/IMG-20240911-WA0019.jpg\",\"contentUrl\":\"https:\/\/www.nexoinformativo.mx\/wp-content\/uploads\/2024\/09\/IMG-20240911-WA0019.jpg\",\"width\":721,\"height\":1280},{\"@type\":\"BreadcrumbList\",\"@id\":\"https:\/\/www.nexoinformativo.mx\/index.php\/2024\/09\/11\/aparatoso-accidente-de-camion-de-transporte-en-el-libramiento-norponiente-deja-tres-lesionados\/#breadcrumb\",\"itemListElement\":[{\"@type\":\"ListItem\",\"position\":1,\"name\":\"Inicio\",\"item\":\"https:\/\/www.nexoinformativo.mx\/\"},{\"@type\":\"ListItem\",\"position\":2,\"name\":\"Aparatoso accidente de cami\u00f3n de transporte en el Libramiento Norponiente deja tres lesionados\"}]},{\"@type\":\"WebSite\",\"@id\":\"https:\/\/www.nexoinformativo.mx\/#website\",\"url\":\"https:\/\/www.nexoinformativo.mx\/\",\"name\":\"Nexo Informativo Santiago de Quer\u00e9taro\",\"description\":\"Explora NexoInformativo y convi\u00e9rtete en parte de una comunidad que valora el conocimiento y la verdad. Tu nexoinformativo es tu puente hacia una comprensi\u00f3n m\u00e1s profunda del mundo que te rodea.\",\"publisher\":{\"@id\":\"https:\/\/www.nexoinformativo.mx\/#organization\"},\"potentialAction\":[{\"@type\":\"SearchAction\",\"target\":{\"@type\":\"EntryPoint\",\"urlTemplate\":\"https:\/\/www.nexoinformativo.mx\/?s={search_term_string}\"},\"query-input\":{\"@type\":\"PropertyValueSpecification\",\"valueRequired\":true,\"valueName\":\"search_term_string\"}}],\"inLanguage\":\"es\"},{\"@type\":\"Organization\",\"@id\":\"https:\/\/www.nexoinformativo.mx\/#organization\",\"name\":\"Nexo Informativo Santiago de Quer\u00e9taro\",\"url\":\"https:\/\/www.nexoinformativo.mx\/\",\"logo\":{\"@type\":\"ImageObject\",\"inLanguage\":\"es\",\"@id\":\"https:\/\/www.nexoinformativo.mx\/#\/schema\/logo\/image\/\",\"url\":\"https:\/\/www.nexoinformativo.mx\/wp-content\/uploads\/2024\/07\/nexoi-trasparente-2.png\",\"contentUrl\":\"https:\/\/www.nexoinformativo.mx\/wp-content\/uploads\/2024\/07\/nexoi-trasparente-2.png\",\"width\":816,\"height\":339,\"caption\":\"Nexo Informativo Santiago de Quer\u00e9taro\"},\"image\":{\"@id\":\"https:\/\/www.nexoinformativo.mx\/#\/schema\/logo\/image\/\"},\"sameAs\":[\"https:\/\/www.facebook.com\/people\/Nexo-Informativo\/61564066885511\/\"]},{\"@type\":\"Person\",\"@id\":\"https:\/\/www.nexoinformativo.mx\/#\/schema\/person\/4beeb8fa2c46efc230191fd4030766b5\",\"name\":\"admin\",\"image\":{\"@type\":\"ImageObject\",\"inLanguage\":\"es\",\"@id\":\"https:\/\/www.nexoinformativo.mx\/#\/schema\/person\/image\/\",\"url\":\"https:\/\/secure.gravatar.com\/avatar\/58054e91f5151d6a21f8409a1d615488226bb336a676ff34638f345cfb020b66?s=96&d=mm&r=g\",\"contentUrl\":\"https:\/\/secure.gravatar.com\/avatar\/58054e91f5151d6a21f8409a1d615488226bb336a676ff34638f345cfb020b66?s=96&d=mm&r=g\",\"caption\":\"admin\"},\"url\":\"https:\/\/www.nexoinformativo.mx\/index.php\/author\/admin\/\"}]}<\/script>\n<!-- \/ Yoast SEO plugin. -->","yoast_head_json":{"title":"Aparatoso accidente de cami\u00f3n de transporte en el Libramiento Norponiente deja tres lesionados | Nexo Informativo Santiago de Quer\u00e9taro","description":"Aparatoso accidente de cami\u00f3n de transporte en el Libramiento Norponiente deja tres lesionados","robots":{"index":"index","follow":"follow","max-snippet":"max-snippet:-1","max-image-preview":"max-image-preview:large","max-video-preview":"max-video-preview:-1"},"canonical":"https:\/\/www.nexoinformativo.mx\/index.php\/2024\/09\/11\/aparatoso-accidente-de-camion-de-transporte-en-el-libramiento-norponiente-deja-tres-lesionados\/","og_locale":"es_MX","og_type":"article","og_title":"Aparatoso accidente de cami\u00f3n de transporte en el Libramiento Norponiente deja tres lesionados | Nexo Informativo Santiago de Quer\u00e9taro","og_description":"Aparatoso accidente de cami\u00f3n de transporte en el Libramiento Norponiente deja tres lesionados","og_url":"https:\/\/www.nexoinformativo.mx\/index.php\/2024\/09\/11\/aparatoso-accidente-de-camion-de-transporte-en-el-libramiento-norponiente-deja-tres-lesionados\/","og_site_name":"Nexo Informativo Santiago de Quer\u00e9taro","article_publisher":"https:\/\/www.facebook.com\/people\/Nexo-Informativo\/61564066885511\/","article_published_time":"2024-09-11T14:00:00+00:00","article_modified_time":"2024-09-11T15:06:40+00:00","og_image":[{"width":721,"height":1280,"url":"https:\/\/www.nexoinformativo.mx\/wp-content\/uploads\/2024\/09\/IMG-20240911-WA0019.jpg","type":"image\/jpeg"}],"author":"admin","twitter_card":"summary_large_image","twitter_misc":{"Escrito por":"admin","Tiempo de lectura":"1 minuto"},"schema":{"@context":"https:\/\/schema.org","@graph":[{"@type":"Article","@id":"https:\/\/www.nexoinformativo.mx\/index.php\/2024\/09\/11\/aparatoso-accidente-de-camion-de-transporte-en-el-libramiento-norponiente-deja-tres-lesionados\/#article","isPartOf":{"@id":"https:\/\/www.nexoinformativo.mx\/index.php\/2024\/09\/11\/aparatoso-accidente-de-camion-de-transporte-en-el-libramiento-norponiente-deja-tres-lesionados\/"},"author":{"name":"admin","@id":"https:\/\/www.nexoinformativo.mx\/#\/schema\/person\/4beeb8fa2c46efc230191fd4030766b5"},"headline":"Aparatoso accidente de cami\u00f3n de transporte en el Libramiento Norponiente deja tres lesionados","datePublished":"2024-09-11T14:00:00+00:00","dateModified":"2024-09-11T15:06:40+00:00","mainEntityOfPage":{"@id":"https:\/\/www.nexoinformativo.mx\/index.php\/2024\/09\/11\/aparatoso-accidente-de-camion-de-transporte-en-el-libramiento-norponiente-deja-tres-lesionados\/"},"wordCount":165,"commentCount":0,"publisher":{"@id":"https:\/\/www.nexoinformativo.mx\/#organization"},"image":{"@id":"https:\/\/www.nexoinformativo.mx\/index.php\/2024\/09\/11\/aparatoso-accidente-de-camion-de-transporte-en-el-libramiento-norponiente-deja-tres-lesionados\/#primaryimage"},"thumbnailUrl":"https:\/\/www.nexoinformativo.mx\/wp-content\/uploads\/2024\/09\/IMG-20240911-WA0019.jpg","keywords":["AccidenteCami\u00f3n","LibramientoNorponiente","seguridadvial","TransporteQuer\u00e9taro"],"articleSection":["Sucesos","\u00daltima Hora"],"inLanguage":"es","potentialAction":[{"@type":"CommentAction","name":"Comment","target":["https:\/\/www.nexoinformativo.mx\/index.php\/2024\/09\/11\/aparatoso-accidente-de-camion-de-transporte-en-el-libramiento-norponiente-deja-tres-lesionados\/#respond"]}]},{"@type":"WebPage","@id":"https:\/\/www.nexoinformativo.mx\/index.php\/2024\/09\/11\/aparatoso-accidente-de-camion-de-transporte-en-el-libramiento-norponiente-deja-tres-lesionados\/","url":"https:\/\/www.nexoinformativo.mx\/index.php\/2024\/09\/11\/aparatoso-accidente-de-camion-de-transporte-en-el-libramiento-norponiente-deja-tres-lesionados\/","name":"Aparatoso accidente de cami\u00f3n de transporte en el Libramiento Norponiente deja tres lesionados | Nexo Informativo Santiago de Quer\u00e9taro","isPartOf":{"@id":"https:\/\/www.nexoinformativo.mx\/#website"},"primaryImageOfPage":{"@id":"https:\/\/www.nexoinformativo.mx\/index.php\/2024\/09\/11\/aparatoso-accidente-de-camion-de-transporte-en-el-libramiento-norponiente-deja-tres-lesionados\/#primaryimage"},"image":{"@id":"https:\/\/www.nexoinformativo.mx\/index.php\/2024\/09\/11\/aparatoso-accidente-de-camion-de-transporte-en-el-libramiento-norponiente-deja-tres-lesionados\/#primaryimage"},"thumbnailUrl":"https:\/\/www.nexoinformativo.mx\/wp-content\/uploads\/2024\/09\/IMG-20240911-WA0019.jpg","datePublished":"2024-09-11T14:00:00+00:00","dateModified":"2024-09-11T15:06:40+00:00","description":"Aparatoso accidente de cami\u00f3n de transporte en el Libramiento Norponiente deja tres lesionados","breadcrumb":{"@id":"https:\/\/www.nexoinformativo.mx\/index.php\/2024\/09\/11\/aparatoso-accidente-de-camion-de-transporte-en-el-libramiento-norponiente-deja-tres-lesionados\/#breadcrumb"},"inLanguage":"es","potentialAction":[{"@type":"ReadAction","target":["https:\/\/www.nexoinformativo.mx\/index.php\/2024\/09\/11\/aparatoso-accidente-de-camion-de-transporte-en-el-libramiento-norponiente-deja-tres-lesionados\/"]}]},{"@type":"ImageObject","inLanguage":"es","@id":"https:\/\/www.nexoinformativo.mx\/index.php\/2024\/09\/11\/aparatoso-accidente-de-camion-de-transporte-en-el-libramiento-norponiente-deja-tres-lesionados\/#primaryimage","url":"https:\/\/www.nexoinformativo.mx\/wp-content\/uploads\/2024\/09\/IMG-20240911-WA0019.jpg","contentUrl":"https:\/\/www.nexoinformativo.mx\/wp-content\/uploads\/2024\/09\/IMG-20240911-WA0019.jpg","width":721,"height":1280},{"@type":"BreadcrumbList","@id":"https:\/\/www.nexoinformativo.mx\/index.php\/2024\/09\/11\/aparatoso-accidente-de-camion-de-transporte-en-el-libramiento-norponiente-deja-tres-lesionados\/#breadcrumb","itemListElement":[{"@type":"ListItem","position":1,"name":"Inicio","item":"https:\/\/www.nexoinformativo.mx\/"},{"@type":"ListItem","position":2,"name":"Aparatoso accidente de cami\u00f3n de transporte en el Libramiento Norponiente deja tres lesionados"}]},{"@type":"WebSite","@id":"https:\/\/www.nexoinformativo.mx\/#website","url":"https:\/\/www.nexoinformativo.mx\/","name":"Nexo Informativo Santiago de Quer\u00e9taro","description":"Explora NexoInformativo y convi\u00e9rtete en parte de una comunidad que valora el conocimiento y la verdad. Tu nexoinformativo es tu puente hacia una comprensi\u00f3n m\u00e1s profunda del mundo que te rodea.","publisher":{"@id":"https:\/\/www.nexoinformativo.mx\/#organization"},"potentialAction":[{"@type":"SearchAction","target":{"@type":"EntryPoint","urlTemplate":"https:\/\/www.nexoinformativo.mx\/?s={search_term_string}"},"query-input":{"@type":"PropertyValueSpecification","valueRequired":true,"valueName":"search_term_string"}}],"inLanguage":"es"},{"@type":"Organization","@id":"https:\/\/www.nexoinformativo.mx\/#organization","name":"Nexo Informativo Santiago de Quer\u00e9taro","url":"https:\/\/www.nexoinformativo.mx\/","logo":{"@type":"ImageObject","inLanguage":"es","@id":"https:\/\/www.nexoinformativo.mx\/#\/schema\/logo\/image\/","url":"https:\/\/www.nexoinformativo.mx\/wp-content\/uploads\/2024\/07\/nexoi-trasparente-2.png","contentUrl":"https:\/\/www.nexoinformativo.mx\/wp-content\/uploads\/2024\/07\/nexoi-trasparente-2.png","width":816,"height":339,"caption":"Nexo Informativo Santiago de Quer\u00e9taro"},"image":{"@id":"https:\/\/www.nexoinformativo.mx\/#\/schema\/logo\/image\/"},"sameAs":["https:\/\/www.facebook.com\/people\/Nexo-Informativo\/61564066885511\/"]},{"@type":"Person","@id":"https:\/\/www.nexoinformativo.mx\/#\/schema\/person\/4beeb8fa2c46efc230191fd4030766b5","name":"admin","image":{"@type":"ImageObject","inLanguage":"es","@id":"https:\/\/www.nexoinformativo.mx\/#\/schema\/person\/image\/","url":"https:\/\/secure.gravatar.com\/avatar\/58054e91f5151d6a21f8409a1d615488226bb336a676ff34638f345cfb020b66?s=96&d=mm&r=g","contentUrl":"https:\/\/secure.gravatar.com\/avatar\/58054e91f5151d6a21f8409a1d615488226bb336a676ff34638f345cfb020b66?s=96&d=mm&r=g","caption":"admin"},"url":"https:\/\/www.nexoinformativo.mx\/index.php\/author\/admin\/"}]}},"_links":{"self":[{"href":"https:\/\/www.nexoinformativo.mx\/index.php\/wp-json\/wp\/v2\/posts\/1800","targetHints":{"allow":["GET"]}}],"collection":[{"href":"https:\/\/www.nexoinformativo.mx\/index.php\/wp-json\/wp\/v2\/posts"}],"about":[{"href":"https:\/\/www.nexoinformativo.mx\/index.php\/wp-json\/wp\/v2\/types\/post"}],"author":[{"embeddable":true,"href":"https:\/\/www.nexoinformativo.mx\/index.php\/wp-json\/wp\/v2\/users\/2"}],"replies":[{"embeddable":true,"href":"https:\/\/www.nexoinformativo.mx\/index.php\/wp-json\/wp\/v2\/comments?post=1800"}],"version-history":[{"count":3,"href":"https:\/\/www.nexoinformativo.mx\/index.php\/wp-json\/wp\/v2\/posts\/1800\/revisions"}],"predecessor-version":[{"id":1803,"href":"https:\/\/www.nexoinformativo.mx\/index.php\/wp-json\/wp\/v2\/posts\/1800\/revisions\/1803"}],"wp:featuredmedia":[{"embeddable":true,"href":"https:\/\/www.nexoinformativo.mx\/index.php\/wp-json\/wp\/v2\/media\/1799"}],"wp:attachment":[{"href":"https:\/\/www.nexoinformativo.mx\/index.php\/wp-json\/wp\/v2\/media?parent=1800"}],"wp:term":[{"taxonomy":"category","embeddable":true,"href":"https:\/\/www.nexoinformativo.mx\/index.php\/wp-json\/wp\/v2\/categories?post=1800"},{"taxonomy":"post_tag","embeddable":true,"href":"https:\/\/www.nexoinformativo.mx\/index.php\/wp-json\/wp\/v2\/tags?post=1800"}],"curies":[{"name":"wp","href":"https:\/\/api.w.org\/{rel}","templated":true}]}}