{"id":1811,"date":"2024-09-11T10:00:45","date_gmt":"2024-09-11T16:00:45","guid":{"rendered":"https:\/\/www.nexoinformativo.mx\/?p=1811"},"modified":"2024-09-11T13:42:25","modified_gmt":"2024-09-11T19:42:25","slug":"expo-munecas-artesanales-2024-en-queretaro-celebrando-la-identidad-cultural-del-estado","status":"publish","type":"post","link":"https:\/\/www.nexoinformativo.mx\/index.php\/2024\/09\/11\/expo-munecas-artesanales-2024-en-queretaro-celebrando-la-identidad-cultural-del-estado\/","title":{"rendered":"Expo mu\u00f1ecas artesanales 2024 en Quer\u00e9taro: Celebrando la identidad cultural del estado"},"content":{"rendered":"<p style=\"text-align: justify;\">La <strong>Secretar\u00eda de Turismo del estado de Quer\u00e9taro (SECTUR)<\/strong> ha anunciado la segunda edici\u00f3n de la <strong>Expo Mu\u00f1ecas Artesanales<\/strong>, que se llevar\u00e1 a cabo los d\u00edas 14 y 15 de septiembre en las instalaciones de <strong>Premium Outlets Quer\u00e9taro<\/strong>. Este evento cultural reunir\u00e1 a artesanos, artistas pl\u00e1sticos, m\u00fasicos y talleres de creaci\u00f3n de mu\u00f1ecas, con la expectativa de recibir hasta <strong>dos mil visitantes<\/strong>.<\/p>\n<p>&nbsp;<\/p>\n<p style=\"text-align: justify;\">Paola Ortega Mu\u00f1oz, l\u00edder de Proyectos de SECTUR, destac\u00f3 que la <strong>Expo Mu\u00f1ecas Artesanales<\/strong> es una plataforma dedicada a <strong>promover la identidad cultural<\/strong> de Quer\u00e9taro. <strong>&#8220;Quer\u00e9taro, con su riqueza cultural y art\u00edstica, se convierte en un destino cada vez m\u00e1s atractivo para visitantes de diversos estados como Guanajuato, Estado de M\u00e9xico, Michoac\u00e1n, San Luis Potos\u00ed, as\u00ed como de pa\u00edses como Estados Unidos, Jap\u00f3n y Corea&#8221;<\/strong>, se\u00f1al\u00f3 Ortega.<\/p>\n<p>&nbsp;<\/p>\n<p style=\"text-align: justify;\">Los asistentes tendr\u00e1n la oportunidad de interactuar con artistas y conocer m\u00e1s sobre las t\u00e9cnicas artesanales locales. Entre los municipios participantes se encuentran <strong>San Joaqu\u00edn, Col\u00f3n, Pedro Escobedo, Jalpan, Amealco, Tequisquiapan, Tolim\u00e1n, Bernal y Huimilpan.<\/strong><\/p>\n<p>&nbsp;<\/p>\n<p style=\"text-align: justify;\">Jessica Gonz\u00e1lez D\u00e1valos, directora de marketing y negocios de Premium Outlets Quer\u00e9taro, destac\u00f3 que la exposici\u00f3n busca <strong>promover el trabajo de los artesanos locales<\/strong> entre los habitantes de la ciudad capital. &#8220;<strong>Es una oportunidad \u00fanica para compartir nuestra tradici\u00f3n con todos ellos y mostrarles el gran talento que existe en nuestra tierra&#8221;<\/strong>, coment\u00f3.<\/p>\n<p>&nbsp;<\/p>\n<h3 style=\"text-align: justify;\"><\/h3>\n<p style=\"text-align: justify;\">La <strong>entrada es gratuita<\/strong> durante los d\u00edas de la exposici\u00f3n, se espera que la <strong>Expo Mu\u00f1ecas Artesanales<\/strong> se convierta en una de las actividades mas concurridas durante las fiestas patrias en Quer\u00e9taro. La combinaci\u00f3n de arte, m\u00fasica y tradici\u00f3n promete brindar una experiencia \u00fanica tanto para los locales como para los visitantes de otros estados y pa\u00edses.\u00a0Este evento es un reflejo del compromiso de Quer\u00e9taro por <strong>preservar y compartir su patrimonio cultural<\/strong>.<\/p>\n<p>&nbsp;<\/p>\n","protected":false},"excerpt":{"rendered":"<p>La Secretar\u00eda de Turismo del estado de Quer\u00e9taro (SECTUR) ha anunciado la segunda edici\u00f3n de la Expo Mu\u00f1ecas Artesanales, que se llevar\u00e1 a cabo los d\u00edas 14 y 15 de septiembre en las instalaciones de Premium Outlets Quer\u00e9taro.<\/p>\n","protected":false},"author":3,"featured_media":1813,"comment_status":"open","ping_status":"open","sticky":false,"template":"","format":"standard","meta":{"footnotes":""},"categories":[50,58],"tags":[660,417,659,421],"class_list":["post-1811","post","type-post","status-publish","format-standard","has-post-thumbnail","hentry","category-espectaculos","category-ultima-hora","tag-artesaniamexicana","tag-culturaqueretaro","tag-expomunecasqueretana","tag-fiestaspatriasqueretaro"],"yoast_head":"<!-- This site is optimized with the Yoast SEO plugin v25.0 - https:\/\/yoast.com\/wordpress\/plugins\/seo\/ -->\n<title>Expo mu\u00f1ecas artesanales 2024 en Quer\u00e9taro: Celebrando la identidad cultural del estado | Nexo Informativo Santiago de Quer\u00e9taro<\/title>\n<meta name=\"description\" content=\"Expo mu\u00f1ecas artesanales 2024 en Quer\u00e9taro: Celebrando la identidad cultural del estado\" \/>\n<meta name=\"robots\" content=\"index, follow, max-snippet:-1, max-image-preview:large, max-video-preview:-1\" \/>\n<link rel=\"canonical\" href=\"https:\/\/www.nexoinformativo.mx\/index.php\/2024\/09\/11\/expo-munecas-artesanales-2024-en-queretaro-celebrando-la-identidad-cultural-del-estado\/\" \/>\n<meta property=\"og:locale\" content=\"es_MX\" \/>\n<meta property=\"og:type\" content=\"article\" \/>\n<meta property=\"og:title\" content=\"Expo mu\u00f1ecas artesanales 2024 en Quer\u00e9taro: Celebrando la identidad cultural del estado | Nexo Informativo Santiago de Quer\u00e9taro\" \/>\n<meta property=\"og:description\" content=\"Expo mu\u00f1ecas artesanales 2024 en Quer\u00e9taro: Celebrando la identidad cultural del estado\" \/>\n<meta property=\"og:url\" content=\"https:\/\/www.nexoinformativo.mx\/index.php\/2024\/09\/11\/expo-munecas-artesanales-2024-en-queretaro-celebrando-la-identidad-cultural-del-estado\/\" \/>\n<meta property=\"og:site_name\" content=\"Nexo Informativo Santiago de Quer\u00e9taro\" \/>\n<meta property=\"article:publisher\" content=\"https:\/\/www.facebook.com\/people\/Nexo-Informativo\/61564066885511\/\" \/>\n<meta property=\"article:published_time\" content=\"2024-09-11T16:00:45+00:00\" \/>\n<meta property=\"article:modified_time\" content=\"2024-09-11T19:42:25+00:00\" \/>\n<meta property=\"og:image\" content=\"https:\/\/www.nexoinformativo.mx\/wp-content\/uploads\/2024\/09\/PHOTO-2024-09-11-12-17-21-e1726080691246.jpg\" \/>\n\t<meta property=\"og:image:width\" content=\"800\" \/>\n\t<meta property=\"og:image:height\" content=\"533\" \/>\n\t<meta property=\"og:image:type\" content=\"image\/jpeg\" \/>\n<meta name=\"author\" content=\"Nexo Informativo\" \/>\n<meta name=\"twitter:card\" content=\"summary_large_image\" \/>\n<meta name=\"twitter:label1\" content=\"Escrito por\" \/>\n\t<meta name=\"twitter:data1\" content=\"Nexo Informativo\" \/>\n\t<meta name=\"twitter:label2\" content=\"Tiempo de lectura\" \/>\n\t<meta name=\"twitter:data2\" content=\"2 minutos\" \/>\n<script type=\"application\/ld+json\" class=\"yoast-schema-graph\">{\"@context\":\"https:\/\/schema.org\",\"@graph\":[{\"@type\":\"Article\",\"@id\":\"https:\/\/www.nexoinformativo.mx\/index.php\/2024\/09\/11\/expo-munecas-artesanales-2024-en-queretaro-celebrando-la-identidad-cultural-del-estado\/#article\",\"isPartOf\":{\"@id\":\"https:\/\/www.nexoinformativo.mx\/index.php\/2024\/09\/11\/expo-munecas-artesanales-2024-en-queretaro-celebrando-la-identidad-cultural-del-estado\/\"},\"author\":{\"name\":\"Nexo Informativo\",\"@id\":\"https:\/\/www.nexoinformativo.mx\/#\/schema\/person\/7749d380ba08c8ca00d7bc76fd907b7d\"},\"headline\":\"Expo mu\u00f1ecas artesanales 2024 en Quer\u00e9taro: Celebrando la identidad cultural del estado\",\"datePublished\":\"2024-09-11T16:00:45+00:00\",\"dateModified\":\"2024-09-11T19:42:25+00:00\",\"mainEntityOfPage\":{\"@id\":\"https:\/\/www.nexoinformativo.mx\/index.php\/2024\/09\/11\/expo-munecas-artesanales-2024-en-queretaro-celebrando-la-identidad-cultural-del-estado\/\"},\"wordCount\":348,\"commentCount\":0,\"publisher\":{\"@id\":\"https:\/\/www.nexoinformativo.mx\/#organization\"},\"image\":{\"@id\":\"https:\/\/www.nexoinformativo.mx\/index.php\/2024\/09\/11\/expo-munecas-artesanales-2024-en-queretaro-celebrando-la-identidad-cultural-del-estado\/#primaryimage\"},\"thumbnailUrl\":\"https:\/\/www.nexoinformativo.mx\/wp-content\/uploads\/2024\/09\/PHOTO-2024-09-11-12-17-21-e1726080691246.jpg\",\"keywords\":[\"Artesan\u00edaMexicana\",\"CulturaQuer\u00e9taro\",\"ExpoMu\u00f1ecasQuer\u00e9tana\",\"FiestasPatriasQuer\u00e9taro\"],\"articleSection\":[\"Espect\u00e1culos\",\"\u00daltima Hora\"],\"inLanguage\":\"es\",\"potentialAction\":[{\"@type\":\"CommentAction\",\"name\":\"Comment\",\"target\":[\"https:\/\/www.nexoinformativo.mx\/index.php\/2024\/09\/11\/expo-munecas-artesanales-2024-en-queretaro-celebrando-la-identidad-cultural-del-estado\/#respond\"]}]},{\"@type\":\"WebPage\",\"@id\":\"https:\/\/www.nexoinformativo.mx\/index.php\/2024\/09\/11\/expo-munecas-artesanales-2024-en-queretaro-celebrando-la-identidad-cultural-del-estado\/\",\"url\":\"https:\/\/www.nexoinformativo.mx\/index.php\/2024\/09\/11\/expo-munecas-artesanales-2024-en-queretaro-celebrando-la-identidad-cultural-del-estado\/\",\"name\":\"Expo mu\u00f1ecas artesanales 2024 en Quer\u00e9taro: Celebrando la identidad cultural del estado | Nexo Informativo Santiago de Quer\u00e9taro\",\"isPartOf\":{\"@id\":\"https:\/\/www.nexoinformativo.mx\/#website\"},\"primaryImageOfPage\":{\"@id\":\"https:\/\/www.nexoinformativo.mx\/index.php\/2024\/09\/11\/expo-munecas-artesanales-2024-en-queretaro-celebrando-la-identidad-cultural-del-estado\/#primaryimage\"},\"image\":{\"@id\":\"https:\/\/www.nexoinformativo.mx\/index.php\/2024\/09\/11\/expo-munecas-artesanales-2024-en-queretaro-celebrando-la-identidad-cultural-del-estado\/#primaryimage\"},\"thumbnailUrl\":\"https:\/\/www.nexoinformativo.mx\/wp-content\/uploads\/2024\/09\/PHOTO-2024-09-11-12-17-21-e1726080691246.jpg\",\"datePublished\":\"2024-09-11T16:00:45+00:00\",\"dateModified\":\"2024-09-11T19:42:25+00:00\",\"description\":\"Expo mu\u00f1ecas artesanales 2024 en Quer\u00e9taro: Celebrando la identidad cultural del estado\",\"breadcrumb\":{\"@id\":\"https:\/\/www.nexoinformativo.mx\/index.php\/2024\/09\/11\/expo-munecas-artesanales-2024-en-queretaro-celebrando-la-identidad-cultural-del-estado\/#breadcrumb\"},\"inLanguage\":\"es\",\"potentialAction\":[{\"@type\":\"ReadAction\",\"target\":[\"https:\/\/www.nexoinformativo.mx\/index.php\/2024\/09\/11\/expo-munecas-artesanales-2024-en-queretaro-celebrando-la-identidad-cultural-del-estado\/\"]}]},{\"@type\":\"ImageObject\",\"inLanguage\":\"es\",\"@id\":\"https:\/\/www.nexoinformativo.mx\/index.php\/2024\/09\/11\/expo-munecas-artesanales-2024-en-queretaro-celebrando-la-identidad-cultural-del-estado\/#primaryimage\",\"url\":\"https:\/\/www.nexoinformativo.mx\/wp-content\/uploads\/2024\/09\/PHOTO-2024-09-11-12-17-21-e1726080691246.jpg\",\"contentUrl\":\"https:\/\/www.nexoinformativo.mx\/wp-content\/uploads\/2024\/09\/PHOTO-2024-09-11-12-17-21-e1726080691246.jpg\",\"width\":800,\"height\":533},{\"@type\":\"BreadcrumbList\",\"@id\":\"https:\/\/www.nexoinformativo.mx\/index.php\/2024\/09\/11\/expo-munecas-artesanales-2024-en-queretaro-celebrando-la-identidad-cultural-del-estado\/#breadcrumb\",\"itemListElement\":[{\"@type\":\"ListItem\",\"position\":1,\"name\":\"Inicio\",\"item\":\"https:\/\/www.nexoinformativo.mx\/\"},{\"@type\":\"ListItem\",\"position\":2,\"name\":\"Expo mu\u00f1ecas artesanales 2024 en Quer\u00e9taro: Celebrando la identidad cultural del estado\"}]},{\"@type\":\"WebSite\",\"@id\":\"https:\/\/www.nexoinformativo.mx\/#website\",\"url\":\"https:\/\/www.nexoinformativo.mx\/\",\"name\":\"Nexo Informativo Santiago de Quer\u00e9taro\",\"description\":\"Explora NexoInformativo y convi\u00e9rtete en parte de una comunidad que valora el conocimiento y la verdad. Tu nexoinformativo es tu puente hacia una comprensi\u00f3n m\u00e1s profunda del mundo que te rodea.\",\"publisher\":{\"@id\":\"https:\/\/www.nexoinformativo.mx\/#organization\"},\"potentialAction\":[{\"@type\":\"SearchAction\",\"target\":{\"@type\":\"EntryPoint\",\"urlTemplate\":\"https:\/\/www.nexoinformativo.mx\/?s={search_term_string}\"},\"query-input\":{\"@type\":\"PropertyValueSpecification\",\"valueRequired\":true,\"valueName\":\"search_term_string\"}}],\"inLanguage\":\"es\"},{\"@type\":\"Organization\",\"@id\":\"https:\/\/www.nexoinformativo.mx\/#organization\",\"name\":\"Nexo Informativo Santiago de Quer\u00e9taro\",\"url\":\"https:\/\/www.nexoinformativo.mx\/\",\"logo\":{\"@type\":\"ImageObject\",\"inLanguage\":\"es\",\"@id\":\"https:\/\/www.nexoinformativo.mx\/#\/schema\/logo\/image\/\",\"url\":\"https:\/\/www.nexoinformativo.mx\/wp-content\/uploads\/2024\/07\/nexoi-trasparente-2.png\",\"contentUrl\":\"https:\/\/www.nexoinformativo.mx\/wp-content\/uploads\/2024\/07\/nexoi-trasparente-2.png\",\"width\":816,\"height\":339,\"caption\":\"Nexo Informativo Santiago de Quer\u00e9taro\"},\"image\":{\"@id\":\"https:\/\/www.nexoinformativo.mx\/#\/schema\/logo\/image\/\"},\"sameAs\":[\"https:\/\/www.facebook.com\/people\/Nexo-Informativo\/61564066885511\/\"]},{\"@type\":\"Person\",\"@id\":\"https:\/\/www.nexoinformativo.mx\/#\/schema\/person\/7749d380ba08c8ca00d7bc76fd907b7d\",\"name\":\"Nexo Informativo\",\"image\":{\"@type\":\"ImageObject\",\"inLanguage\":\"es\",\"@id\":\"https:\/\/www.nexoinformativo.mx\/#\/schema\/person\/image\/\",\"url\":\"https:\/\/secure.gravatar.com\/avatar\/dde2928154642a13d95f87ddf1ea9718fe2b46760a005c53e41ff5ad610704e6?s=96&d=mm&r=g\",\"contentUrl\":\"https:\/\/secure.gravatar.com\/avatar\/dde2928154642a13d95f87ddf1ea9718fe2b46760a005c53e41ff5ad610704e6?s=96&d=mm&r=g\",\"caption\":\"Nexo Informativo\"},\"url\":\"https:\/\/www.nexoinformativo.mx\/index.php\/author\/edicion\/\"}]}<\/script>\n<!-- \/ Yoast SEO plugin. -->","yoast_head_json":{"title":"Expo mu\u00f1ecas artesanales 2024 en Quer\u00e9taro: Celebrando la identidad cultural del estado | Nexo Informativo Santiago de Quer\u00e9taro","description":"Expo mu\u00f1ecas artesanales 2024 en Quer\u00e9taro: Celebrando la identidad cultural del estado","robots":{"index":"index","follow":"follow","max-snippet":"max-snippet:-1","max-image-preview":"max-image-preview:large","max-video-preview":"max-video-preview:-1"},"canonical":"https:\/\/www.nexoinformativo.mx\/index.php\/2024\/09\/11\/expo-munecas-artesanales-2024-en-queretaro-celebrando-la-identidad-cultural-del-estado\/","og_locale":"es_MX","og_type":"article","og_title":"Expo mu\u00f1ecas artesanales 2024 en Quer\u00e9taro: Celebrando la identidad cultural del estado | Nexo Informativo Santiago de Quer\u00e9taro","og_description":"Expo mu\u00f1ecas artesanales 2024 en Quer\u00e9taro: Celebrando la identidad cultural del estado","og_url":"https:\/\/www.nexoinformativo.mx\/index.php\/2024\/09\/11\/expo-munecas-artesanales-2024-en-queretaro-celebrando-la-identidad-cultural-del-estado\/","og_site_name":"Nexo Informativo Santiago de Quer\u00e9taro","article_publisher":"https:\/\/www.facebook.com\/people\/Nexo-Informativo\/61564066885511\/","article_published_time":"2024-09-11T16:00:45+00:00","article_modified_time":"2024-09-11T19:42:25+00:00","og_image":[{"width":800,"height":533,"url":"https:\/\/www.nexoinformativo.mx\/wp-content\/uploads\/2024\/09\/PHOTO-2024-09-11-12-17-21-e1726080691246.jpg","type":"image\/jpeg"}],"author":"Nexo Informativo","twitter_card":"summary_large_image","twitter_misc":{"Escrito por":"Nexo Informativo","Tiempo de lectura":"2 minutos"},"schema":{"@context":"https:\/\/schema.org","@graph":[{"@type":"Article","@id":"https:\/\/www.nexoinformativo.mx\/index.php\/2024\/09\/11\/expo-munecas-artesanales-2024-en-queretaro-celebrando-la-identidad-cultural-del-estado\/#article","isPartOf":{"@id":"https:\/\/www.nexoinformativo.mx\/index.php\/2024\/09\/11\/expo-munecas-artesanales-2024-en-queretaro-celebrando-la-identidad-cultural-del-estado\/"},"author":{"name":"Nexo Informativo","@id":"https:\/\/www.nexoinformativo.mx\/#\/schema\/person\/7749d380ba08c8ca00d7bc76fd907b7d"},"headline":"Expo mu\u00f1ecas artesanales 2024 en Quer\u00e9taro: Celebrando la identidad cultural del estado","datePublished":"2024-09-11T16:00:45+00:00","dateModified":"2024-09-11T19:42:25+00:00","mainEntityOfPage":{"@id":"https:\/\/www.nexoinformativo.mx\/index.php\/2024\/09\/11\/expo-munecas-artesanales-2024-en-queretaro-celebrando-la-identidad-cultural-del-estado\/"},"wordCount":348,"commentCount":0,"publisher":{"@id":"https:\/\/www.nexoinformativo.mx\/#organization"},"image":{"@id":"https:\/\/www.nexoinformativo.mx\/index.php\/2024\/09\/11\/expo-munecas-artesanales-2024-en-queretaro-celebrando-la-identidad-cultural-del-estado\/#primaryimage"},"thumbnailUrl":"https:\/\/www.nexoinformativo.mx\/wp-content\/uploads\/2024\/09\/PHOTO-2024-09-11-12-17-21-e1726080691246.jpg","keywords":["Artesan\u00edaMexicana","CulturaQuer\u00e9taro","ExpoMu\u00f1ecasQuer\u00e9tana","FiestasPatriasQuer\u00e9taro"],"articleSection":["Espect\u00e1culos","\u00daltima Hora"],"inLanguage":"es","potentialAction":[{"@type":"CommentAction","name":"Comment","target":["https:\/\/www.nexoinformativo.mx\/index.php\/2024\/09\/11\/expo-munecas-artesanales-2024-en-queretaro-celebrando-la-identidad-cultural-del-estado\/#respond"]}]},{"@type":"WebPage","@id":"https:\/\/www.nexoinformativo.mx\/index.php\/2024\/09\/11\/expo-munecas-artesanales-2024-en-queretaro-celebrando-la-identidad-cultural-del-estado\/","url":"https:\/\/www.nexoinformativo.mx\/index.php\/2024\/09\/11\/expo-munecas-artesanales-2024-en-queretaro-celebrando-la-identidad-cultural-del-estado\/","name":"Expo mu\u00f1ecas artesanales 2024 en Quer\u00e9taro: Celebrando la identidad cultural del estado | Nexo Informativo Santiago de Quer\u00e9taro","isPartOf":{"@id":"https:\/\/www.nexoinformativo.mx\/#website"},"primaryImageOfPage":{"@id":"https:\/\/www.nexoinformativo.mx\/index.php\/2024\/09\/11\/expo-munecas-artesanales-2024-en-queretaro-celebrando-la-identidad-cultural-del-estado\/#primaryimage"},"image":{"@id":"https:\/\/www.nexoinformativo.mx\/index.php\/2024\/09\/11\/expo-munecas-artesanales-2024-en-queretaro-celebrando-la-identidad-cultural-del-estado\/#primaryimage"},"thumbnailUrl":"https:\/\/www.nexoinformativo.mx\/wp-content\/uploads\/2024\/09\/PHOTO-2024-09-11-12-17-21-e1726080691246.jpg","datePublished":"2024-09-11T16:00:45+00:00","dateModified":"2024-09-11T19:42:25+00:00","description":"Expo mu\u00f1ecas artesanales 2024 en Quer\u00e9taro: Celebrando la identidad cultural del estado","breadcrumb":{"@id":"https:\/\/www.nexoinformativo.mx\/index.php\/2024\/09\/11\/expo-munecas-artesanales-2024-en-queretaro-celebrando-la-identidad-cultural-del-estado\/#breadcrumb"},"inLanguage":"es","potentialAction":[{"@type":"ReadAction","target":["https:\/\/www.nexoinformativo.mx\/index.php\/2024\/09\/11\/expo-munecas-artesanales-2024-en-queretaro-celebrando-la-identidad-cultural-del-estado\/"]}]},{"@type":"ImageObject","inLanguage":"es","@id":"https:\/\/www.nexoinformativo.mx\/index.php\/2024\/09\/11\/expo-munecas-artesanales-2024-en-queretaro-celebrando-la-identidad-cultural-del-estado\/#primaryimage","url":"https:\/\/www.nexoinformativo.mx\/wp-content\/uploads\/2024\/09\/PHOTO-2024-09-11-12-17-21-e1726080691246.jpg","contentUrl":"https:\/\/www.nexoinformativo.mx\/wp-content\/uploads\/2024\/09\/PHOTO-2024-09-11-12-17-21-e1726080691246.jpg","width":800,"height":533},{"@type":"BreadcrumbList","@id":"https:\/\/www.nexoinformativo.mx\/index.php\/2024\/09\/11\/expo-munecas-artesanales-2024-en-queretaro-celebrando-la-identidad-cultural-del-estado\/#breadcrumb","itemListElement":[{"@type":"ListItem","position":1,"name":"Inicio","item":"https:\/\/www.nexoinformativo.mx\/"},{"@type":"ListItem","position":2,"name":"Expo mu\u00f1ecas artesanales 2024 en Quer\u00e9taro: Celebrando la identidad cultural del estado"}]},{"@type":"WebSite","@id":"https:\/\/www.nexoinformativo.mx\/#website","url":"https:\/\/www.nexoinformativo.mx\/","name":"Nexo Informativo Santiago de Quer\u00e9taro","description":"Explora NexoInformativo y convi\u00e9rtete en parte de una comunidad que valora el conocimiento y la verdad. Tu nexoinformativo es tu puente hacia una comprensi\u00f3n m\u00e1s profunda del mundo que te rodea.","publisher":{"@id":"https:\/\/www.nexoinformativo.mx\/#organization"},"potentialAction":[{"@type":"SearchAction","target":{"@type":"EntryPoint","urlTemplate":"https:\/\/www.nexoinformativo.mx\/?s={search_term_string}"},"query-input":{"@type":"PropertyValueSpecification","valueRequired":true,"valueName":"search_term_string"}}],"inLanguage":"es"},{"@type":"Organization","@id":"https:\/\/www.nexoinformativo.mx\/#organization","name":"Nexo Informativo Santiago de Quer\u00e9taro","url":"https:\/\/www.nexoinformativo.mx\/","logo":{"@type":"ImageObject","inLanguage":"es","@id":"https:\/\/www.nexoinformativo.mx\/#\/schema\/logo\/image\/","url":"https:\/\/www.nexoinformativo.mx\/wp-content\/uploads\/2024\/07\/nexoi-trasparente-2.png","contentUrl":"https:\/\/www.nexoinformativo.mx\/wp-content\/uploads\/2024\/07\/nexoi-trasparente-2.png","width":816,"height":339,"caption":"Nexo Informativo Santiago de Quer\u00e9taro"},"image":{"@id":"https:\/\/www.nexoinformativo.mx\/#\/schema\/logo\/image\/"},"sameAs":["https:\/\/www.facebook.com\/people\/Nexo-Informativo\/61564066885511\/"]},{"@type":"Person","@id":"https:\/\/www.nexoinformativo.mx\/#\/schema\/person\/7749d380ba08c8ca00d7bc76fd907b7d","name":"Nexo Informativo","image":{"@type":"ImageObject","inLanguage":"es","@id":"https:\/\/www.nexoinformativo.mx\/#\/schema\/person\/image\/","url":"https:\/\/secure.gravatar.com\/avatar\/dde2928154642a13d95f87ddf1ea9718fe2b46760a005c53e41ff5ad610704e6?s=96&d=mm&r=g","contentUrl":"https:\/\/secure.gravatar.com\/avatar\/dde2928154642a13d95f87ddf1ea9718fe2b46760a005c53e41ff5ad610704e6?s=96&d=mm&r=g","caption":"Nexo Informativo"},"url":"https:\/\/www.nexoinformativo.mx\/index.php\/author\/edicion\/"}]}},"_links":{"self":[{"href":"https:\/\/www.nexoinformativo.mx\/index.php\/wp-json\/wp\/v2\/posts\/1811","targetHints":{"allow":["GET"]}}],"collection":[{"href":"https:\/\/www.nexoinformativo.mx\/index.php\/wp-json\/wp\/v2\/posts"}],"about":[{"href":"https:\/\/www.nexoinformativo.mx\/index.php\/wp-json\/wp\/v2\/types\/post"}],"author":[{"embeddable":true,"href":"https:\/\/www.nexoinformativo.mx\/index.php\/wp-json\/wp\/v2\/users\/3"}],"replies":[{"embeddable":true,"href":"https:\/\/www.nexoinformativo.mx\/index.php\/wp-json\/wp\/v2\/comments?post=1811"}],"version-history":[{"count":5,"href":"https:\/\/www.nexoinformativo.mx\/index.php\/wp-json\/wp\/v2\/posts\/1811\/revisions"}],"predecessor-version":[{"id":1828,"href":"https:\/\/www.nexoinformativo.mx\/index.php\/wp-json\/wp\/v2\/posts\/1811\/revisions\/1828"}],"wp:featuredmedia":[{"embeddable":true,"href":"https:\/\/www.nexoinformativo.mx\/index.php\/wp-json\/wp\/v2\/media\/1813"}],"wp:attachment":[{"href":"https:\/\/www.nexoinformativo.mx\/index.php\/wp-json\/wp\/v2\/media?parent=1811"}],"wp:term":[{"taxonomy":"category","embeddable":true,"href":"https:\/\/www.nexoinformativo.mx\/index.php\/wp-json\/wp\/v2\/categories?post=1811"},{"taxonomy":"post_tag","embeddable":true,"href":"https:\/\/www.nexoinformativo.mx\/index.php\/wp-json\/wp\/v2\/tags?post=1811"}],"curies":[{"name":"wp","href":"https:\/\/api.w.org\/{rel}","templated":true}]}}