{"id":1821,"date":"2024-09-11T10:00:49","date_gmt":"2024-09-11T16:00:49","guid":{"rendered":"https:\/\/www.nexoinformativo.mx\/?p=1821"},"modified":"2024-09-15T12:07:08","modified_gmt":"2024-09-15T18:07:08","slug":"gobernador-kuri-considera-traicion-el-apoyo-de-yunes-a-la-reforma-judicial","status":"publish","type":"post","link":"https:\/\/www.nexoinformativo.mx\/index.php\/2024\/09\/11\/gobernador-kuri-considera-traicion-el-apoyo-de-yunes-a-la-reforma-judicial\/","title":{"rendered":"Gobernador Kuri considera traici\u00f3n el apoyo de Yunes a la Reforma Judicial"},"content":{"rendered":"<p style=\"text-align: justify;\">El gobernador de Quer\u00e9taro, <strong>Mauricio Kuri<\/strong>, calific\u00f3 como una &#8220;traici\u00f3n&#8221; el voto de los panistas <strong>Miguel \u00c1ngel Yunes M\u00e1rquez<\/strong> y <strong>Miguel \u00c1ngel Yunes Linares<\/strong> en favor de la Reforma al Poder Judicial. Los Yunes, senador y su suplente, respectivamente, tomaron partido en la aprobaci\u00f3n de la reforma propuesta por la administraci\u00f3n de AMLO algo que Kuri.<\/p>\n<p>&nbsp;<\/p>\n<p style=\"text-align: justify;\">En una declaraci\u00f3n, se\u00f1al\u00f3 que el apoyo a la reforma no solo es una traici\u00f3n a un partido pol\u00edtico, sino a los ideales que comparten los miembros del PAN. <strong>&#8220;Me preocupar\u00eda much\u00edsimo porque ser\u00eda una traici\u00f3n, no a un partido pol\u00edtico, sino a los ideales que compartimos&#8221;<\/strong>, expres\u00f3 el gobernador.<\/p>\n<h3 style=\"text-align: justify;\"><\/h3>\n<p>&nbsp;<\/p>\n<p style=\"text-align: justify;\">La reforma ha sido un tema altamente debatido en el pa\u00eds, ya que propone elecciones populares para elegir a jueces y magistrados, algo que para muchos podr\u00eda comprometer la independencia del Poder Judicial.\u00a0La decisi\u00f3n de Yunes M\u00e1rquez y Yunes Linares de votar a favor de la reforma judicial ha generado divisiones dentro del PAN. Esta acci\u00f3n por parte de los Yunes podr\u00eda interpretarse como una se\u00f1al de <strong>fractura interna.<\/strong><\/p>\n<p>&nbsp;<\/p>\n<p style=\"text-align: justify;\">Mientras tanto, la <strong>Reforma al Poder Judicial<\/strong> sigue avanzando y el debate contin\u00faa tanto dentro como fuera del Congreso. La postura del gobernador refleja una parte de las preocupaciones que muchos tienen sobre los <strong>posibles impactos<\/strong> que esta reforma podr\u00eda tener en el sistema de justicia y en la pol\u00edtica del pa\u00eds en general.<\/p>\n<p>&nbsp;<\/p>\n<hr \/>\n","protected":false},"excerpt":{"rendered":"<p>El gobernador de Quer\u00e9taro, Mauricio Kuri, calific\u00f3 como una &#8220;traici\u00f3n&#8221; el voto de los panistas Miguel \u00c1ngel Yunes M\u00e1rquez y Miguel \u00c1ngel Yunes Linares en favor de la Reforma al Poder Judicial.<\/p>\n","protected":false},"author":3,"featured_media":1956,"comment_status":"open","ping_status":"open","sticky":false,"template":"","format":"standard","meta":{"footnotes":""},"categories":[42],"tags":[661,663,272,662],"class_list":["post-1821","post","type-post","status-publish","format-standard","has-post-thumbnail","hentry","category-estado","tag-mauriciokuri","tag-politicamexicana","tag-reformajudicial","tag-yunes"],"yoast_head":"<!-- This site is optimized with the Yoast SEO plugin v25.0 - https:\/\/yoast.com\/wordpress\/plugins\/seo\/ -->\n<title>Gobernador Kuri considera traici\u00f3n el apoyo de Yunes a la Reforma Judicial | Nexo Informativo Santiago de Quer\u00e9taro<\/title>\n<meta name=\"description\" content=\"Gobernador Kuri considera traici\u00f3n el apoyo de Yunes a la Reforma Judicial\" \/>\n<meta name=\"robots\" content=\"index, follow, max-snippet:-1, max-image-preview:large, max-video-preview:-1\" \/>\n<link rel=\"canonical\" href=\"https:\/\/www.nexoinformativo.mx\/index.php\/2024\/09\/11\/gobernador-kuri-considera-traicion-el-apoyo-de-yunes-a-la-reforma-judicial\/\" \/>\n<meta property=\"og:locale\" content=\"es_MX\" \/>\n<meta property=\"og:type\" content=\"article\" \/>\n<meta property=\"og:title\" content=\"Gobernador Kuri considera traici\u00f3n el apoyo de Yunes a la Reforma Judicial | Nexo Informativo Santiago de Quer\u00e9taro\" \/>\n<meta property=\"og:description\" content=\"Gobernador Kuri considera traici\u00f3n el apoyo de Yunes a la Reforma Judicial\" \/>\n<meta property=\"og:url\" content=\"https:\/\/www.nexoinformativo.mx\/index.php\/2024\/09\/11\/gobernador-kuri-considera-traicion-el-apoyo-de-yunes-a-la-reforma-judicial\/\" \/>\n<meta property=\"og:site_name\" content=\"Nexo Informativo Santiago de Quer\u00e9taro\" \/>\n<meta property=\"article:publisher\" content=\"https:\/\/www.facebook.com\/people\/Nexo-Informativo\/61564066885511\/\" \/>\n<meta property=\"article:published_time\" content=\"2024-09-11T16:00:49+00:00\" \/>\n<meta property=\"article:modified_time\" content=\"2024-09-15T18:07:08+00:00\" \/>\n<meta property=\"og:image\" content=\"https:\/\/www.nexoinformativo.mx\/wp-content\/uploads\/2024\/09\/Mauricio_Kuri_Gonzalez_en_el_pleno_del_senado.jpg\" \/>\n\t<meta property=\"og:image:width\" content=\"800\" \/>\n\t<meta property=\"og:image:height\" content=\"514\" \/>\n\t<meta property=\"og:image:type\" content=\"image\/jpeg\" \/>\n<meta name=\"author\" content=\"Nexo Informativo\" \/>\n<meta name=\"twitter:card\" content=\"summary_large_image\" \/>\n<meta name=\"twitter:label1\" content=\"Escrito por\" \/>\n\t<meta name=\"twitter:data1\" content=\"Nexo Informativo\" \/>\n\t<meta name=\"twitter:label2\" content=\"Tiempo de lectura\" \/>\n\t<meta name=\"twitter:data2\" content=\"2 minutos\" \/>\n<script type=\"application\/ld+json\" class=\"yoast-schema-graph\">{\"@context\":\"https:\/\/schema.org\",\"@graph\":[{\"@type\":\"Article\",\"@id\":\"https:\/\/www.nexoinformativo.mx\/index.php\/2024\/09\/11\/gobernador-kuri-considera-traicion-el-apoyo-de-yunes-a-la-reforma-judicial\/#article\",\"isPartOf\":{\"@id\":\"https:\/\/www.nexoinformativo.mx\/index.php\/2024\/09\/11\/gobernador-kuri-considera-traicion-el-apoyo-de-yunes-a-la-reforma-judicial\/\"},\"author\":{\"name\":\"Nexo Informativo\",\"@id\":\"https:\/\/www.nexoinformativo.mx\/#\/schema\/person\/7749d380ba08c8ca00d7bc76fd907b7d\"},\"headline\":\"Gobernador Kuri considera traici\u00f3n el apoyo de Yunes a la Reforma Judicial\",\"datePublished\":\"2024-09-11T16:00:49+00:00\",\"dateModified\":\"2024-09-15T18:07:08+00:00\",\"mainEntityOfPage\":{\"@id\":\"https:\/\/www.nexoinformativo.mx\/index.php\/2024\/09\/11\/gobernador-kuri-considera-traicion-el-apoyo-de-yunes-a-la-reforma-judicial\/\"},\"wordCount\":272,\"commentCount\":0,\"publisher\":{\"@id\":\"https:\/\/www.nexoinformativo.mx\/#organization\"},\"image\":{\"@id\":\"https:\/\/www.nexoinformativo.mx\/index.php\/2024\/09\/11\/gobernador-kuri-considera-traicion-el-apoyo-de-yunes-a-la-reforma-judicial\/#primaryimage\"},\"thumbnailUrl\":\"https:\/\/www.nexoinformativo.mx\/wp-content\/uploads\/2024\/09\/Mauricio_Kuri_Gonzalez_en_el_pleno_del_senado.jpg\",\"keywords\":[\"MauricioKuri\",\"Pol\u00edticaMexicana\",\"ReformaJudicial\",\"Yunes\"],\"articleSection\":[\"Estado\"],\"inLanguage\":\"es\",\"potentialAction\":[{\"@type\":\"CommentAction\",\"name\":\"Comment\",\"target\":[\"https:\/\/www.nexoinformativo.mx\/index.php\/2024\/09\/11\/gobernador-kuri-considera-traicion-el-apoyo-de-yunes-a-la-reforma-judicial\/#respond\"]}]},{\"@type\":\"WebPage\",\"@id\":\"https:\/\/www.nexoinformativo.mx\/index.php\/2024\/09\/11\/gobernador-kuri-considera-traicion-el-apoyo-de-yunes-a-la-reforma-judicial\/\",\"url\":\"https:\/\/www.nexoinformativo.mx\/index.php\/2024\/09\/11\/gobernador-kuri-considera-traicion-el-apoyo-de-yunes-a-la-reforma-judicial\/\",\"name\":\"Gobernador Kuri considera traici\u00f3n el apoyo de Yunes a la Reforma Judicial | Nexo Informativo Santiago de Quer\u00e9taro\",\"isPartOf\":{\"@id\":\"https:\/\/www.nexoinformativo.mx\/#website\"},\"primaryImageOfPage\":{\"@id\":\"https:\/\/www.nexoinformativo.mx\/index.php\/2024\/09\/11\/gobernador-kuri-considera-traicion-el-apoyo-de-yunes-a-la-reforma-judicial\/#primaryimage\"},\"image\":{\"@id\":\"https:\/\/www.nexoinformativo.mx\/index.php\/2024\/09\/11\/gobernador-kuri-considera-traicion-el-apoyo-de-yunes-a-la-reforma-judicial\/#primaryimage\"},\"thumbnailUrl\":\"https:\/\/www.nexoinformativo.mx\/wp-content\/uploads\/2024\/09\/Mauricio_Kuri_Gonzalez_en_el_pleno_del_senado.jpg\",\"datePublished\":\"2024-09-11T16:00:49+00:00\",\"dateModified\":\"2024-09-15T18:07:08+00:00\",\"description\":\"Gobernador Kuri considera traici\u00f3n el apoyo de Yunes a la Reforma Judicial\",\"breadcrumb\":{\"@id\":\"https:\/\/www.nexoinformativo.mx\/index.php\/2024\/09\/11\/gobernador-kuri-considera-traicion-el-apoyo-de-yunes-a-la-reforma-judicial\/#breadcrumb\"},\"inLanguage\":\"es\",\"potentialAction\":[{\"@type\":\"ReadAction\",\"target\":[\"https:\/\/www.nexoinformativo.mx\/index.php\/2024\/09\/11\/gobernador-kuri-considera-traicion-el-apoyo-de-yunes-a-la-reforma-judicial\/\"]}]},{\"@type\":\"ImageObject\",\"inLanguage\":\"es\",\"@id\":\"https:\/\/www.nexoinformativo.mx\/index.php\/2024\/09\/11\/gobernador-kuri-considera-traicion-el-apoyo-de-yunes-a-la-reforma-judicial\/#primaryimage\",\"url\":\"https:\/\/www.nexoinformativo.mx\/wp-content\/uploads\/2024\/09\/Mauricio_Kuri_Gonzalez_en_el_pleno_del_senado.jpg\",\"contentUrl\":\"https:\/\/www.nexoinformativo.mx\/wp-content\/uploads\/2024\/09\/Mauricio_Kuri_Gonzalez_en_el_pleno_del_senado.jpg\",\"width\":800,\"height\":514},{\"@type\":\"BreadcrumbList\",\"@id\":\"https:\/\/www.nexoinformativo.mx\/index.php\/2024\/09\/11\/gobernador-kuri-considera-traicion-el-apoyo-de-yunes-a-la-reforma-judicial\/#breadcrumb\",\"itemListElement\":[{\"@type\":\"ListItem\",\"position\":1,\"name\":\"Inicio\",\"item\":\"https:\/\/www.nexoinformativo.mx\/\"},{\"@type\":\"ListItem\",\"position\":2,\"name\":\"Gobernador Kuri considera traici\u00f3n el apoyo de Yunes a la Reforma Judicial\"}]},{\"@type\":\"WebSite\",\"@id\":\"https:\/\/www.nexoinformativo.mx\/#website\",\"url\":\"https:\/\/www.nexoinformativo.mx\/\",\"name\":\"Nexo Informativo Santiago de Quer\u00e9taro\",\"description\":\"Explora NexoInformativo y convi\u00e9rtete en parte de una comunidad que valora el conocimiento y la verdad. Tu nexoinformativo es tu puente hacia una comprensi\u00f3n m\u00e1s profunda del mundo que te rodea.\",\"publisher\":{\"@id\":\"https:\/\/www.nexoinformativo.mx\/#organization\"},\"potentialAction\":[{\"@type\":\"SearchAction\",\"target\":{\"@type\":\"EntryPoint\",\"urlTemplate\":\"https:\/\/www.nexoinformativo.mx\/?s={search_term_string}\"},\"query-input\":{\"@type\":\"PropertyValueSpecification\",\"valueRequired\":true,\"valueName\":\"search_term_string\"}}],\"inLanguage\":\"es\"},{\"@type\":\"Organization\",\"@id\":\"https:\/\/www.nexoinformativo.mx\/#organization\",\"name\":\"Nexo Informativo Santiago de Quer\u00e9taro\",\"url\":\"https:\/\/www.nexoinformativo.mx\/\",\"logo\":{\"@type\":\"ImageObject\",\"inLanguage\":\"es\",\"@id\":\"https:\/\/www.nexoinformativo.mx\/#\/schema\/logo\/image\/\",\"url\":\"https:\/\/www.nexoinformativo.mx\/wp-content\/uploads\/2024\/07\/nexoi-trasparente-2.png\",\"contentUrl\":\"https:\/\/www.nexoinformativo.mx\/wp-content\/uploads\/2024\/07\/nexoi-trasparente-2.png\",\"width\":816,\"height\":339,\"caption\":\"Nexo Informativo Santiago de Quer\u00e9taro\"},\"image\":{\"@id\":\"https:\/\/www.nexoinformativo.mx\/#\/schema\/logo\/image\/\"},\"sameAs\":[\"https:\/\/www.facebook.com\/people\/Nexo-Informativo\/61564066885511\/\"]},{\"@type\":\"Person\",\"@id\":\"https:\/\/www.nexoinformativo.mx\/#\/schema\/person\/7749d380ba08c8ca00d7bc76fd907b7d\",\"name\":\"Nexo Informativo\",\"image\":{\"@type\":\"ImageObject\",\"inLanguage\":\"es\",\"@id\":\"https:\/\/www.nexoinformativo.mx\/#\/schema\/person\/image\/\",\"url\":\"https:\/\/secure.gravatar.com\/avatar\/dde2928154642a13d95f87ddf1ea9718fe2b46760a005c53e41ff5ad610704e6?s=96&d=mm&r=g\",\"contentUrl\":\"https:\/\/secure.gravatar.com\/avatar\/dde2928154642a13d95f87ddf1ea9718fe2b46760a005c53e41ff5ad610704e6?s=96&d=mm&r=g\",\"caption\":\"Nexo Informativo\"},\"url\":\"https:\/\/www.nexoinformativo.mx\/index.php\/author\/edicion\/\"}]}<\/script>\n<!-- \/ Yoast SEO plugin. -->","yoast_head_json":{"title":"Gobernador Kuri considera traici\u00f3n el apoyo de Yunes a la Reforma Judicial | Nexo Informativo Santiago de Quer\u00e9taro","description":"Gobernador Kuri considera traici\u00f3n el apoyo de Yunes a la Reforma Judicial","robots":{"index":"index","follow":"follow","max-snippet":"max-snippet:-1","max-image-preview":"max-image-preview:large","max-video-preview":"max-video-preview:-1"},"canonical":"https:\/\/www.nexoinformativo.mx\/index.php\/2024\/09\/11\/gobernador-kuri-considera-traicion-el-apoyo-de-yunes-a-la-reforma-judicial\/","og_locale":"es_MX","og_type":"article","og_title":"Gobernador Kuri considera traici\u00f3n el apoyo de Yunes a la Reforma Judicial | Nexo Informativo Santiago de Quer\u00e9taro","og_description":"Gobernador Kuri considera traici\u00f3n el apoyo de Yunes a la Reforma Judicial","og_url":"https:\/\/www.nexoinformativo.mx\/index.php\/2024\/09\/11\/gobernador-kuri-considera-traicion-el-apoyo-de-yunes-a-la-reforma-judicial\/","og_site_name":"Nexo Informativo Santiago de Quer\u00e9taro","article_publisher":"https:\/\/www.facebook.com\/people\/Nexo-Informativo\/61564066885511\/","article_published_time":"2024-09-11T16:00:49+00:00","article_modified_time":"2024-09-15T18:07:08+00:00","og_image":[{"width":800,"height":514,"url":"https:\/\/www.nexoinformativo.mx\/wp-content\/uploads\/2024\/09\/Mauricio_Kuri_Gonzalez_en_el_pleno_del_senado.jpg","type":"image\/jpeg"}],"author":"Nexo Informativo","twitter_card":"summary_large_image","twitter_misc":{"Escrito por":"Nexo Informativo","Tiempo de lectura":"2 minutos"},"schema":{"@context":"https:\/\/schema.org","@graph":[{"@type":"Article","@id":"https:\/\/www.nexoinformativo.mx\/index.php\/2024\/09\/11\/gobernador-kuri-considera-traicion-el-apoyo-de-yunes-a-la-reforma-judicial\/#article","isPartOf":{"@id":"https:\/\/www.nexoinformativo.mx\/index.php\/2024\/09\/11\/gobernador-kuri-considera-traicion-el-apoyo-de-yunes-a-la-reforma-judicial\/"},"author":{"name":"Nexo Informativo","@id":"https:\/\/www.nexoinformativo.mx\/#\/schema\/person\/7749d380ba08c8ca00d7bc76fd907b7d"},"headline":"Gobernador Kuri considera traici\u00f3n el apoyo de Yunes a la Reforma Judicial","datePublished":"2024-09-11T16:00:49+00:00","dateModified":"2024-09-15T18:07:08+00:00","mainEntityOfPage":{"@id":"https:\/\/www.nexoinformativo.mx\/index.php\/2024\/09\/11\/gobernador-kuri-considera-traicion-el-apoyo-de-yunes-a-la-reforma-judicial\/"},"wordCount":272,"commentCount":0,"publisher":{"@id":"https:\/\/www.nexoinformativo.mx\/#organization"},"image":{"@id":"https:\/\/www.nexoinformativo.mx\/index.php\/2024\/09\/11\/gobernador-kuri-considera-traicion-el-apoyo-de-yunes-a-la-reforma-judicial\/#primaryimage"},"thumbnailUrl":"https:\/\/www.nexoinformativo.mx\/wp-content\/uploads\/2024\/09\/Mauricio_Kuri_Gonzalez_en_el_pleno_del_senado.jpg","keywords":["MauricioKuri","Pol\u00edticaMexicana","ReformaJudicial","Yunes"],"articleSection":["Estado"],"inLanguage":"es","potentialAction":[{"@type":"CommentAction","name":"Comment","target":["https:\/\/www.nexoinformativo.mx\/index.php\/2024\/09\/11\/gobernador-kuri-considera-traicion-el-apoyo-de-yunes-a-la-reforma-judicial\/#respond"]}]},{"@type":"WebPage","@id":"https:\/\/www.nexoinformativo.mx\/index.php\/2024\/09\/11\/gobernador-kuri-considera-traicion-el-apoyo-de-yunes-a-la-reforma-judicial\/","url":"https:\/\/www.nexoinformativo.mx\/index.php\/2024\/09\/11\/gobernador-kuri-considera-traicion-el-apoyo-de-yunes-a-la-reforma-judicial\/","name":"Gobernador Kuri considera traici\u00f3n el apoyo de Yunes a la Reforma Judicial | Nexo Informativo Santiago de Quer\u00e9taro","isPartOf":{"@id":"https:\/\/www.nexoinformativo.mx\/#website"},"primaryImageOfPage":{"@id":"https:\/\/www.nexoinformativo.mx\/index.php\/2024\/09\/11\/gobernador-kuri-considera-traicion-el-apoyo-de-yunes-a-la-reforma-judicial\/#primaryimage"},"image":{"@id":"https:\/\/www.nexoinformativo.mx\/index.php\/2024\/09\/11\/gobernador-kuri-considera-traicion-el-apoyo-de-yunes-a-la-reforma-judicial\/#primaryimage"},"thumbnailUrl":"https:\/\/www.nexoinformativo.mx\/wp-content\/uploads\/2024\/09\/Mauricio_Kuri_Gonzalez_en_el_pleno_del_senado.jpg","datePublished":"2024-09-11T16:00:49+00:00","dateModified":"2024-09-15T18:07:08+00:00","description":"Gobernador Kuri considera traici\u00f3n el apoyo de Yunes a la Reforma Judicial","breadcrumb":{"@id":"https:\/\/www.nexoinformativo.mx\/index.php\/2024\/09\/11\/gobernador-kuri-considera-traicion-el-apoyo-de-yunes-a-la-reforma-judicial\/#breadcrumb"},"inLanguage":"es","potentialAction":[{"@type":"ReadAction","target":["https:\/\/www.nexoinformativo.mx\/index.php\/2024\/09\/11\/gobernador-kuri-considera-traicion-el-apoyo-de-yunes-a-la-reforma-judicial\/"]}]},{"@type":"ImageObject","inLanguage":"es","@id":"https:\/\/www.nexoinformativo.mx\/index.php\/2024\/09\/11\/gobernador-kuri-considera-traicion-el-apoyo-de-yunes-a-la-reforma-judicial\/#primaryimage","url":"https:\/\/www.nexoinformativo.mx\/wp-content\/uploads\/2024\/09\/Mauricio_Kuri_Gonzalez_en_el_pleno_del_senado.jpg","contentUrl":"https:\/\/www.nexoinformativo.mx\/wp-content\/uploads\/2024\/09\/Mauricio_Kuri_Gonzalez_en_el_pleno_del_senado.jpg","width":800,"height":514},{"@type":"BreadcrumbList","@id":"https:\/\/www.nexoinformativo.mx\/index.php\/2024\/09\/11\/gobernador-kuri-considera-traicion-el-apoyo-de-yunes-a-la-reforma-judicial\/#breadcrumb","itemListElement":[{"@type":"ListItem","position":1,"name":"Inicio","item":"https:\/\/www.nexoinformativo.mx\/"},{"@type":"ListItem","position":2,"name":"Gobernador Kuri considera traici\u00f3n el apoyo de Yunes a la Reforma Judicial"}]},{"@type":"WebSite","@id":"https:\/\/www.nexoinformativo.mx\/#website","url":"https:\/\/www.nexoinformativo.mx\/","name":"Nexo Informativo Santiago de Quer\u00e9taro","description":"Explora NexoInformativo y convi\u00e9rtete en parte de una comunidad que valora el conocimiento y la verdad. Tu nexoinformativo es tu puente hacia una comprensi\u00f3n m\u00e1s profunda del mundo que te rodea.","publisher":{"@id":"https:\/\/www.nexoinformativo.mx\/#organization"},"potentialAction":[{"@type":"SearchAction","target":{"@type":"EntryPoint","urlTemplate":"https:\/\/www.nexoinformativo.mx\/?s={search_term_string}"},"query-input":{"@type":"PropertyValueSpecification","valueRequired":true,"valueName":"search_term_string"}}],"inLanguage":"es"},{"@type":"Organization","@id":"https:\/\/www.nexoinformativo.mx\/#organization","name":"Nexo Informativo Santiago de Quer\u00e9taro","url":"https:\/\/www.nexoinformativo.mx\/","logo":{"@type":"ImageObject","inLanguage":"es","@id":"https:\/\/www.nexoinformativo.mx\/#\/schema\/logo\/image\/","url":"https:\/\/www.nexoinformativo.mx\/wp-content\/uploads\/2024\/07\/nexoi-trasparente-2.png","contentUrl":"https:\/\/www.nexoinformativo.mx\/wp-content\/uploads\/2024\/07\/nexoi-trasparente-2.png","width":816,"height":339,"caption":"Nexo Informativo Santiago de Quer\u00e9taro"},"image":{"@id":"https:\/\/www.nexoinformativo.mx\/#\/schema\/logo\/image\/"},"sameAs":["https:\/\/www.facebook.com\/people\/Nexo-Informativo\/61564066885511\/"]},{"@type":"Person","@id":"https:\/\/www.nexoinformativo.mx\/#\/schema\/person\/7749d380ba08c8ca00d7bc76fd907b7d","name":"Nexo Informativo","image":{"@type":"ImageObject","inLanguage":"es","@id":"https:\/\/www.nexoinformativo.mx\/#\/schema\/person\/image\/","url":"https:\/\/secure.gravatar.com\/avatar\/dde2928154642a13d95f87ddf1ea9718fe2b46760a005c53e41ff5ad610704e6?s=96&d=mm&r=g","contentUrl":"https:\/\/secure.gravatar.com\/avatar\/dde2928154642a13d95f87ddf1ea9718fe2b46760a005c53e41ff5ad610704e6?s=96&d=mm&r=g","caption":"Nexo Informativo"},"url":"https:\/\/www.nexoinformativo.mx\/index.php\/author\/edicion\/"}]}},"_links":{"self":[{"href":"https:\/\/www.nexoinformativo.mx\/index.php\/wp-json\/wp\/v2\/posts\/1821","targetHints":{"allow":["GET"]}}],"collection":[{"href":"https:\/\/www.nexoinformativo.mx\/index.php\/wp-json\/wp\/v2\/posts"}],"about":[{"href":"https:\/\/www.nexoinformativo.mx\/index.php\/wp-json\/wp\/v2\/types\/post"}],"author":[{"embeddable":true,"href":"https:\/\/www.nexoinformativo.mx\/index.php\/wp-json\/wp\/v2\/users\/3"}],"replies":[{"embeddable":true,"href":"https:\/\/www.nexoinformativo.mx\/index.php\/wp-json\/wp\/v2\/comments?post=1821"}],"version-history":[{"count":6,"href":"https:\/\/www.nexoinformativo.mx\/index.php\/wp-json\/wp\/v2\/posts\/1821\/revisions"}],"predecessor-version":[{"id":1957,"href":"https:\/\/www.nexoinformativo.mx\/index.php\/wp-json\/wp\/v2\/posts\/1821\/revisions\/1957"}],"wp:featuredmedia":[{"embeddable":true,"href":"https:\/\/www.nexoinformativo.mx\/index.php\/wp-json\/wp\/v2\/media\/1956"}],"wp:attachment":[{"href":"https:\/\/www.nexoinformativo.mx\/index.php\/wp-json\/wp\/v2\/media?parent=1821"}],"wp:term":[{"taxonomy":"category","embeddable":true,"href":"https:\/\/www.nexoinformativo.mx\/index.php\/wp-json\/wp\/v2\/categories?post=1821"},{"taxonomy":"post_tag","embeddable":true,"href":"https:\/\/www.nexoinformativo.mx\/index.php\/wp-json\/wp\/v2\/tags?post=1821"}],"curies":[{"name":"wp","href":"https:\/\/api.w.org\/{rel}","templated":true}]}}