{"id":1830,"date":"2024-09-11T11:00:25","date_gmt":"2024-09-11T17:00:25","guid":{"rendered":"https:\/\/www.nexoinformativo.mx\/?p=1830"},"modified":"2024-09-11T13:38:37","modified_gmt":"2024-09-11T19:38:37","slug":"municipio-de-queretaro-reconoce-a-empresas-comprometidas-con-la-sostenibilidad-y-la-equidad","status":"publish","type":"post","link":"https:\/\/www.nexoinformativo.mx\/index.php\/2024\/09\/11\/municipio-de-queretaro-reconoce-a-empresas-comprometidas-con-la-sostenibilidad-y-la-equidad\/","title":{"rendered":"Municipio de Quer\u00e9taro reconoce a empresas comprometidas con la sostenibilidad y la equidad"},"content":{"rendered":"<p style=\"text-align: justify;\">Encabezado por el Presidente Municipal Luis Nava, reconoci\u00f3 a empresas comprometidas con la <strong>sostenibilidad<\/strong>, la <strong>equidad de g\u00e9nero<\/strong> y la <strong>responsabilidad social<\/strong> a trav\u00e9s de la convocatoria <strong>\u201cContigo sin L\u00edmites\u201d<\/strong>. Este programa incentiva a las empresas a implementar pol\u00edticas que promuevan la igualdad de g\u00e9nero, el cuidado del medio ambiente y la corresponsabilidad social, fortaleciendo la posici\u00f3n de Quer\u00e9taro como referente de <strong>crecimiento econ\u00f3mico responsable<\/strong>.<\/p>\n<p>&nbsp;<\/p>\n<h3 style=\"text-align: justify;\"><\/h3>\n<p style=\"text-align: justify;\">Durante la entrega de constancias, Luis Nava destac\u00f3 la importancia de generar conciencia para mejorar las condiciones de vida en la comunidad. <strong>&#8220;Quer\u00e9taro lo hacemos todos. Y primeramente tenemos que generar esa conciencia de c\u00f3mo podemos mejorar las condiciones de vida de nuestra ciudad, de nuestra comunidad, de lo que es nuestro hogar com\u00fan&#8221;<\/strong>, coment\u00f3.<\/p>\n<p>&nbsp;<\/p>\n<p style=\"text-align: justify;\">El programa <strong>\u201cContigo sin L\u00edmites\u201d<\/strong> evalu\u00f3 a <strong>32 empresas<\/strong> que demostraron su compromiso en tres ejes fundamentales: <strong>igualdad de g\u00e9nero<\/strong>, <strong>cuidado del medio ambiente<\/strong> y <strong>responsabilidad social<\/strong>. De estas, 13 empresas fueron reconocidas por su destacada labor y tres de ellas ganaron distintivos como l\u00edderes en cada uno de los ejes.<\/p>\n<p>&nbsp;<\/p>\n<p style=\"text-align: justify;\">Las tres empresas que recibieron los distintivos m\u00e1s importantes del programa fueron:<\/p>\n<p>&nbsp;<\/p>\n<ul style=\"text-align: justify;\">\n<li><strong>Dana de M\u00e9xico Corporaci\u00f3n<\/strong>: Reconocida en el eje de <strong>G\u00e9nero y Corresponsabilidad Social<\/strong>.<\/li>\n<li><strong>Ecl\u00e9ctico Harina y Madera<\/strong>: Destacada en el eje <strong>Ambiental<\/strong>.<\/li>\n<li><strong>Corruempaques<\/strong>: Ganadora en el eje de <strong>Responsabilidad Social<\/strong>.<\/li>\n<\/ul>\n<p>&nbsp;<\/p>\n<p style=\"text-align: justify;\">Estas empresas recibir\u00e1n capacitaciones por parte de <strong>Maker\u2019s Lab International<\/strong> y <strong>Reforestando Conciencias A.C.<\/strong>, aliados estrat\u00e9gicos del Municipio de Quer\u00e9taro, para seguir reforzando sus pr\u00e1cticas sostenibles y fomentar el compromiso corporativo.<\/p>\n<p>&nbsp;<\/p>\n<h3 style=\"text-align: justify;\"><\/h3>\n<p style=\"text-align: justify;\">Adem\u00e1s de los tres ganadores, otras empresas que participaron en el programa y obtuvieron reconocimientos por su esfuerzo fueron: <strong>Transporte Fen-Ver<\/strong>, <strong>Engie M\u00e9xico<\/strong>, <strong>Corporativo Complejos Residenciales<\/strong>, <strong>Uni\u00f3n de Minusv\u00e1lidos de Quer\u00e9taro I.A.P.<\/strong>, <strong>Wissenschaft Diagn\u00f3stica y Elemental<\/strong>, <strong>Innovaci\u00f3n en Termoformado<\/strong>, <strong>Solgistika<\/strong>, <strong>Samsung Electronics Digital Appliances M\u00e9xico<\/strong>, e <strong>Inox Market Messico<\/strong>.<\/p>\n<p>&nbsp;<\/p>\n<p style=\"text-align: justify;\">Tambi\u00e9n se entregaron constancias a diversas empresas que demostraron un compromiso significativo con las pr\u00e1cticas sostenibles, entre ellas: <strong>Be Excellent Energy<\/strong>, <strong>Ecobasa Empaques y Corrugados del Baj\u00edo<\/strong>, <strong>Comercializadora Industrial CAEDZA<\/strong>, <strong>Brose Quer\u00e9taro<\/strong>, <strong>Energ\u00eda Renovable del Centro<\/strong>, <strong>Deloitte<\/strong>, <strong>Centro Oncol\u00f3gico y de Radioterapia Tec 100<\/strong>, <strong>F\u00e1brica de Harinas Elizondo<\/strong>, entre otros.<\/p>\n<p>&nbsp;<\/p>\n<h3 style=\"text-align: justify;\"><\/h3>\n<p style=\"text-align: justify;\">El Secretario de Desarrollo Sostenible, <strong>Alejandro Sterling<\/strong>, enfatiz\u00f3 la importancia de iniciativas como &#8220;Contigo sin L\u00edmites&#8221; para el desarrollo sostenible de Quer\u00e9taro. Con el respaldo del gobierno local y aliados estrat\u00e9gicos, se busca seguir promoviendo pol\u00edticas empresariales que beneficien a la comunidad y al medio ambiente.<\/p>\n","protected":false},"excerpt":{"rendered":"<p>Encabezado por el Presidente Municipal Luis Nava, reconoci\u00f3 a empresas comprometidas con la sostenibilidad, la equidad de g\u00e9nero y la responsabilidad social a trav\u00e9s de la convocatoria \u201cContigo sin L\u00edmites\u201d.<\/p>\n","protected":false},"author":3,"featured_media":1831,"comment_status":"open","ping_status":"open","sticky":false,"template":"","format":"standard","meta":{"footnotes":""},"categories":[65,58],"tags":[664,456,665,530],"class_list":["post-1830","post","type-post","status-publish","format-standard","has-post-thumbnail","hentry","category-municipios","category-ultima-hora","tag-empresasresponsables","tag-igualdaddegenero","tag-queretarosustentable","tag-sostenibilidadqueretaro"],"yoast_head":"<!-- This site is optimized with the Yoast SEO plugin v25.0 - https:\/\/yoast.com\/wordpress\/plugins\/seo\/ -->\n<title>Municipio de Quer\u00e9taro reconoce a empresas comprometidas con la sostenibilidad y la equidad | Nexo Informativo Santiago de Quer\u00e9taro<\/title>\n<meta name=\"description\" content=\"Municipio de Quer\u00e9taro reconoce a empresas comprometidas con la sostenibilidad y la equidad\" \/>\n<meta name=\"robots\" content=\"index, follow, max-snippet:-1, max-image-preview:large, max-video-preview:-1\" \/>\n<link rel=\"canonical\" href=\"https:\/\/www.nexoinformativo.mx\/index.php\/2024\/09\/11\/municipio-de-queretaro-reconoce-a-empresas-comprometidas-con-la-sostenibilidad-y-la-equidad\/\" \/>\n<meta property=\"og:locale\" content=\"es_MX\" \/>\n<meta property=\"og:type\" content=\"article\" \/>\n<meta property=\"og:title\" content=\"Municipio de Quer\u00e9taro reconoce a empresas comprometidas con la sostenibilidad y la equidad | Nexo Informativo Santiago de Quer\u00e9taro\" \/>\n<meta property=\"og:description\" content=\"Municipio de Quer\u00e9taro reconoce a empresas comprometidas con la sostenibilidad y la equidad\" \/>\n<meta property=\"og:url\" content=\"https:\/\/www.nexoinformativo.mx\/index.php\/2024\/09\/11\/municipio-de-queretaro-reconoce-a-empresas-comprometidas-con-la-sostenibilidad-y-la-equidad\/\" \/>\n<meta property=\"og:site_name\" content=\"Nexo Informativo Santiago de Quer\u00e9taro\" \/>\n<meta property=\"article:publisher\" content=\"https:\/\/www.facebook.com\/people\/Nexo-Informativo\/61564066885511\/\" \/>\n<meta property=\"article:published_time\" content=\"2024-09-11T17:00:25+00:00\" \/>\n<meta property=\"article:modified_time\" content=\"2024-09-11T19:38:37+00:00\" \/>\n<meta property=\"og:image\" content=\"https:\/\/www.nexoinformativo.mx\/wp-content\/uploads\/2024\/09\/PHOTO-2024-09-11-12-19-12-e1726082411905.jpg\" \/>\n\t<meta property=\"og:image:width\" content=\"800\" \/>\n\t<meta property=\"og:image:height\" content=\"592\" \/>\n\t<meta property=\"og:image:type\" content=\"image\/jpeg\" \/>\n<meta name=\"author\" content=\"Nexo Informativo\" \/>\n<meta name=\"twitter:card\" content=\"summary_large_image\" \/>\n<meta name=\"twitter:label1\" content=\"Escrito por\" \/>\n\t<meta name=\"twitter:data1\" content=\"Nexo Informativo\" \/>\n\t<meta name=\"twitter:label2\" content=\"Tiempo de lectura\" \/>\n\t<meta name=\"twitter:data2\" content=\"2 minutos\" \/>\n<script type=\"application\/ld+json\" class=\"yoast-schema-graph\">{\"@context\":\"https:\/\/schema.org\",\"@graph\":[{\"@type\":\"Article\",\"@id\":\"https:\/\/www.nexoinformativo.mx\/index.php\/2024\/09\/11\/municipio-de-queretaro-reconoce-a-empresas-comprometidas-con-la-sostenibilidad-y-la-equidad\/#article\",\"isPartOf\":{\"@id\":\"https:\/\/www.nexoinformativo.mx\/index.php\/2024\/09\/11\/municipio-de-queretaro-reconoce-a-empresas-comprometidas-con-la-sostenibilidad-y-la-equidad\/\"},\"author\":{\"name\":\"Nexo Informativo\",\"@id\":\"https:\/\/www.nexoinformativo.mx\/#\/schema\/person\/7749d380ba08c8ca00d7bc76fd907b7d\"},\"headline\":\"Municipio de Quer\u00e9taro reconoce a empresas comprometidas con la sostenibilidad y la equidad\",\"datePublished\":\"2024-09-11T17:00:25+00:00\",\"dateModified\":\"2024-09-11T19:38:37+00:00\",\"mainEntityOfPage\":{\"@id\":\"https:\/\/www.nexoinformativo.mx\/index.php\/2024\/09\/11\/municipio-de-queretaro-reconoce-a-empresas-comprometidas-con-la-sostenibilidad-y-la-equidad\/\"},\"wordCount\":454,\"commentCount\":0,\"publisher\":{\"@id\":\"https:\/\/www.nexoinformativo.mx\/#organization\"},\"image\":{\"@id\":\"https:\/\/www.nexoinformativo.mx\/index.php\/2024\/09\/11\/municipio-de-queretaro-reconoce-a-empresas-comprometidas-con-la-sostenibilidad-y-la-equidad\/#primaryimage\"},\"thumbnailUrl\":\"https:\/\/www.nexoinformativo.mx\/wp-content\/uploads\/2024\/09\/PHOTO-2024-09-11-12-19-12-e1726082411905.jpg\",\"keywords\":[\"EmpresasResponsables\",\"IgualdadDeG\u00e9nero\",\"Quer\u00e9taroSustentable\",\"SostenibilidadQuer\u00e9taro\"],\"articleSection\":[\"Municipios\",\"\u00daltima Hora\"],\"inLanguage\":\"es\",\"potentialAction\":[{\"@type\":\"CommentAction\",\"name\":\"Comment\",\"target\":[\"https:\/\/www.nexoinformativo.mx\/index.php\/2024\/09\/11\/municipio-de-queretaro-reconoce-a-empresas-comprometidas-con-la-sostenibilidad-y-la-equidad\/#respond\"]}]},{\"@type\":\"WebPage\",\"@id\":\"https:\/\/www.nexoinformativo.mx\/index.php\/2024\/09\/11\/municipio-de-queretaro-reconoce-a-empresas-comprometidas-con-la-sostenibilidad-y-la-equidad\/\",\"url\":\"https:\/\/www.nexoinformativo.mx\/index.php\/2024\/09\/11\/municipio-de-queretaro-reconoce-a-empresas-comprometidas-con-la-sostenibilidad-y-la-equidad\/\",\"name\":\"Municipio de Quer\u00e9taro reconoce a empresas comprometidas con la sostenibilidad y la equidad | Nexo Informativo Santiago de Quer\u00e9taro\",\"isPartOf\":{\"@id\":\"https:\/\/www.nexoinformativo.mx\/#website\"},\"primaryImageOfPage\":{\"@id\":\"https:\/\/www.nexoinformativo.mx\/index.php\/2024\/09\/11\/municipio-de-queretaro-reconoce-a-empresas-comprometidas-con-la-sostenibilidad-y-la-equidad\/#primaryimage\"},\"image\":{\"@id\":\"https:\/\/www.nexoinformativo.mx\/index.php\/2024\/09\/11\/municipio-de-queretaro-reconoce-a-empresas-comprometidas-con-la-sostenibilidad-y-la-equidad\/#primaryimage\"},\"thumbnailUrl\":\"https:\/\/www.nexoinformativo.mx\/wp-content\/uploads\/2024\/09\/PHOTO-2024-09-11-12-19-12-e1726082411905.jpg\",\"datePublished\":\"2024-09-11T17:00:25+00:00\",\"dateModified\":\"2024-09-11T19:38:37+00:00\",\"description\":\"Municipio de Quer\u00e9taro reconoce a empresas comprometidas con la sostenibilidad y la equidad\",\"breadcrumb\":{\"@id\":\"https:\/\/www.nexoinformativo.mx\/index.php\/2024\/09\/11\/municipio-de-queretaro-reconoce-a-empresas-comprometidas-con-la-sostenibilidad-y-la-equidad\/#breadcrumb\"},\"inLanguage\":\"es\",\"potentialAction\":[{\"@type\":\"ReadAction\",\"target\":[\"https:\/\/www.nexoinformativo.mx\/index.php\/2024\/09\/11\/municipio-de-queretaro-reconoce-a-empresas-comprometidas-con-la-sostenibilidad-y-la-equidad\/\"]}]},{\"@type\":\"ImageObject\",\"inLanguage\":\"es\",\"@id\":\"https:\/\/www.nexoinformativo.mx\/index.php\/2024\/09\/11\/municipio-de-queretaro-reconoce-a-empresas-comprometidas-con-la-sostenibilidad-y-la-equidad\/#primaryimage\",\"url\":\"https:\/\/www.nexoinformativo.mx\/wp-content\/uploads\/2024\/09\/PHOTO-2024-09-11-12-19-12-e1726082411905.jpg\",\"contentUrl\":\"https:\/\/www.nexoinformativo.mx\/wp-content\/uploads\/2024\/09\/PHOTO-2024-09-11-12-19-12-e1726082411905.jpg\",\"width\":800,\"height\":592},{\"@type\":\"BreadcrumbList\",\"@id\":\"https:\/\/www.nexoinformativo.mx\/index.php\/2024\/09\/11\/municipio-de-queretaro-reconoce-a-empresas-comprometidas-con-la-sostenibilidad-y-la-equidad\/#breadcrumb\",\"itemListElement\":[{\"@type\":\"ListItem\",\"position\":1,\"name\":\"Inicio\",\"item\":\"https:\/\/www.nexoinformativo.mx\/\"},{\"@type\":\"ListItem\",\"position\":2,\"name\":\"Municipio de Quer\u00e9taro reconoce a empresas comprometidas con la sostenibilidad y la equidad\"}]},{\"@type\":\"WebSite\",\"@id\":\"https:\/\/www.nexoinformativo.mx\/#website\",\"url\":\"https:\/\/www.nexoinformativo.mx\/\",\"name\":\"Nexo Informativo Santiago de Quer\u00e9taro\",\"description\":\"Explora NexoInformativo y convi\u00e9rtete en parte de una comunidad que valora el conocimiento y la verdad. Tu nexoinformativo es tu puente hacia una comprensi\u00f3n m\u00e1s profunda del mundo que te rodea.\",\"publisher\":{\"@id\":\"https:\/\/www.nexoinformativo.mx\/#organization\"},\"potentialAction\":[{\"@type\":\"SearchAction\",\"target\":{\"@type\":\"EntryPoint\",\"urlTemplate\":\"https:\/\/www.nexoinformativo.mx\/?s={search_term_string}\"},\"query-input\":{\"@type\":\"PropertyValueSpecification\",\"valueRequired\":true,\"valueName\":\"search_term_string\"}}],\"inLanguage\":\"es\"},{\"@type\":\"Organization\",\"@id\":\"https:\/\/www.nexoinformativo.mx\/#organization\",\"name\":\"Nexo Informativo Santiago de Quer\u00e9taro\",\"url\":\"https:\/\/www.nexoinformativo.mx\/\",\"logo\":{\"@type\":\"ImageObject\",\"inLanguage\":\"es\",\"@id\":\"https:\/\/www.nexoinformativo.mx\/#\/schema\/logo\/image\/\",\"url\":\"https:\/\/www.nexoinformativo.mx\/wp-content\/uploads\/2024\/07\/nexoi-trasparente-2.png\",\"contentUrl\":\"https:\/\/www.nexoinformativo.mx\/wp-content\/uploads\/2024\/07\/nexoi-trasparente-2.png\",\"width\":816,\"height\":339,\"caption\":\"Nexo Informativo Santiago de Quer\u00e9taro\"},\"image\":{\"@id\":\"https:\/\/www.nexoinformativo.mx\/#\/schema\/logo\/image\/\"},\"sameAs\":[\"https:\/\/www.facebook.com\/people\/Nexo-Informativo\/61564066885511\/\"]},{\"@type\":\"Person\",\"@id\":\"https:\/\/www.nexoinformativo.mx\/#\/schema\/person\/7749d380ba08c8ca00d7bc76fd907b7d\",\"name\":\"Nexo Informativo\",\"image\":{\"@type\":\"ImageObject\",\"inLanguage\":\"es\",\"@id\":\"https:\/\/www.nexoinformativo.mx\/#\/schema\/person\/image\/\",\"url\":\"https:\/\/secure.gravatar.com\/avatar\/dde2928154642a13d95f87ddf1ea9718fe2b46760a005c53e41ff5ad610704e6?s=96&d=mm&r=g\",\"contentUrl\":\"https:\/\/secure.gravatar.com\/avatar\/dde2928154642a13d95f87ddf1ea9718fe2b46760a005c53e41ff5ad610704e6?s=96&d=mm&r=g\",\"caption\":\"Nexo Informativo\"},\"url\":\"https:\/\/www.nexoinformativo.mx\/index.php\/author\/edicion\/\"}]}<\/script>\n<!-- \/ Yoast SEO plugin. -->","yoast_head_json":{"title":"Municipio de Quer\u00e9taro reconoce a empresas comprometidas con la sostenibilidad y la equidad | Nexo Informativo Santiago de Quer\u00e9taro","description":"Municipio de Quer\u00e9taro reconoce a empresas comprometidas con la sostenibilidad y la equidad","robots":{"index":"index","follow":"follow","max-snippet":"max-snippet:-1","max-image-preview":"max-image-preview:large","max-video-preview":"max-video-preview:-1"},"canonical":"https:\/\/www.nexoinformativo.mx\/index.php\/2024\/09\/11\/municipio-de-queretaro-reconoce-a-empresas-comprometidas-con-la-sostenibilidad-y-la-equidad\/","og_locale":"es_MX","og_type":"article","og_title":"Municipio de Quer\u00e9taro reconoce a empresas comprometidas con la sostenibilidad y la equidad | Nexo Informativo Santiago de Quer\u00e9taro","og_description":"Municipio de Quer\u00e9taro reconoce a empresas comprometidas con la sostenibilidad y la equidad","og_url":"https:\/\/www.nexoinformativo.mx\/index.php\/2024\/09\/11\/municipio-de-queretaro-reconoce-a-empresas-comprometidas-con-la-sostenibilidad-y-la-equidad\/","og_site_name":"Nexo Informativo Santiago de Quer\u00e9taro","article_publisher":"https:\/\/www.facebook.com\/people\/Nexo-Informativo\/61564066885511\/","article_published_time":"2024-09-11T17:00:25+00:00","article_modified_time":"2024-09-11T19:38:37+00:00","og_image":[{"width":800,"height":592,"url":"https:\/\/www.nexoinformativo.mx\/wp-content\/uploads\/2024\/09\/PHOTO-2024-09-11-12-19-12-e1726082411905.jpg","type":"image\/jpeg"}],"author":"Nexo Informativo","twitter_card":"summary_large_image","twitter_misc":{"Escrito por":"Nexo Informativo","Tiempo de lectura":"2 minutos"},"schema":{"@context":"https:\/\/schema.org","@graph":[{"@type":"Article","@id":"https:\/\/www.nexoinformativo.mx\/index.php\/2024\/09\/11\/municipio-de-queretaro-reconoce-a-empresas-comprometidas-con-la-sostenibilidad-y-la-equidad\/#article","isPartOf":{"@id":"https:\/\/www.nexoinformativo.mx\/index.php\/2024\/09\/11\/municipio-de-queretaro-reconoce-a-empresas-comprometidas-con-la-sostenibilidad-y-la-equidad\/"},"author":{"name":"Nexo Informativo","@id":"https:\/\/www.nexoinformativo.mx\/#\/schema\/person\/7749d380ba08c8ca00d7bc76fd907b7d"},"headline":"Municipio de Quer\u00e9taro reconoce a empresas comprometidas con la sostenibilidad y la equidad","datePublished":"2024-09-11T17:00:25+00:00","dateModified":"2024-09-11T19:38:37+00:00","mainEntityOfPage":{"@id":"https:\/\/www.nexoinformativo.mx\/index.php\/2024\/09\/11\/municipio-de-queretaro-reconoce-a-empresas-comprometidas-con-la-sostenibilidad-y-la-equidad\/"},"wordCount":454,"commentCount":0,"publisher":{"@id":"https:\/\/www.nexoinformativo.mx\/#organization"},"image":{"@id":"https:\/\/www.nexoinformativo.mx\/index.php\/2024\/09\/11\/municipio-de-queretaro-reconoce-a-empresas-comprometidas-con-la-sostenibilidad-y-la-equidad\/#primaryimage"},"thumbnailUrl":"https:\/\/www.nexoinformativo.mx\/wp-content\/uploads\/2024\/09\/PHOTO-2024-09-11-12-19-12-e1726082411905.jpg","keywords":["EmpresasResponsables","IgualdadDeG\u00e9nero","Quer\u00e9taroSustentable","SostenibilidadQuer\u00e9taro"],"articleSection":["Municipios","\u00daltima Hora"],"inLanguage":"es","potentialAction":[{"@type":"CommentAction","name":"Comment","target":["https:\/\/www.nexoinformativo.mx\/index.php\/2024\/09\/11\/municipio-de-queretaro-reconoce-a-empresas-comprometidas-con-la-sostenibilidad-y-la-equidad\/#respond"]}]},{"@type":"WebPage","@id":"https:\/\/www.nexoinformativo.mx\/index.php\/2024\/09\/11\/municipio-de-queretaro-reconoce-a-empresas-comprometidas-con-la-sostenibilidad-y-la-equidad\/","url":"https:\/\/www.nexoinformativo.mx\/index.php\/2024\/09\/11\/municipio-de-queretaro-reconoce-a-empresas-comprometidas-con-la-sostenibilidad-y-la-equidad\/","name":"Municipio de Quer\u00e9taro reconoce a empresas comprometidas con la sostenibilidad y la equidad | Nexo Informativo Santiago de Quer\u00e9taro","isPartOf":{"@id":"https:\/\/www.nexoinformativo.mx\/#website"},"primaryImageOfPage":{"@id":"https:\/\/www.nexoinformativo.mx\/index.php\/2024\/09\/11\/municipio-de-queretaro-reconoce-a-empresas-comprometidas-con-la-sostenibilidad-y-la-equidad\/#primaryimage"},"image":{"@id":"https:\/\/www.nexoinformativo.mx\/index.php\/2024\/09\/11\/municipio-de-queretaro-reconoce-a-empresas-comprometidas-con-la-sostenibilidad-y-la-equidad\/#primaryimage"},"thumbnailUrl":"https:\/\/www.nexoinformativo.mx\/wp-content\/uploads\/2024\/09\/PHOTO-2024-09-11-12-19-12-e1726082411905.jpg","datePublished":"2024-09-11T17:00:25+00:00","dateModified":"2024-09-11T19:38:37+00:00","description":"Municipio de Quer\u00e9taro reconoce a empresas comprometidas con la sostenibilidad y la equidad","breadcrumb":{"@id":"https:\/\/www.nexoinformativo.mx\/index.php\/2024\/09\/11\/municipio-de-queretaro-reconoce-a-empresas-comprometidas-con-la-sostenibilidad-y-la-equidad\/#breadcrumb"},"inLanguage":"es","potentialAction":[{"@type":"ReadAction","target":["https:\/\/www.nexoinformativo.mx\/index.php\/2024\/09\/11\/municipio-de-queretaro-reconoce-a-empresas-comprometidas-con-la-sostenibilidad-y-la-equidad\/"]}]},{"@type":"ImageObject","inLanguage":"es","@id":"https:\/\/www.nexoinformativo.mx\/index.php\/2024\/09\/11\/municipio-de-queretaro-reconoce-a-empresas-comprometidas-con-la-sostenibilidad-y-la-equidad\/#primaryimage","url":"https:\/\/www.nexoinformativo.mx\/wp-content\/uploads\/2024\/09\/PHOTO-2024-09-11-12-19-12-e1726082411905.jpg","contentUrl":"https:\/\/www.nexoinformativo.mx\/wp-content\/uploads\/2024\/09\/PHOTO-2024-09-11-12-19-12-e1726082411905.jpg","width":800,"height":592},{"@type":"BreadcrumbList","@id":"https:\/\/www.nexoinformativo.mx\/index.php\/2024\/09\/11\/municipio-de-queretaro-reconoce-a-empresas-comprometidas-con-la-sostenibilidad-y-la-equidad\/#breadcrumb","itemListElement":[{"@type":"ListItem","position":1,"name":"Inicio","item":"https:\/\/www.nexoinformativo.mx\/"},{"@type":"ListItem","position":2,"name":"Municipio de Quer\u00e9taro reconoce a empresas comprometidas con la sostenibilidad y la equidad"}]},{"@type":"WebSite","@id":"https:\/\/www.nexoinformativo.mx\/#website","url":"https:\/\/www.nexoinformativo.mx\/","name":"Nexo Informativo Santiago de Quer\u00e9taro","description":"Explora NexoInformativo y convi\u00e9rtete en parte de una comunidad que valora el conocimiento y la verdad. Tu nexoinformativo es tu puente hacia una comprensi\u00f3n m\u00e1s profunda del mundo que te rodea.","publisher":{"@id":"https:\/\/www.nexoinformativo.mx\/#organization"},"potentialAction":[{"@type":"SearchAction","target":{"@type":"EntryPoint","urlTemplate":"https:\/\/www.nexoinformativo.mx\/?s={search_term_string}"},"query-input":{"@type":"PropertyValueSpecification","valueRequired":true,"valueName":"search_term_string"}}],"inLanguage":"es"},{"@type":"Organization","@id":"https:\/\/www.nexoinformativo.mx\/#organization","name":"Nexo Informativo Santiago de Quer\u00e9taro","url":"https:\/\/www.nexoinformativo.mx\/","logo":{"@type":"ImageObject","inLanguage":"es","@id":"https:\/\/www.nexoinformativo.mx\/#\/schema\/logo\/image\/","url":"https:\/\/www.nexoinformativo.mx\/wp-content\/uploads\/2024\/07\/nexoi-trasparente-2.png","contentUrl":"https:\/\/www.nexoinformativo.mx\/wp-content\/uploads\/2024\/07\/nexoi-trasparente-2.png","width":816,"height":339,"caption":"Nexo Informativo Santiago de Quer\u00e9taro"},"image":{"@id":"https:\/\/www.nexoinformativo.mx\/#\/schema\/logo\/image\/"},"sameAs":["https:\/\/www.facebook.com\/people\/Nexo-Informativo\/61564066885511\/"]},{"@type":"Person","@id":"https:\/\/www.nexoinformativo.mx\/#\/schema\/person\/7749d380ba08c8ca00d7bc76fd907b7d","name":"Nexo Informativo","image":{"@type":"ImageObject","inLanguage":"es","@id":"https:\/\/www.nexoinformativo.mx\/#\/schema\/person\/image\/","url":"https:\/\/secure.gravatar.com\/avatar\/dde2928154642a13d95f87ddf1ea9718fe2b46760a005c53e41ff5ad610704e6?s=96&d=mm&r=g","contentUrl":"https:\/\/secure.gravatar.com\/avatar\/dde2928154642a13d95f87ddf1ea9718fe2b46760a005c53e41ff5ad610704e6?s=96&d=mm&r=g","caption":"Nexo Informativo"},"url":"https:\/\/www.nexoinformativo.mx\/index.php\/author\/edicion\/"}]}},"_links":{"self":[{"href":"https:\/\/www.nexoinformativo.mx\/index.php\/wp-json\/wp\/v2\/posts\/1830","targetHints":{"allow":["GET"]}}],"collection":[{"href":"https:\/\/www.nexoinformativo.mx\/index.php\/wp-json\/wp\/v2\/posts"}],"about":[{"href":"https:\/\/www.nexoinformativo.mx\/index.php\/wp-json\/wp\/v2\/types\/post"}],"author":[{"embeddable":true,"href":"https:\/\/www.nexoinformativo.mx\/index.php\/wp-json\/wp\/v2\/users\/3"}],"replies":[{"embeddable":true,"href":"https:\/\/www.nexoinformativo.mx\/index.php\/wp-json\/wp\/v2\/comments?post=1830"}],"version-history":[{"count":4,"href":"https:\/\/www.nexoinformativo.mx\/index.php\/wp-json\/wp\/v2\/posts\/1830\/revisions"}],"predecessor-version":[{"id":1837,"href":"https:\/\/www.nexoinformativo.mx\/index.php\/wp-json\/wp\/v2\/posts\/1830\/revisions\/1837"}],"wp:featuredmedia":[{"embeddable":true,"href":"https:\/\/www.nexoinformativo.mx\/index.php\/wp-json\/wp\/v2\/media\/1831"}],"wp:attachment":[{"href":"https:\/\/www.nexoinformativo.mx\/index.php\/wp-json\/wp\/v2\/media?parent=1830"}],"wp:term":[{"taxonomy":"category","embeddable":true,"href":"https:\/\/www.nexoinformativo.mx\/index.php\/wp-json\/wp\/v2\/categories?post=1830"},{"taxonomy":"post_tag","embeddable":true,"href":"https:\/\/www.nexoinformativo.mx\/index.php\/wp-json\/wp\/v2\/tags?post=1830"}],"curies":[{"name":"wp","href":"https:\/\/api.w.org\/{rel}","templated":true}]}}