{"id":1838,"date":"2024-09-11T17:00:00","date_gmt":"2024-09-11T23:00:00","guid":{"rendered":"https:\/\/www.nexoinformativo.mx\/?p=1838"},"modified":"2024-09-11T22:10:50","modified_gmt":"2024-09-12T04:10:50","slug":"joven-de-17-anos-es-asesinada-tras-rina-en-colonia-satelite-queretaro","status":"publish","type":"post","link":"https:\/\/www.nexoinformativo.mx\/index.php\/2024\/09\/11\/joven-de-17-anos-es-asesinada-tras-rina-en-colonia-satelite-queretaro\/","title":{"rendered":"Joven de 17 a\u00f1os es asesinada tras ri\u00f1a en colonia Sat\u00e9lite, Quer\u00e9taro"},"content":{"rendered":"<p style=\"text-align: justify;\">Esta tarde del mi\u00e9rcoles \u00a0fue asesinada una joven de 17 a\u00f1os, de un disparo en el pecho en canchas deportivas ubicadas en la colonia Sat\u00e9lite, en Quer\u00e9taro. El violento incidente fue debido a una ri\u00f1a entre j\u00f3venes, presuntamente estudiantes del Bachilleres n\u00famero uno de la zona.<\/p>\n<p>&nbsp;<\/p>\n<p style=\"text-align: justify;\">Durante el suceso uno de los j\u00f3venes sac\u00f3 un arma de fuego y dispar\u00f3 contra la joven, quien fue alcanzada por una bala en el pecho. Sin embargo, cuando los param\u00e9dicos de Protecci\u00f3n Civil llegaron al lugar, confirmaron que la joven hab\u00eda fallecido debido a la gravedad de la herida.<\/p>\n<p>&nbsp;<\/p>\n<p style=\"text-align: justify;\">Tras el lamentable incidente, elementos de la Polic\u00eda Municipal llegaron a la zona y avisaron al personal de la Fiscal\u00eda General del Estado, para llevar a cabo las diligencias. El cuerpo de la joven fue trasladado a la morgue para realizar la necropsia de ley. El presunto responsable del disparo ha sido plenamente identificado y las autoridades est\u00e1n trabajando en su localizaci\u00f3n.<\/p>\n","protected":false},"excerpt":{"rendered":"<p>Esta tarde del mi\u00e9rcoles \u00a0fue asesinada una joven de 17 a\u00f1os, de un disparo en el pecho en canchas deportivas ubicadas en la colonia Sat\u00e9lite, en Quer\u00e9taro.<\/p>\n","protected":false},"author":3,"featured_media":1839,"comment_status":"open","ping_status":"open","sticky":false,"template":"","format":"standard","meta":{"footnotes":""},"categories":[137,58],"tags":[666,242,239,667],"class_list":["post-1838","post","type-post","status-publish","format-standard","has-post-thumbnail","hentry","category-sucesos","category-ultima-hora","tag-justiciaparalajoven","tag-queretaroseguro","tag-seguridadenqueretaro","tag-violenciajuvenil"],"yoast_head":"<!-- This site is optimized with the Yoast SEO plugin v25.0 - https:\/\/yoast.com\/wordpress\/plugins\/seo\/ -->\n<title>Joven de 17 a\u00f1os es asesinada tras ri\u00f1a en colonia Sat\u00e9lite, Quer\u00e9taro | Nexo Informativo Santiago de Quer\u00e9taro<\/title>\n<meta name=\"description\" content=\"Joven de 17 a\u00f1os es asesinada tras ri\u00f1a en colonia Sat\u00e9lite, Quer\u00e9taro\" \/>\n<meta name=\"robots\" content=\"index, follow, max-snippet:-1, max-image-preview:large, max-video-preview:-1\" \/>\n<link rel=\"canonical\" href=\"https:\/\/www.nexoinformativo.mx\/index.php\/2024\/09\/11\/joven-de-17-anos-es-asesinada-tras-rina-en-colonia-satelite-queretaro\/\" \/>\n<meta property=\"og:locale\" content=\"es_MX\" \/>\n<meta property=\"og:type\" content=\"article\" \/>\n<meta property=\"og:title\" content=\"Joven de 17 a\u00f1os es asesinada tras ri\u00f1a en colonia Sat\u00e9lite, Quer\u00e9taro | Nexo Informativo Santiago de Quer\u00e9taro\" \/>\n<meta property=\"og:description\" content=\"Joven de 17 a\u00f1os es asesinada tras ri\u00f1a en colonia Sat\u00e9lite, Quer\u00e9taro\" \/>\n<meta property=\"og:url\" content=\"https:\/\/www.nexoinformativo.mx\/index.php\/2024\/09\/11\/joven-de-17-anos-es-asesinada-tras-rina-en-colonia-satelite-queretaro\/\" \/>\n<meta property=\"og:site_name\" content=\"Nexo Informativo Santiago de Quer\u00e9taro\" \/>\n<meta property=\"article:publisher\" content=\"https:\/\/www.facebook.com\/people\/Nexo-Informativo\/61564066885511\/\" \/>\n<meta property=\"article:published_time\" content=\"2024-09-11T23:00:00+00:00\" \/>\n<meta property=\"article:modified_time\" content=\"2024-09-12T04:10:50+00:00\" \/>\n<meta property=\"og:image\" content=\"https:\/\/www.nexoinformativo.mx\/wp-content\/uploads\/2024\/09\/PHOTO-2024-09-11-18-23-00-e1726101746924.jpg\" \/>\n\t<meta property=\"og:image:width\" content=\"800\" \/>\n\t<meta property=\"og:image:height\" content=\"450\" \/>\n\t<meta property=\"og:image:type\" content=\"image\/jpeg\" \/>\n<meta name=\"author\" content=\"Nexo Informativo\" \/>\n<meta name=\"twitter:card\" content=\"summary_large_image\" \/>\n<meta name=\"twitter:label1\" content=\"Escrito por\" \/>\n\t<meta name=\"twitter:data1\" content=\"Nexo Informativo\" \/>\n\t<meta name=\"twitter:label2\" content=\"Tiempo de lectura\" \/>\n\t<meta name=\"twitter:data2\" content=\"1 minuto\" \/>\n<script type=\"application\/ld+json\" class=\"yoast-schema-graph\">{\"@context\":\"https:\/\/schema.org\",\"@graph\":[{\"@type\":\"Article\",\"@id\":\"https:\/\/www.nexoinformativo.mx\/index.php\/2024\/09\/11\/joven-de-17-anos-es-asesinada-tras-rina-en-colonia-satelite-queretaro\/#article\",\"isPartOf\":{\"@id\":\"https:\/\/www.nexoinformativo.mx\/index.php\/2024\/09\/11\/joven-de-17-anos-es-asesinada-tras-rina-en-colonia-satelite-queretaro\/\"},\"author\":{\"name\":\"Nexo Informativo\",\"@id\":\"https:\/\/www.nexoinformativo.mx\/#\/schema\/person\/7749d380ba08c8ca00d7bc76fd907b7d\"},\"headline\":\"Joven de 17 a\u00f1os es asesinada tras ri\u00f1a en colonia Sat\u00e9lite, Quer\u00e9taro\",\"datePublished\":\"2024-09-11T23:00:00+00:00\",\"dateModified\":\"2024-09-12T04:10:50+00:00\",\"mainEntityOfPage\":{\"@id\":\"https:\/\/www.nexoinformativo.mx\/index.php\/2024\/09\/11\/joven-de-17-anos-es-asesinada-tras-rina-en-colonia-satelite-queretaro\/\"},\"wordCount\":189,\"commentCount\":0,\"publisher\":{\"@id\":\"https:\/\/www.nexoinformativo.mx\/#organization\"},\"image\":{\"@id\":\"https:\/\/www.nexoinformativo.mx\/index.php\/2024\/09\/11\/joven-de-17-anos-es-asesinada-tras-rina-en-colonia-satelite-queretaro\/#primaryimage\"},\"thumbnailUrl\":\"https:\/\/www.nexoinformativo.mx\/wp-content\/uploads\/2024\/09\/PHOTO-2024-09-11-18-23-00-e1726101746924.jpg\",\"keywords\":[\"JusticiaParaLaJoven\",\"QueretaroSeguro\",\"SeguridadEnQueretaro\",\"ViolenciaJuvenil\"],\"articleSection\":[\"Sucesos\",\"\u00daltima Hora\"],\"inLanguage\":\"es\",\"potentialAction\":[{\"@type\":\"CommentAction\",\"name\":\"Comment\",\"target\":[\"https:\/\/www.nexoinformativo.mx\/index.php\/2024\/09\/11\/joven-de-17-anos-es-asesinada-tras-rina-en-colonia-satelite-queretaro\/#respond\"]}]},{\"@type\":\"WebPage\",\"@id\":\"https:\/\/www.nexoinformativo.mx\/index.php\/2024\/09\/11\/joven-de-17-anos-es-asesinada-tras-rina-en-colonia-satelite-queretaro\/\",\"url\":\"https:\/\/www.nexoinformativo.mx\/index.php\/2024\/09\/11\/joven-de-17-anos-es-asesinada-tras-rina-en-colonia-satelite-queretaro\/\",\"name\":\"Joven de 17 a\u00f1os es asesinada tras ri\u00f1a en colonia Sat\u00e9lite, Quer\u00e9taro | Nexo Informativo Santiago de Quer\u00e9taro\",\"isPartOf\":{\"@id\":\"https:\/\/www.nexoinformativo.mx\/#website\"},\"primaryImageOfPage\":{\"@id\":\"https:\/\/www.nexoinformativo.mx\/index.php\/2024\/09\/11\/joven-de-17-anos-es-asesinada-tras-rina-en-colonia-satelite-queretaro\/#primaryimage\"},\"image\":{\"@id\":\"https:\/\/www.nexoinformativo.mx\/index.php\/2024\/09\/11\/joven-de-17-anos-es-asesinada-tras-rina-en-colonia-satelite-queretaro\/#primaryimage\"},\"thumbnailUrl\":\"https:\/\/www.nexoinformativo.mx\/wp-content\/uploads\/2024\/09\/PHOTO-2024-09-11-18-23-00-e1726101746924.jpg\",\"datePublished\":\"2024-09-11T23:00:00+00:00\",\"dateModified\":\"2024-09-12T04:10:50+00:00\",\"description\":\"Joven de 17 a\u00f1os es asesinada tras ri\u00f1a en colonia Sat\u00e9lite, Quer\u00e9taro\",\"breadcrumb\":{\"@id\":\"https:\/\/www.nexoinformativo.mx\/index.php\/2024\/09\/11\/joven-de-17-anos-es-asesinada-tras-rina-en-colonia-satelite-queretaro\/#breadcrumb\"},\"inLanguage\":\"es\",\"potentialAction\":[{\"@type\":\"ReadAction\",\"target\":[\"https:\/\/www.nexoinformativo.mx\/index.php\/2024\/09\/11\/joven-de-17-anos-es-asesinada-tras-rina-en-colonia-satelite-queretaro\/\"]}]},{\"@type\":\"ImageObject\",\"inLanguage\":\"es\",\"@id\":\"https:\/\/www.nexoinformativo.mx\/index.php\/2024\/09\/11\/joven-de-17-anos-es-asesinada-tras-rina-en-colonia-satelite-queretaro\/#primaryimage\",\"url\":\"https:\/\/www.nexoinformativo.mx\/wp-content\/uploads\/2024\/09\/PHOTO-2024-09-11-18-23-00-e1726101746924.jpg\",\"contentUrl\":\"https:\/\/www.nexoinformativo.mx\/wp-content\/uploads\/2024\/09\/PHOTO-2024-09-11-18-23-00-e1726101746924.jpg\",\"width\":800,\"height\":450},{\"@type\":\"BreadcrumbList\",\"@id\":\"https:\/\/www.nexoinformativo.mx\/index.php\/2024\/09\/11\/joven-de-17-anos-es-asesinada-tras-rina-en-colonia-satelite-queretaro\/#breadcrumb\",\"itemListElement\":[{\"@type\":\"ListItem\",\"position\":1,\"name\":\"Inicio\",\"item\":\"https:\/\/www.nexoinformativo.mx\/\"},{\"@type\":\"ListItem\",\"position\":2,\"name\":\"Joven de 17 a\u00f1os es asesinada tras ri\u00f1a en colonia Sat\u00e9lite, Quer\u00e9taro\"}]},{\"@type\":\"WebSite\",\"@id\":\"https:\/\/www.nexoinformativo.mx\/#website\",\"url\":\"https:\/\/www.nexoinformativo.mx\/\",\"name\":\"Nexo Informativo Santiago de Quer\u00e9taro\",\"description\":\"Explora NexoInformativo y convi\u00e9rtete en parte de una comunidad que valora el conocimiento y la verdad. Tu nexoinformativo es tu puente hacia una comprensi\u00f3n m\u00e1s profunda del mundo que te rodea.\",\"publisher\":{\"@id\":\"https:\/\/www.nexoinformativo.mx\/#organization\"},\"potentialAction\":[{\"@type\":\"SearchAction\",\"target\":{\"@type\":\"EntryPoint\",\"urlTemplate\":\"https:\/\/www.nexoinformativo.mx\/?s={search_term_string}\"},\"query-input\":{\"@type\":\"PropertyValueSpecification\",\"valueRequired\":true,\"valueName\":\"search_term_string\"}}],\"inLanguage\":\"es\"},{\"@type\":\"Organization\",\"@id\":\"https:\/\/www.nexoinformativo.mx\/#organization\",\"name\":\"Nexo Informativo Santiago de Quer\u00e9taro\",\"url\":\"https:\/\/www.nexoinformativo.mx\/\",\"logo\":{\"@type\":\"ImageObject\",\"inLanguage\":\"es\",\"@id\":\"https:\/\/www.nexoinformativo.mx\/#\/schema\/logo\/image\/\",\"url\":\"https:\/\/www.nexoinformativo.mx\/wp-content\/uploads\/2024\/07\/nexoi-trasparente-2.png\",\"contentUrl\":\"https:\/\/www.nexoinformativo.mx\/wp-content\/uploads\/2024\/07\/nexoi-trasparente-2.png\",\"width\":816,\"height\":339,\"caption\":\"Nexo Informativo Santiago de Quer\u00e9taro\"},\"image\":{\"@id\":\"https:\/\/www.nexoinformativo.mx\/#\/schema\/logo\/image\/\"},\"sameAs\":[\"https:\/\/www.facebook.com\/people\/Nexo-Informativo\/61564066885511\/\"]},{\"@type\":\"Person\",\"@id\":\"https:\/\/www.nexoinformativo.mx\/#\/schema\/person\/7749d380ba08c8ca00d7bc76fd907b7d\",\"name\":\"Nexo Informativo\",\"image\":{\"@type\":\"ImageObject\",\"inLanguage\":\"es\",\"@id\":\"https:\/\/www.nexoinformativo.mx\/#\/schema\/person\/image\/\",\"url\":\"https:\/\/secure.gravatar.com\/avatar\/dde2928154642a13d95f87ddf1ea9718fe2b46760a005c53e41ff5ad610704e6?s=96&d=mm&r=g\",\"contentUrl\":\"https:\/\/secure.gravatar.com\/avatar\/dde2928154642a13d95f87ddf1ea9718fe2b46760a005c53e41ff5ad610704e6?s=96&d=mm&r=g\",\"caption\":\"Nexo Informativo\"},\"url\":\"https:\/\/www.nexoinformativo.mx\/index.php\/author\/edicion\/\"}]}<\/script>\n<!-- \/ Yoast SEO plugin. -->","yoast_head_json":{"title":"Joven de 17 a\u00f1os es asesinada tras ri\u00f1a en colonia Sat\u00e9lite, Quer\u00e9taro | Nexo Informativo Santiago de Quer\u00e9taro","description":"Joven de 17 a\u00f1os es asesinada tras ri\u00f1a en colonia Sat\u00e9lite, Quer\u00e9taro","robots":{"index":"index","follow":"follow","max-snippet":"max-snippet:-1","max-image-preview":"max-image-preview:large","max-video-preview":"max-video-preview:-1"},"canonical":"https:\/\/www.nexoinformativo.mx\/index.php\/2024\/09\/11\/joven-de-17-anos-es-asesinada-tras-rina-en-colonia-satelite-queretaro\/","og_locale":"es_MX","og_type":"article","og_title":"Joven de 17 a\u00f1os es asesinada tras ri\u00f1a en colonia Sat\u00e9lite, Quer\u00e9taro | Nexo Informativo Santiago de Quer\u00e9taro","og_description":"Joven de 17 a\u00f1os es asesinada tras ri\u00f1a en colonia Sat\u00e9lite, Quer\u00e9taro","og_url":"https:\/\/www.nexoinformativo.mx\/index.php\/2024\/09\/11\/joven-de-17-anos-es-asesinada-tras-rina-en-colonia-satelite-queretaro\/","og_site_name":"Nexo Informativo Santiago de Quer\u00e9taro","article_publisher":"https:\/\/www.facebook.com\/people\/Nexo-Informativo\/61564066885511\/","article_published_time":"2024-09-11T23:00:00+00:00","article_modified_time":"2024-09-12T04:10:50+00:00","og_image":[{"width":800,"height":450,"url":"https:\/\/www.nexoinformativo.mx\/wp-content\/uploads\/2024\/09\/PHOTO-2024-09-11-18-23-00-e1726101746924.jpg","type":"image\/jpeg"}],"author":"Nexo Informativo","twitter_card":"summary_large_image","twitter_misc":{"Escrito por":"Nexo Informativo","Tiempo de lectura":"1 minuto"},"schema":{"@context":"https:\/\/schema.org","@graph":[{"@type":"Article","@id":"https:\/\/www.nexoinformativo.mx\/index.php\/2024\/09\/11\/joven-de-17-anos-es-asesinada-tras-rina-en-colonia-satelite-queretaro\/#article","isPartOf":{"@id":"https:\/\/www.nexoinformativo.mx\/index.php\/2024\/09\/11\/joven-de-17-anos-es-asesinada-tras-rina-en-colonia-satelite-queretaro\/"},"author":{"name":"Nexo Informativo","@id":"https:\/\/www.nexoinformativo.mx\/#\/schema\/person\/7749d380ba08c8ca00d7bc76fd907b7d"},"headline":"Joven de 17 a\u00f1os es asesinada tras ri\u00f1a en colonia Sat\u00e9lite, Quer\u00e9taro","datePublished":"2024-09-11T23:00:00+00:00","dateModified":"2024-09-12T04:10:50+00:00","mainEntityOfPage":{"@id":"https:\/\/www.nexoinformativo.mx\/index.php\/2024\/09\/11\/joven-de-17-anos-es-asesinada-tras-rina-en-colonia-satelite-queretaro\/"},"wordCount":189,"commentCount":0,"publisher":{"@id":"https:\/\/www.nexoinformativo.mx\/#organization"},"image":{"@id":"https:\/\/www.nexoinformativo.mx\/index.php\/2024\/09\/11\/joven-de-17-anos-es-asesinada-tras-rina-en-colonia-satelite-queretaro\/#primaryimage"},"thumbnailUrl":"https:\/\/www.nexoinformativo.mx\/wp-content\/uploads\/2024\/09\/PHOTO-2024-09-11-18-23-00-e1726101746924.jpg","keywords":["JusticiaParaLaJoven","QueretaroSeguro","SeguridadEnQueretaro","ViolenciaJuvenil"],"articleSection":["Sucesos","\u00daltima Hora"],"inLanguage":"es","potentialAction":[{"@type":"CommentAction","name":"Comment","target":["https:\/\/www.nexoinformativo.mx\/index.php\/2024\/09\/11\/joven-de-17-anos-es-asesinada-tras-rina-en-colonia-satelite-queretaro\/#respond"]}]},{"@type":"WebPage","@id":"https:\/\/www.nexoinformativo.mx\/index.php\/2024\/09\/11\/joven-de-17-anos-es-asesinada-tras-rina-en-colonia-satelite-queretaro\/","url":"https:\/\/www.nexoinformativo.mx\/index.php\/2024\/09\/11\/joven-de-17-anos-es-asesinada-tras-rina-en-colonia-satelite-queretaro\/","name":"Joven de 17 a\u00f1os es asesinada tras ri\u00f1a en colonia Sat\u00e9lite, Quer\u00e9taro | Nexo Informativo Santiago de Quer\u00e9taro","isPartOf":{"@id":"https:\/\/www.nexoinformativo.mx\/#website"},"primaryImageOfPage":{"@id":"https:\/\/www.nexoinformativo.mx\/index.php\/2024\/09\/11\/joven-de-17-anos-es-asesinada-tras-rina-en-colonia-satelite-queretaro\/#primaryimage"},"image":{"@id":"https:\/\/www.nexoinformativo.mx\/index.php\/2024\/09\/11\/joven-de-17-anos-es-asesinada-tras-rina-en-colonia-satelite-queretaro\/#primaryimage"},"thumbnailUrl":"https:\/\/www.nexoinformativo.mx\/wp-content\/uploads\/2024\/09\/PHOTO-2024-09-11-18-23-00-e1726101746924.jpg","datePublished":"2024-09-11T23:00:00+00:00","dateModified":"2024-09-12T04:10:50+00:00","description":"Joven de 17 a\u00f1os es asesinada tras ri\u00f1a en colonia Sat\u00e9lite, Quer\u00e9taro","breadcrumb":{"@id":"https:\/\/www.nexoinformativo.mx\/index.php\/2024\/09\/11\/joven-de-17-anos-es-asesinada-tras-rina-en-colonia-satelite-queretaro\/#breadcrumb"},"inLanguage":"es","potentialAction":[{"@type":"ReadAction","target":["https:\/\/www.nexoinformativo.mx\/index.php\/2024\/09\/11\/joven-de-17-anos-es-asesinada-tras-rina-en-colonia-satelite-queretaro\/"]}]},{"@type":"ImageObject","inLanguage":"es","@id":"https:\/\/www.nexoinformativo.mx\/index.php\/2024\/09\/11\/joven-de-17-anos-es-asesinada-tras-rina-en-colonia-satelite-queretaro\/#primaryimage","url":"https:\/\/www.nexoinformativo.mx\/wp-content\/uploads\/2024\/09\/PHOTO-2024-09-11-18-23-00-e1726101746924.jpg","contentUrl":"https:\/\/www.nexoinformativo.mx\/wp-content\/uploads\/2024\/09\/PHOTO-2024-09-11-18-23-00-e1726101746924.jpg","width":800,"height":450},{"@type":"BreadcrumbList","@id":"https:\/\/www.nexoinformativo.mx\/index.php\/2024\/09\/11\/joven-de-17-anos-es-asesinada-tras-rina-en-colonia-satelite-queretaro\/#breadcrumb","itemListElement":[{"@type":"ListItem","position":1,"name":"Inicio","item":"https:\/\/www.nexoinformativo.mx\/"},{"@type":"ListItem","position":2,"name":"Joven de 17 a\u00f1os es asesinada tras ri\u00f1a en colonia Sat\u00e9lite, Quer\u00e9taro"}]},{"@type":"WebSite","@id":"https:\/\/www.nexoinformativo.mx\/#website","url":"https:\/\/www.nexoinformativo.mx\/","name":"Nexo Informativo Santiago de Quer\u00e9taro","description":"Explora NexoInformativo y convi\u00e9rtete en parte de una comunidad que valora el conocimiento y la verdad. Tu nexoinformativo es tu puente hacia una comprensi\u00f3n m\u00e1s profunda del mundo que te rodea.","publisher":{"@id":"https:\/\/www.nexoinformativo.mx\/#organization"},"potentialAction":[{"@type":"SearchAction","target":{"@type":"EntryPoint","urlTemplate":"https:\/\/www.nexoinformativo.mx\/?s={search_term_string}"},"query-input":{"@type":"PropertyValueSpecification","valueRequired":true,"valueName":"search_term_string"}}],"inLanguage":"es"},{"@type":"Organization","@id":"https:\/\/www.nexoinformativo.mx\/#organization","name":"Nexo Informativo Santiago de Quer\u00e9taro","url":"https:\/\/www.nexoinformativo.mx\/","logo":{"@type":"ImageObject","inLanguage":"es","@id":"https:\/\/www.nexoinformativo.mx\/#\/schema\/logo\/image\/","url":"https:\/\/www.nexoinformativo.mx\/wp-content\/uploads\/2024\/07\/nexoi-trasparente-2.png","contentUrl":"https:\/\/www.nexoinformativo.mx\/wp-content\/uploads\/2024\/07\/nexoi-trasparente-2.png","width":816,"height":339,"caption":"Nexo Informativo Santiago de Quer\u00e9taro"},"image":{"@id":"https:\/\/www.nexoinformativo.mx\/#\/schema\/logo\/image\/"},"sameAs":["https:\/\/www.facebook.com\/people\/Nexo-Informativo\/61564066885511\/"]},{"@type":"Person","@id":"https:\/\/www.nexoinformativo.mx\/#\/schema\/person\/7749d380ba08c8ca00d7bc76fd907b7d","name":"Nexo Informativo","image":{"@type":"ImageObject","inLanguage":"es","@id":"https:\/\/www.nexoinformativo.mx\/#\/schema\/person\/image\/","url":"https:\/\/secure.gravatar.com\/avatar\/dde2928154642a13d95f87ddf1ea9718fe2b46760a005c53e41ff5ad610704e6?s=96&d=mm&r=g","contentUrl":"https:\/\/secure.gravatar.com\/avatar\/dde2928154642a13d95f87ddf1ea9718fe2b46760a005c53e41ff5ad610704e6?s=96&d=mm&r=g","caption":"Nexo Informativo"},"url":"https:\/\/www.nexoinformativo.mx\/index.php\/author\/edicion\/"}]}},"_links":{"self":[{"href":"https:\/\/www.nexoinformativo.mx\/index.php\/wp-json\/wp\/v2\/posts\/1838","targetHints":{"allow":["GET"]}}],"collection":[{"href":"https:\/\/www.nexoinformativo.mx\/index.php\/wp-json\/wp\/v2\/posts"}],"about":[{"href":"https:\/\/www.nexoinformativo.mx\/index.php\/wp-json\/wp\/v2\/types\/post"}],"author":[{"embeddable":true,"href":"https:\/\/www.nexoinformativo.mx\/index.php\/wp-json\/wp\/v2\/users\/3"}],"replies":[{"embeddable":true,"href":"https:\/\/www.nexoinformativo.mx\/index.php\/wp-json\/wp\/v2\/comments?post=1838"}],"version-history":[{"count":10,"href":"https:\/\/www.nexoinformativo.mx\/index.php\/wp-json\/wp\/v2\/posts\/1838\/revisions"}],"predecessor-version":[{"id":1851,"href":"https:\/\/www.nexoinformativo.mx\/index.php\/wp-json\/wp\/v2\/posts\/1838\/revisions\/1851"}],"wp:featuredmedia":[{"embeddable":true,"href":"https:\/\/www.nexoinformativo.mx\/index.php\/wp-json\/wp\/v2\/media\/1839"}],"wp:attachment":[{"href":"https:\/\/www.nexoinformativo.mx\/index.php\/wp-json\/wp\/v2\/media?parent=1838"}],"wp:term":[{"taxonomy":"category","embeddable":true,"href":"https:\/\/www.nexoinformativo.mx\/index.php\/wp-json\/wp\/v2\/categories?post=1838"},{"taxonomy":"post_tag","embeddable":true,"href":"https:\/\/www.nexoinformativo.mx\/index.php\/wp-json\/wp\/v2\/tags?post=1838"}],"curies":[{"name":"wp","href":"https:\/\/api.w.org\/{rel}","templated":true}]}}