{"id":1850,"date":"2024-09-11T17:00:22","date_gmt":"2024-09-11T23:00:22","guid":{"rendered":"https:\/\/www.nexoinformativo.mx\/?p=1850"},"modified":"2024-09-11T22:25:11","modified_gmt":"2024-09-12T04:25:11","slug":"secretaria-del-trabajo-de-queretaro-impulsa-empleo-formal-y-equidad-de-genero-en-su-tercer-informe","status":"publish","type":"post","link":"https:\/\/www.nexoinformativo.mx\/index.php\/2024\/09\/11\/secretaria-del-trabajo-de-queretaro-impulsa-empleo-formal-y-equidad-de-genero-en-su-tercer-informe\/","title":{"rendered":"Secretar\u00eda del Trabajo de Quer\u00e9taro impulsa empleo formal y equidad de g\u00e9nero en su Tercer Informe"},"content":{"rendered":"<p style=\"text-align: justify;\">La secretaria del Trabajo, Liliana San Mart\u00edn Castillo, compareci\u00f3 ante la LX Legislatura para presentar los avances del Tercer Informe de Gobierno. Destac\u00f3 que, a trav\u00e9s de ferias de empleo, bolsas de trabajo y reclutamientos masivos, cerca de 18 mil personas han sido vinculadas a empleos formales. Adem\u00e1s, mencion\u00f3 que el Seguro de Desempleo ha beneficiado a 3,445 personas con apoyo econ\u00f3mico, capacitaci\u00f3n y vinculaci\u00f3n a nuevas fuentes de empleo.<\/p>\n<p>&nbsp;<\/p>\n<p style=\"text-align: justify;\">En cuanto al apoyo a las mujeres, San Mart\u00edn subray\u00f3 que el programa de capacitaci\u00f3n ha beneficiado a m\u00e1s de mil mujeres en los 18 municipios, promoviendo el autoempleo y entregando equipamiento a 231 iniciativas productivas. Tambi\u00e9n, mencion\u00f3 que el programa Mujeres Operadoras del Transporte ha capacitado a m\u00e1s de 300 mujeres, de las cuales 276 ya se han integrado al transporte p\u00fablico.<\/p>\n<p>&nbsp;<\/p>\n<p style=\"text-align: justify;\">Finalmente, resalt\u00f3 los esfuerzos por disminuir la brecha de g\u00e9nero con el programa &#8220;Distintivo sin Brecha&#8221; y el subprograma de Empresas Generando Oportunidades, que promueve la contrataci\u00f3n de personas con discapacidad.<\/p>\n","protected":false},"excerpt":{"rendered":"<p>La secretaria del Trabajo, Liliana San Mart\u00edn Castillo, compareci\u00f3 ante la LX Legislatura para presentar los avances del Tercer Informe de Gobierno.<\/p>\n","protected":false},"author":3,"featured_media":1852,"comment_status":"open","ping_status":"open","sticky":false,"template":"","format":"standard","meta":{"footnotes":""},"categories":[5,42,58],"tags":[669,374,456,668],"class_list":["post-1850","post","type-post","status-publish","format-standard","has-post-thumbnail","hentry","category-economia","category-estado","category-ultima-hora","tag-desarrollolaboral","tag-empleoqueretaro","tag-igualdaddegenero","tag-mujeresempoderadas"],"yoast_head":"<!-- This site is optimized with the Yoast SEO plugin v25.0 - https:\/\/yoast.com\/wordpress\/plugins\/seo\/ -->\n<title>Secretar\u00eda del Trabajo de Quer\u00e9taro impulsa empleo formal y equidad de g\u00e9nero en su Tercer Informe | Nexo Informativo Santiago de Quer\u00e9taro<\/title>\n<meta name=\"description\" content=\"Secretar\u00eda del Trabajo de Quer\u00e9taro impulsa empleo formal y equidad de g\u00e9nero en su Tercer Informe\" \/>\n<meta name=\"robots\" content=\"index, follow, max-snippet:-1, max-image-preview:large, max-video-preview:-1\" \/>\n<link rel=\"canonical\" href=\"https:\/\/www.nexoinformativo.mx\/index.php\/2024\/09\/11\/secretaria-del-trabajo-de-queretaro-impulsa-empleo-formal-y-equidad-de-genero-en-su-tercer-informe\/\" \/>\n<meta property=\"og:locale\" content=\"es_MX\" \/>\n<meta property=\"og:type\" content=\"article\" \/>\n<meta property=\"og:title\" content=\"Secretar\u00eda del Trabajo de Quer\u00e9taro impulsa empleo formal y equidad de g\u00e9nero en su Tercer Informe | Nexo Informativo Santiago de Quer\u00e9taro\" \/>\n<meta property=\"og:description\" content=\"Secretar\u00eda del Trabajo de Quer\u00e9taro impulsa empleo formal y equidad de g\u00e9nero en su Tercer Informe\" \/>\n<meta property=\"og:url\" content=\"https:\/\/www.nexoinformativo.mx\/index.php\/2024\/09\/11\/secretaria-del-trabajo-de-queretaro-impulsa-empleo-formal-y-equidad-de-genero-en-su-tercer-informe\/\" \/>\n<meta property=\"og:site_name\" content=\"Nexo Informativo Santiago de Quer\u00e9taro\" \/>\n<meta property=\"article:publisher\" content=\"https:\/\/www.facebook.com\/people\/Nexo-Informativo\/61564066885511\/\" \/>\n<meta property=\"article:published_time\" content=\"2024-09-11T23:00:22+00:00\" \/>\n<meta property=\"article:modified_time\" content=\"2024-09-12T04:25:11+00:00\" \/>\n<meta property=\"og:image\" content=\"https:\/\/www.nexoinformativo.mx\/wp-content\/uploads\/2024\/09\/unnamed-15-2-e1726114826835.jpg\" \/>\n\t<meta property=\"og:image:width\" content=\"800\" \/>\n\t<meta property=\"og:image:height\" content=\"533\" \/>\n\t<meta property=\"og:image:type\" content=\"image\/jpeg\" \/>\n<meta name=\"author\" content=\"Nexo Informativo\" \/>\n<meta name=\"twitter:card\" content=\"summary_large_image\" \/>\n<meta name=\"twitter:label1\" content=\"Escrito por\" \/>\n\t<meta name=\"twitter:data1\" content=\"Nexo Informativo\" \/>\n\t<meta name=\"twitter:label2\" content=\"Tiempo de lectura\" \/>\n\t<meta name=\"twitter:data2\" content=\"1 minuto\" \/>\n<script type=\"application\/ld+json\" class=\"yoast-schema-graph\">{\"@context\":\"https:\/\/schema.org\",\"@graph\":[{\"@type\":\"Article\",\"@id\":\"https:\/\/www.nexoinformativo.mx\/index.php\/2024\/09\/11\/secretaria-del-trabajo-de-queretaro-impulsa-empleo-formal-y-equidad-de-genero-en-su-tercer-informe\/#article\",\"isPartOf\":{\"@id\":\"https:\/\/www.nexoinformativo.mx\/index.php\/2024\/09\/11\/secretaria-del-trabajo-de-queretaro-impulsa-empleo-formal-y-equidad-de-genero-en-su-tercer-informe\/\"},\"author\":{\"name\":\"Nexo Informativo\",\"@id\":\"https:\/\/www.nexoinformativo.mx\/#\/schema\/person\/7749d380ba08c8ca00d7bc76fd907b7d\"},\"headline\":\"Secretar\u00eda del Trabajo de Quer\u00e9taro impulsa empleo formal y equidad de g\u00e9nero en su Tercer Informe\",\"datePublished\":\"2024-09-11T23:00:22+00:00\",\"dateModified\":\"2024-09-12T04:25:11+00:00\",\"mainEntityOfPage\":{\"@id\":\"https:\/\/www.nexoinformativo.mx\/index.php\/2024\/09\/11\/secretaria-del-trabajo-de-queretaro-impulsa-empleo-formal-y-equidad-de-genero-en-su-tercer-informe\/\"},\"wordCount\":193,\"commentCount\":0,\"publisher\":{\"@id\":\"https:\/\/www.nexoinformativo.mx\/#organization\"},\"image\":{\"@id\":\"https:\/\/www.nexoinformativo.mx\/index.php\/2024\/09\/11\/secretaria-del-trabajo-de-queretaro-impulsa-empleo-formal-y-equidad-de-genero-en-su-tercer-informe\/#primaryimage\"},\"thumbnailUrl\":\"https:\/\/www.nexoinformativo.mx\/wp-content\/uploads\/2024\/09\/unnamed-15-2-e1726114826835.jpg\",\"keywords\":[\"DesarrolloLaboral\",\"EmpleoQuer\u00e9taro\",\"IgualdadDeG\u00e9nero\",\"MujeresEmpoderadas\"],\"articleSection\":[\"Econom\u00eda\",\"Estado\",\"\u00daltima Hora\"],\"inLanguage\":\"es\",\"potentialAction\":[{\"@type\":\"CommentAction\",\"name\":\"Comment\",\"target\":[\"https:\/\/www.nexoinformativo.mx\/index.php\/2024\/09\/11\/secretaria-del-trabajo-de-queretaro-impulsa-empleo-formal-y-equidad-de-genero-en-su-tercer-informe\/#respond\"]}]},{\"@type\":\"WebPage\",\"@id\":\"https:\/\/www.nexoinformativo.mx\/index.php\/2024\/09\/11\/secretaria-del-trabajo-de-queretaro-impulsa-empleo-formal-y-equidad-de-genero-en-su-tercer-informe\/\",\"url\":\"https:\/\/www.nexoinformativo.mx\/index.php\/2024\/09\/11\/secretaria-del-trabajo-de-queretaro-impulsa-empleo-formal-y-equidad-de-genero-en-su-tercer-informe\/\",\"name\":\"Secretar\u00eda del Trabajo de Quer\u00e9taro impulsa empleo formal y equidad de g\u00e9nero en su Tercer Informe | Nexo Informativo Santiago de Quer\u00e9taro\",\"isPartOf\":{\"@id\":\"https:\/\/www.nexoinformativo.mx\/#website\"},\"primaryImageOfPage\":{\"@id\":\"https:\/\/www.nexoinformativo.mx\/index.php\/2024\/09\/11\/secretaria-del-trabajo-de-queretaro-impulsa-empleo-formal-y-equidad-de-genero-en-su-tercer-informe\/#primaryimage\"},\"image\":{\"@id\":\"https:\/\/www.nexoinformativo.mx\/index.php\/2024\/09\/11\/secretaria-del-trabajo-de-queretaro-impulsa-empleo-formal-y-equidad-de-genero-en-su-tercer-informe\/#primaryimage\"},\"thumbnailUrl\":\"https:\/\/www.nexoinformativo.mx\/wp-content\/uploads\/2024\/09\/unnamed-15-2-e1726114826835.jpg\",\"datePublished\":\"2024-09-11T23:00:22+00:00\",\"dateModified\":\"2024-09-12T04:25:11+00:00\",\"description\":\"Secretar\u00eda del Trabajo de Quer\u00e9taro impulsa empleo formal y equidad de g\u00e9nero en su Tercer Informe\",\"breadcrumb\":{\"@id\":\"https:\/\/www.nexoinformativo.mx\/index.php\/2024\/09\/11\/secretaria-del-trabajo-de-queretaro-impulsa-empleo-formal-y-equidad-de-genero-en-su-tercer-informe\/#breadcrumb\"},\"inLanguage\":\"es\",\"potentialAction\":[{\"@type\":\"ReadAction\",\"target\":[\"https:\/\/www.nexoinformativo.mx\/index.php\/2024\/09\/11\/secretaria-del-trabajo-de-queretaro-impulsa-empleo-formal-y-equidad-de-genero-en-su-tercer-informe\/\"]}]},{\"@type\":\"ImageObject\",\"inLanguage\":\"es\",\"@id\":\"https:\/\/www.nexoinformativo.mx\/index.php\/2024\/09\/11\/secretaria-del-trabajo-de-queretaro-impulsa-empleo-formal-y-equidad-de-genero-en-su-tercer-informe\/#primaryimage\",\"url\":\"https:\/\/www.nexoinformativo.mx\/wp-content\/uploads\/2024\/09\/unnamed-15-2-e1726114826835.jpg\",\"contentUrl\":\"https:\/\/www.nexoinformativo.mx\/wp-content\/uploads\/2024\/09\/unnamed-15-2-e1726114826835.jpg\",\"width\":800,\"height\":533},{\"@type\":\"BreadcrumbList\",\"@id\":\"https:\/\/www.nexoinformativo.mx\/index.php\/2024\/09\/11\/secretaria-del-trabajo-de-queretaro-impulsa-empleo-formal-y-equidad-de-genero-en-su-tercer-informe\/#breadcrumb\",\"itemListElement\":[{\"@type\":\"ListItem\",\"position\":1,\"name\":\"Inicio\",\"item\":\"https:\/\/www.nexoinformativo.mx\/\"},{\"@type\":\"ListItem\",\"position\":2,\"name\":\"Secretar\u00eda del Trabajo de Quer\u00e9taro impulsa empleo formal y equidad de g\u00e9nero en su Tercer Informe\"}]},{\"@type\":\"WebSite\",\"@id\":\"https:\/\/www.nexoinformativo.mx\/#website\",\"url\":\"https:\/\/www.nexoinformativo.mx\/\",\"name\":\"Nexo Informativo Santiago de Quer\u00e9taro\",\"description\":\"Explora NexoInformativo y convi\u00e9rtete en parte de una comunidad que valora el conocimiento y la verdad. Tu nexoinformativo es tu puente hacia una comprensi\u00f3n m\u00e1s profunda del mundo que te rodea.\",\"publisher\":{\"@id\":\"https:\/\/www.nexoinformativo.mx\/#organization\"},\"potentialAction\":[{\"@type\":\"SearchAction\",\"target\":{\"@type\":\"EntryPoint\",\"urlTemplate\":\"https:\/\/www.nexoinformativo.mx\/?s={search_term_string}\"},\"query-input\":{\"@type\":\"PropertyValueSpecification\",\"valueRequired\":true,\"valueName\":\"search_term_string\"}}],\"inLanguage\":\"es\"},{\"@type\":\"Organization\",\"@id\":\"https:\/\/www.nexoinformativo.mx\/#organization\",\"name\":\"Nexo Informativo Santiago de Quer\u00e9taro\",\"url\":\"https:\/\/www.nexoinformativo.mx\/\",\"logo\":{\"@type\":\"ImageObject\",\"inLanguage\":\"es\",\"@id\":\"https:\/\/www.nexoinformativo.mx\/#\/schema\/logo\/image\/\",\"url\":\"https:\/\/www.nexoinformativo.mx\/wp-content\/uploads\/2024\/07\/nexoi-trasparente-2.png\",\"contentUrl\":\"https:\/\/www.nexoinformativo.mx\/wp-content\/uploads\/2024\/07\/nexoi-trasparente-2.png\",\"width\":816,\"height\":339,\"caption\":\"Nexo Informativo Santiago de Quer\u00e9taro\"},\"image\":{\"@id\":\"https:\/\/www.nexoinformativo.mx\/#\/schema\/logo\/image\/\"},\"sameAs\":[\"https:\/\/www.facebook.com\/people\/Nexo-Informativo\/61564066885511\/\"]},{\"@type\":\"Person\",\"@id\":\"https:\/\/www.nexoinformativo.mx\/#\/schema\/person\/7749d380ba08c8ca00d7bc76fd907b7d\",\"name\":\"Nexo Informativo\",\"image\":{\"@type\":\"ImageObject\",\"inLanguage\":\"es\",\"@id\":\"https:\/\/www.nexoinformativo.mx\/#\/schema\/person\/image\/\",\"url\":\"https:\/\/secure.gravatar.com\/avatar\/dde2928154642a13d95f87ddf1ea9718fe2b46760a005c53e41ff5ad610704e6?s=96&d=mm&r=g\",\"contentUrl\":\"https:\/\/secure.gravatar.com\/avatar\/dde2928154642a13d95f87ddf1ea9718fe2b46760a005c53e41ff5ad610704e6?s=96&d=mm&r=g\",\"caption\":\"Nexo Informativo\"},\"url\":\"https:\/\/www.nexoinformativo.mx\/index.php\/author\/edicion\/\"}]}<\/script>\n<!-- \/ Yoast SEO plugin. -->","yoast_head_json":{"title":"Secretar\u00eda del Trabajo de Quer\u00e9taro impulsa empleo formal y equidad de g\u00e9nero en su Tercer Informe | Nexo Informativo Santiago de Quer\u00e9taro","description":"Secretar\u00eda del Trabajo de Quer\u00e9taro impulsa empleo formal y equidad de g\u00e9nero en su Tercer Informe","robots":{"index":"index","follow":"follow","max-snippet":"max-snippet:-1","max-image-preview":"max-image-preview:large","max-video-preview":"max-video-preview:-1"},"canonical":"https:\/\/www.nexoinformativo.mx\/index.php\/2024\/09\/11\/secretaria-del-trabajo-de-queretaro-impulsa-empleo-formal-y-equidad-de-genero-en-su-tercer-informe\/","og_locale":"es_MX","og_type":"article","og_title":"Secretar\u00eda del Trabajo de Quer\u00e9taro impulsa empleo formal y equidad de g\u00e9nero en su Tercer Informe | Nexo Informativo Santiago de Quer\u00e9taro","og_description":"Secretar\u00eda del Trabajo de Quer\u00e9taro impulsa empleo formal y equidad de g\u00e9nero en su Tercer Informe","og_url":"https:\/\/www.nexoinformativo.mx\/index.php\/2024\/09\/11\/secretaria-del-trabajo-de-queretaro-impulsa-empleo-formal-y-equidad-de-genero-en-su-tercer-informe\/","og_site_name":"Nexo Informativo Santiago de Quer\u00e9taro","article_publisher":"https:\/\/www.facebook.com\/people\/Nexo-Informativo\/61564066885511\/","article_published_time":"2024-09-11T23:00:22+00:00","article_modified_time":"2024-09-12T04:25:11+00:00","og_image":[{"width":800,"height":533,"url":"https:\/\/www.nexoinformativo.mx\/wp-content\/uploads\/2024\/09\/unnamed-15-2-e1726114826835.jpg","type":"image\/jpeg"}],"author":"Nexo Informativo","twitter_card":"summary_large_image","twitter_misc":{"Escrito por":"Nexo Informativo","Tiempo de lectura":"1 minuto"},"schema":{"@context":"https:\/\/schema.org","@graph":[{"@type":"Article","@id":"https:\/\/www.nexoinformativo.mx\/index.php\/2024\/09\/11\/secretaria-del-trabajo-de-queretaro-impulsa-empleo-formal-y-equidad-de-genero-en-su-tercer-informe\/#article","isPartOf":{"@id":"https:\/\/www.nexoinformativo.mx\/index.php\/2024\/09\/11\/secretaria-del-trabajo-de-queretaro-impulsa-empleo-formal-y-equidad-de-genero-en-su-tercer-informe\/"},"author":{"name":"Nexo Informativo","@id":"https:\/\/www.nexoinformativo.mx\/#\/schema\/person\/7749d380ba08c8ca00d7bc76fd907b7d"},"headline":"Secretar\u00eda del Trabajo de Quer\u00e9taro impulsa empleo formal y equidad de g\u00e9nero en su Tercer Informe","datePublished":"2024-09-11T23:00:22+00:00","dateModified":"2024-09-12T04:25:11+00:00","mainEntityOfPage":{"@id":"https:\/\/www.nexoinformativo.mx\/index.php\/2024\/09\/11\/secretaria-del-trabajo-de-queretaro-impulsa-empleo-formal-y-equidad-de-genero-en-su-tercer-informe\/"},"wordCount":193,"commentCount":0,"publisher":{"@id":"https:\/\/www.nexoinformativo.mx\/#organization"},"image":{"@id":"https:\/\/www.nexoinformativo.mx\/index.php\/2024\/09\/11\/secretaria-del-trabajo-de-queretaro-impulsa-empleo-formal-y-equidad-de-genero-en-su-tercer-informe\/#primaryimage"},"thumbnailUrl":"https:\/\/www.nexoinformativo.mx\/wp-content\/uploads\/2024\/09\/unnamed-15-2-e1726114826835.jpg","keywords":["DesarrolloLaboral","EmpleoQuer\u00e9taro","IgualdadDeG\u00e9nero","MujeresEmpoderadas"],"articleSection":["Econom\u00eda","Estado","\u00daltima Hora"],"inLanguage":"es","potentialAction":[{"@type":"CommentAction","name":"Comment","target":["https:\/\/www.nexoinformativo.mx\/index.php\/2024\/09\/11\/secretaria-del-trabajo-de-queretaro-impulsa-empleo-formal-y-equidad-de-genero-en-su-tercer-informe\/#respond"]}]},{"@type":"WebPage","@id":"https:\/\/www.nexoinformativo.mx\/index.php\/2024\/09\/11\/secretaria-del-trabajo-de-queretaro-impulsa-empleo-formal-y-equidad-de-genero-en-su-tercer-informe\/","url":"https:\/\/www.nexoinformativo.mx\/index.php\/2024\/09\/11\/secretaria-del-trabajo-de-queretaro-impulsa-empleo-formal-y-equidad-de-genero-en-su-tercer-informe\/","name":"Secretar\u00eda del Trabajo de Quer\u00e9taro impulsa empleo formal y equidad de g\u00e9nero en su Tercer Informe | Nexo Informativo Santiago de Quer\u00e9taro","isPartOf":{"@id":"https:\/\/www.nexoinformativo.mx\/#website"},"primaryImageOfPage":{"@id":"https:\/\/www.nexoinformativo.mx\/index.php\/2024\/09\/11\/secretaria-del-trabajo-de-queretaro-impulsa-empleo-formal-y-equidad-de-genero-en-su-tercer-informe\/#primaryimage"},"image":{"@id":"https:\/\/www.nexoinformativo.mx\/index.php\/2024\/09\/11\/secretaria-del-trabajo-de-queretaro-impulsa-empleo-formal-y-equidad-de-genero-en-su-tercer-informe\/#primaryimage"},"thumbnailUrl":"https:\/\/www.nexoinformativo.mx\/wp-content\/uploads\/2024\/09\/unnamed-15-2-e1726114826835.jpg","datePublished":"2024-09-11T23:00:22+00:00","dateModified":"2024-09-12T04:25:11+00:00","description":"Secretar\u00eda del Trabajo de Quer\u00e9taro impulsa empleo formal y equidad de g\u00e9nero en su Tercer Informe","breadcrumb":{"@id":"https:\/\/www.nexoinformativo.mx\/index.php\/2024\/09\/11\/secretaria-del-trabajo-de-queretaro-impulsa-empleo-formal-y-equidad-de-genero-en-su-tercer-informe\/#breadcrumb"},"inLanguage":"es","potentialAction":[{"@type":"ReadAction","target":["https:\/\/www.nexoinformativo.mx\/index.php\/2024\/09\/11\/secretaria-del-trabajo-de-queretaro-impulsa-empleo-formal-y-equidad-de-genero-en-su-tercer-informe\/"]}]},{"@type":"ImageObject","inLanguage":"es","@id":"https:\/\/www.nexoinformativo.mx\/index.php\/2024\/09\/11\/secretaria-del-trabajo-de-queretaro-impulsa-empleo-formal-y-equidad-de-genero-en-su-tercer-informe\/#primaryimage","url":"https:\/\/www.nexoinformativo.mx\/wp-content\/uploads\/2024\/09\/unnamed-15-2-e1726114826835.jpg","contentUrl":"https:\/\/www.nexoinformativo.mx\/wp-content\/uploads\/2024\/09\/unnamed-15-2-e1726114826835.jpg","width":800,"height":533},{"@type":"BreadcrumbList","@id":"https:\/\/www.nexoinformativo.mx\/index.php\/2024\/09\/11\/secretaria-del-trabajo-de-queretaro-impulsa-empleo-formal-y-equidad-de-genero-en-su-tercer-informe\/#breadcrumb","itemListElement":[{"@type":"ListItem","position":1,"name":"Inicio","item":"https:\/\/www.nexoinformativo.mx\/"},{"@type":"ListItem","position":2,"name":"Secretar\u00eda del Trabajo de Quer\u00e9taro impulsa empleo formal y equidad de g\u00e9nero en su Tercer Informe"}]},{"@type":"WebSite","@id":"https:\/\/www.nexoinformativo.mx\/#website","url":"https:\/\/www.nexoinformativo.mx\/","name":"Nexo Informativo Santiago de Quer\u00e9taro","description":"Explora NexoInformativo y convi\u00e9rtete en parte de una comunidad que valora el conocimiento y la verdad. Tu nexoinformativo es tu puente hacia una comprensi\u00f3n m\u00e1s profunda del mundo que te rodea.","publisher":{"@id":"https:\/\/www.nexoinformativo.mx\/#organization"},"potentialAction":[{"@type":"SearchAction","target":{"@type":"EntryPoint","urlTemplate":"https:\/\/www.nexoinformativo.mx\/?s={search_term_string}"},"query-input":{"@type":"PropertyValueSpecification","valueRequired":true,"valueName":"search_term_string"}}],"inLanguage":"es"},{"@type":"Organization","@id":"https:\/\/www.nexoinformativo.mx\/#organization","name":"Nexo Informativo Santiago de Quer\u00e9taro","url":"https:\/\/www.nexoinformativo.mx\/","logo":{"@type":"ImageObject","inLanguage":"es","@id":"https:\/\/www.nexoinformativo.mx\/#\/schema\/logo\/image\/","url":"https:\/\/www.nexoinformativo.mx\/wp-content\/uploads\/2024\/07\/nexoi-trasparente-2.png","contentUrl":"https:\/\/www.nexoinformativo.mx\/wp-content\/uploads\/2024\/07\/nexoi-trasparente-2.png","width":816,"height":339,"caption":"Nexo Informativo Santiago de Quer\u00e9taro"},"image":{"@id":"https:\/\/www.nexoinformativo.mx\/#\/schema\/logo\/image\/"},"sameAs":["https:\/\/www.facebook.com\/people\/Nexo-Informativo\/61564066885511\/"]},{"@type":"Person","@id":"https:\/\/www.nexoinformativo.mx\/#\/schema\/person\/7749d380ba08c8ca00d7bc76fd907b7d","name":"Nexo Informativo","image":{"@type":"ImageObject","inLanguage":"es","@id":"https:\/\/www.nexoinformativo.mx\/#\/schema\/person\/image\/","url":"https:\/\/secure.gravatar.com\/avatar\/dde2928154642a13d95f87ddf1ea9718fe2b46760a005c53e41ff5ad610704e6?s=96&d=mm&r=g","contentUrl":"https:\/\/secure.gravatar.com\/avatar\/dde2928154642a13d95f87ddf1ea9718fe2b46760a005c53e41ff5ad610704e6?s=96&d=mm&r=g","caption":"Nexo Informativo"},"url":"https:\/\/www.nexoinformativo.mx\/index.php\/author\/edicion\/"}]}},"_links":{"self":[{"href":"https:\/\/www.nexoinformativo.mx\/index.php\/wp-json\/wp\/v2\/posts\/1850","targetHints":{"allow":["GET"]}}],"collection":[{"href":"https:\/\/www.nexoinformativo.mx\/index.php\/wp-json\/wp\/v2\/posts"}],"about":[{"href":"https:\/\/www.nexoinformativo.mx\/index.php\/wp-json\/wp\/v2\/types\/post"}],"author":[{"embeddable":true,"href":"https:\/\/www.nexoinformativo.mx\/index.php\/wp-json\/wp\/v2\/users\/3"}],"replies":[{"embeddable":true,"href":"https:\/\/www.nexoinformativo.mx\/index.php\/wp-json\/wp\/v2\/comments?post=1850"}],"version-history":[{"count":1,"href":"https:\/\/www.nexoinformativo.mx\/index.php\/wp-json\/wp\/v2\/posts\/1850\/revisions"}],"predecessor-version":[{"id":1853,"href":"https:\/\/www.nexoinformativo.mx\/index.php\/wp-json\/wp\/v2\/posts\/1850\/revisions\/1853"}],"wp:featuredmedia":[{"embeddable":true,"href":"https:\/\/www.nexoinformativo.mx\/index.php\/wp-json\/wp\/v2\/media\/1852"}],"wp:attachment":[{"href":"https:\/\/www.nexoinformativo.mx\/index.php\/wp-json\/wp\/v2\/media?parent=1850"}],"wp:term":[{"taxonomy":"category","embeddable":true,"href":"https:\/\/www.nexoinformativo.mx\/index.php\/wp-json\/wp\/v2\/categories?post=1850"},{"taxonomy":"post_tag","embeddable":true,"href":"https:\/\/www.nexoinformativo.mx\/index.php\/wp-json\/wp\/v2\/tags?post=1850"}],"curies":[{"name":"wp","href":"https:\/\/api.w.org\/{rel}","templated":true}]}}