{"id":1854,"date":"2024-09-12T09:00:19","date_gmt":"2024-09-12T15:00:19","guid":{"rendered":"https:\/\/www.nexoinformativo.mx\/?p=1854"},"modified":"2024-09-12T10:57:26","modified_gmt":"2024-09-12T16:57:26","slug":"marco-del-prete-llama-a-la-cautela-sobre-el-impacto-de-la-reforma-judicial-en-inversiones-en-queretaro","status":"publish","type":"post","link":"https:\/\/www.nexoinformativo.mx\/index.php\/2024\/09\/12\/marco-del-prete-llama-a-la-cautela-sobre-el-impacto-de-la-reforma-judicial-en-inversiones-en-queretaro\/","title":{"rendered":"Marco Del Prete llama a la cautela sobre el impacto de la Reforma Judicial en inversiones en Quer\u00e9taro"},"content":{"rendered":"<p style=\"text-align: justify;\">El secretario de Desarrollo Sustentable de Quer\u00e9taro, Marco Del Prete Tercero, destac\u00f3 que es crucial esperar a la implementaci\u00f3n de la Reforma al Poder Judicial en M\u00e9xico antes de evaluar su impacto en las inversiones privadas en el estado. Aunque no se ha registrado el retiro de capitales, Del Prete subray\u00f3 la importancia de ser cautelosos en c\u00f3mo se ejecutar\u00e1n las leyes secundarias.<\/p>\n<p>&nbsp;<\/p>\n<p style=\"text-align: justify;\">En su informe, mencion\u00f3 que Quer\u00e9taro ha generado 82 mil empleos durante esta administraci\u00f3n, ubic\u00e1ndose como la cuarta entidad a nivel nacional en generaci\u00f3n de empleo. Adem\u00e1s, en lo que va de 2024, se han concretado 40 proyectos de inversi\u00f3n que generar\u00e1n 11 mil empleos y 23 mil millones de pesos en inversi\u00f3n privada.<\/p>\n","protected":false},"excerpt":{"rendered":"<p>El secretario de Desarrollo Sustentable de Quer\u00e9taro, Marco Del Prete Tercero, destac\u00f3 que es crucial esperar a la implementaci\u00f3n de la Reforma al Poder Judicial en M\u00e9xico antes de evaluar su impacto en las inversiones privadas en el estado.<\/p>\n","protected":false},"author":3,"featured_media":1855,"comment_status":"open","ping_status":"open","sticky":false,"template":"","format":"standard","meta":{"footnotes":""},"categories":[5,42,58],"tags":[339,374,670,272],"class_list":["post-1854","post","type-post","status-publish","format-standard","has-post-thumbnail","hentry","category-economia","category-estado","category-ultima-hora","tag-desarrollosustentable","tag-empleoqueretaro","tag-inversionqueretaro","tag-reformajudicial"],"yoast_head":"<!-- This site is optimized with the Yoast SEO plugin v25.0 - https:\/\/yoast.com\/wordpress\/plugins\/seo\/ -->\n<title>Marco Del Prete llama a la cautela sobre el impacto de la Reforma Judicial en inversiones en Quer\u00e9taro | Nexo Informativo Santiago de Quer\u00e9taro<\/title>\n<meta name=\"description\" content=\"Marco Del Prete llama a la cautela sobre el impacto de la Reforma Judicial en inversiones en Quer\u00e9taro\" \/>\n<meta name=\"robots\" content=\"index, follow, max-snippet:-1, max-image-preview:large, max-video-preview:-1\" \/>\n<link rel=\"canonical\" href=\"https:\/\/www.nexoinformativo.mx\/index.php\/2024\/09\/12\/marco-del-prete-llama-a-la-cautela-sobre-el-impacto-de-la-reforma-judicial-en-inversiones-en-queretaro\/\" \/>\n<meta property=\"og:locale\" content=\"es_MX\" \/>\n<meta property=\"og:type\" content=\"article\" \/>\n<meta property=\"og:title\" content=\"Marco Del Prete llama a la cautela sobre el impacto de la Reforma Judicial en inversiones en Quer\u00e9taro | Nexo Informativo Santiago de Quer\u00e9taro\" \/>\n<meta property=\"og:description\" content=\"Marco Del Prete llama a la cautela sobre el impacto de la Reforma Judicial en inversiones en Quer\u00e9taro\" \/>\n<meta property=\"og:url\" content=\"https:\/\/www.nexoinformativo.mx\/index.php\/2024\/09\/12\/marco-del-prete-llama-a-la-cautela-sobre-el-impacto-de-la-reforma-judicial-en-inversiones-en-queretaro\/\" \/>\n<meta property=\"og:site_name\" content=\"Nexo Informativo Santiago de Quer\u00e9taro\" \/>\n<meta property=\"article:publisher\" content=\"https:\/\/www.facebook.com\/people\/Nexo-Informativo\/61564066885511\/\" \/>\n<meta property=\"article:published_time\" content=\"2024-09-12T15:00:19+00:00\" \/>\n<meta property=\"article:modified_time\" content=\"2024-09-12T16:57:26+00:00\" \/>\n<meta property=\"og:image\" content=\"https:\/\/www.nexoinformativo.mx\/wp-content\/uploads\/2024\/09\/unnamed-16-2-e1726160170806.jpg\" \/>\n\t<meta property=\"og:image:width\" content=\"800\" \/>\n\t<meta property=\"og:image:height\" content=\"600\" \/>\n\t<meta property=\"og:image:type\" content=\"image\/jpeg\" \/>\n<meta name=\"author\" content=\"Nexo Informativo\" \/>\n<meta name=\"twitter:card\" content=\"summary_large_image\" \/>\n<meta name=\"twitter:label1\" content=\"Escrito por\" \/>\n\t<meta name=\"twitter:data1\" content=\"Nexo Informativo\" \/>\n\t<meta name=\"twitter:label2\" content=\"Tiempo de lectura\" \/>\n\t<meta name=\"twitter:data2\" content=\"1 minuto\" \/>\n<script type=\"application\/ld+json\" class=\"yoast-schema-graph\">{\"@context\":\"https:\/\/schema.org\",\"@graph\":[{\"@type\":\"Article\",\"@id\":\"https:\/\/www.nexoinformativo.mx\/index.php\/2024\/09\/12\/marco-del-prete-llama-a-la-cautela-sobre-el-impacto-de-la-reforma-judicial-en-inversiones-en-queretaro\/#article\",\"isPartOf\":{\"@id\":\"https:\/\/www.nexoinformativo.mx\/index.php\/2024\/09\/12\/marco-del-prete-llama-a-la-cautela-sobre-el-impacto-de-la-reforma-judicial-en-inversiones-en-queretaro\/\"},\"author\":{\"name\":\"Nexo Informativo\",\"@id\":\"https:\/\/www.nexoinformativo.mx\/#\/schema\/person\/7749d380ba08c8ca00d7bc76fd907b7d\"},\"headline\":\"Marco Del Prete llama a la cautela sobre el impacto de la Reforma Judicial en inversiones en Quer\u00e9taro\",\"datePublished\":\"2024-09-12T15:00:19+00:00\",\"dateModified\":\"2024-09-12T16:57:26+00:00\",\"mainEntityOfPage\":{\"@id\":\"https:\/\/www.nexoinformativo.mx\/index.php\/2024\/09\/12\/marco-del-prete-llama-a-la-cautela-sobre-el-impacto-de-la-reforma-judicial-en-inversiones-en-queretaro\/\"},\"wordCount\":145,\"commentCount\":0,\"publisher\":{\"@id\":\"https:\/\/www.nexoinformativo.mx\/#organization\"},\"image\":{\"@id\":\"https:\/\/www.nexoinformativo.mx\/index.php\/2024\/09\/12\/marco-del-prete-llama-a-la-cautela-sobre-el-impacto-de-la-reforma-judicial-en-inversiones-en-queretaro\/#primaryimage\"},\"thumbnailUrl\":\"https:\/\/www.nexoinformativo.mx\/wp-content\/uploads\/2024\/09\/unnamed-16-2-e1726160170806.jpg\",\"keywords\":[\"DesarrolloSustentable\",\"EmpleoQuer\u00e9taro\",\"Inversi\u00f3nQuer\u00e9taro\",\"ReformaJudicial\"],\"articleSection\":[\"Econom\u00eda\",\"Estado\",\"\u00daltima Hora\"],\"inLanguage\":\"es\",\"potentialAction\":[{\"@type\":\"CommentAction\",\"name\":\"Comment\",\"target\":[\"https:\/\/www.nexoinformativo.mx\/index.php\/2024\/09\/12\/marco-del-prete-llama-a-la-cautela-sobre-el-impacto-de-la-reforma-judicial-en-inversiones-en-queretaro\/#respond\"]}]},{\"@type\":\"WebPage\",\"@id\":\"https:\/\/www.nexoinformativo.mx\/index.php\/2024\/09\/12\/marco-del-prete-llama-a-la-cautela-sobre-el-impacto-de-la-reforma-judicial-en-inversiones-en-queretaro\/\",\"url\":\"https:\/\/www.nexoinformativo.mx\/index.php\/2024\/09\/12\/marco-del-prete-llama-a-la-cautela-sobre-el-impacto-de-la-reforma-judicial-en-inversiones-en-queretaro\/\",\"name\":\"Marco Del Prete llama a la cautela sobre el impacto de la Reforma Judicial en inversiones en Quer\u00e9taro | Nexo Informativo Santiago de Quer\u00e9taro\",\"isPartOf\":{\"@id\":\"https:\/\/www.nexoinformativo.mx\/#website\"},\"primaryImageOfPage\":{\"@id\":\"https:\/\/www.nexoinformativo.mx\/index.php\/2024\/09\/12\/marco-del-prete-llama-a-la-cautela-sobre-el-impacto-de-la-reforma-judicial-en-inversiones-en-queretaro\/#primaryimage\"},\"image\":{\"@id\":\"https:\/\/www.nexoinformativo.mx\/index.php\/2024\/09\/12\/marco-del-prete-llama-a-la-cautela-sobre-el-impacto-de-la-reforma-judicial-en-inversiones-en-queretaro\/#primaryimage\"},\"thumbnailUrl\":\"https:\/\/www.nexoinformativo.mx\/wp-content\/uploads\/2024\/09\/unnamed-16-2-e1726160170806.jpg\",\"datePublished\":\"2024-09-12T15:00:19+00:00\",\"dateModified\":\"2024-09-12T16:57:26+00:00\",\"description\":\"Marco Del Prete llama a la cautela sobre el impacto de la Reforma Judicial en inversiones en Quer\u00e9taro\",\"breadcrumb\":{\"@id\":\"https:\/\/www.nexoinformativo.mx\/index.php\/2024\/09\/12\/marco-del-prete-llama-a-la-cautela-sobre-el-impacto-de-la-reforma-judicial-en-inversiones-en-queretaro\/#breadcrumb\"},\"inLanguage\":\"es\",\"potentialAction\":[{\"@type\":\"ReadAction\",\"target\":[\"https:\/\/www.nexoinformativo.mx\/index.php\/2024\/09\/12\/marco-del-prete-llama-a-la-cautela-sobre-el-impacto-de-la-reforma-judicial-en-inversiones-en-queretaro\/\"]}]},{\"@type\":\"ImageObject\",\"inLanguage\":\"es\",\"@id\":\"https:\/\/www.nexoinformativo.mx\/index.php\/2024\/09\/12\/marco-del-prete-llama-a-la-cautela-sobre-el-impacto-de-la-reforma-judicial-en-inversiones-en-queretaro\/#primaryimage\",\"url\":\"https:\/\/www.nexoinformativo.mx\/wp-content\/uploads\/2024\/09\/unnamed-16-2-e1726160170806.jpg\",\"contentUrl\":\"https:\/\/www.nexoinformativo.mx\/wp-content\/uploads\/2024\/09\/unnamed-16-2-e1726160170806.jpg\",\"width\":800,\"height\":600},{\"@type\":\"BreadcrumbList\",\"@id\":\"https:\/\/www.nexoinformativo.mx\/index.php\/2024\/09\/12\/marco-del-prete-llama-a-la-cautela-sobre-el-impacto-de-la-reforma-judicial-en-inversiones-en-queretaro\/#breadcrumb\",\"itemListElement\":[{\"@type\":\"ListItem\",\"position\":1,\"name\":\"Inicio\",\"item\":\"https:\/\/www.nexoinformativo.mx\/\"},{\"@type\":\"ListItem\",\"position\":2,\"name\":\"Marco Del Prete llama a la cautela sobre el impacto de la Reforma Judicial en inversiones en Quer\u00e9taro\"}]},{\"@type\":\"WebSite\",\"@id\":\"https:\/\/www.nexoinformativo.mx\/#website\",\"url\":\"https:\/\/www.nexoinformativo.mx\/\",\"name\":\"Nexo Informativo Santiago de Quer\u00e9taro\",\"description\":\"Explora NexoInformativo y convi\u00e9rtete en parte de una comunidad que valora el conocimiento y la verdad. Tu nexoinformativo es tu puente hacia una comprensi\u00f3n m\u00e1s profunda del mundo que te rodea.\",\"publisher\":{\"@id\":\"https:\/\/www.nexoinformativo.mx\/#organization\"},\"potentialAction\":[{\"@type\":\"SearchAction\",\"target\":{\"@type\":\"EntryPoint\",\"urlTemplate\":\"https:\/\/www.nexoinformativo.mx\/?s={search_term_string}\"},\"query-input\":{\"@type\":\"PropertyValueSpecification\",\"valueRequired\":true,\"valueName\":\"search_term_string\"}}],\"inLanguage\":\"es\"},{\"@type\":\"Organization\",\"@id\":\"https:\/\/www.nexoinformativo.mx\/#organization\",\"name\":\"Nexo Informativo Santiago de Quer\u00e9taro\",\"url\":\"https:\/\/www.nexoinformativo.mx\/\",\"logo\":{\"@type\":\"ImageObject\",\"inLanguage\":\"es\",\"@id\":\"https:\/\/www.nexoinformativo.mx\/#\/schema\/logo\/image\/\",\"url\":\"https:\/\/www.nexoinformativo.mx\/wp-content\/uploads\/2024\/07\/nexoi-trasparente-2.png\",\"contentUrl\":\"https:\/\/www.nexoinformativo.mx\/wp-content\/uploads\/2024\/07\/nexoi-trasparente-2.png\",\"width\":816,\"height\":339,\"caption\":\"Nexo Informativo Santiago de Quer\u00e9taro\"},\"image\":{\"@id\":\"https:\/\/www.nexoinformativo.mx\/#\/schema\/logo\/image\/\"},\"sameAs\":[\"https:\/\/www.facebook.com\/people\/Nexo-Informativo\/61564066885511\/\"]},{\"@type\":\"Person\",\"@id\":\"https:\/\/www.nexoinformativo.mx\/#\/schema\/person\/7749d380ba08c8ca00d7bc76fd907b7d\",\"name\":\"Nexo Informativo\",\"image\":{\"@type\":\"ImageObject\",\"inLanguage\":\"es\",\"@id\":\"https:\/\/www.nexoinformativo.mx\/#\/schema\/person\/image\/\",\"url\":\"https:\/\/secure.gravatar.com\/avatar\/dde2928154642a13d95f87ddf1ea9718fe2b46760a005c53e41ff5ad610704e6?s=96&d=mm&r=g\",\"contentUrl\":\"https:\/\/secure.gravatar.com\/avatar\/dde2928154642a13d95f87ddf1ea9718fe2b46760a005c53e41ff5ad610704e6?s=96&d=mm&r=g\",\"caption\":\"Nexo Informativo\"},\"url\":\"https:\/\/www.nexoinformativo.mx\/index.php\/author\/edicion\/\"}]}<\/script>\n<!-- \/ Yoast SEO plugin. -->","yoast_head_json":{"title":"Marco Del Prete llama a la cautela sobre el impacto de la Reforma Judicial en inversiones en Quer\u00e9taro | Nexo Informativo Santiago de Quer\u00e9taro","description":"Marco Del Prete llama a la cautela sobre el impacto de la Reforma Judicial en inversiones en Quer\u00e9taro","robots":{"index":"index","follow":"follow","max-snippet":"max-snippet:-1","max-image-preview":"max-image-preview:large","max-video-preview":"max-video-preview:-1"},"canonical":"https:\/\/www.nexoinformativo.mx\/index.php\/2024\/09\/12\/marco-del-prete-llama-a-la-cautela-sobre-el-impacto-de-la-reforma-judicial-en-inversiones-en-queretaro\/","og_locale":"es_MX","og_type":"article","og_title":"Marco Del Prete llama a la cautela sobre el impacto de la Reforma Judicial en inversiones en Quer\u00e9taro | Nexo Informativo Santiago de Quer\u00e9taro","og_description":"Marco Del Prete llama a la cautela sobre el impacto de la Reforma Judicial en inversiones en Quer\u00e9taro","og_url":"https:\/\/www.nexoinformativo.mx\/index.php\/2024\/09\/12\/marco-del-prete-llama-a-la-cautela-sobre-el-impacto-de-la-reforma-judicial-en-inversiones-en-queretaro\/","og_site_name":"Nexo Informativo Santiago de Quer\u00e9taro","article_publisher":"https:\/\/www.facebook.com\/people\/Nexo-Informativo\/61564066885511\/","article_published_time":"2024-09-12T15:00:19+00:00","article_modified_time":"2024-09-12T16:57:26+00:00","og_image":[{"width":800,"height":600,"url":"https:\/\/www.nexoinformativo.mx\/wp-content\/uploads\/2024\/09\/unnamed-16-2-e1726160170806.jpg","type":"image\/jpeg"}],"author":"Nexo Informativo","twitter_card":"summary_large_image","twitter_misc":{"Escrito por":"Nexo Informativo","Tiempo de lectura":"1 minuto"},"schema":{"@context":"https:\/\/schema.org","@graph":[{"@type":"Article","@id":"https:\/\/www.nexoinformativo.mx\/index.php\/2024\/09\/12\/marco-del-prete-llama-a-la-cautela-sobre-el-impacto-de-la-reforma-judicial-en-inversiones-en-queretaro\/#article","isPartOf":{"@id":"https:\/\/www.nexoinformativo.mx\/index.php\/2024\/09\/12\/marco-del-prete-llama-a-la-cautela-sobre-el-impacto-de-la-reforma-judicial-en-inversiones-en-queretaro\/"},"author":{"name":"Nexo Informativo","@id":"https:\/\/www.nexoinformativo.mx\/#\/schema\/person\/7749d380ba08c8ca00d7bc76fd907b7d"},"headline":"Marco Del Prete llama a la cautela sobre el impacto de la Reforma Judicial en inversiones en Quer\u00e9taro","datePublished":"2024-09-12T15:00:19+00:00","dateModified":"2024-09-12T16:57:26+00:00","mainEntityOfPage":{"@id":"https:\/\/www.nexoinformativo.mx\/index.php\/2024\/09\/12\/marco-del-prete-llama-a-la-cautela-sobre-el-impacto-de-la-reforma-judicial-en-inversiones-en-queretaro\/"},"wordCount":145,"commentCount":0,"publisher":{"@id":"https:\/\/www.nexoinformativo.mx\/#organization"},"image":{"@id":"https:\/\/www.nexoinformativo.mx\/index.php\/2024\/09\/12\/marco-del-prete-llama-a-la-cautela-sobre-el-impacto-de-la-reforma-judicial-en-inversiones-en-queretaro\/#primaryimage"},"thumbnailUrl":"https:\/\/www.nexoinformativo.mx\/wp-content\/uploads\/2024\/09\/unnamed-16-2-e1726160170806.jpg","keywords":["DesarrolloSustentable","EmpleoQuer\u00e9taro","Inversi\u00f3nQuer\u00e9taro","ReformaJudicial"],"articleSection":["Econom\u00eda","Estado","\u00daltima Hora"],"inLanguage":"es","potentialAction":[{"@type":"CommentAction","name":"Comment","target":["https:\/\/www.nexoinformativo.mx\/index.php\/2024\/09\/12\/marco-del-prete-llama-a-la-cautela-sobre-el-impacto-de-la-reforma-judicial-en-inversiones-en-queretaro\/#respond"]}]},{"@type":"WebPage","@id":"https:\/\/www.nexoinformativo.mx\/index.php\/2024\/09\/12\/marco-del-prete-llama-a-la-cautela-sobre-el-impacto-de-la-reforma-judicial-en-inversiones-en-queretaro\/","url":"https:\/\/www.nexoinformativo.mx\/index.php\/2024\/09\/12\/marco-del-prete-llama-a-la-cautela-sobre-el-impacto-de-la-reforma-judicial-en-inversiones-en-queretaro\/","name":"Marco Del Prete llama a la cautela sobre el impacto de la Reforma Judicial en inversiones en Quer\u00e9taro | Nexo Informativo Santiago de Quer\u00e9taro","isPartOf":{"@id":"https:\/\/www.nexoinformativo.mx\/#website"},"primaryImageOfPage":{"@id":"https:\/\/www.nexoinformativo.mx\/index.php\/2024\/09\/12\/marco-del-prete-llama-a-la-cautela-sobre-el-impacto-de-la-reforma-judicial-en-inversiones-en-queretaro\/#primaryimage"},"image":{"@id":"https:\/\/www.nexoinformativo.mx\/index.php\/2024\/09\/12\/marco-del-prete-llama-a-la-cautela-sobre-el-impacto-de-la-reforma-judicial-en-inversiones-en-queretaro\/#primaryimage"},"thumbnailUrl":"https:\/\/www.nexoinformativo.mx\/wp-content\/uploads\/2024\/09\/unnamed-16-2-e1726160170806.jpg","datePublished":"2024-09-12T15:00:19+00:00","dateModified":"2024-09-12T16:57:26+00:00","description":"Marco Del Prete llama a la cautela sobre el impacto de la Reforma Judicial en inversiones en Quer\u00e9taro","breadcrumb":{"@id":"https:\/\/www.nexoinformativo.mx\/index.php\/2024\/09\/12\/marco-del-prete-llama-a-la-cautela-sobre-el-impacto-de-la-reforma-judicial-en-inversiones-en-queretaro\/#breadcrumb"},"inLanguage":"es","potentialAction":[{"@type":"ReadAction","target":["https:\/\/www.nexoinformativo.mx\/index.php\/2024\/09\/12\/marco-del-prete-llama-a-la-cautela-sobre-el-impacto-de-la-reforma-judicial-en-inversiones-en-queretaro\/"]}]},{"@type":"ImageObject","inLanguage":"es","@id":"https:\/\/www.nexoinformativo.mx\/index.php\/2024\/09\/12\/marco-del-prete-llama-a-la-cautela-sobre-el-impacto-de-la-reforma-judicial-en-inversiones-en-queretaro\/#primaryimage","url":"https:\/\/www.nexoinformativo.mx\/wp-content\/uploads\/2024\/09\/unnamed-16-2-e1726160170806.jpg","contentUrl":"https:\/\/www.nexoinformativo.mx\/wp-content\/uploads\/2024\/09\/unnamed-16-2-e1726160170806.jpg","width":800,"height":600},{"@type":"BreadcrumbList","@id":"https:\/\/www.nexoinformativo.mx\/index.php\/2024\/09\/12\/marco-del-prete-llama-a-la-cautela-sobre-el-impacto-de-la-reforma-judicial-en-inversiones-en-queretaro\/#breadcrumb","itemListElement":[{"@type":"ListItem","position":1,"name":"Inicio","item":"https:\/\/www.nexoinformativo.mx\/"},{"@type":"ListItem","position":2,"name":"Marco Del Prete llama a la cautela sobre el impacto de la Reforma Judicial en inversiones en Quer\u00e9taro"}]},{"@type":"WebSite","@id":"https:\/\/www.nexoinformativo.mx\/#website","url":"https:\/\/www.nexoinformativo.mx\/","name":"Nexo Informativo Santiago de Quer\u00e9taro","description":"Explora NexoInformativo y convi\u00e9rtete en parte de una comunidad que valora el conocimiento y la verdad. Tu nexoinformativo es tu puente hacia una comprensi\u00f3n m\u00e1s profunda del mundo que te rodea.","publisher":{"@id":"https:\/\/www.nexoinformativo.mx\/#organization"},"potentialAction":[{"@type":"SearchAction","target":{"@type":"EntryPoint","urlTemplate":"https:\/\/www.nexoinformativo.mx\/?s={search_term_string}"},"query-input":{"@type":"PropertyValueSpecification","valueRequired":true,"valueName":"search_term_string"}}],"inLanguage":"es"},{"@type":"Organization","@id":"https:\/\/www.nexoinformativo.mx\/#organization","name":"Nexo Informativo Santiago de Quer\u00e9taro","url":"https:\/\/www.nexoinformativo.mx\/","logo":{"@type":"ImageObject","inLanguage":"es","@id":"https:\/\/www.nexoinformativo.mx\/#\/schema\/logo\/image\/","url":"https:\/\/www.nexoinformativo.mx\/wp-content\/uploads\/2024\/07\/nexoi-trasparente-2.png","contentUrl":"https:\/\/www.nexoinformativo.mx\/wp-content\/uploads\/2024\/07\/nexoi-trasparente-2.png","width":816,"height":339,"caption":"Nexo Informativo Santiago de Quer\u00e9taro"},"image":{"@id":"https:\/\/www.nexoinformativo.mx\/#\/schema\/logo\/image\/"},"sameAs":["https:\/\/www.facebook.com\/people\/Nexo-Informativo\/61564066885511\/"]},{"@type":"Person","@id":"https:\/\/www.nexoinformativo.mx\/#\/schema\/person\/7749d380ba08c8ca00d7bc76fd907b7d","name":"Nexo Informativo","image":{"@type":"ImageObject","inLanguage":"es","@id":"https:\/\/www.nexoinformativo.mx\/#\/schema\/person\/image\/","url":"https:\/\/secure.gravatar.com\/avatar\/dde2928154642a13d95f87ddf1ea9718fe2b46760a005c53e41ff5ad610704e6?s=96&d=mm&r=g","contentUrl":"https:\/\/secure.gravatar.com\/avatar\/dde2928154642a13d95f87ddf1ea9718fe2b46760a005c53e41ff5ad610704e6?s=96&d=mm&r=g","caption":"Nexo Informativo"},"url":"https:\/\/www.nexoinformativo.mx\/index.php\/author\/edicion\/"}]}},"_links":{"self":[{"href":"https:\/\/www.nexoinformativo.mx\/index.php\/wp-json\/wp\/v2\/posts\/1854","targetHints":{"allow":["GET"]}}],"collection":[{"href":"https:\/\/www.nexoinformativo.mx\/index.php\/wp-json\/wp\/v2\/posts"}],"about":[{"href":"https:\/\/www.nexoinformativo.mx\/index.php\/wp-json\/wp\/v2\/types\/post"}],"author":[{"embeddable":true,"href":"https:\/\/www.nexoinformativo.mx\/index.php\/wp-json\/wp\/v2\/users\/3"}],"replies":[{"embeddable":true,"href":"https:\/\/www.nexoinformativo.mx\/index.php\/wp-json\/wp\/v2\/comments?post=1854"}],"version-history":[{"count":1,"href":"https:\/\/www.nexoinformativo.mx\/index.php\/wp-json\/wp\/v2\/posts\/1854\/revisions"}],"predecessor-version":[{"id":1856,"href":"https:\/\/www.nexoinformativo.mx\/index.php\/wp-json\/wp\/v2\/posts\/1854\/revisions\/1856"}],"wp:featuredmedia":[{"embeddable":true,"href":"https:\/\/www.nexoinformativo.mx\/index.php\/wp-json\/wp\/v2\/media\/1855"}],"wp:attachment":[{"href":"https:\/\/www.nexoinformativo.mx\/index.php\/wp-json\/wp\/v2\/media?parent=1854"}],"wp:term":[{"taxonomy":"category","embeddable":true,"href":"https:\/\/www.nexoinformativo.mx\/index.php\/wp-json\/wp\/v2\/categories?post=1854"},{"taxonomy":"post_tag","embeddable":true,"href":"https:\/\/www.nexoinformativo.mx\/index.php\/wp-json\/wp\/v2\/tags?post=1854"}],"curies":[{"name":"wp","href":"https:\/\/api.w.org\/{rel}","templated":true}]}}