{"id":1857,"date":"2024-09-12T09:00:07","date_gmt":"2024-09-12T15:00:07","guid":{"rendered":"https:\/\/www.nexoinformativo.mx\/?p=1857"},"modified":"2024-09-12T16:36:18","modified_gmt":"2024-09-12T22:36:18","slug":"detienen-a-adolescente-por-asesinato-de-joven-de-17-anos-en-rina-en-la-colonia-satelite-queretaro","status":"publish","type":"post","link":"https:\/\/www.nexoinformativo.mx\/index.php\/2024\/09\/12\/detienen-a-adolescente-por-asesinato-de-joven-de-17-anos-en-rina-en-la-colonia-satelite-queretaro\/","title":{"rendered":"Detienen a adolescente por el supuesto asesinato de joven de 17 a\u00f1os en ri\u00f1a en la colonia Sat\u00e9lite, Quer\u00e9taro"},"content":{"rendered":"<p style=\"text-align: justify;\">La Fiscal\u00eda General del Estado de Quer\u00e9taro ha detenido a un adolescente, se\u00f1alado como el presunto responsable del asesinato de una joven de 17 a\u00f1os, ocurrido tras una ri\u00f1a entre estudiantes del Bachilleres 1, en la colonia Sat\u00e9lite. La detenci\u00f3n se realiz\u00f3 luego de obtener una orden de aprehensi\u00f3n emitida por la autoridad judicial, conforme a la Ley Nacional de Justicia para Adolescentes.<\/p>\n<p>&nbsp;<\/p>\n<p style=\"text-align: justify;\">El incidente fue reportado por la Secretar\u00eda de Seguridad P\u00fablica Municipal, lo que activ\u00f3 una investigaci\u00f3n con perspectiva de g\u00e9nero. Durante la recolecci\u00f3n de pruebas, se localiz\u00f3 un arma de fuego, se obtuvo la identidad y ubicaci\u00f3n del agresor, quien ser\u00e1 presentado ante un juez en las pr\u00f3ximas horas para su audiencia inicial.<\/p>\n<p>&nbsp;<\/p>\n<p style=\"text-align: justify;\">La familia de la v\u00edctima ha sido canalizada para recibir atenci\u00f3n integral y apoyo psicol\u00f3gico, en apego a sus derechos humanos. Las autoridades siguen trabajando para esclarecer los detalles del caso y asegurar justicia.<\/p>\n","protected":false},"excerpt":{"rendered":"<p>La Fiscal\u00eda General del Estado de Quer\u00e9taro ha detenido a un adolescente, se\u00f1alado como el presunto responsable del asesinato de una joven de 17 a\u00f1os, ocurrido tras una ri\u00f1a entre estudiantes del Bachilleres 1, en la colonia Sat\u00e9lite.<\/p>\n","protected":false},"author":3,"featured_media":1839,"comment_status":"open","ping_status":"open","sticky":false,"template":"","format":"standard","meta":{"footnotes":""},"categories":[137,58],"tags":[671,672,476,673],"class_list":["post-1857","post","type-post","status-publish","format-standard","has-post-thumbnail","hentry","category-sucesos","category-ultima-hora","tag-justiciaparatodos","tag-prevenciondeviolencia","tag-queretaroseguridad","tag-seguridadescolar"],"yoast_head":"<!-- This site is optimized with the Yoast SEO plugin v25.0 - https:\/\/yoast.com\/wordpress\/plugins\/seo\/ -->\n<title>Detienen a adolescente por el supuesto asesinato de joven de 17 a\u00f1os en ri\u00f1a en la colonia Sat\u00e9lite, Quer\u00e9taro | Nexo Informativo Santiago de Quer\u00e9taro<\/title>\n<meta name=\"description\" content=\"Detienen a adolescente por asesinato de joven de 17 a\u00f1os en ri\u00f1a en la colonia Sat\u00e9lite, Quer\u00e9taro\" \/>\n<meta name=\"robots\" content=\"index, follow, max-snippet:-1, max-image-preview:large, max-video-preview:-1\" \/>\n<link rel=\"canonical\" href=\"https:\/\/www.nexoinformativo.mx\/index.php\/2024\/09\/12\/detienen-a-adolescente-por-asesinato-de-joven-de-17-anos-en-rina-en-la-colonia-satelite-queretaro\/\" \/>\n<meta property=\"og:locale\" content=\"es_MX\" \/>\n<meta property=\"og:type\" content=\"article\" \/>\n<meta property=\"og:title\" content=\"Detienen a adolescente por el supuesto asesinato de joven de 17 a\u00f1os en ri\u00f1a en la colonia Sat\u00e9lite, Quer\u00e9taro | Nexo Informativo Santiago de Quer\u00e9taro\" \/>\n<meta property=\"og:description\" content=\"Detienen a adolescente por asesinato de joven de 17 a\u00f1os en ri\u00f1a en la colonia Sat\u00e9lite, Quer\u00e9taro\" \/>\n<meta property=\"og:url\" content=\"https:\/\/www.nexoinformativo.mx\/index.php\/2024\/09\/12\/detienen-a-adolescente-por-asesinato-de-joven-de-17-anos-en-rina-en-la-colonia-satelite-queretaro\/\" \/>\n<meta property=\"og:site_name\" content=\"Nexo Informativo Santiago de Quer\u00e9taro\" \/>\n<meta property=\"article:publisher\" content=\"https:\/\/www.facebook.com\/people\/Nexo-Informativo\/61564066885511\/\" \/>\n<meta property=\"article:published_time\" content=\"2024-09-12T15:00:07+00:00\" \/>\n<meta property=\"article:modified_time\" content=\"2024-09-12T22:36:18+00:00\" \/>\n<meta property=\"og:image\" content=\"https:\/\/www.nexoinformativo.mx\/wp-content\/uploads\/2024\/09\/PHOTO-2024-09-11-18-23-00-e1726101746924.jpg\" \/>\n\t<meta property=\"og:image:width\" content=\"800\" \/>\n\t<meta property=\"og:image:height\" content=\"450\" \/>\n\t<meta property=\"og:image:type\" content=\"image\/jpeg\" \/>\n<meta name=\"author\" content=\"Nexo Informativo\" \/>\n<meta name=\"twitter:card\" content=\"summary_large_image\" \/>\n<meta name=\"twitter:label1\" content=\"Escrito por\" \/>\n\t<meta name=\"twitter:data1\" content=\"Nexo Informativo\" \/>\n\t<meta name=\"twitter:label2\" content=\"Tiempo de lectura\" \/>\n\t<meta name=\"twitter:data2\" content=\"1 minuto\" \/>\n<script type=\"application\/ld+json\" class=\"yoast-schema-graph\">{\"@context\":\"https:\/\/schema.org\",\"@graph\":[{\"@type\":\"Article\",\"@id\":\"https:\/\/www.nexoinformativo.mx\/index.php\/2024\/09\/12\/detienen-a-adolescente-por-asesinato-de-joven-de-17-anos-en-rina-en-la-colonia-satelite-queretaro\/#article\",\"isPartOf\":{\"@id\":\"https:\/\/www.nexoinformativo.mx\/index.php\/2024\/09\/12\/detienen-a-adolescente-por-asesinato-de-joven-de-17-anos-en-rina-en-la-colonia-satelite-queretaro\/\"},\"author\":{\"name\":\"Nexo Informativo\",\"@id\":\"https:\/\/www.nexoinformativo.mx\/#\/schema\/person\/7749d380ba08c8ca00d7bc76fd907b7d\"},\"headline\":\"Detienen a adolescente por el supuesto asesinato de joven de 17 a\u00f1os en ri\u00f1a en la colonia Sat\u00e9lite, Quer\u00e9taro\",\"datePublished\":\"2024-09-12T15:00:07+00:00\",\"dateModified\":\"2024-09-12T22:36:18+00:00\",\"mainEntityOfPage\":{\"@id\":\"https:\/\/www.nexoinformativo.mx\/index.php\/2024\/09\/12\/detienen-a-adolescente-por-asesinato-de-joven-de-17-anos-en-rina-en-la-colonia-satelite-queretaro\/\"},\"wordCount\":190,\"commentCount\":0,\"publisher\":{\"@id\":\"https:\/\/www.nexoinformativo.mx\/#organization\"},\"image\":{\"@id\":\"https:\/\/www.nexoinformativo.mx\/index.php\/2024\/09\/12\/detienen-a-adolescente-por-asesinato-de-joven-de-17-anos-en-rina-en-la-colonia-satelite-queretaro\/#primaryimage\"},\"thumbnailUrl\":\"https:\/\/www.nexoinformativo.mx\/wp-content\/uploads\/2024\/09\/PHOTO-2024-09-11-18-23-00-e1726101746924.jpg\",\"keywords\":[\"JusticiaParaTodos\",\"Prevenci\u00f3nDeViolencia\",\"Quer\u00e9taroSeguridad\",\"SeguridadEscolar\"],\"articleSection\":[\"Sucesos\",\"\u00daltima Hora\"],\"inLanguage\":\"es\",\"potentialAction\":[{\"@type\":\"CommentAction\",\"name\":\"Comment\",\"target\":[\"https:\/\/www.nexoinformativo.mx\/index.php\/2024\/09\/12\/detienen-a-adolescente-por-asesinato-de-joven-de-17-anos-en-rina-en-la-colonia-satelite-queretaro\/#respond\"]}]},{\"@type\":\"WebPage\",\"@id\":\"https:\/\/www.nexoinformativo.mx\/index.php\/2024\/09\/12\/detienen-a-adolescente-por-asesinato-de-joven-de-17-anos-en-rina-en-la-colonia-satelite-queretaro\/\",\"url\":\"https:\/\/www.nexoinformativo.mx\/index.php\/2024\/09\/12\/detienen-a-adolescente-por-asesinato-de-joven-de-17-anos-en-rina-en-la-colonia-satelite-queretaro\/\",\"name\":\"Detienen a adolescente por el supuesto asesinato de joven de 17 a\u00f1os en ri\u00f1a en la colonia Sat\u00e9lite, Quer\u00e9taro | Nexo Informativo Santiago de Quer\u00e9taro\",\"isPartOf\":{\"@id\":\"https:\/\/www.nexoinformativo.mx\/#website\"},\"primaryImageOfPage\":{\"@id\":\"https:\/\/www.nexoinformativo.mx\/index.php\/2024\/09\/12\/detienen-a-adolescente-por-asesinato-de-joven-de-17-anos-en-rina-en-la-colonia-satelite-queretaro\/#primaryimage\"},\"image\":{\"@id\":\"https:\/\/www.nexoinformativo.mx\/index.php\/2024\/09\/12\/detienen-a-adolescente-por-asesinato-de-joven-de-17-anos-en-rina-en-la-colonia-satelite-queretaro\/#primaryimage\"},\"thumbnailUrl\":\"https:\/\/www.nexoinformativo.mx\/wp-content\/uploads\/2024\/09\/PHOTO-2024-09-11-18-23-00-e1726101746924.jpg\",\"datePublished\":\"2024-09-12T15:00:07+00:00\",\"dateModified\":\"2024-09-12T22:36:18+00:00\",\"description\":\"Detienen a adolescente por asesinato de joven de 17 a\u00f1os en ri\u00f1a en la colonia Sat\u00e9lite, Quer\u00e9taro\",\"breadcrumb\":{\"@id\":\"https:\/\/www.nexoinformativo.mx\/index.php\/2024\/09\/12\/detienen-a-adolescente-por-asesinato-de-joven-de-17-anos-en-rina-en-la-colonia-satelite-queretaro\/#breadcrumb\"},\"inLanguage\":\"es\",\"potentialAction\":[{\"@type\":\"ReadAction\",\"target\":[\"https:\/\/www.nexoinformativo.mx\/index.php\/2024\/09\/12\/detienen-a-adolescente-por-asesinato-de-joven-de-17-anos-en-rina-en-la-colonia-satelite-queretaro\/\"]}]},{\"@type\":\"ImageObject\",\"inLanguage\":\"es\",\"@id\":\"https:\/\/www.nexoinformativo.mx\/index.php\/2024\/09\/12\/detienen-a-adolescente-por-asesinato-de-joven-de-17-anos-en-rina-en-la-colonia-satelite-queretaro\/#primaryimage\",\"url\":\"https:\/\/www.nexoinformativo.mx\/wp-content\/uploads\/2024\/09\/PHOTO-2024-09-11-18-23-00-e1726101746924.jpg\",\"contentUrl\":\"https:\/\/www.nexoinformativo.mx\/wp-content\/uploads\/2024\/09\/PHOTO-2024-09-11-18-23-00-e1726101746924.jpg\",\"width\":800,\"height\":450},{\"@type\":\"BreadcrumbList\",\"@id\":\"https:\/\/www.nexoinformativo.mx\/index.php\/2024\/09\/12\/detienen-a-adolescente-por-asesinato-de-joven-de-17-anos-en-rina-en-la-colonia-satelite-queretaro\/#breadcrumb\",\"itemListElement\":[{\"@type\":\"ListItem\",\"position\":1,\"name\":\"Inicio\",\"item\":\"https:\/\/www.nexoinformativo.mx\/\"},{\"@type\":\"ListItem\",\"position\":2,\"name\":\"Detienen a adolescente por el supuesto asesinato de joven de 17 a\u00f1os en ri\u00f1a en la colonia Sat\u00e9lite, Quer\u00e9taro\"}]},{\"@type\":\"WebSite\",\"@id\":\"https:\/\/www.nexoinformativo.mx\/#website\",\"url\":\"https:\/\/www.nexoinformativo.mx\/\",\"name\":\"Nexo Informativo Santiago de Quer\u00e9taro\",\"description\":\"Explora NexoInformativo y convi\u00e9rtete en parte de una comunidad que valora el conocimiento y la verdad. Tu nexoinformativo es tu puente hacia una comprensi\u00f3n m\u00e1s profunda del mundo que te rodea.\",\"publisher\":{\"@id\":\"https:\/\/www.nexoinformativo.mx\/#organization\"},\"potentialAction\":[{\"@type\":\"SearchAction\",\"target\":{\"@type\":\"EntryPoint\",\"urlTemplate\":\"https:\/\/www.nexoinformativo.mx\/?s={search_term_string}\"},\"query-input\":{\"@type\":\"PropertyValueSpecification\",\"valueRequired\":true,\"valueName\":\"search_term_string\"}}],\"inLanguage\":\"es\"},{\"@type\":\"Organization\",\"@id\":\"https:\/\/www.nexoinformativo.mx\/#organization\",\"name\":\"Nexo Informativo Santiago de Quer\u00e9taro\",\"url\":\"https:\/\/www.nexoinformativo.mx\/\",\"logo\":{\"@type\":\"ImageObject\",\"inLanguage\":\"es\",\"@id\":\"https:\/\/www.nexoinformativo.mx\/#\/schema\/logo\/image\/\",\"url\":\"https:\/\/www.nexoinformativo.mx\/wp-content\/uploads\/2024\/07\/nexoi-trasparente-2.png\",\"contentUrl\":\"https:\/\/www.nexoinformativo.mx\/wp-content\/uploads\/2024\/07\/nexoi-trasparente-2.png\",\"width\":816,\"height\":339,\"caption\":\"Nexo Informativo Santiago de Quer\u00e9taro\"},\"image\":{\"@id\":\"https:\/\/www.nexoinformativo.mx\/#\/schema\/logo\/image\/\"},\"sameAs\":[\"https:\/\/www.facebook.com\/people\/Nexo-Informativo\/61564066885511\/\"]},{\"@type\":\"Person\",\"@id\":\"https:\/\/www.nexoinformativo.mx\/#\/schema\/person\/7749d380ba08c8ca00d7bc76fd907b7d\",\"name\":\"Nexo Informativo\",\"image\":{\"@type\":\"ImageObject\",\"inLanguage\":\"es\",\"@id\":\"https:\/\/www.nexoinformativo.mx\/#\/schema\/person\/image\/\",\"url\":\"https:\/\/secure.gravatar.com\/avatar\/dde2928154642a13d95f87ddf1ea9718fe2b46760a005c53e41ff5ad610704e6?s=96&d=mm&r=g\",\"contentUrl\":\"https:\/\/secure.gravatar.com\/avatar\/dde2928154642a13d95f87ddf1ea9718fe2b46760a005c53e41ff5ad610704e6?s=96&d=mm&r=g\",\"caption\":\"Nexo Informativo\"},\"url\":\"https:\/\/www.nexoinformativo.mx\/index.php\/author\/edicion\/\"}]}<\/script>\n<!-- \/ Yoast SEO plugin. -->","yoast_head_json":{"title":"Detienen a adolescente por el supuesto asesinato de joven de 17 a\u00f1os en ri\u00f1a en la colonia Sat\u00e9lite, Quer\u00e9taro | Nexo Informativo Santiago de Quer\u00e9taro","description":"Detienen a adolescente por asesinato de joven de 17 a\u00f1os en ri\u00f1a en la colonia Sat\u00e9lite, Quer\u00e9taro","robots":{"index":"index","follow":"follow","max-snippet":"max-snippet:-1","max-image-preview":"max-image-preview:large","max-video-preview":"max-video-preview:-1"},"canonical":"https:\/\/www.nexoinformativo.mx\/index.php\/2024\/09\/12\/detienen-a-adolescente-por-asesinato-de-joven-de-17-anos-en-rina-en-la-colonia-satelite-queretaro\/","og_locale":"es_MX","og_type":"article","og_title":"Detienen a adolescente por el supuesto asesinato de joven de 17 a\u00f1os en ri\u00f1a en la colonia Sat\u00e9lite, Quer\u00e9taro | Nexo Informativo Santiago de Quer\u00e9taro","og_description":"Detienen a adolescente por asesinato de joven de 17 a\u00f1os en ri\u00f1a en la colonia Sat\u00e9lite, Quer\u00e9taro","og_url":"https:\/\/www.nexoinformativo.mx\/index.php\/2024\/09\/12\/detienen-a-adolescente-por-asesinato-de-joven-de-17-anos-en-rina-en-la-colonia-satelite-queretaro\/","og_site_name":"Nexo Informativo Santiago de Quer\u00e9taro","article_publisher":"https:\/\/www.facebook.com\/people\/Nexo-Informativo\/61564066885511\/","article_published_time":"2024-09-12T15:00:07+00:00","article_modified_time":"2024-09-12T22:36:18+00:00","og_image":[{"width":800,"height":450,"url":"https:\/\/www.nexoinformativo.mx\/wp-content\/uploads\/2024\/09\/PHOTO-2024-09-11-18-23-00-e1726101746924.jpg","type":"image\/jpeg"}],"author":"Nexo Informativo","twitter_card":"summary_large_image","twitter_misc":{"Escrito por":"Nexo Informativo","Tiempo de lectura":"1 minuto"},"schema":{"@context":"https:\/\/schema.org","@graph":[{"@type":"Article","@id":"https:\/\/www.nexoinformativo.mx\/index.php\/2024\/09\/12\/detienen-a-adolescente-por-asesinato-de-joven-de-17-anos-en-rina-en-la-colonia-satelite-queretaro\/#article","isPartOf":{"@id":"https:\/\/www.nexoinformativo.mx\/index.php\/2024\/09\/12\/detienen-a-adolescente-por-asesinato-de-joven-de-17-anos-en-rina-en-la-colonia-satelite-queretaro\/"},"author":{"name":"Nexo Informativo","@id":"https:\/\/www.nexoinformativo.mx\/#\/schema\/person\/7749d380ba08c8ca00d7bc76fd907b7d"},"headline":"Detienen a adolescente por el supuesto asesinato de joven de 17 a\u00f1os en ri\u00f1a en la colonia Sat\u00e9lite, Quer\u00e9taro","datePublished":"2024-09-12T15:00:07+00:00","dateModified":"2024-09-12T22:36:18+00:00","mainEntityOfPage":{"@id":"https:\/\/www.nexoinformativo.mx\/index.php\/2024\/09\/12\/detienen-a-adolescente-por-asesinato-de-joven-de-17-anos-en-rina-en-la-colonia-satelite-queretaro\/"},"wordCount":190,"commentCount":0,"publisher":{"@id":"https:\/\/www.nexoinformativo.mx\/#organization"},"image":{"@id":"https:\/\/www.nexoinformativo.mx\/index.php\/2024\/09\/12\/detienen-a-adolescente-por-asesinato-de-joven-de-17-anos-en-rina-en-la-colonia-satelite-queretaro\/#primaryimage"},"thumbnailUrl":"https:\/\/www.nexoinformativo.mx\/wp-content\/uploads\/2024\/09\/PHOTO-2024-09-11-18-23-00-e1726101746924.jpg","keywords":["JusticiaParaTodos","Prevenci\u00f3nDeViolencia","Quer\u00e9taroSeguridad","SeguridadEscolar"],"articleSection":["Sucesos","\u00daltima Hora"],"inLanguage":"es","potentialAction":[{"@type":"CommentAction","name":"Comment","target":["https:\/\/www.nexoinformativo.mx\/index.php\/2024\/09\/12\/detienen-a-adolescente-por-asesinato-de-joven-de-17-anos-en-rina-en-la-colonia-satelite-queretaro\/#respond"]}]},{"@type":"WebPage","@id":"https:\/\/www.nexoinformativo.mx\/index.php\/2024\/09\/12\/detienen-a-adolescente-por-asesinato-de-joven-de-17-anos-en-rina-en-la-colonia-satelite-queretaro\/","url":"https:\/\/www.nexoinformativo.mx\/index.php\/2024\/09\/12\/detienen-a-adolescente-por-asesinato-de-joven-de-17-anos-en-rina-en-la-colonia-satelite-queretaro\/","name":"Detienen a adolescente por el supuesto asesinato de joven de 17 a\u00f1os en ri\u00f1a en la colonia Sat\u00e9lite, Quer\u00e9taro | Nexo Informativo Santiago de Quer\u00e9taro","isPartOf":{"@id":"https:\/\/www.nexoinformativo.mx\/#website"},"primaryImageOfPage":{"@id":"https:\/\/www.nexoinformativo.mx\/index.php\/2024\/09\/12\/detienen-a-adolescente-por-asesinato-de-joven-de-17-anos-en-rina-en-la-colonia-satelite-queretaro\/#primaryimage"},"image":{"@id":"https:\/\/www.nexoinformativo.mx\/index.php\/2024\/09\/12\/detienen-a-adolescente-por-asesinato-de-joven-de-17-anos-en-rina-en-la-colonia-satelite-queretaro\/#primaryimage"},"thumbnailUrl":"https:\/\/www.nexoinformativo.mx\/wp-content\/uploads\/2024\/09\/PHOTO-2024-09-11-18-23-00-e1726101746924.jpg","datePublished":"2024-09-12T15:00:07+00:00","dateModified":"2024-09-12T22:36:18+00:00","description":"Detienen a adolescente por asesinato de joven de 17 a\u00f1os en ri\u00f1a en la colonia Sat\u00e9lite, Quer\u00e9taro","breadcrumb":{"@id":"https:\/\/www.nexoinformativo.mx\/index.php\/2024\/09\/12\/detienen-a-adolescente-por-asesinato-de-joven-de-17-anos-en-rina-en-la-colonia-satelite-queretaro\/#breadcrumb"},"inLanguage":"es","potentialAction":[{"@type":"ReadAction","target":["https:\/\/www.nexoinformativo.mx\/index.php\/2024\/09\/12\/detienen-a-adolescente-por-asesinato-de-joven-de-17-anos-en-rina-en-la-colonia-satelite-queretaro\/"]}]},{"@type":"ImageObject","inLanguage":"es","@id":"https:\/\/www.nexoinformativo.mx\/index.php\/2024\/09\/12\/detienen-a-adolescente-por-asesinato-de-joven-de-17-anos-en-rina-en-la-colonia-satelite-queretaro\/#primaryimage","url":"https:\/\/www.nexoinformativo.mx\/wp-content\/uploads\/2024\/09\/PHOTO-2024-09-11-18-23-00-e1726101746924.jpg","contentUrl":"https:\/\/www.nexoinformativo.mx\/wp-content\/uploads\/2024\/09\/PHOTO-2024-09-11-18-23-00-e1726101746924.jpg","width":800,"height":450},{"@type":"BreadcrumbList","@id":"https:\/\/www.nexoinformativo.mx\/index.php\/2024\/09\/12\/detienen-a-adolescente-por-asesinato-de-joven-de-17-anos-en-rina-en-la-colonia-satelite-queretaro\/#breadcrumb","itemListElement":[{"@type":"ListItem","position":1,"name":"Inicio","item":"https:\/\/www.nexoinformativo.mx\/"},{"@type":"ListItem","position":2,"name":"Detienen a adolescente por el supuesto asesinato de joven de 17 a\u00f1os en ri\u00f1a en la colonia Sat\u00e9lite, Quer\u00e9taro"}]},{"@type":"WebSite","@id":"https:\/\/www.nexoinformativo.mx\/#website","url":"https:\/\/www.nexoinformativo.mx\/","name":"Nexo Informativo Santiago de Quer\u00e9taro","description":"Explora NexoInformativo y convi\u00e9rtete en parte de una comunidad que valora el conocimiento y la verdad. Tu nexoinformativo es tu puente hacia una comprensi\u00f3n m\u00e1s profunda del mundo que te rodea.","publisher":{"@id":"https:\/\/www.nexoinformativo.mx\/#organization"},"potentialAction":[{"@type":"SearchAction","target":{"@type":"EntryPoint","urlTemplate":"https:\/\/www.nexoinformativo.mx\/?s={search_term_string}"},"query-input":{"@type":"PropertyValueSpecification","valueRequired":true,"valueName":"search_term_string"}}],"inLanguage":"es"},{"@type":"Organization","@id":"https:\/\/www.nexoinformativo.mx\/#organization","name":"Nexo Informativo Santiago de Quer\u00e9taro","url":"https:\/\/www.nexoinformativo.mx\/","logo":{"@type":"ImageObject","inLanguage":"es","@id":"https:\/\/www.nexoinformativo.mx\/#\/schema\/logo\/image\/","url":"https:\/\/www.nexoinformativo.mx\/wp-content\/uploads\/2024\/07\/nexoi-trasparente-2.png","contentUrl":"https:\/\/www.nexoinformativo.mx\/wp-content\/uploads\/2024\/07\/nexoi-trasparente-2.png","width":816,"height":339,"caption":"Nexo Informativo Santiago de Quer\u00e9taro"},"image":{"@id":"https:\/\/www.nexoinformativo.mx\/#\/schema\/logo\/image\/"},"sameAs":["https:\/\/www.facebook.com\/people\/Nexo-Informativo\/61564066885511\/"]},{"@type":"Person","@id":"https:\/\/www.nexoinformativo.mx\/#\/schema\/person\/7749d380ba08c8ca00d7bc76fd907b7d","name":"Nexo Informativo","image":{"@type":"ImageObject","inLanguage":"es","@id":"https:\/\/www.nexoinformativo.mx\/#\/schema\/person\/image\/","url":"https:\/\/secure.gravatar.com\/avatar\/dde2928154642a13d95f87ddf1ea9718fe2b46760a005c53e41ff5ad610704e6?s=96&d=mm&r=g","contentUrl":"https:\/\/secure.gravatar.com\/avatar\/dde2928154642a13d95f87ddf1ea9718fe2b46760a005c53e41ff5ad610704e6?s=96&d=mm&r=g","caption":"Nexo Informativo"},"url":"https:\/\/www.nexoinformativo.mx\/index.php\/author\/edicion\/"}]}},"_links":{"self":[{"href":"https:\/\/www.nexoinformativo.mx\/index.php\/wp-json\/wp\/v2\/posts\/1857","targetHints":{"allow":["GET"]}}],"collection":[{"href":"https:\/\/www.nexoinformativo.mx\/index.php\/wp-json\/wp\/v2\/posts"}],"about":[{"href":"https:\/\/www.nexoinformativo.mx\/index.php\/wp-json\/wp\/v2\/types\/post"}],"author":[{"embeddable":true,"href":"https:\/\/www.nexoinformativo.mx\/index.php\/wp-json\/wp\/v2\/users\/3"}],"replies":[{"embeddable":true,"href":"https:\/\/www.nexoinformativo.mx\/index.php\/wp-json\/wp\/v2\/comments?post=1857"}],"version-history":[{"count":4,"href":"https:\/\/www.nexoinformativo.mx\/index.php\/wp-json\/wp\/v2\/posts\/1857\/revisions"}],"predecessor-version":[{"id":1905,"href":"https:\/\/www.nexoinformativo.mx\/index.php\/wp-json\/wp\/v2\/posts\/1857\/revisions\/1905"}],"wp:featuredmedia":[{"embeddable":true,"href":"https:\/\/www.nexoinformativo.mx\/index.php\/wp-json\/wp\/v2\/media\/1839"}],"wp:attachment":[{"href":"https:\/\/www.nexoinformativo.mx\/index.php\/wp-json\/wp\/v2\/media?parent=1857"}],"wp:term":[{"taxonomy":"category","embeddable":true,"href":"https:\/\/www.nexoinformativo.mx\/index.php\/wp-json\/wp\/v2\/categories?post=1857"},{"taxonomy":"post_tag","embeddable":true,"href":"https:\/\/www.nexoinformativo.mx\/index.php\/wp-json\/wp\/v2\/tags?post=1857"}],"curies":[{"name":"wp","href":"https:\/\/api.w.org\/{rel}","templated":true}]}}