{"id":1861,"date":"2024-09-12T10:00:14","date_gmt":"2024-09-12T16:00:14","guid":{"rendered":"https:\/\/www.nexoinformativo.mx\/?p=1861"},"modified":"2024-10-06T19:32:35","modified_gmt":"2024-10-07T01:32:35","slug":"anuncian-nueva-ruta-de-qrobus-que-conectara-queretaro-con-pedro-escobedo","status":"publish","type":"post","link":"https:\/\/www.nexoinformativo.mx\/index.php\/2024\/09\/12\/anuncian-nueva-ruta-de-qrobus-que-conectara-queretaro-con-pedro-escobedo\/","title":{"rendered":"Anuncian nueva ruta de Qrobus que conectar\u00e1 Quer\u00e9taro con Pedro Escobedo"},"content":{"rendered":"<p style=\"text-align: justify;\">El director de la Agencia de Movilidad del Estado de Quer\u00e9taro, Gerardo Cuanalo, anunci\u00f3 la operaci\u00f3n de la nueva ruta troncal T14, que conectar\u00e1 la Terminal de Autobuses de Quer\u00e9taro con el municipio de Pedro Escobedo. Esta nueva ruta, que comenzar\u00e1 a funcionar en noviembre, estar\u00e1 integrada en el sistema Qrobus y contar\u00e1 con 10 unidades, conectando tambi\u00e9n los parques industriales ubicados en la autopista 57.<\/p>\n<p>&nbsp;<\/p>\n<p style=\"text-align: justify;\">Se estima que la demanda de la ruta T14 sea de al menos 4 mil usuarios, lo que refuerza el crecimiento del transporte p\u00fablico en el estado. Cuanalo inform\u00f3 que el n\u00famero de usuarios de Qrobus ha crecido un 87% durante la presente administraci\u00f3n, mientras que el n\u00famero de autobuses en circulaci\u00f3n ha aumentado en un 98%.<\/p>\n<p>&nbsp;<\/p>\n<p style=\"text-align: justify;\">Adem\u00e1s, destac\u00f3 que la AMEQ opera 20 rutas con un promedio de frecuencia de 13 minutos y que se abrir\u00e1n m\u00e1s rutas en los pr\u00f3ximos meses, mejorando la conectividad en todo el estado.<\/p>\n<p>&nbsp;<\/p>\n<p>&nbsp;<\/p>\n<p style=\"text-align: center;\"><strong><em>\u00a1Informaci\u00f3n que transforma!<\/em><\/strong><\/p>\n","protected":false},"excerpt":{"rendered":"<p>El director de la Agencia de Movilidad del Estado de Quer\u00e9taro, Gerardo Cuanalo, anunci\u00f3 la operaci\u00f3n de la nueva ruta troncal T14, que conectar\u00e1 la Terminal de Autobuses de Quer\u00e9taro con el municipio de Pedro Escobedo.<\/p>\n","protected":false},"author":3,"featured_media":1862,"comment_status":"open","ping_status":"open","sticky":false,"template":"","format":"standard","meta":{"footnotes":""},"categories":[65,58],"tags":[358,674,675,596],"class_list":["post-1861","post","type-post","status-publish","format-standard","has-post-thumbnail","hentry","category-municipios","category-ultima-hora","tag-movilidadqueretaro","tag-nuevarutat14","tag-qrobuspedroescobedo","tag-transportepublico"],"yoast_head":"<!-- This site is optimized with the Yoast SEO plugin v25.0 - https:\/\/yoast.com\/wordpress\/plugins\/seo\/ -->\n<title>Anuncian nueva ruta de Qrobus que conectar\u00e1 Quer\u00e9taro con Pedro Escobedo | Nexo Informativo Santiago de Quer\u00e9taro<\/title>\n<meta name=\"description\" content=\"Anuncian nueva ruta de Qrobus que conectar\u00e1 Quer\u00e9taro con Pedro Escobedo\" \/>\n<meta name=\"robots\" content=\"index, follow, max-snippet:-1, max-image-preview:large, max-video-preview:-1\" \/>\n<link rel=\"canonical\" href=\"https:\/\/www.nexoinformativo.mx\/index.php\/2024\/09\/12\/anuncian-nueva-ruta-de-qrobus-que-conectara-queretaro-con-pedro-escobedo\/\" \/>\n<meta property=\"og:locale\" content=\"es_MX\" \/>\n<meta property=\"og:type\" content=\"article\" \/>\n<meta property=\"og:title\" content=\"Anuncian nueva ruta de Qrobus que conectar\u00e1 Quer\u00e9taro con Pedro Escobedo | Nexo Informativo Santiago de Quer\u00e9taro\" \/>\n<meta property=\"og:description\" content=\"Anuncian nueva ruta de Qrobus que conectar\u00e1 Quer\u00e9taro con Pedro Escobedo\" \/>\n<meta property=\"og:url\" content=\"https:\/\/www.nexoinformativo.mx\/index.php\/2024\/09\/12\/anuncian-nueva-ruta-de-qrobus-que-conectara-queretaro-con-pedro-escobedo\/\" \/>\n<meta property=\"og:site_name\" content=\"Nexo Informativo Santiago de Quer\u00e9taro\" \/>\n<meta property=\"article:publisher\" content=\"https:\/\/www.facebook.com\/people\/Nexo-Informativo\/61564066885511\/\" \/>\n<meta property=\"article:published_time\" content=\"2024-09-12T16:00:14+00:00\" \/>\n<meta property=\"article:modified_time\" content=\"2024-10-07T01:32:35+00:00\" \/>\n<meta property=\"og:image\" content=\"https:\/\/www.nexoinformativo.mx\/wp-content\/uploads\/2024\/09\/unnamed-17-2-e1726163847845.jpg\" \/>\n\t<meta property=\"og:image:width\" content=\"800\" \/>\n\t<meta property=\"og:image:height\" content=\"438\" \/>\n\t<meta property=\"og:image:type\" content=\"image\/jpeg\" \/>\n<meta name=\"author\" content=\"Nexo Informativo\" \/>\n<meta name=\"twitter:card\" content=\"summary_large_image\" \/>\n<meta name=\"twitter:label1\" content=\"Escrito por\" \/>\n\t<meta name=\"twitter:data1\" content=\"Nexo Informativo\" \/>\n\t<meta name=\"twitter:label2\" content=\"Tiempo de lectura\" \/>\n\t<meta name=\"twitter:data2\" content=\"1 minuto\" \/>\n<script type=\"application\/ld+json\" class=\"yoast-schema-graph\">{\"@context\":\"https:\/\/schema.org\",\"@graph\":[{\"@type\":\"Article\",\"@id\":\"https:\/\/www.nexoinformativo.mx\/index.php\/2024\/09\/12\/anuncian-nueva-ruta-de-qrobus-que-conectara-queretaro-con-pedro-escobedo\/#article\",\"isPartOf\":{\"@id\":\"https:\/\/www.nexoinformativo.mx\/index.php\/2024\/09\/12\/anuncian-nueva-ruta-de-qrobus-que-conectara-queretaro-con-pedro-escobedo\/\"},\"author\":{\"name\":\"Nexo Informativo\",\"@id\":\"https:\/\/www.nexoinformativo.mx\/#\/schema\/person\/7749d380ba08c8ca00d7bc76fd907b7d\"},\"headline\":\"Anuncian nueva ruta de Qrobus que conectar\u00e1 Quer\u00e9taro con Pedro Escobedo\",\"datePublished\":\"2024-09-12T16:00:14+00:00\",\"dateModified\":\"2024-10-07T01:32:35+00:00\",\"mainEntityOfPage\":{\"@id\":\"https:\/\/www.nexoinformativo.mx\/index.php\/2024\/09\/12\/anuncian-nueva-ruta-de-qrobus-que-conectara-queretaro-con-pedro-escobedo\/\"},\"wordCount\":182,\"commentCount\":0,\"publisher\":{\"@id\":\"https:\/\/www.nexoinformativo.mx\/#organization\"},\"image\":{\"@id\":\"https:\/\/www.nexoinformativo.mx\/index.php\/2024\/09\/12\/anuncian-nueva-ruta-de-qrobus-que-conectara-queretaro-con-pedro-escobedo\/#primaryimage\"},\"thumbnailUrl\":\"https:\/\/www.nexoinformativo.mx\/wp-content\/uploads\/2024\/09\/unnamed-17-2-e1726163847845.jpg\",\"keywords\":[\"MovilidadQuer\u00e9taro\",\"NuevaRutaT14\",\"QrobusPedroEscobedo\",\"TransporteP\u00fablico\"],\"articleSection\":[\"Municipios\",\"\u00daltima Hora\"],\"inLanguage\":\"es\",\"potentialAction\":[{\"@type\":\"CommentAction\",\"name\":\"Comment\",\"target\":[\"https:\/\/www.nexoinformativo.mx\/index.php\/2024\/09\/12\/anuncian-nueva-ruta-de-qrobus-que-conectara-queretaro-con-pedro-escobedo\/#respond\"]}]},{\"@type\":\"WebPage\",\"@id\":\"https:\/\/www.nexoinformativo.mx\/index.php\/2024\/09\/12\/anuncian-nueva-ruta-de-qrobus-que-conectara-queretaro-con-pedro-escobedo\/\",\"url\":\"https:\/\/www.nexoinformativo.mx\/index.php\/2024\/09\/12\/anuncian-nueva-ruta-de-qrobus-que-conectara-queretaro-con-pedro-escobedo\/\",\"name\":\"Anuncian nueva ruta de Qrobus que conectar\u00e1 Quer\u00e9taro con Pedro Escobedo | Nexo Informativo Santiago de Quer\u00e9taro\",\"isPartOf\":{\"@id\":\"https:\/\/www.nexoinformativo.mx\/#website\"},\"primaryImageOfPage\":{\"@id\":\"https:\/\/www.nexoinformativo.mx\/index.php\/2024\/09\/12\/anuncian-nueva-ruta-de-qrobus-que-conectara-queretaro-con-pedro-escobedo\/#primaryimage\"},\"image\":{\"@id\":\"https:\/\/www.nexoinformativo.mx\/index.php\/2024\/09\/12\/anuncian-nueva-ruta-de-qrobus-que-conectara-queretaro-con-pedro-escobedo\/#primaryimage\"},\"thumbnailUrl\":\"https:\/\/www.nexoinformativo.mx\/wp-content\/uploads\/2024\/09\/unnamed-17-2-e1726163847845.jpg\",\"datePublished\":\"2024-09-12T16:00:14+00:00\",\"dateModified\":\"2024-10-07T01:32:35+00:00\",\"description\":\"Anuncian nueva ruta de Qrobus que conectar\u00e1 Quer\u00e9taro con Pedro Escobedo\",\"breadcrumb\":{\"@id\":\"https:\/\/www.nexoinformativo.mx\/index.php\/2024\/09\/12\/anuncian-nueva-ruta-de-qrobus-que-conectara-queretaro-con-pedro-escobedo\/#breadcrumb\"},\"inLanguage\":\"es\",\"potentialAction\":[{\"@type\":\"ReadAction\",\"target\":[\"https:\/\/www.nexoinformativo.mx\/index.php\/2024\/09\/12\/anuncian-nueva-ruta-de-qrobus-que-conectara-queretaro-con-pedro-escobedo\/\"]}]},{\"@type\":\"ImageObject\",\"inLanguage\":\"es\",\"@id\":\"https:\/\/www.nexoinformativo.mx\/index.php\/2024\/09\/12\/anuncian-nueva-ruta-de-qrobus-que-conectara-queretaro-con-pedro-escobedo\/#primaryimage\",\"url\":\"https:\/\/www.nexoinformativo.mx\/wp-content\/uploads\/2024\/09\/unnamed-17-2-e1726163847845.jpg\",\"contentUrl\":\"https:\/\/www.nexoinformativo.mx\/wp-content\/uploads\/2024\/09\/unnamed-17-2-e1726163847845.jpg\",\"width\":800,\"height\":438},{\"@type\":\"BreadcrumbList\",\"@id\":\"https:\/\/www.nexoinformativo.mx\/index.php\/2024\/09\/12\/anuncian-nueva-ruta-de-qrobus-que-conectara-queretaro-con-pedro-escobedo\/#breadcrumb\",\"itemListElement\":[{\"@type\":\"ListItem\",\"position\":1,\"name\":\"Inicio\",\"item\":\"https:\/\/www.nexoinformativo.mx\/\"},{\"@type\":\"ListItem\",\"position\":2,\"name\":\"Anuncian nueva ruta de Qrobus que conectar\u00e1 Quer\u00e9taro con Pedro Escobedo\"}]},{\"@type\":\"WebSite\",\"@id\":\"https:\/\/www.nexoinformativo.mx\/#website\",\"url\":\"https:\/\/www.nexoinformativo.mx\/\",\"name\":\"Nexo Informativo Santiago de Quer\u00e9taro\",\"description\":\"Explora NexoInformativo y convi\u00e9rtete en parte de una comunidad que valora el conocimiento y la verdad. Tu nexoinformativo es tu puente hacia una comprensi\u00f3n m\u00e1s profunda del mundo que te rodea.\",\"publisher\":{\"@id\":\"https:\/\/www.nexoinformativo.mx\/#organization\"},\"potentialAction\":[{\"@type\":\"SearchAction\",\"target\":{\"@type\":\"EntryPoint\",\"urlTemplate\":\"https:\/\/www.nexoinformativo.mx\/?s={search_term_string}\"},\"query-input\":{\"@type\":\"PropertyValueSpecification\",\"valueRequired\":true,\"valueName\":\"search_term_string\"}}],\"inLanguage\":\"es\"},{\"@type\":\"Organization\",\"@id\":\"https:\/\/www.nexoinformativo.mx\/#organization\",\"name\":\"Nexo Informativo Santiago de Quer\u00e9taro\",\"url\":\"https:\/\/www.nexoinformativo.mx\/\",\"logo\":{\"@type\":\"ImageObject\",\"inLanguage\":\"es\",\"@id\":\"https:\/\/www.nexoinformativo.mx\/#\/schema\/logo\/image\/\",\"url\":\"https:\/\/www.nexoinformativo.mx\/wp-content\/uploads\/2024\/07\/nexoi-trasparente-2.png\",\"contentUrl\":\"https:\/\/www.nexoinformativo.mx\/wp-content\/uploads\/2024\/07\/nexoi-trasparente-2.png\",\"width\":816,\"height\":339,\"caption\":\"Nexo Informativo Santiago de Quer\u00e9taro\"},\"image\":{\"@id\":\"https:\/\/www.nexoinformativo.mx\/#\/schema\/logo\/image\/\"},\"sameAs\":[\"https:\/\/www.facebook.com\/people\/Nexo-Informativo\/61564066885511\/\"]},{\"@type\":\"Person\",\"@id\":\"https:\/\/www.nexoinformativo.mx\/#\/schema\/person\/7749d380ba08c8ca00d7bc76fd907b7d\",\"name\":\"Nexo Informativo\",\"image\":{\"@type\":\"ImageObject\",\"inLanguage\":\"es\",\"@id\":\"https:\/\/www.nexoinformativo.mx\/#\/schema\/person\/image\/\",\"url\":\"https:\/\/secure.gravatar.com\/avatar\/dde2928154642a13d95f87ddf1ea9718fe2b46760a005c53e41ff5ad610704e6?s=96&d=mm&r=g\",\"contentUrl\":\"https:\/\/secure.gravatar.com\/avatar\/dde2928154642a13d95f87ddf1ea9718fe2b46760a005c53e41ff5ad610704e6?s=96&d=mm&r=g\",\"caption\":\"Nexo Informativo\"},\"url\":\"https:\/\/www.nexoinformativo.mx\/index.php\/author\/edicion\/\"}]}<\/script>\n<!-- \/ Yoast SEO plugin. -->","yoast_head_json":{"title":"Anuncian nueva ruta de Qrobus que conectar\u00e1 Quer\u00e9taro con Pedro Escobedo | Nexo Informativo Santiago de Quer\u00e9taro","description":"Anuncian nueva ruta de Qrobus que conectar\u00e1 Quer\u00e9taro con Pedro Escobedo","robots":{"index":"index","follow":"follow","max-snippet":"max-snippet:-1","max-image-preview":"max-image-preview:large","max-video-preview":"max-video-preview:-1"},"canonical":"https:\/\/www.nexoinformativo.mx\/index.php\/2024\/09\/12\/anuncian-nueva-ruta-de-qrobus-que-conectara-queretaro-con-pedro-escobedo\/","og_locale":"es_MX","og_type":"article","og_title":"Anuncian nueva ruta de Qrobus que conectar\u00e1 Quer\u00e9taro con Pedro Escobedo | Nexo Informativo Santiago de Quer\u00e9taro","og_description":"Anuncian nueva ruta de Qrobus que conectar\u00e1 Quer\u00e9taro con Pedro Escobedo","og_url":"https:\/\/www.nexoinformativo.mx\/index.php\/2024\/09\/12\/anuncian-nueva-ruta-de-qrobus-que-conectara-queretaro-con-pedro-escobedo\/","og_site_name":"Nexo Informativo Santiago de Quer\u00e9taro","article_publisher":"https:\/\/www.facebook.com\/people\/Nexo-Informativo\/61564066885511\/","article_published_time":"2024-09-12T16:00:14+00:00","article_modified_time":"2024-10-07T01:32:35+00:00","og_image":[{"width":800,"height":438,"url":"https:\/\/www.nexoinformativo.mx\/wp-content\/uploads\/2024\/09\/unnamed-17-2-e1726163847845.jpg","type":"image\/jpeg"}],"author":"Nexo Informativo","twitter_card":"summary_large_image","twitter_misc":{"Escrito por":"Nexo Informativo","Tiempo de lectura":"1 minuto"},"schema":{"@context":"https:\/\/schema.org","@graph":[{"@type":"Article","@id":"https:\/\/www.nexoinformativo.mx\/index.php\/2024\/09\/12\/anuncian-nueva-ruta-de-qrobus-que-conectara-queretaro-con-pedro-escobedo\/#article","isPartOf":{"@id":"https:\/\/www.nexoinformativo.mx\/index.php\/2024\/09\/12\/anuncian-nueva-ruta-de-qrobus-que-conectara-queretaro-con-pedro-escobedo\/"},"author":{"name":"Nexo Informativo","@id":"https:\/\/www.nexoinformativo.mx\/#\/schema\/person\/7749d380ba08c8ca00d7bc76fd907b7d"},"headline":"Anuncian nueva ruta de Qrobus que conectar\u00e1 Quer\u00e9taro con Pedro Escobedo","datePublished":"2024-09-12T16:00:14+00:00","dateModified":"2024-10-07T01:32:35+00:00","mainEntityOfPage":{"@id":"https:\/\/www.nexoinformativo.mx\/index.php\/2024\/09\/12\/anuncian-nueva-ruta-de-qrobus-que-conectara-queretaro-con-pedro-escobedo\/"},"wordCount":182,"commentCount":0,"publisher":{"@id":"https:\/\/www.nexoinformativo.mx\/#organization"},"image":{"@id":"https:\/\/www.nexoinformativo.mx\/index.php\/2024\/09\/12\/anuncian-nueva-ruta-de-qrobus-que-conectara-queretaro-con-pedro-escobedo\/#primaryimage"},"thumbnailUrl":"https:\/\/www.nexoinformativo.mx\/wp-content\/uploads\/2024\/09\/unnamed-17-2-e1726163847845.jpg","keywords":["MovilidadQuer\u00e9taro","NuevaRutaT14","QrobusPedroEscobedo","TransporteP\u00fablico"],"articleSection":["Municipios","\u00daltima Hora"],"inLanguage":"es","potentialAction":[{"@type":"CommentAction","name":"Comment","target":["https:\/\/www.nexoinformativo.mx\/index.php\/2024\/09\/12\/anuncian-nueva-ruta-de-qrobus-que-conectara-queretaro-con-pedro-escobedo\/#respond"]}]},{"@type":"WebPage","@id":"https:\/\/www.nexoinformativo.mx\/index.php\/2024\/09\/12\/anuncian-nueva-ruta-de-qrobus-que-conectara-queretaro-con-pedro-escobedo\/","url":"https:\/\/www.nexoinformativo.mx\/index.php\/2024\/09\/12\/anuncian-nueva-ruta-de-qrobus-que-conectara-queretaro-con-pedro-escobedo\/","name":"Anuncian nueva ruta de Qrobus que conectar\u00e1 Quer\u00e9taro con Pedro Escobedo | Nexo Informativo Santiago de Quer\u00e9taro","isPartOf":{"@id":"https:\/\/www.nexoinformativo.mx\/#website"},"primaryImageOfPage":{"@id":"https:\/\/www.nexoinformativo.mx\/index.php\/2024\/09\/12\/anuncian-nueva-ruta-de-qrobus-que-conectara-queretaro-con-pedro-escobedo\/#primaryimage"},"image":{"@id":"https:\/\/www.nexoinformativo.mx\/index.php\/2024\/09\/12\/anuncian-nueva-ruta-de-qrobus-que-conectara-queretaro-con-pedro-escobedo\/#primaryimage"},"thumbnailUrl":"https:\/\/www.nexoinformativo.mx\/wp-content\/uploads\/2024\/09\/unnamed-17-2-e1726163847845.jpg","datePublished":"2024-09-12T16:00:14+00:00","dateModified":"2024-10-07T01:32:35+00:00","description":"Anuncian nueva ruta de Qrobus que conectar\u00e1 Quer\u00e9taro con Pedro Escobedo","breadcrumb":{"@id":"https:\/\/www.nexoinformativo.mx\/index.php\/2024\/09\/12\/anuncian-nueva-ruta-de-qrobus-que-conectara-queretaro-con-pedro-escobedo\/#breadcrumb"},"inLanguage":"es","potentialAction":[{"@type":"ReadAction","target":["https:\/\/www.nexoinformativo.mx\/index.php\/2024\/09\/12\/anuncian-nueva-ruta-de-qrobus-que-conectara-queretaro-con-pedro-escobedo\/"]}]},{"@type":"ImageObject","inLanguage":"es","@id":"https:\/\/www.nexoinformativo.mx\/index.php\/2024\/09\/12\/anuncian-nueva-ruta-de-qrobus-que-conectara-queretaro-con-pedro-escobedo\/#primaryimage","url":"https:\/\/www.nexoinformativo.mx\/wp-content\/uploads\/2024\/09\/unnamed-17-2-e1726163847845.jpg","contentUrl":"https:\/\/www.nexoinformativo.mx\/wp-content\/uploads\/2024\/09\/unnamed-17-2-e1726163847845.jpg","width":800,"height":438},{"@type":"BreadcrumbList","@id":"https:\/\/www.nexoinformativo.mx\/index.php\/2024\/09\/12\/anuncian-nueva-ruta-de-qrobus-que-conectara-queretaro-con-pedro-escobedo\/#breadcrumb","itemListElement":[{"@type":"ListItem","position":1,"name":"Inicio","item":"https:\/\/www.nexoinformativo.mx\/"},{"@type":"ListItem","position":2,"name":"Anuncian nueva ruta de Qrobus que conectar\u00e1 Quer\u00e9taro con Pedro Escobedo"}]},{"@type":"WebSite","@id":"https:\/\/www.nexoinformativo.mx\/#website","url":"https:\/\/www.nexoinformativo.mx\/","name":"Nexo Informativo Santiago de Quer\u00e9taro","description":"Explora NexoInformativo y convi\u00e9rtete en parte de una comunidad que valora el conocimiento y la verdad. Tu nexoinformativo es tu puente hacia una comprensi\u00f3n m\u00e1s profunda del mundo que te rodea.","publisher":{"@id":"https:\/\/www.nexoinformativo.mx\/#organization"},"potentialAction":[{"@type":"SearchAction","target":{"@type":"EntryPoint","urlTemplate":"https:\/\/www.nexoinformativo.mx\/?s={search_term_string}"},"query-input":{"@type":"PropertyValueSpecification","valueRequired":true,"valueName":"search_term_string"}}],"inLanguage":"es"},{"@type":"Organization","@id":"https:\/\/www.nexoinformativo.mx\/#organization","name":"Nexo Informativo Santiago de Quer\u00e9taro","url":"https:\/\/www.nexoinformativo.mx\/","logo":{"@type":"ImageObject","inLanguage":"es","@id":"https:\/\/www.nexoinformativo.mx\/#\/schema\/logo\/image\/","url":"https:\/\/www.nexoinformativo.mx\/wp-content\/uploads\/2024\/07\/nexoi-trasparente-2.png","contentUrl":"https:\/\/www.nexoinformativo.mx\/wp-content\/uploads\/2024\/07\/nexoi-trasparente-2.png","width":816,"height":339,"caption":"Nexo Informativo Santiago de Quer\u00e9taro"},"image":{"@id":"https:\/\/www.nexoinformativo.mx\/#\/schema\/logo\/image\/"},"sameAs":["https:\/\/www.facebook.com\/people\/Nexo-Informativo\/61564066885511\/"]},{"@type":"Person","@id":"https:\/\/www.nexoinformativo.mx\/#\/schema\/person\/7749d380ba08c8ca00d7bc76fd907b7d","name":"Nexo Informativo","image":{"@type":"ImageObject","inLanguage":"es","@id":"https:\/\/www.nexoinformativo.mx\/#\/schema\/person\/image\/","url":"https:\/\/secure.gravatar.com\/avatar\/dde2928154642a13d95f87ddf1ea9718fe2b46760a005c53e41ff5ad610704e6?s=96&d=mm&r=g","contentUrl":"https:\/\/secure.gravatar.com\/avatar\/dde2928154642a13d95f87ddf1ea9718fe2b46760a005c53e41ff5ad610704e6?s=96&d=mm&r=g","caption":"Nexo Informativo"},"url":"https:\/\/www.nexoinformativo.mx\/index.php\/author\/edicion\/"}]}},"_links":{"self":[{"href":"https:\/\/www.nexoinformativo.mx\/index.php\/wp-json\/wp\/v2\/posts\/1861","targetHints":{"allow":["GET"]}}],"collection":[{"href":"https:\/\/www.nexoinformativo.mx\/index.php\/wp-json\/wp\/v2\/posts"}],"about":[{"href":"https:\/\/www.nexoinformativo.mx\/index.php\/wp-json\/wp\/v2\/types\/post"}],"author":[{"embeddable":true,"href":"https:\/\/www.nexoinformativo.mx\/index.php\/wp-json\/wp\/v2\/users\/3"}],"replies":[{"embeddable":true,"href":"https:\/\/www.nexoinformativo.mx\/index.php\/wp-json\/wp\/v2\/comments?post=1861"}],"version-history":[{"count":4,"href":"https:\/\/www.nexoinformativo.mx\/index.php\/wp-json\/wp\/v2\/posts\/1861\/revisions"}],"predecessor-version":[{"id":2801,"href":"https:\/\/www.nexoinformativo.mx\/index.php\/wp-json\/wp\/v2\/posts\/1861\/revisions\/2801"}],"wp:featuredmedia":[{"embeddable":true,"href":"https:\/\/www.nexoinformativo.mx\/index.php\/wp-json\/wp\/v2\/media\/1862"}],"wp:attachment":[{"href":"https:\/\/www.nexoinformativo.mx\/index.php\/wp-json\/wp\/v2\/media?parent=1861"}],"wp:term":[{"taxonomy":"category","embeddable":true,"href":"https:\/\/www.nexoinformativo.mx\/index.php\/wp-json\/wp\/v2\/categories?post=1861"},{"taxonomy":"post_tag","embeddable":true,"href":"https:\/\/www.nexoinformativo.mx\/index.php\/wp-json\/wp\/v2\/tags?post=1861"}],"curies":[{"name":"wp","href":"https:\/\/api.w.org\/{rel}","templated":true}]}}