{"id":1864,"date":"2024-09-12T10:30:37","date_gmt":"2024-09-12T16:30:37","guid":{"rendered":"https:\/\/www.nexoinformativo.mx\/?p=1864"},"modified":"2024-09-12T12:23:09","modified_gmt":"2024-09-12T18:23:09","slug":"taxistas-bloquean-central-camionera-de-queretaro-en-protesta-contra-plataformas-digitales","status":"publish","type":"post","link":"https:\/\/www.nexoinformativo.mx\/index.php\/2024\/09\/12\/taxistas-bloquean-central-camionera-de-queretaro-en-protesta-contra-plataformas-digitales\/","title":{"rendered":"Taxistas bloquean central camionera de Quer\u00e9taro en protesta contra plataformas digitales"},"content":{"rendered":"<p style=\"text-align: justify;\">La ma\u00f1ana de hoy, operadores de taxis amarillos del servicio p\u00fablico bloquearon los accesos a la central camionera de Quer\u00e9taro para manifestarse contra la creciente presencia de veh\u00edculos de plataformas digitales como Uber, Didi e InDrive. Argumentando que las plataformas representan una competencia desleal que afecta gravemente su actividad econ\u00f3mica.<\/p>\n<p>&nbsp;<\/p>\n<h3 style=\"text-align: justify;\"><\/h3>\n<p style=\"text-align: justify;\">Los taxistas aseguran que, ellos deben cumplir con una serie de requisitos que implican costos significativos. Destacan la renovaci\u00f3n de concesiones.\u00a0<strong>&#8220;Nosotros estamos sujetos a regulaciones estrictas y pagos elevados para poder operar, mientras que los choferes de Uber o Didi simplemente se conectan y comienzan a trabajar sin enfrentar las mismas restricciones. Esto no es justo&#8221;<\/strong>, expres\u00f3 uno de los taxistas inconformes.<\/p>\n<p>&nbsp;<\/p>\n<p style=\"text-align: justify;\">Durante la manifestaci\u00f3n, los taxistas exigieron la intervenci\u00f3n de la <strong>Agencia Estatal de Movilidad<\/strong> para regular el acceso de los veh\u00edculos de estas plataformas a la central de autobuses. Los manifestantes dejaron claro que no permitir\u00e1n la entrada de ning\u00fan veh\u00edculo de plataforma digital sino se establecen normas que equilibren las condiciones de competencia.<\/p>\n<p>&nbsp;<\/p>\n<h3 style=\"text-align: justify;\"><\/h3>\n<p style=\"text-align: justify;\">Tambi\u00e9n acusan a la administraci\u00f3n de la central camionera de permitir el acceso a los veh\u00edculos de plataformas digitales, lo que, seg\u00fan ellos, ha elevado las tensiones. Piden una regulaci\u00f3n m\u00e1s estricta que impida la entrada de estos servicios, alegando que la administraci\u00f3n est\u00e1 favoreciendo a las plataformas.<\/p>\n<p>&nbsp;<\/p>\n<h3 style=\"text-align: justify;\"><\/h3>\n<p style=\"text-align: justify;\">El bloqueo de parte de los taxistas afect\u00f3 a cientos de usuarios que intentaban ingresar o salir de la terminal de autobuses, generando caos vial y causando retrasos significativos en los horarios de los autobuses. La situaci\u00f3n manifiesta la creciente tensi\u00f3n entre los servicios de transporte tradicionales y las plataformas digitales, una problem\u00e1tica que contin\u00faa sin resolverse en Quer\u00e9taro y en otras ciudades del pa\u00eds.<\/p>\n","protected":false},"excerpt":{"rendered":"<p>La ma\u00f1ana de hoy, operadores de taxis amarillos del servicio p\u00fablico bloquearon los accesos a la central camionera de Quer\u00e9taro para manifestarse contra la creciente presencia de veh\u00edculos de plataformas digitales como Uber, Didi e InDrive.<\/p>\n","protected":false},"author":3,"featured_media":1865,"comment_status":"open","ping_status":"open","sticky":false,"template":"","format":"standard","meta":{"footnotes":""},"categories":[137],"tags":[358,676,677,678],"class_list":["post-1864","post","type-post","status-publish","format-standard","has-post-thumbnail","hentry","category-sucesos","tag-movilidadqueretaro","tag-queretarobloqueo","tag-taxistasvsplataformas","tag-transportejusto"],"yoast_head":"<!-- This site is optimized with the Yoast SEO plugin v25.0 - https:\/\/yoast.com\/wordpress\/plugins\/seo\/ -->\n<title>Taxistas bloquean central camionera de Quer\u00e9taro en protesta contra plataformas digitales | Nexo Informativo Santiago de Quer\u00e9taro<\/title>\n<meta name=\"description\" content=\"Taxistas bloquean central camionera de Quer\u00e9taro en protesta contra plataformas digitales\" \/>\n<meta name=\"robots\" content=\"index, follow, max-snippet:-1, max-image-preview:large, max-video-preview:-1\" \/>\n<link rel=\"canonical\" href=\"https:\/\/www.nexoinformativo.mx\/index.php\/2024\/09\/12\/taxistas-bloquean-central-camionera-de-queretaro-en-protesta-contra-plataformas-digitales\/\" \/>\n<meta property=\"og:locale\" content=\"es_MX\" \/>\n<meta property=\"og:type\" content=\"article\" \/>\n<meta property=\"og:title\" content=\"Taxistas bloquean central camionera de Quer\u00e9taro en protesta contra plataformas digitales | Nexo Informativo Santiago de Quer\u00e9taro\" \/>\n<meta property=\"og:description\" content=\"Taxistas bloquean central camionera de Quer\u00e9taro en protesta contra plataformas digitales\" \/>\n<meta property=\"og:url\" content=\"https:\/\/www.nexoinformativo.mx\/index.php\/2024\/09\/12\/taxistas-bloquean-central-camionera-de-queretaro-en-protesta-contra-plataformas-digitales\/\" \/>\n<meta property=\"og:site_name\" content=\"Nexo Informativo Santiago de Quer\u00e9taro\" \/>\n<meta property=\"article:publisher\" content=\"https:\/\/www.facebook.com\/people\/Nexo-Informativo\/61564066885511\/\" \/>\n<meta property=\"article:published_time\" content=\"2024-09-12T16:30:37+00:00\" \/>\n<meta property=\"article:modified_time\" content=\"2024-09-12T18:23:09+00:00\" \/>\n<meta property=\"og:image\" content=\"https:\/\/www.nexoinformativo.mx\/wp-content\/uploads\/2024\/09\/PHOTO-2024-09-12-11-49-03-e1726164971160.jpg\" \/>\n\t<meta property=\"og:image:width\" content=\"800\" \/>\n\t<meta property=\"og:image:height\" content=\"450\" \/>\n\t<meta property=\"og:image:type\" content=\"image\/jpeg\" \/>\n<meta name=\"author\" content=\"Nexo Informativo\" \/>\n<meta name=\"twitter:card\" content=\"summary_large_image\" \/>\n<meta name=\"twitter:label1\" content=\"Escrito por\" \/>\n\t<meta name=\"twitter:data1\" content=\"Nexo Informativo\" \/>\n\t<meta name=\"twitter:label2\" content=\"Tiempo de lectura\" \/>\n\t<meta name=\"twitter:data2\" content=\"2 minutos\" \/>\n<script type=\"application\/ld+json\" class=\"yoast-schema-graph\">{\"@context\":\"https:\/\/schema.org\",\"@graph\":[{\"@type\":\"Article\",\"@id\":\"https:\/\/www.nexoinformativo.mx\/index.php\/2024\/09\/12\/taxistas-bloquean-central-camionera-de-queretaro-en-protesta-contra-plataformas-digitales\/#article\",\"isPartOf\":{\"@id\":\"https:\/\/www.nexoinformativo.mx\/index.php\/2024\/09\/12\/taxistas-bloquean-central-camionera-de-queretaro-en-protesta-contra-plataformas-digitales\/\"},\"author\":{\"name\":\"Nexo Informativo\",\"@id\":\"https:\/\/www.nexoinformativo.mx\/#\/schema\/person\/7749d380ba08c8ca00d7bc76fd907b7d\"},\"headline\":\"Taxistas bloquean central camionera de Quer\u00e9taro en protesta contra plataformas digitales\",\"datePublished\":\"2024-09-12T16:30:37+00:00\",\"dateModified\":\"2024-09-12T18:23:09+00:00\",\"mainEntityOfPage\":{\"@id\":\"https:\/\/www.nexoinformativo.mx\/index.php\/2024\/09\/12\/taxistas-bloquean-central-camionera-de-queretaro-en-protesta-contra-plataformas-digitales\/\"},\"wordCount\":321,\"commentCount\":0,\"publisher\":{\"@id\":\"https:\/\/www.nexoinformativo.mx\/#organization\"},\"image\":{\"@id\":\"https:\/\/www.nexoinformativo.mx\/index.php\/2024\/09\/12\/taxistas-bloquean-central-camionera-de-queretaro-en-protesta-contra-plataformas-digitales\/#primaryimage\"},\"thumbnailUrl\":\"https:\/\/www.nexoinformativo.mx\/wp-content\/uploads\/2024\/09\/PHOTO-2024-09-12-11-49-03-e1726164971160.jpg\",\"keywords\":[\"MovilidadQuer\u00e9taro\",\"Quer\u00e9taroBloqueo\",\"TaxistasVsPlataformas\",\"TransporteJusto\"],\"articleSection\":[\"Sucesos\"],\"inLanguage\":\"es\",\"potentialAction\":[{\"@type\":\"CommentAction\",\"name\":\"Comment\",\"target\":[\"https:\/\/www.nexoinformativo.mx\/index.php\/2024\/09\/12\/taxistas-bloquean-central-camionera-de-queretaro-en-protesta-contra-plataformas-digitales\/#respond\"]}]},{\"@type\":\"WebPage\",\"@id\":\"https:\/\/www.nexoinformativo.mx\/index.php\/2024\/09\/12\/taxistas-bloquean-central-camionera-de-queretaro-en-protesta-contra-plataformas-digitales\/\",\"url\":\"https:\/\/www.nexoinformativo.mx\/index.php\/2024\/09\/12\/taxistas-bloquean-central-camionera-de-queretaro-en-protesta-contra-plataformas-digitales\/\",\"name\":\"Taxistas bloquean central camionera de Quer\u00e9taro en protesta contra plataformas digitales | Nexo Informativo Santiago de Quer\u00e9taro\",\"isPartOf\":{\"@id\":\"https:\/\/www.nexoinformativo.mx\/#website\"},\"primaryImageOfPage\":{\"@id\":\"https:\/\/www.nexoinformativo.mx\/index.php\/2024\/09\/12\/taxistas-bloquean-central-camionera-de-queretaro-en-protesta-contra-plataformas-digitales\/#primaryimage\"},\"image\":{\"@id\":\"https:\/\/www.nexoinformativo.mx\/index.php\/2024\/09\/12\/taxistas-bloquean-central-camionera-de-queretaro-en-protesta-contra-plataformas-digitales\/#primaryimage\"},\"thumbnailUrl\":\"https:\/\/www.nexoinformativo.mx\/wp-content\/uploads\/2024\/09\/PHOTO-2024-09-12-11-49-03-e1726164971160.jpg\",\"datePublished\":\"2024-09-12T16:30:37+00:00\",\"dateModified\":\"2024-09-12T18:23:09+00:00\",\"description\":\"Taxistas bloquean central camionera de Quer\u00e9taro en protesta contra plataformas digitales\",\"breadcrumb\":{\"@id\":\"https:\/\/www.nexoinformativo.mx\/index.php\/2024\/09\/12\/taxistas-bloquean-central-camionera-de-queretaro-en-protesta-contra-plataformas-digitales\/#breadcrumb\"},\"inLanguage\":\"es\",\"potentialAction\":[{\"@type\":\"ReadAction\",\"target\":[\"https:\/\/www.nexoinformativo.mx\/index.php\/2024\/09\/12\/taxistas-bloquean-central-camionera-de-queretaro-en-protesta-contra-plataformas-digitales\/\"]}]},{\"@type\":\"ImageObject\",\"inLanguage\":\"es\",\"@id\":\"https:\/\/www.nexoinformativo.mx\/index.php\/2024\/09\/12\/taxistas-bloquean-central-camionera-de-queretaro-en-protesta-contra-plataformas-digitales\/#primaryimage\",\"url\":\"https:\/\/www.nexoinformativo.mx\/wp-content\/uploads\/2024\/09\/PHOTO-2024-09-12-11-49-03-e1726164971160.jpg\",\"contentUrl\":\"https:\/\/www.nexoinformativo.mx\/wp-content\/uploads\/2024\/09\/PHOTO-2024-09-12-11-49-03-e1726164971160.jpg\",\"width\":800,\"height\":450},{\"@type\":\"BreadcrumbList\",\"@id\":\"https:\/\/www.nexoinformativo.mx\/index.php\/2024\/09\/12\/taxistas-bloquean-central-camionera-de-queretaro-en-protesta-contra-plataformas-digitales\/#breadcrumb\",\"itemListElement\":[{\"@type\":\"ListItem\",\"position\":1,\"name\":\"Inicio\",\"item\":\"https:\/\/www.nexoinformativo.mx\/\"},{\"@type\":\"ListItem\",\"position\":2,\"name\":\"Taxistas bloquean central camionera de Quer\u00e9taro en protesta contra plataformas digitales\"}]},{\"@type\":\"WebSite\",\"@id\":\"https:\/\/www.nexoinformativo.mx\/#website\",\"url\":\"https:\/\/www.nexoinformativo.mx\/\",\"name\":\"Nexo Informativo Santiago de Quer\u00e9taro\",\"description\":\"Explora NexoInformativo y convi\u00e9rtete en parte de una comunidad que valora el conocimiento y la verdad. Tu nexoinformativo es tu puente hacia una comprensi\u00f3n m\u00e1s profunda del mundo que te rodea.\",\"publisher\":{\"@id\":\"https:\/\/www.nexoinformativo.mx\/#organization\"},\"potentialAction\":[{\"@type\":\"SearchAction\",\"target\":{\"@type\":\"EntryPoint\",\"urlTemplate\":\"https:\/\/www.nexoinformativo.mx\/?s={search_term_string}\"},\"query-input\":{\"@type\":\"PropertyValueSpecification\",\"valueRequired\":true,\"valueName\":\"search_term_string\"}}],\"inLanguage\":\"es\"},{\"@type\":\"Organization\",\"@id\":\"https:\/\/www.nexoinformativo.mx\/#organization\",\"name\":\"Nexo Informativo Santiago de Quer\u00e9taro\",\"url\":\"https:\/\/www.nexoinformativo.mx\/\",\"logo\":{\"@type\":\"ImageObject\",\"inLanguage\":\"es\",\"@id\":\"https:\/\/www.nexoinformativo.mx\/#\/schema\/logo\/image\/\",\"url\":\"https:\/\/www.nexoinformativo.mx\/wp-content\/uploads\/2024\/07\/nexoi-trasparente-2.png\",\"contentUrl\":\"https:\/\/www.nexoinformativo.mx\/wp-content\/uploads\/2024\/07\/nexoi-trasparente-2.png\",\"width\":816,\"height\":339,\"caption\":\"Nexo Informativo Santiago de Quer\u00e9taro\"},\"image\":{\"@id\":\"https:\/\/www.nexoinformativo.mx\/#\/schema\/logo\/image\/\"},\"sameAs\":[\"https:\/\/www.facebook.com\/people\/Nexo-Informativo\/61564066885511\/\"]},{\"@type\":\"Person\",\"@id\":\"https:\/\/www.nexoinformativo.mx\/#\/schema\/person\/7749d380ba08c8ca00d7bc76fd907b7d\",\"name\":\"Nexo Informativo\",\"image\":{\"@type\":\"ImageObject\",\"inLanguage\":\"es\",\"@id\":\"https:\/\/www.nexoinformativo.mx\/#\/schema\/person\/image\/\",\"url\":\"https:\/\/secure.gravatar.com\/avatar\/dde2928154642a13d95f87ddf1ea9718fe2b46760a005c53e41ff5ad610704e6?s=96&d=mm&r=g\",\"contentUrl\":\"https:\/\/secure.gravatar.com\/avatar\/dde2928154642a13d95f87ddf1ea9718fe2b46760a005c53e41ff5ad610704e6?s=96&d=mm&r=g\",\"caption\":\"Nexo Informativo\"},\"url\":\"https:\/\/www.nexoinformativo.mx\/index.php\/author\/edicion\/\"}]}<\/script>\n<!-- \/ Yoast SEO plugin. -->","yoast_head_json":{"title":"Taxistas bloquean central camionera de Quer\u00e9taro en protesta contra plataformas digitales | Nexo Informativo Santiago de Quer\u00e9taro","description":"Taxistas bloquean central camionera de Quer\u00e9taro en protesta contra plataformas digitales","robots":{"index":"index","follow":"follow","max-snippet":"max-snippet:-1","max-image-preview":"max-image-preview:large","max-video-preview":"max-video-preview:-1"},"canonical":"https:\/\/www.nexoinformativo.mx\/index.php\/2024\/09\/12\/taxistas-bloquean-central-camionera-de-queretaro-en-protesta-contra-plataformas-digitales\/","og_locale":"es_MX","og_type":"article","og_title":"Taxistas bloquean central camionera de Quer\u00e9taro en protesta contra plataformas digitales | Nexo Informativo Santiago de Quer\u00e9taro","og_description":"Taxistas bloquean central camionera de Quer\u00e9taro en protesta contra plataformas digitales","og_url":"https:\/\/www.nexoinformativo.mx\/index.php\/2024\/09\/12\/taxistas-bloquean-central-camionera-de-queretaro-en-protesta-contra-plataformas-digitales\/","og_site_name":"Nexo Informativo Santiago de Quer\u00e9taro","article_publisher":"https:\/\/www.facebook.com\/people\/Nexo-Informativo\/61564066885511\/","article_published_time":"2024-09-12T16:30:37+00:00","article_modified_time":"2024-09-12T18:23:09+00:00","og_image":[{"width":800,"height":450,"url":"https:\/\/www.nexoinformativo.mx\/wp-content\/uploads\/2024\/09\/PHOTO-2024-09-12-11-49-03-e1726164971160.jpg","type":"image\/jpeg"}],"author":"Nexo Informativo","twitter_card":"summary_large_image","twitter_misc":{"Escrito por":"Nexo Informativo","Tiempo de lectura":"2 minutos"},"schema":{"@context":"https:\/\/schema.org","@graph":[{"@type":"Article","@id":"https:\/\/www.nexoinformativo.mx\/index.php\/2024\/09\/12\/taxistas-bloquean-central-camionera-de-queretaro-en-protesta-contra-plataformas-digitales\/#article","isPartOf":{"@id":"https:\/\/www.nexoinformativo.mx\/index.php\/2024\/09\/12\/taxistas-bloquean-central-camionera-de-queretaro-en-protesta-contra-plataformas-digitales\/"},"author":{"name":"Nexo Informativo","@id":"https:\/\/www.nexoinformativo.mx\/#\/schema\/person\/7749d380ba08c8ca00d7bc76fd907b7d"},"headline":"Taxistas bloquean central camionera de Quer\u00e9taro en protesta contra plataformas digitales","datePublished":"2024-09-12T16:30:37+00:00","dateModified":"2024-09-12T18:23:09+00:00","mainEntityOfPage":{"@id":"https:\/\/www.nexoinformativo.mx\/index.php\/2024\/09\/12\/taxistas-bloquean-central-camionera-de-queretaro-en-protesta-contra-plataformas-digitales\/"},"wordCount":321,"commentCount":0,"publisher":{"@id":"https:\/\/www.nexoinformativo.mx\/#organization"},"image":{"@id":"https:\/\/www.nexoinformativo.mx\/index.php\/2024\/09\/12\/taxistas-bloquean-central-camionera-de-queretaro-en-protesta-contra-plataformas-digitales\/#primaryimage"},"thumbnailUrl":"https:\/\/www.nexoinformativo.mx\/wp-content\/uploads\/2024\/09\/PHOTO-2024-09-12-11-49-03-e1726164971160.jpg","keywords":["MovilidadQuer\u00e9taro","Quer\u00e9taroBloqueo","TaxistasVsPlataformas","TransporteJusto"],"articleSection":["Sucesos"],"inLanguage":"es","potentialAction":[{"@type":"CommentAction","name":"Comment","target":["https:\/\/www.nexoinformativo.mx\/index.php\/2024\/09\/12\/taxistas-bloquean-central-camionera-de-queretaro-en-protesta-contra-plataformas-digitales\/#respond"]}]},{"@type":"WebPage","@id":"https:\/\/www.nexoinformativo.mx\/index.php\/2024\/09\/12\/taxistas-bloquean-central-camionera-de-queretaro-en-protesta-contra-plataformas-digitales\/","url":"https:\/\/www.nexoinformativo.mx\/index.php\/2024\/09\/12\/taxistas-bloquean-central-camionera-de-queretaro-en-protesta-contra-plataformas-digitales\/","name":"Taxistas bloquean central camionera de Quer\u00e9taro en protesta contra plataformas digitales | Nexo Informativo Santiago de Quer\u00e9taro","isPartOf":{"@id":"https:\/\/www.nexoinformativo.mx\/#website"},"primaryImageOfPage":{"@id":"https:\/\/www.nexoinformativo.mx\/index.php\/2024\/09\/12\/taxistas-bloquean-central-camionera-de-queretaro-en-protesta-contra-plataformas-digitales\/#primaryimage"},"image":{"@id":"https:\/\/www.nexoinformativo.mx\/index.php\/2024\/09\/12\/taxistas-bloquean-central-camionera-de-queretaro-en-protesta-contra-plataformas-digitales\/#primaryimage"},"thumbnailUrl":"https:\/\/www.nexoinformativo.mx\/wp-content\/uploads\/2024\/09\/PHOTO-2024-09-12-11-49-03-e1726164971160.jpg","datePublished":"2024-09-12T16:30:37+00:00","dateModified":"2024-09-12T18:23:09+00:00","description":"Taxistas bloquean central camionera de Quer\u00e9taro en protesta contra plataformas digitales","breadcrumb":{"@id":"https:\/\/www.nexoinformativo.mx\/index.php\/2024\/09\/12\/taxistas-bloquean-central-camionera-de-queretaro-en-protesta-contra-plataformas-digitales\/#breadcrumb"},"inLanguage":"es","potentialAction":[{"@type":"ReadAction","target":["https:\/\/www.nexoinformativo.mx\/index.php\/2024\/09\/12\/taxistas-bloquean-central-camionera-de-queretaro-en-protesta-contra-plataformas-digitales\/"]}]},{"@type":"ImageObject","inLanguage":"es","@id":"https:\/\/www.nexoinformativo.mx\/index.php\/2024\/09\/12\/taxistas-bloquean-central-camionera-de-queretaro-en-protesta-contra-plataformas-digitales\/#primaryimage","url":"https:\/\/www.nexoinformativo.mx\/wp-content\/uploads\/2024\/09\/PHOTO-2024-09-12-11-49-03-e1726164971160.jpg","contentUrl":"https:\/\/www.nexoinformativo.mx\/wp-content\/uploads\/2024\/09\/PHOTO-2024-09-12-11-49-03-e1726164971160.jpg","width":800,"height":450},{"@type":"BreadcrumbList","@id":"https:\/\/www.nexoinformativo.mx\/index.php\/2024\/09\/12\/taxistas-bloquean-central-camionera-de-queretaro-en-protesta-contra-plataformas-digitales\/#breadcrumb","itemListElement":[{"@type":"ListItem","position":1,"name":"Inicio","item":"https:\/\/www.nexoinformativo.mx\/"},{"@type":"ListItem","position":2,"name":"Taxistas bloquean central camionera de Quer\u00e9taro en protesta contra plataformas digitales"}]},{"@type":"WebSite","@id":"https:\/\/www.nexoinformativo.mx\/#website","url":"https:\/\/www.nexoinformativo.mx\/","name":"Nexo Informativo Santiago de Quer\u00e9taro","description":"Explora NexoInformativo y convi\u00e9rtete en parte de una comunidad que valora el conocimiento y la verdad. Tu nexoinformativo es tu puente hacia una comprensi\u00f3n m\u00e1s profunda del mundo que te rodea.","publisher":{"@id":"https:\/\/www.nexoinformativo.mx\/#organization"},"potentialAction":[{"@type":"SearchAction","target":{"@type":"EntryPoint","urlTemplate":"https:\/\/www.nexoinformativo.mx\/?s={search_term_string}"},"query-input":{"@type":"PropertyValueSpecification","valueRequired":true,"valueName":"search_term_string"}}],"inLanguage":"es"},{"@type":"Organization","@id":"https:\/\/www.nexoinformativo.mx\/#organization","name":"Nexo Informativo Santiago de Quer\u00e9taro","url":"https:\/\/www.nexoinformativo.mx\/","logo":{"@type":"ImageObject","inLanguage":"es","@id":"https:\/\/www.nexoinformativo.mx\/#\/schema\/logo\/image\/","url":"https:\/\/www.nexoinformativo.mx\/wp-content\/uploads\/2024\/07\/nexoi-trasparente-2.png","contentUrl":"https:\/\/www.nexoinformativo.mx\/wp-content\/uploads\/2024\/07\/nexoi-trasparente-2.png","width":816,"height":339,"caption":"Nexo Informativo Santiago de Quer\u00e9taro"},"image":{"@id":"https:\/\/www.nexoinformativo.mx\/#\/schema\/logo\/image\/"},"sameAs":["https:\/\/www.facebook.com\/people\/Nexo-Informativo\/61564066885511\/"]},{"@type":"Person","@id":"https:\/\/www.nexoinformativo.mx\/#\/schema\/person\/7749d380ba08c8ca00d7bc76fd907b7d","name":"Nexo Informativo","image":{"@type":"ImageObject","inLanguage":"es","@id":"https:\/\/www.nexoinformativo.mx\/#\/schema\/person\/image\/","url":"https:\/\/secure.gravatar.com\/avatar\/dde2928154642a13d95f87ddf1ea9718fe2b46760a005c53e41ff5ad610704e6?s=96&d=mm&r=g","contentUrl":"https:\/\/secure.gravatar.com\/avatar\/dde2928154642a13d95f87ddf1ea9718fe2b46760a005c53e41ff5ad610704e6?s=96&d=mm&r=g","caption":"Nexo Informativo"},"url":"https:\/\/www.nexoinformativo.mx\/index.php\/author\/edicion\/"}]}},"_links":{"self":[{"href":"https:\/\/www.nexoinformativo.mx\/index.php\/wp-json\/wp\/v2\/posts\/1864","targetHints":{"allow":["GET"]}}],"collection":[{"href":"https:\/\/www.nexoinformativo.mx\/index.php\/wp-json\/wp\/v2\/posts"}],"about":[{"href":"https:\/\/www.nexoinformativo.mx\/index.php\/wp-json\/wp\/v2\/types\/post"}],"author":[{"embeddable":true,"href":"https:\/\/www.nexoinformativo.mx\/index.php\/wp-json\/wp\/v2\/users\/3"}],"replies":[{"embeddable":true,"href":"https:\/\/www.nexoinformativo.mx\/index.php\/wp-json\/wp\/v2\/comments?post=1864"}],"version-history":[{"count":5,"href":"https:\/\/www.nexoinformativo.mx\/index.php\/wp-json\/wp\/v2\/posts\/1864\/revisions"}],"predecessor-version":[{"id":1867,"href":"https:\/\/www.nexoinformativo.mx\/index.php\/wp-json\/wp\/v2\/posts\/1864\/revisions\/1867"}],"wp:featuredmedia":[{"embeddable":true,"href":"https:\/\/www.nexoinformativo.mx\/index.php\/wp-json\/wp\/v2\/media\/1865"}],"wp:attachment":[{"href":"https:\/\/www.nexoinformativo.mx\/index.php\/wp-json\/wp\/v2\/media?parent=1864"}],"wp:term":[{"taxonomy":"category","embeddable":true,"href":"https:\/\/www.nexoinformativo.mx\/index.php\/wp-json\/wp\/v2\/categories?post=1864"},{"taxonomy":"post_tag","embeddable":true,"href":"https:\/\/www.nexoinformativo.mx\/index.php\/wp-json\/wp\/v2\/tags?post=1864"}],"curies":[{"name":"wp","href":"https:\/\/api.w.org\/{rel}","templated":true}]}}