{"id":1872,"date":"2024-09-12T10:30:17","date_gmt":"2024-09-12T16:30:17","guid":{"rendered":"https:\/\/www.nexoinformativo.mx\/?p=1872"},"modified":"2024-09-12T12:38:36","modified_gmt":"2024-09-12T18:38:36","slug":"federacion-deja-sin-recursos-a-queretaro-para-educacion-senala-martha-elena-soto","status":"publish","type":"post","link":"https:\/\/www.nexoinformativo.mx\/index.php\/2024\/09\/12\/federacion-deja-sin-recursos-a-queretaro-para-educacion-senala-martha-elena-soto\/","title":{"rendered":"Federaci\u00f3n deja sin recursos a Quer\u00e9taro para educaci\u00f3n, se\u00f1ala Martha Elena Soto"},"content":{"rendered":"<p style=\"text-align: justify;\">La secretaria de educaci\u00f3n del estado de Quer\u00e9taro, Martha Elena Soto, expres\u00f3 su preocupaci\u00f3n por la falta de apoyo econ\u00f3mico por parte del Gobierno Federal en programas educativos. Esta situaci\u00f3n ha impactado negativamente en la educaci\u00f3n de la entidad, donde la demanda educativa sigue creciendo debido al aumento de la matr\u00edcula escolar y la migraci\u00f3n de personas.<\/p>\n<p>&nbsp;<\/p>\n<h3 style=\"text-align: justify;\"><\/h3>\n<p style=\"text-align: justify;\">Durante su participaci\u00f3n en la Glosa del Informe de Gobierno, la secretaria lament\u00f3 que Gobierno Federal haya dejado de proporcionar recursos econ\u00f3micos a Quer\u00e9taro desde hace varios a\u00f1os. Destac\u00f3 que esta falta de apoyo complica la capacidad del estado para atender las necesidades \u00fanicamente con recursos estatales. <strong>&#8220;La demanda de infraestructura educativa es cada vez mayor, y sin apoyo federal, nos vemos obligados a hacer m\u00e1s con menos&#8221;<\/strong>, coment\u00f3.<\/p>\n<h3 style=\"text-align: justify;\"><\/h3>\n<p>&nbsp;<\/p>\n<p style=\"text-align: justify;\">Tambi\u00e9n coment\u00f3 que, nuevamente el estado destinar\u00e1 100 millones de pesos para el programa de <strong>Escuelas de Tiempo Completo<\/strong>, el cual se encuentra en proceso de revisi\u00f3n administrativa para ser aplicado en el nuevo ciclo escolar.\u00a0Este programa es fundamental para garantizar una educaci\u00f3n integral en Quer\u00e9taro, ofreciendo m\u00e1s horas de clases y actividades extracurriculares que fomentan el aprendizaje.<\/p>\n<p>&nbsp;<\/p>\n<p style=\"text-align: justify;\">El estado ha invertido en otros aspectos clave de la educaci\u00f3n, y con recursos estatales, se han entregado computadoras, becas, y otros insumos para estudiantes de niveles de educaci\u00f3n media y superior. Buscando fortalecer el acceso a la educaci\u00f3n y mejorar las condiciones de aprendizaje de los j\u00f3venes queretanos.<\/p>\n<p>&nbsp;<\/p>\n<p style=\"text-align: justify;\">El abandono federal en materia de recursos educativos para Quer\u00e9taro representa un desaf\u00edo significativo para el estado. Sin el apoyo econ\u00f3mico de la Federaci\u00f3n, la entidad se ve obligada a cubrir con fondos propios las necesidades de su creciente poblaci\u00f3n estudiantil.<\/p>\n","protected":false},"excerpt":{"rendered":"<p>La secretaria de educaci\u00f3n del estado de Quer\u00e9taro, Martha Elena Soto, expres\u00f3 su preocupaci\u00f3n por la falta de apoyo econ\u00f3mico por parte del Gobierno Federal en programas educativos.<\/p>\n","protected":false},"author":3,"featured_media":1875,"comment_status":"open","ping_status":"open","sticky":false,"template":"","format":"standard","meta":{"footnotes":""},"categories":[42],"tags":[495,685,686,684],"class_list":["post-1872","post","type-post","status-publish","format-standard","has-post-thumbnail","hentry","category-estado","tag-educacionqueretaro","tag-escuelasdetiempocompleto","tag-gobiernoqueretaro","tag-recursosfederales"],"yoast_head":"<!-- This site is optimized with the Yoast SEO plugin v25.0 - https:\/\/yoast.com\/wordpress\/plugins\/seo\/ -->\n<title>Federaci\u00f3n deja sin recursos a Quer\u00e9taro para educaci\u00f3n, se\u00f1ala Martha Elena Soto | Nexo Informativo Santiago de Quer\u00e9taro<\/title>\n<meta name=\"description\" content=\"Federaci\u00f3n deja sin recursos a Quer\u00e9taro para educaci\u00f3n, se\u00f1ala Martha Elena Soto\" \/>\n<meta name=\"robots\" content=\"index, follow, max-snippet:-1, max-image-preview:large, max-video-preview:-1\" \/>\n<link rel=\"canonical\" href=\"https:\/\/www.nexoinformativo.mx\/index.php\/2024\/09\/12\/federacion-deja-sin-recursos-a-queretaro-para-educacion-senala-martha-elena-soto\/\" \/>\n<meta property=\"og:locale\" content=\"es_MX\" \/>\n<meta property=\"og:type\" content=\"article\" \/>\n<meta property=\"og:title\" content=\"Federaci\u00f3n deja sin recursos a Quer\u00e9taro para educaci\u00f3n, se\u00f1ala Martha Elena Soto | Nexo Informativo Santiago de Quer\u00e9taro\" \/>\n<meta property=\"og:description\" content=\"Federaci\u00f3n deja sin recursos a Quer\u00e9taro para educaci\u00f3n, se\u00f1ala Martha Elena Soto\" \/>\n<meta property=\"og:url\" content=\"https:\/\/www.nexoinformativo.mx\/index.php\/2024\/09\/12\/federacion-deja-sin-recursos-a-queretaro-para-educacion-senala-martha-elena-soto\/\" \/>\n<meta property=\"og:site_name\" content=\"Nexo Informativo Santiago de Quer\u00e9taro\" \/>\n<meta property=\"article:publisher\" content=\"https:\/\/www.facebook.com\/people\/Nexo-Informativo\/61564066885511\/\" \/>\n<meta property=\"article:published_time\" content=\"2024-09-12T16:30:17+00:00\" \/>\n<meta property=\"article:modified_time\" content=\"2024-09-12T18:38:36+00:00\" \/>\n<meta property=\"og:image\" content=\"https:\/\/www.nexoinformativo.mx\/wp-content\/uploads\/2024\/09\/PHOTO-2024-09-12-11-49-46-e1726165791836.jpg\" \/>\n\t<meta property=\"og:image:width\" content=\"800\" \/>\n\t<meta property=\"og:image:height\" content=\"533\" \/>\n\t<meta property=\"og:image:type\" content=\"image\/jpeg\" \/>\n<meta name=\"author\" content=\"Nexo Informativo\" \/>\n<meta name=\"twitter:card\" content=\"summary_large_image\" \/>\n<meta name=\"twitter:label1\" content=\"Escrito por\" \/>\n\t<meta name=\"twitter:data1\" content=\"Nexo Informativo\" \/>\n\t<meta name=\"twitter:label2\" content=\"Tiempo de lectura\" \/>\n\t<meta name=\"twitter:data2\" content=\"2 minutos\" \/>\n<script type=\"application\/ld+json\" class=\"yoast-schema-graph\">{\"@context\":\"https:\/\/schema.org\",\"@graph\":[{\"@type\":\"Article\",\"@id\":\"https:\/\/www.nexoinformativo.mx\/index.php\/2024\/09\/12\/federacion-deja-sin-recursos-a-queretaro-para-educacion-senala-martha-elena-soto\/#article\",\"isPartOf\":{\"@id\":\"https:\/\/www.nexoinformativo.mx\/index.php\/2024\/09\/12\/federacion-deja-sin-recursos-a-queretaro-para-educacion-senala-martha-elena-soto\/\"},\"author\":{\"name\":\"Nexo Informativo\",\"@id\":\"https:\/\/www.nexoinformativo.mx\/#\/schema\/person\/7749d380ba08c8ca00d7bc76fd907b7d\"},\"headline\":\"Federaci\u00f3n deja sin recursos a Quer\u00e9taro para educaci\u00f3n, se\u00f1ala Martha Elena Soto\",\"datePublished\":\"2024-09-12T16:30:17+00:00\",\"dateModified\":\"2024-09-12T18:38:36+00:00\",\"mainEntityOfPage\":{\"@id\":\"https:\/\/www.nexoinformativo.mx\/index.php\/2024\/09\/12\/federacion-deja-sin-recursos-a-queretaro-para-educacion-senala-martha-elena-soto\/\"},\"wordCount\":321,\"commentCount\":0,\"publisher\":{\"@id\":\"https:\/\/www.nexoinformativo.mx\/#organization\"},\"image\":{\"@id\":\"https:\/\/www.nexoinformativo.mx\/index.php\/2024\/09\/12\/federacion-deja-sin-recursos-a-queretaro-para-educacion-senala-martha-elena-soto\/#primaryimage\"},\"thumbnailUrl\":\"https:\/\/www.nexoinformativo.mx\/wp-content\/uploads\/2024\/09\/PHOTO-2024-09-12-11-49-46-e1726165791836.jpg\",\"keywords\":[\"Educaci\u00f3nQuer\u00e9taro\",\"EscuelasDeTiempoCompleto\",\"GobiernoQuer\u00e9taro\",\"RecursosFederales\"],\"articleSection\":[\"Estado\"],\"inLanguage\":\"es\",\"potentialAction\":[{\"@type\":\"CommentAction\",\"name\":\"Comment\",\"target\":[\"https:\/\/www.nexoinformativo.mx\/index.php\/2024\/09\/12\/federacion-deja-sin-recursos-a-queretaro-para-educacion-senala-martha-elena-soto\/#respond\"]}]},{\"@type\":\"WebPage\",\"@id\":\"https:\/\/www.nexoinformativo.mx\/index.php\/2024\/09\/12\/federacion-deja-sin-recursos-a-queretaro-para-educacion-senala-martha-elena-soto\/\",\"url\":\"https:\/\/www.nexoinformativo.mx\/index.php\/2024\/09\/12\/federacion-deja-sin-recursos-a-queretaro-para-educacion-senala-martha-elena-soto\/\",\"name\":\"Federaci\u00f3n deja sin recursos a Quer\u00e9taro para educaci\u00f3n, se\u00f1ala Martha Elena Soto | Nexo Informativo Santiago de Quer\u00e9taro\",\"isPartOf\":{\"@id\":\"https:\/\/www.nexoinformativo.mx\/#website\"},\"primaryImageOfPage\":{\"@id\":\"https:\/\/www.nexoinformativo.mx\/index.php\/2024\/09\/12\/federacion-deja-sin-recursos-a-queretaro-para-educacion-senala-martha-elena-soto\/#primaryimage\"},\"image\":{\"@id\":\"https:\/\/www.nexoinformativo.mx\/index.php\/2024\/09\/12\/federacion-deja-sin-recursos-a-queretaro-para-educacion-senala-martha-elena-soto\/#primaryimage\"},\"thumbnailUrl\":\"https:\/\/www.nexoinformativo.mx\/wp-content\/uploads\/2024\/09\/PHOTO-2024-09-12-11-49-46-e1726165791836.jpg\",\"datePublished\":\"2024-09-12T16:30:17+00:00\",\"dateModified\":\"2024-09-12T18:38:36+00:00\",\"description\":\"Federaci\u00f3n deja sin recursos a Quer\u00e9taro para educaci\u00f3n, se\u00f1ala Martha Elena Soto\",\"breadcrumb\":{\"@id\":\"https:\/\/www.nexoinformativo.mx\/index.php\/2024\/09\/12\/federacion-deja-sin-recursos-a-queretaro-para-educacion-senala-martha-elena-soto\/#breadcrumb\"},\"inLanguage\":\"es\",\"potentialAction\":[{\"@type\":\"ReadAction\",\"target\":[\"https:\/\/www.nexoinformativo.mx\/index.php\/2024\/09\/12\/federacion-deja-sin-recursos-a-queretaro-para-educacion-senala-martha-elena-soto\/\"]}]},{\"@type\":\"ImageObject\",\"inLanguage\":\"es\",\"@id\":\"https:\/\/www.nexoinformativo.mx\/index.php\/2024\/09\/12\/federacion-deja-sin-recursos-a-queretaro-para-educacion-senala-martha-elena-soto\/#primaryimage\",\"url\":\"https:\/\/www.nexoinformativo.mx\/wp-content\/uploads\/2024\/09\/PHOTO-2024-09-12-11-49-46-e1726165791836.jpg\",\"contentUrl\":\"https:\/\/www.nexoinformativo.mx\/wp-content\/uploads\/2024\/09\/PHOTO-2024-09-12-11-49-46-e1726165791836.jpg\",\"width\":800,\"height\":533},{\"@type\":\"BreadcrumbList\",\"@id\":\"https:\/\/www.nexoinformativo.mx\/index.php\/2024\/09\/12\/federacion-deja-sin-recursos-a-queretaro-para-educacion-senala-martha-elena-soto\/#breadcrumb\",\"itemListElement\":[{\"@type\":\"ListItem\",\"position\":1,\"name\":\"Inicio\",\"item\":\"https:\/\/www.nexoinformativo.mx\/\"},{\"@type\":\"ListItem\",\"position\":2,\"name\":\"Federaci\u00f3n deja sin recursos a Quer\u00e9taro para educaci\u00f3n, se\u00f1ala Martha Elena Soto\"}]},{\"@type\":\"WebSite\",\"@id\":\"https:\/\/www.nexoinformativo.mx\/#website\",\"url\":\"https:\/\/www.nexoinformativo.mx\/\",\"name\":\"Nexo Informativo Santiago de Quer\u00e9taro\",\"description\":\"Explora NexoInformativo y convi\u00e9rtete en parte de una comunidad que valora el conocimiento y la verdad. Tu nexoinformativo es tu puente hacia una comprensi\u00f3n m\u00e1s profunda del mundo que te rodea.\",\"publisher\":{\"@id\":\"https:\/\/www.nexoinformativo.mx\/#organization\"},\"potentialAction\":[{\"@type\":\"SearchAction\",\"target\":{\"@type\":\"EntryPoint\",\"urlTemplate\":\"https:\/\/www.nexoinformativo.mx\/?s={search_term_string}\"},\"query-input\":{\"@type\":\"PropertyValueSpecification\",\"valueRequired\":true,\"valueName\":\"search_term_string\"}}],\"inLanguage\":\"es\"},{\"@type\":\"Organization\",\"@id\":\"https:\/\/www.nexoinformativo.mx\/#organization\",\"name\":\"Nexo Informativo Santiago de Quer\u00e9taro\",\"url\":\"https:\/\/www.nexoinformativo.mx\/\",\"logo\":{\"@type\":\"ImageObject\",\"inLanguage\":\"es\",\"@id\":\"https:\/\/www.nexoinformativo.mx\/#\/schema\/logo\/image\/\",\"url\":\"https:\/\/www.nexoinformativo.mx\/wp-content\/uploads\/2024\/07\/nexoi-trasparente-2.png\",\"contentUrl\":\"https:\/\/www.nexoinformativo.mx\/wp-content\/uploads\/2024\/07\/nexoi-trasparente-2.png\",\"width\":816,\"height\":339,\"caption\":\"Nexo Informativo Santiago de Quer\u00e9taro\"},\"image\":{\"@id\":\"https:\/\/www.nexoinformativo.mx\/#\/schema\/logo\/image\/\"},\"sameAs\":[\"https:\/\/www.facebook.com\/people\/Nexo-Informativo\/61564066885511\/\"]},{\"@type\":\"Person\",\"@id\":\"https:\/\/www.nexoinformativo.mx\/#\/schema\/person\/7749d380ba08c8ca00d7bc76fd907b7d\",\"name\":\"Nexo Informativo\",\"image\":{\"@type\":\"ImageObject\",\"inLanguage\":\"es\",\"@id\":\"https:\/\/www.nexoinformativo.mx\/#\/schema\/person\/image\/\",\"url\":\"https:\/\/secure.gravatar.com\/avatar\/dde2928154642a13d95f87ddf1ea9718fe2b46760a005c53e41ff5ad610704e6?s=96&d=mm&r=g\",\"contentUrl\":\"https:\/\/secure.gravatar.com\/avatar\/dde2928154642a13d95f87ddf1ea9718fe2b46760a005c53e41ff5ad610704e6?s=96&d=mm&r=g\",\"caption\":\"Nexo Informativo\"},\"url\":\"https:\/\/www.nexoinformativo.mx\/index.php\/author\/edicion\/\"}]}<\/script>\n<!-- \/ Yoast SEO plugin. -->","yoast_head_json":{"title":"Federaci\u00f3n deja sin recursos a Quer\u00e9taro para educaci\u00f3n, se\u00f1ala Martha Elena Soto | Nexo Informativo Santiago de Quer\u00e9taro","description":"Federaci\u00f3n deja sin recursos a Quer\u00e9taro para educaci\u00f3n, se\u00f1ala Martha Elena Soto","robots":{"index":"index","follow":"follow","max-snippet":"max-snippet:-1","max-image-preview":"max-image-preview:large","max-video-preview":"max-video-preview:-1"},"canonical":"https:\/\/www.nexoinformativo.mx\/index.php\/2024\/09\/12\/federacion-deja-sin-recursos-a-queretaro-para-educacion-senala-martha-elena-soto\/","og_locale":"es_MX","og_type":"article","og_title":"Federaci\u00f3n deja sin recursos a Quer\u00e9taro para educaci\u00f3n, se\u00f1ala Martha Elena Soto | Nexo Informativo Santiago de Quer\u00e9taro","og_description":"Federaci\u00f3n deja sin recursos a Quer\u00e9taro para educaci\u00f3n, se\u00f1ala Martha Elena Soto","og_url":"https:\/\/www.nexoinformativo.mx\/index.php\/2024\/09\/12\/federacion-deja-sin-recursos-a-queretaro-para-educacion-senala-martha-elena-soto\/","og_site_name":"Nexo Informativo Santiago de Quer\u00e9taro","article_publisher":"https:\/\/www.facebook.com\/people\/Nexo-Informativo\/61564066885511\/","article_published_time":"2024-09-12T16:30:17+00:00","article_modified_time":"2024-09-12T18:38:36+00:00","og_image":[{"width":800,"height":533,"url":"https:\/\/www.nexoinformativo.mx\/wp-content\/uploads\/2024\/09\/PHOTO-2024-09-12-11-49-46-e1726165791836.jpg","type":"image\/jpeg"}],"author":"Nexo Informativo","twitter_card":"summary_large_image","twitter_misc":{"Escrito por":"Nexo Informativo","Tiempo de lectura":"2 minutos"},"schema":{"@context":"https:\/\/schema.org","@graph":[{"@type":"Article","@id":"https:\/\/www.nexoinformativo.mx\/index.php\/2024\/09\/12\/federacion-deja-sin-recursos-a-queretaro-para-educacion-senala-martha-elena-soto\/#article","isPartOf":{"@id":"https:\/\/www.nexoinformativo.mx\/index.php\/2024\/09\/12\/federacion-deja-sin-recursos-a-queretaro-para-educacion-senala-martha-elena-soto\/"},"author":{"name":"Nexo Informativo","@id":"https:\/\/www.nexoinformativo.mx\/#\/schema\/person\/7749d380ba08c8ca00d7bc76fd907b7d"},"headline":"Federaci\u00f3n deja sin recursos a Quer\u00e9taro para educaci\u00f3n, se\u00f1ala Martha Elena Soto","datePublished":"2024-09-12T16:30:17+00:00","dateModified":"2024-09-12T18:38:36+00:00","mainEntityOfPage":{"@id":"https:\/\/www.nexoinformativo.mx\/index.php\/2024\/09\/12\/federacion-deja-sin-recursos-a-queretaro-para-educacion-senala-martha-elena-soto\/"},"wordCount":321,"commentCount":0,"publisher":{"@id":"https:\/\/www.nexoinformativo.mx\/#organization"},"image":{"@id":"https:\/\/www.nexoinformativo.mx\/index.php\/2024\/09\/12\/federacion-deja-sin-recursos-a-queretaro-para-educacion-senala-martha-elena-soto\/#primaryimage"},"thumbnailUrl":"https:\/\/www.nexoinformativo.mx\/wp-content\/uploads\/2024\/09\/PHOTO-2024-09-12-11-49-46-e1726165791836.jpg","keywords":["Educaci\u00f3nQuer\u00e9taro","EscuelasDeTiempoCompleto","GobiernoQuer\u00e9taro","RecursosFederales"],"articleSection":["Estado"],"inLanguage":"es","potentialAction":[{"@type":"CommentAction","name":"Comment","target":["https:\/\/www.nexoinformativo.mx\/index.php\/2024\/09\/12\/federacion-deja-sin-recursos-a-queretaro-para-educacion-senala-martha-elena-soto\/#respond"]}]},{"@type":"WebPage","@id":"https:\/\/www.nexoinformativo.mx\/index.php\/2024\/09\/12\/federacion-deja-sin-recursos-a-queretaro-para-educacion-senala-martha-elena-soto\/","url":"https:\/\/www.nexoinformativo.mx\/index.php\/2024\/09\/12\/federacion-deja-sin-recursos-a-queretaro-para-educacion-senala-martha-elena-soto\/","name":"Federaci\u00f3n deja sin recursos a Quer\u00e9taro para educaci\u00f3n, se\u00f1ala Martha Elena Soto | Nexo Informativo Santiago de Quer\u00e9taro","isPartOf":{"@id":"https:\/\/www.nexoinformativo.mx\/#website"},"primaryImageOfPage":{"@id":"https:\/\/www.nexoinformativo.mx\/index.php\/2024\/09\/12\/federacion-deja-sin-recursos-a-queretaro-para-educacion-senala-martha-elena-soto\/#primaryimage"},"image":{"@id":"https:\/\/www.nexoinformativo.mx\/index.php\/2024\/09\/12\/federacion-deja-sin-recursos-a-queretaro-para-educacion-senala-martha-elena-soto\/#primaryimage"},"thumbnailUrl":"https:\/\/www.nexoinformativo.mx\/wp-content\/uploads\/2024\/09\/PHOTO-2024-09-12-11-49-46-e1726165791836.jpg","datePublished":"2024-09-12T16:30:17+00:00","dateModified":"2024-09-12T18:38:36+00:00","description":"Federaci\u00f3n deja sin recursos a Quer\u00e9taro para educaci\u00f3n, se\u00f1ala Martha Elena Soto","breadcrumb":{"@id":"https:\/\/www.nexoinformativo.mx\/index.php\/2024\/09\/12\/federacion-deja-sin-recursos-a-queretaro-para-educacion-senala-martha-elena-soto\/#breadcrumb"},"inLanguage":"es","potentialAction":[{"@type":"ReadAction","target":["https:\/\/www.nexoinformativo.mx\/index.php\/2024\/09\/12\/federacion-deja-sin-recursos-a-queretaro-para-educacion-senala-martha-elena-soto\/"]}]},{"@type":"ImageObject","inLanguage":"es","@id":"https:\/\/www.nexoinformativo.mx\/index.php\/2024\/09\/12\/federacion-deja-sin-recursos-a-queretaro-para-educacion-senala-martha-elena-soto\/#primaryimage","url":"https:\/\/www.nexoinformativo.mx\/wp-content\/uploads\/2024\/09\/PHOTO-2024-09-12-11-49-46-e1726165791836.jpg","contentUrl":"https:\/\/www.nexoinformativo.mx\/wp-content\/uploads\/2024\/09\/PHOTO-2024-09-12-11-49-46-e1726165791836.jpg","width":800,"height":533},{"@type":"BreadcrumbList","@id":"https:\/\/www.nexoinformativo.mx\/index.php\/2024\/09\/12\/federacion-deja-sin-recursos-a-queretaro-para-educacion-senala-martha-elena-soto\/#breadcrumb","itemListElement":[{"@type":"ListItem","position":1,"name":"Inicio","item":"https:\/\/www.nexoinformativo.mx\/"},{"@type":"ListItem","position":2,"name":"Federaci\u00f3n deja sin recursos a Quer\u00e9taro para educaci\u00f3n, se\u00f1ala Martha Elena Soto"}]},{"@type":"WebSite","@id":"https:\/\/www.nexoinformativo.mx\/#website","url":"https:\/\/www.nexoinformativo.mx\/","name":"Nexo Informativo Santiago de Quer\u00e9taro","description":"Explora NexoInformativo y convi\u00e9rtete en parte de una comunidad que valora el conocimiento y la verdad. Tu nexoinformativo es tu puente hacia una comprensi\u00f3n m\u00e1s profunda del mundo que te rodea.","publisher":{"@id":"https:\/\/www.nexoinformativo.mx\/#organization"},"potentialAction":[{"@type":"SearchAction","target":{"@type":"EntryPoint","urlTemplate":"https:\/\/www.nexoinformativo.mx\/?s={search_term_string}"},"query-input":{"@type":"PropertyValueSpecification","valueRequired":true,"valueName":"search_term_string"}}],"inLanguage":"es"},{"@type":"Organization","@id":"https:\/\/www.nexoinformativo.mx\/#organization","name":"Nexo Informativo Santiago de Quer\u00e9taro","url":"https:\/\/www.nexoinformativo.mx\/","logo":{"@type":"ImageObject","inLanguage":"es","@id":"https:\/\/www.nexoinformativo.mx\/#\/schema\/logo\/image\/","url":"https:\/\/www.nexoinformativo.mx\/wp-content\/uploads\/2024\/07\/nexoi-trasparente-2.png","contentUrl":"https:\/\/www.nexoinformativo.mx\/wp-content\/uploads\/2024\/07\/nexoi-trasparente-2.png","width":816,"height":339,"caption":"Nexo Informativo Santiago de Quer\u00e9taro"},"image":{"@id":"https:\/\/www.nexoinformativo.mx\/#\/schema\/logo\/image\/"},"sameAs":["https:\/\/www.facebook.com\/people\/Nexo-Informativo\/61564066885511\/"]},{"@type":"Person","@id":"https:\/\/www.nexoinformativo.mx\/#\/schema\/person\/7749d380ba08c8ca00d7bc76fd907b7d","name":"Nexo Informativo","image":{"@type":"ImageObject","inLanguage":"es","@id":"https:\/\/www.nexoinformativo.mx\/#\/schema\/person\/image\/","url":"https:\/\/secure.gravatar.com\/avatar\/dde2928154642a13d95f87ddf1ea9718fe2b46760a005c53e41ff5ad610704e6?s=96&d=mm&r=g","contentUrl":"https:\/\/secure.gravatar.com\/avatar\/dde2928154642a13d95f87ddf1ea9718fe2b46760a005c53e41ff5ad610704e6?s=96&d=mm&r=g","caption":"Nexo Informativo"},"url":"https:\/\/www.nexoinformativo.mx\/index.php\/author\/edicion\/"}]}},"_links":{"self":[{"href":"https:\/\/www.nexoinformativo.mx\/index.php\/wp-json\/wp\/v2\/posts\/1872","targetHints":{"allow":["GET"]}}],"collection":[{"href":"https:\/\/www.nexoinformativo.mx\/index.php\/wp-json\/wp\/v2\/posts"}],"about":[{"href":"https:\/\/www.nexoinformativo.mx\/index.php\/wp-json\/wp\/v2\/types\/post"}],"author":[{"embeddable":true,"href":"https:\/\/www.nexoinformativo.mx\/index.php\/wp-json\/wp\/v2\/users\/3"}],"replies":[{"embeddable":true,"href":"https:\/\/www.nexoinformativo.mx\/index.php\/wp-json\/wp\/v2\/comments?post=1872"}],"version-history":[{"count":7,"href":"https:\/\/www.nexoinformativo.mx\/index.php\/wp-json\/wp\/v2\/posts\/1872\/revisions"}],"predecessor-version":[{"id":1877,"href":"https:\/\/www.nexoinformativo.mx\/index.php\/wp-json\/wp\/v2\/posts\/1872\/revisions\/1877"}],"wp:featuredmedia":[{"embeddable":true,"href":"https:\/\/www.nexoinformativo.mx\/index.php\/wp-json\/wp\/v2\/media\/1875"}],"wp:attachment":[{"href":"https:\/\/www.nexoinformativo.mx\/index.php\/wp-json\/wp\/v2\/media?parent=1872"}],"wp:term":[{"taxonomy":"category","embeddable":true,"href":"https:\/\/www.nexoinformativo.mx\/index.php\/wp-json\/wp\/v2\/categories?post=1872"},{"taxonomy":"post_tag","embeddable":true,"href":"https:\/\/www.nexoinformativo.mx\/index.php\/wp-json\/wp\/v2\/tags?post=1872"}],"curies":[{"name":"wp","href":"https:\/\/api.w.org\/{rel}","templated":true}]}}