{"id":1883,"date":"2024-09-12T11:00:26","date_gmt":"2024-09-12T17:00:26","guid":{"rendered":"https:\/\/www.nexoinformativo.mx\/?p=1883"},"modified":"2024-09-12T13:16:53","modified_gmt":"2024-09-12T19:16:53","slug":"artesanos-se-manifiestan-en-plaza-de-armas-exigiendo-espacios-para-vender-sus-productos","status":"publish","type":"post","link":"https:\/\/www.nexoinformativo.mx\/index.php\/2024\/09\/12\/artesanos-se-manifiestan-en-plaza-de-armas-exigiendo-espacios-para-vender-sus-productos\/","title":{"rendered":"Artesanos se manifiestan en Plaza de Armas exigiendo espacios para vender sus productos"},"content":{"rendered":"<p style=\"text-align: justify;\">Un grupo de comerciantes ind\u00edgenas se manifestaron frente al Palacio de Gobierno para solicitar al gobernador Mauricio Kuri que intervenga y les permita vender sus productos en la v\u00eda p\u00fablica. Aseguran que los espacios asignados en el mercado artesanal no les permiten tener suficientes ventas, por lo que muchos optan por utilizar canastas o lonas en el centro hist\u00f3rico, lo que ha llevado a confrontaciones con el personal de inspecci\u00f3n municipal.<\/p>\n<p>&nbsp;<\/p>\n<p style=\"text-align: justify;\">Los artesanos tambi\u00e9n han enfrentado agresiones por parte de algunos locatarios que se oponen a su presencia en las plazas del centro hist\u00f3rico, incluyendo el Jard\u00edn Zenea. La situaci\u00f3n ha generado tensiones entre los comerciantes artesanos y los locatarios debido a los conflictos por los espacios disponibles.<\/p>\n<p>&nbsp;<\/p>\n<p style=\"text-align: justify;\">El grupo de artesanos espera una respuesta por parte de las autoridades estatales, ya que sienten que el municipio de Quer\u00e9taro los ha ignorado en sus peticiones.<\/p>\n","protected":false},"excerpt":{"rendered":"<p>Un grupo de comerciantes ind\u00edgenas se manifestaron frente al Palacio de Gobierno para solicitar al gobernador Mauricio Kuri que intervenga y les permita vender sus productos en la v\u00eda p\u00fablica.<\/p>\n","protected":false},"author":3,"featured_media":1884,"comment_status":"open","ping_status":"open","sticky":false,"template":"","format":"standard","meta":{"footnotes":""},"categories":[65,58],"tags":[690,687,688,689],"class_list":["post-1883","post","type-post","status-publish","format-standard","has-post-thumbnail","hentry","category-municipios","category-ultima-hora","tag-artesanosqueretaro","tag-centrohistoricoqueretaro","tag-espaciospublicos","tag-manifestacionartesanal"],"yoast_head":"<!-- This site is optimized with the Yoast SEO plugin v25.0 - https:\/\/yoast.com\/wordpress\/plugins\/seo\/ -->\n<title>Artesanos se manifiestan en Plaza de Armas exigiendo espacios para vender sus productos | Nexo Informativo Santiago de Quer\u00e9taro<\/title>\n<meta name=\"description\" content=\"Artesanos se manifiestan en Plaza de Armas exigiendo espacios para vender sus productos\" \/>\n<meta name=\"robots\" content=\"index, follow, max-snippet:-1, max-image-preview:large, max-video-preview:-1\" \/>\n<link rel=\"canonical\" href=\"https:\/\/www.nexoinformativo.mx\/index.php\/2024\/09\/12\/artesanos-se-manifiestan-en-plaza-de-armas-exigiendo-espacios-para-vender-sus-productos\/\" \/>\n<meta property=\"og:locale\" content=\"es_MX\" \/>\n<meta property=\"og:type\" content=\"article\" \/>\n<meta property=\"og:title\" content=\"Artesanos se manifiestan en Plaza de Armas exigiendo espacios para vender sus productos | Nexo Informativo Santiago de Quer\u00e9taro\" \/>\n<meta property=\"og:description\" content=\"Artesanos se manifiestan en Plaza de Armas exigiendo espacios para vender sus productos\" \/>\n<meta property=\"og:url\" content=\"https:\/\/www.nexoinformativo.mx\/index.php\/2024\/09\/12\/artesanos-se-manifiestan-en-plaza-de-armas-exigiendo-espacios-para-vender-sus-productos\/\" \/>\n<meta property=\"og:site_name\" content=\"Nexo Informativo Santiago de Quer\u00e9taro\" \/>\n<meta property=\"article:publisher\" content=\"https:\/\/www.facebook.com\/people\/Nexo-Informativo\/61564066885511\/\" \/>\n<meta property=\"article:published_time\" content=\"2024-09-12T17:00:26+00:00\" \/>\n<meta property=\"article:modified_time\" content=\"2024-09-12T19:16:53+00:00\" \/>\n<meta property=\"og:image\" content=\"https:\/\/www.nexoinformativo.mx\/wp-content\/uploads\/2024\/09\/unnamed-20-e1726168588159.jpg\" \/>\n\t<meta property=\"og:image:width\" content=\"800\" \/>\n\t<meta property=\"og:image:height\" content=\"600\" \/>\n\t<meta property=\"og:image:type\" content=\"image\/jpeg\" \/>\n<meta name=\"author\" content=\"Nexo Informativo\" \/>\n<meta name=\"twitter:card\" content=\"summary_large_image\" \/>\n<meta name=\"twitter:label1\" content=\"Escrito por\" \/>\n\t<meta name=\"twitter:data1\" content=\"Nexo Informativo\" \/>\n\t<meta name=\"twitter:label2\" content=\"Tiempo de lectura\" \/>\n\t<meta name=\"twitter:data2\" content=\"1 minuto\" \/>\n<script type=\"application\/ld+json\" class=\"yoast-schema-graph\">{\"@context\":\"https:\/\/schema.org\",\"@graph\":[{\"@type\":\"Article\",\"@id\":\"https:\/\/www.nexoinformativo.mx\/index.php\/2024\/09\/12\/artesanos-se-manifiestan-en-plaza-de-armas-exigiendo-espacios-para-vender-sus-productos\/#article\",\"isPartOf\":{\"@id\":\"https:\/\/www.nexoinformativo.mx\/index.php\/2024\/09\/12\/artesanos-se-manifiestan-en-plaza-de-armas-exigiendo-espacios-para-vender-sus-productos\/\"},\"author\":{\"name\":\"Nexo Informativo\",\"@id\":\"https:\/\/www.nexoinformativo.mx\/#\/schema\/person\/7749d380ba08c8ca00d7bc76fd907b7d\"},\"headline\":\"Artesanos se manifiestan en Plaza de Armas exigiendo espacios para vender sus productos\",\"datePublished\":\"2024-09-12T17:00:26+00:00\",\"dateModified\":\"2024-09-12T19:16:53+00:00\",\"mainEntityOfPage\":{\"@id\":\"https:\/\/www.nexoinformativo.mx\/index.php\/2024\/09\/12\/artesanos-se-manifiestan-en-plaza-de-armas-exigiendo-espacios-para-vender-sus-productos\/\"},\"wordCount\":170,\"commentCount\":0,\"publisher\":{\"@id\":\"https:\/\/www.nexoinformativo.mx\/#organization\"},\"image\":{\"@id\":\"https:\/\/www.nexoinformativo.mx\/index.php\/2024\/09\/12\/artesanos-se-manifiestan-en-plaza-de-armas-exigiendo-espacios-para-vender-sus-productos\/#primaryimage\"},\"thumbnailUrl\":\"https:\/\/www.nexoinformativo.mx\/wp-content\/uploads\/2024\/09\/unnamed-20-e1726168588159.jpg\",\"keywords\":[\"ArtesanosQuer\u00e9taro\",\"CentroHist\u00f3ricoQuer\u00e9taro\",\"EspaciosP\u00fablicos\",\"Manifestaci\u00f3nArtesanal\"],\"articleSection\":[\"Municipios\",\"\u00daltima Hora\"],\"inLanguage\":\"es\",\"potentialAction\":[{\"@type\":\"CommentAction\",\"name\":\"Comment\",\"target\":[\"https:\/\/www.nexoinformativo.mx\/index.php\/2024\/09\/12\/artesanos-se-manifiestan-en-plaza-de-armas-exigiendo-espacios-para-vender-sus-productos\/#respond\"]}]},{\"@type\":\"WebPage\",\"@id\":\"https:\/\/www.nexoinformativo.mx\/index.php\/2024\/09\/12\/artesanos-se-manifiestan-en-plaza-de-armas-exigiendo-espacios-para-vender-sus-productos\/\",\"url\":\"https:\/\/www.nexoinformativo.mx\/index.php\/2024\/09\/12\/artesanos-se-manifiestan-en-plaza-de-armas-exigiendo-espacios-para-vender-sus-productos\/\",\"name\":\"Artesanos se manifiestan en Plaza de Armas exigiendo espacios para vender sus productos | Nexo Informativo Santiago de Quer\u00e9taro\",\"isPartOf\":{\"@id\":\"https:\/\/www.nexoinformativo.mx\/#website\"},\"primaryImageOfPage\":{\"@id\":\"https:\/\/www.nexoinformativo.mx\/index.php\/2024\/09\/12\/artesanos-se-manifiestan-en-plaza-de-armas-exigiendo-espacios-para-vender-sus-productos\/#primaryimage\"},\"image\":{\"@id\":\"https:\/\/www.nexoinformativo.mx\/index.php\/2024\/09\/12\/artesanos-se-manifiestan-en-plaza-de-armas-exigiendo-espacios-para-vender-sus-productos\/#primaryimage\"},\"thumbnailUrl\":\"https:\/\/www.nexoinformativo.mx\/wp-content\/uploads\/2024\/09\/unnamed-20-e1726168588159.jpg\",\"datePublished\":\"2024-09-12T17:00:26+00:00\",\"dateModified\":\"2024-09-12T19:16:53+00:00\",\"description\":\"Artesanos se manifiestan en Plaza de Armas exigiendo espacios para vender sus productos\",\"breadcrumb\":{\"@id\":\"https:\/\/www.nexoinformativo.mx\/index.php\/2024\/09\/12\/artesanos-se-manifiestan-en-plaza-de-armas-exigiendo-espacios-para-vender-sus-productos\/#breadcrumb\"},\"inLanguage\":\"es\",\"potentialAction\":[{\"@type\":\"ReadAction\",\"target\":[\"https:\/\/www.nexoinformativo.mx\/index.php\/2024\/09\/12\/artesanos-se-manifiestan-en-plaza-de-armas-exigiendo-espacios-para-vender-sus-productos\/\"]}]},{\"@type\":\"ImageObject\",\"inLanguage\":\"es\",\"@id\":\"https:\/\/www.nexoinformativo.mx\/index.php\/2024\/09\/12\/artesanos-se-manifiestan-en-plaza-de-armas-exigiendo-espacios-para-vender-sus-productos\/#primaryimage\",\"url\":\"https:\/\/www.nexoinformativo.mx\/wp-content\/uploads\/2024\/09\/unnamed-20-e1726168588159.jpg\",\"contentUrl\":\"https:\/\/www.nexoinformativo.mx\/wp-content\/uploads\/2024\/09\/unnamed-20-e1726168588159.jpg\",\"width\":800,\"height\":600},{\"@type\":\"BreadcrumbList\",\"@id\":\"https:\/\/www.nexoinformativo.mx\/index.php\/2024\/09\/12\/artesanos-se-manifiestan-en-plaza-de-armas-exigiendo-espacios-para-vender-sus-productos\/#breadcrumb\",\"itemListElement\":[{\"@type\":\"ListItem\",\"position\":1,\"name\":\"Inicio\",\"item\":\"https:\/\/www.nexoinformativo.mx\/\"},{\"@type\":\"ListItem\",\"position\":2,\"name\":\"Artesanos se manifiestan en Plaza de Armas exigiendo espacios para vender sus productos\"}]},{\"@type\":\"WebSite\",\"@id\":\"https:\/\/www.nexoinformativo.mx\/#website\",\"url\":\"https:\/\/www.nexoinformativo.mx\/\",\"name\":\"Nexo Informativo Santiago de Quer\u00e9taro\",\"description\":\"Explora NexoInformativo y convi\u00e9rtete en parte de una comunidad que valora el conocimiento y la verdad. Tu nexoinformativo es tu puente hacia una comprensi\u00f3n m\u00e1s profunda del mundo que te rodea.\",\"publisher\":{\"@id\":\"https:\/\/www.nexoinformativo.mx\/#organization\"},\"potentialAction\":[{\"@type\":\"SearchAction\",\"target\":{\"@type\":\"EntryPoint\",\"urlTemplate\":\"https:\/\/www.nexoinformativo.mx\/?s={search_term_string}\"},\"query-input\":{\"@type\":\"PropertyValueSpecification\",\"valueRequired\":true,\"valueName\":\"search_term_string\"}}],\"inLanguage\":\"es\"},{\"@type\":\"Organization\",\"@id\":\"https:\/\/www.nexoinformativo.mx\/#organization\",\"name\":\"Nexo Informativo Santiago de Quer\u00e9taro\",\"url\":\"https:\/\/www.nexoinformativo.mx\/\",\"logo\":{\"@type\":\"ImageObject\",\"inLanguage\":\"es\",\"@id\":\"https:\/\/www.nexoinformativo.mx\/#\/schema\/logo\/image\/\",\"url\":\"https:\/\/www.nexoinformativo.mx\/wp-content\/uploads\/2024\/07\/nexoi-trasparente-2.png\",\"contentUrl\":\"https:\/\/www.nexoinformativo.mx\/wp-content\/uploads\/2024\/07\/nexoi-trasparente-2.png\",\"width\":816,\"height\":339,\"caption\":\"Nexo Informativo Santiago de Quer\u00e9taro\"},\"image\":{\"@id\":\"https:\/\/www.nexoinformativo.mx\/#\/schema\/logo\/image\/\"},\"sameAs\":[\"https:\/\/www.facebook.com\/people\/Nexo-Informativo\/61564066885511\/\"]},{\"@type\":\"Person\",\"@id\":\"https:\/\/www.nexoinformativo.mx\/#\/schema\/person\/7749d380ba08c8ca00d7bc76fd907b7d\",\"name\":\"Nexo Informativo\",\"image\":{\"@type\":\"ImageObject\",\"inLanguage\":\"es\",\"@id\":\"https:\/\/www.nexoinformativo.mx\/#\/schema\/person\/image\/\",\"url\":\"https:\/\/secure.gravatar.com\/avatar\/dde2928154642a13d95f87ddf1ea9718fe2b46760a005c53e41ff5ad610704e6?s=96&d=mm&r=g\",\"contentUrl\":\"https:\/\/secure.gravatar.com\/avatar\/dde2928154642a13d95f87ddf1ea9718fe2b46760a005c53e41ff5ad610704e6?s=96&d=mm&r=g\",\"caption\":\"Nexo Informativo\"},\"url\":\"https:\/\/www.nexoinformativo.mx\/index.php\/author\/edicion\/\"}]}<\/script>\n<!-- \/ Yoast SEO plugin. -->","yoast_head_json":{"title":"Artesanos se manifiestan en Plaza de Armas exigiendo espacios para vender sus productos | Nexo Informativo Santiago de Quer\u00e9taro","description":"Artesanos se manifiestan en Plaza de Armas exigiendo espacios para vender sus productos","robots":{"index":"index","follow":"follow","max-snippet":"max-snippet:-1","max-image-preview":"max-image-preview:large","max-video-preview":"max-video-preview:-1"},"canonical":"https:\/\/www.nexoinformativo.mx\/index.php\/2024\/09\/12\/artesanos-se-manifiestan-en-plaza-de-armas-exigiendo-espacios-para-vender-sus-productos\/","og_locale":"es_MX","og_type":"article","og_title":"Artesanos se manifiestan en Plaza de Armas exigiendo espacios para vender sus productos | Nexo Informativo Santiago de Quer\u00e9taro","og_description":"Artesanos se manifiestan en Plaza de Armas exigiendo espacios para vender sus productos","og_url":"https:\/\/www.nexoinformativo.mx\/index.php\/2024\/09\/12\/artesanos-se-manifiestan-en-plaza-de-armas-exigiendo-espacios-para-vender-sus-productos\/","og_site_name":"Nexo Informativo Santiago de Quer\u00e9taro","article_publisher":"https:\/\/www.facebook.com\/people\/Nexo-Informativo\/61564066885511\/","article_published_time":"2024-09-12T17:00:26+00:00","article_modified_time":"2024-09-12T19:16:53+00:00","og_image":[{"width":800,"height":600,"url":"https:\/\/www.nexoinformativo.mx\/wp-content\/uploads\/2024\/09\/unnamed-20-e1726168588159.jpg","type":"image\/jpeg"}],"author":"Nexo Informativo","twitter_card":"summary_large_image","twitter_misc":{"Escrito por":"Nexo Informativo","Tiempo de lectura":"1 minuto"},"schema":{"@context":"https:\/\/schema.org","@graph":[{"@type":"Article","@id":"https:\/\/www.nexoinformativo.mx\/index.php\/2024\/09\/12\/artesanos-se-manifiestan-en-plaza-de-armas-exigiendo-espacios-para-vender-sus-productos\/#article","isPartOf":{"@id":"https:\/\/www.nexoinformativo.mx\/index.php\/2024\/09\/12\/artesanos-se-manifiestan-en-plaza-de-armas-exigiendo-espacios-para-vender-sus-productos\/"},"author":{"name":"Nexo Informativo","@id":"https:\/\/www.nexoinformativo.mx\/#\/schema\/person\/7749d380ba08c8ca00d7bc76fd907b7d"},"headline":"Artesanos se manifiestan en Plaza de Armas exigiendo espacios para vender sus productos","datePublished":"2024-09-12T17:00:26+00:00","dateModified":"2024-09-12T19:16:53+00:00","mainEntityOfPage":{"@id":"https:\/\/www.nexoinformativo.mx\/index.php\/2024\/09\/12\/artesanos-se-manifiestan-en-plaza-de-armas-exigiendo-espacios-para-vender-sus-productos\/"},"wordCount":170,"commentCount":0,"publisher":{"@id":"https:\/\/www.nexoinformativo.mx\/#organization"},"image":{"@id":"https:\/\/www.nexoinformativo.mx\/index.php\/2024\/09\/12\/artesanos-se-manifiestan-en-plaza-de-armas-exigiendo-espacios-para-vender-sus-productos\/#primaryimage"},"thumbnailUrl":"https:\/\/www.nexoinformativo.mx\/wp-content\/uploads\/2024\/09\/unnamed-20-e1726168588159.jpg","keywords":["ArtesanosQuer\u00e9taro","CentroHist\u00f3ricoQuer\u00e9taro","EspaciosP\u00fablicos","Manifestaci\u00f3nArtesanal"],"articleSection":["Municipios","\u00daltima Hora"],"inLanguage":"es","potentialAction":[{"@type":"CommentAction","name":"Comment","target":["https:\/\/www.nexoinformativo.mx\/index.php\/2024\/09\/12\/artesanos-se-manifiestan-en-plaza-de-armas-exigiendo-espacios-para-vender-sus-productos\/#respond"]}]},{"@type":"WebPage","@id":"https:\/\/www.nexoinformativo.mx\/index.php\/2024\/09\/12\/artesanos-se-manifiestan-en-plaza-de-armas-exigiendo-espacios-para-vender-sus-productos\/","url":"https:\/\/www.nexoinformativo.mx\/index.php\/2024\/09\/12\/artesanos-se-manifiestan-en-plaza-de-armas-exigiendo-espacios-para-vender-sus-productos\/","name":"Artesanos se manifiestan en Plaza de Armas exigiendo espacios para vender sus productos | Nexo Informativo Santiago de Quer\u00e9taro","isPartOf":{"@id":"https:\/\/www.nexoinformativo.mx\/#website"},"primaryImageOfPage":{"@id":"https:\/\/www.nexoinformativo.mx\/index.php\/2024\/09\/12\/artesanos-se-manifiestan-en-plaza-de-armas-exigiendo-espacios-para-vender-sus-productos\/#primaryimage"},"image":{"@id":"https:\/\/www.nexoinformativo.mx\/index.php\/2024\/09\/12\/artesanos-se-manifiestan-en-plaza-de-armas-exigiendo-espacios-para-vender-sus-productos\/#primaryimage"},"thumbnailUrl":"https:\/\/www.nexoinformativo.mx\/wp-content\/uploads\/2024\/09\/unnamed-20-e1726168588159.jpg","datePublished":"2024-09-12T17:00:26+00:00","dateModified":"2024-09-12T19:16:53+00:00","description":"Artesanos se manifiestan en Plaza de Armas exigiendo espacios para vender sus productos","breadcrumb":{"@id":"https:\/\/www.nexoinformativo.mx\/index.php\/2024\/09\/12\/artesanos-se-manifiestan-en-plaza-de-armas-exigiendo-espacios-para-vender-sus-productos\/#breadcrumb"},"inLanguage":"es","potentialAction":[{"@type":"ReadAction","target":["https:\/\/www.nexoinformativo.mx\/index.php\/2024\/09\/12\/artesanos-se-manifiestan-en-plaza-de-armas-exigiendo-espacios-para-vender-sus-productos\/"]}]},{"@type":"ImageObject","inLanguage":"es","@id":"https:\/\/www.nexoinformativo.mx\/index.php\/2024\/09\/12\/artesanos-se-manifiestan-en-plaza-de-armas-exigiendo-espacios-para-vender-sus-productos\/#primaryimage","url":"https:\/\/www.nexoinformativo.mx\/wp-content\/uploads\/2024\/09\/unnamed-20-e1726168588159.jpg","contentUrl":"https:\/\/www.nexoinformativo.mx\/wp-content\/uploads\/2024\/09\/unnamed-20-e1726168588159.jpg","width":800,"height":600},{"@type":"BreadcrumbList","@id":"https:\/\/www.nexoinformativo.mx\/index.php\/2024\/09\/12\/artesanos-se-manifiestan-en-plaza-de-armas-exigiendo-espacios-para-vender-sus-productos\/#breadcrumb","itemListElement":[{"@type":"ListItem","position":1,"name":"Inicio","item":"https:\/\/www.nexoinformativo.mx\/"},{"@type":"ListItem","position":2,"name":"Artesanos se manifiestan en Plaza de Armas exigiendo espacios para vender sus productos"}]},{"@type":"WebSite","@id":"https:\/\/www.nexoinformativo.mx\/#website","url":"https:\/\/www.nexoinformativo.mx\/","name":"Nexo Informativo Santiago de Quer\u00e9taro","description":"Explora NexoInformativo y convi\u00e9rtete en parte de una comunidad que valora el conocimiento y la verdad. Tu nexoinformativo es tu puente hacia una comprensi\u00f3n m\u00e1s profunda del mundo que te rodea.","publisher":{"@id":"https:\/\/www.nexoinformativo.mx\/#organization"},"potentialAction":[{"@type":"SearchAction","target":{"@type":"EntryPoint","urlTemplate":"https:\/\/www.nexoinformativo.mx\/?s={search_term_string}"},"query-input":{"@type":"PropertyValueSpecification","valueRequired":true,"valueName":"search_term_string"}}],"inLanguage":"es"},{"@type":"Organization","@id":"https:\/\/www.nexoinformativo.mx\/#organization","name":"Nexo Informativo Santiago de Quer\u00e9taro","url":"https:\/\/www.nexoinformativo.mx\/","logo":{"@type":"ImageObject","inLanguage":"es","@id":"https:\/\/www.nexoinformativo.mx\/#\/schema\/logo\/image\/","url":"https:\/\/www.nexoinformativo.mx\/wp-content\/uploads\/2024\/07\/nexoi-trasparente-2.png","contentUrl":"https:\/\/www.nexoinformativo.mx\/wp-content\/uploads\/2024\/07\/nexoi-trasparente-2.png","width":816,"height":339,"caption":"Nexo Informativo Santiago de Quer\u00e9taro"},"image":{"@id":"https:\/\/www.nexoinformativo.mx\/#\/schema\/logo\/image\/"},"sameAs":["https:\/\/www.facebook.com\/people\/Nexo-Informativo\/61564066885511\/"]},{"@type":"Person","@id":"https:\/\/www.nexoinformativo.mx\/#\/schema\/person\/7749d380ba08c8ca00d7bc76fd907b7d","name":"Nexo Informativo","image":{"@type":"ImageObject","inLanguage":"es","@id":"https:\/\/www.nexoinformativo.mx\/#\/schema\/person\/image\/","url":"https:\/\/secure.gravatar.com\/avatar\/dde2928154642a13d95f87ddf1ea9718fe2b46760a005c53e41ff5ad610704e6?s=96&d=mm&r=g","contentUrl":"https:\/\/secure.gravatar.com\/avatar\/dde2928154642a13d95f87ddf1ea9718fe2b46760a005c53e41ff5ad610704e6?s=96&d=mm&r=g","caption":"Nexo Informativo"},"url":"https:\/\/www.nexoinformativo.mx\/index.php\/author\/edicion\/"}]}},"_links":{"self":[{"href":"https:\/\/www.nexoinformativo.mx\/index.php\/wp-json\/wp\/v2\/posts\/1883","targetHints":{"allow":["GET"]}}],"collection":[{"href":"https:\/\/www.nexoinformativo.mx\/index.php\/wp-json\/wp\/v2\/posts"}],"about":[{"href":"https:\/\/www.nexoinformativo.mx\/index.php\/wp-json\/wp\/v2\/types\/post"}],"author":[{"embeddable":true,"href":"https:\/\/www.nexoinformativo.mx\/index.php\/wp-json\/wp\/v2\/users\/3"}],"replies":[{"embeddable":true,"href":"https:\/\/www.nexoinformativo.mx\/index.php\/wp-json\/wp\/v2\/comments?post=1883"}],"version-history":[{"count":1,"href":"https:\/\/www.nexoinformativo.mx\/index.php\/wp-json\/wp\/v2\/posts\/1883\/revisions"}],"predecessor-version":[{"id":1885,"href":"https:\/\/www.nexoinformativo.mx\/index.php\/wp-json\/wp\/v2\/posts\/1883\/revisions\/1885"}],"wp:featuredmedia":[{"embeddable":true,"href":"https:\/\/www.nexoinformativo.mx\/index.php\/wp-json\/wp\/v2\/media\/1884"}],"wp:attachment":[{"href":"https:\/\/www.nexoinformativo.mx\/index.php\/wp-json\/wp\/v2\/media?parent=1883"}],"wp:term":[{"taxonomy":"category","embeddable":true,"href":"https:\/\/www.nexoinformativo.mx\/index.php\/wp-json\/wp\/v2\/categories?post=1883"},{"taxonomy":"post_tag","embeddable":true,"href":"https:\/\/www.nexoinformativo.mx\/index.php\/wp-json\/wp\/v2\/tags?post=1883"}],"curies":[{"name":"wp","href":"https:\/\/api.w.org\/{rel}","templated":true}]}}