{"id":1886,"date":"2024-09-12T12:00:33","date_gmt":"2024-09-12T18:00:33","guid":{"rendered":"https:\/\/www.nexoinformativo.mx\/?p=1886"},"modified":"2024-09-12T13:40:40","modified_gmt":"2024-09-12T19:40:40","slug":"suspension-de-servicio-de-agua-en-lomas-de-casa-blanca-este-viernes-por-trabajos-de-interconexion","status":"publish","type":"post","link":"https:\/\/www.nexoinformativo.mx\/index.php\/2024\/09\/12\/suspension-de-servicio-de-agua-en-lomas-de-casa-blanca-este-viernes-por-trabajos-de-interconexion\/","title":{"rendered":"Suspensi\u00f3n de servicio de agua en Lomas de Casa Blanca este viernes por trabajos de interconexi\u00f3n"},"content":{"rendered":"<p style=\"text-align: justify;\">La Secretar\u00eda de Desarrollo Urbano y Obras P\u00fablicas (SDUOP) y la Comisi\u00f3n Estatal de Aguas (CEA) de Quer\u00e9taro anunciaron la suspensi\u00f3n del servicio de agua potable en la colonia Lomas de Casa Blanca. Esta medida se llevar\u00e1 a cabo ma\u00f1ana viernes como parte de los trabajos de interconexi\u00f3n realizados por la SDUOP.<\/p>\n<p>&nbsp;<\/p>\n<h3 style=\"text-align: justify;\"><\/h3>\n<p style=\"text-align: justify;\">La CEA inform\u00f3 que el corte del suministro de agua comenzar\u00e1 el viernes a las 8:00 horas y se espera que se normalice el s\u00e1bado 14 de septiembre durante el transcurso de la ma\u00f1ana. Los trabajos de interconexi\u00f3n son necesarios para mejorar la infraestructura h\u00eddrica en la zona.<\/p>\n<p>&nbsp;<\/p>\n<h3 style=\"text-align: justify;\"><\/h3>\n<p style=\"text-align: justify;\">Se recomienda a los habitantes de Lomas de Casa Blanca que tomen las precauciones necesarias para contar con agua suficiente durante el tiempo que dure la suspensi\u00f3n. Almacenar agua en recipientes seguros y utilizar el recurso de manera fundamental para sobrellevar la falta temporal de suministro.<\/p>\n<p>&nbsp;<\/p>\n<h3 style=\"text-align: justify;\"><\/h3>\n<p style=\"text-align: justify;\">Para m\u00e1s informaci\u00f3n sobre el corte de agua o cualquier duda, los ciudadanos pueden comunicarse con el <strong>Contact Center de la CEA<\/strong> o llamar al tel\u00e9fono <strong>(442) 211 0066<\/strong>. Las autoridades est\u00e1n trabajando para que los trabajos de interconexi\u00f3n se realicen de manera eficiente y reducir al m\u00ednimo las molestias a los residentes.<\/p>\n","protected":false},"excerpt":{"rendered":"<p>La Secretar\u00eda de Desarrollo Urbano y Obras P\u00fablicas (SDUOP) y la Comisi\u00f3n Estatal de Aguas (CEA) de Quer\u00e9taro anunciaron la suspensi\u00f3n del servicio de agua potable en la colonia Lomas de Casa Blanca.<\/p>\n","protected":false},"author":3,"featured_media":1887,"comment_status":"open","ping_status":"open","sticky":false,"template":"","format":"standard","meta":{"footnotes":""},"categories":[137,58],"tags":[264,692,693,691],"class_list":["post-1886","post","type-post","status-publish","format-standard","has-post-thumbnail","hentry","category-sucesos","category-ultima-hora","tag-ceaqueretaro","tag-lomasdecasablanca","tag-obrasqueretaro","tag-queretarosinagua"],"yoast_head":"<!-- This site is optimized with the Yoast SEO plugin v25.0 - https:\/\/yoast.com\/wordpress\/plugins\/seo\/ -->\n<title>Suspensi\u00f3n de servicio de agua en Lomas de Casa Blanca este viernes por trabajos de interconexi\u00f3n | Nexo Informativo Santiago de Quer\u00e9taro<\/title>\n<meta name=\"description\" content=\"Suspensi\u00f3n de servicio de agua en Lomas de Casa Blanca este viernes por trabajos de interconexi\u00f3n\" \/>\n<meta name=\"robots\" content=\"index, follow, max-snippet:-1, max-image-preview:large, max-video-preview:-1\" \/>\n<link rel=\"canonical\" href=\"https:\/\/www.nexoinformativo.mx\/index.php\/2024\/09\/12\/suspension-de-servicio-de-agua-en-lomas-de-casa-blanca-este-viernes-por-trabajos-de-interconexion\/\" \/>\n<meta property=\"og:locale\" content=\"es_MX\" \/>\n<meta property=\"og:type\" content=\"article\" \/>\n<meta property=\"og:title\" content=\"Suspensi\u00f3n de servicio de agua en Lomas de Casa Blanca este viernes por trabajos de interconexi\u00f3n | Nexo Informativo Santiago de Quer\u00e9taro\" \/>\n<meta property=\"og:description\" content=\"Suspensi\u00f3n de servicio de agua en Lomas de Casa Blanca este viernes por trabajos de interconexi\u00f3n\" \/>\n<meta property=\"og:url\" content=\"https:\/\/www.nexoinformativo.mx\/index.php\/2024\/09\/12\/suspension-de-servicio-de-agua-en-lomas-de-casa-blanca-este-viernes-por-trabajos-de-interconexion\/\" \/>\n<meta property=\"og:site_name\" content=\"Nexo Informativo Santiago de Quer\u00e9taro\" \/>\n<meta property=\"article:publisher\" content=\"https:\/\/www.facebook.com\/people\/Nexo-Informativo\/61564066885511\/\" \/>\n<meta property=\"article:published_time\" content=\"2024-09-12T18:00:33+00:00\" \/>\n<meta property=\"article:modified_time\" content=\"2024-09-12T19:40:40+00:00\" \/>\n<meta property=\"og:image\" content=\"https:\/\/www.nexoinformativo.mx\/wp-content\/uploads\/2024\/09\/PHOTO-2024-09-12-13-06-52-e1726169757745.jpg\" \/>\n\t<meta property=\"og:image:width\" content=\"800\" \/>\n\t<meta property=\"og:image:height\" content=\"924\" \/>\n\t<meta property=\"og:image:type\" content=\"image\/jpeg\" \/>\n<meta name=\"author\" content=\"Nexo Informativo\" \/>\n<meta name=\"twitter:card\" content=\"summary_large_image\" \/>\n<meta name=\"twitter:label1\" content=\"Escrito por\" \/>\n\t<meta name=\"twitter:data1\" content=\"Nexo Informativo\" \/>\n\t<meta name=\"twitter:label2\" content=\"Tiempo de lectura\" \/>\n\t<meta name=\"twitter:data2\" content=\"2 minutos\" \/>\n<script type=\"application\/ld+json\" class=\"yoast-schema-graph\">{\"@context\":\"https:\/\/schema.org\",\"@graph\":[{\"@type\":\"Article\",\"@id\":\"https:\/\/www.nexoinformativo.mx\/index.php\/2024\/09\/12\/suspension-de-servicio-de-agua-en-lomas-de-casa-blanca-este-viernes-por-trabajos-de-interconexion\/#article\",\"isPartOf\":{\"@id\":\"https:\/\/www.nexoinformativo.mx\/index.php\/2024\/09\/12\/suspension-de-servicio-de-agua-en-lomas-de-casa-blanca-este-viernes-por-trabajos-de-interconexion\/\"},\"author\":{\"name\":\"Nexo Informativo\",\"@id\":\"https:\/\/www.nexoinformativo.mx\/#\/schema\/person\/7749d380ba08c8ca00d7bc76fd907b7d\"},\"headline\":\"Suspensi\u00f3n de servicio de agua en Lomas de Casa Blanca este viernes por trabajos de interconexi\u00f3n\",\"datePublished\":\"2024-09-12T18:00:33+00:00\",\"dateModified\":\"2024-09-12T19:40:40+00:00\",\"mainEntityOfPage\":{\"@id\":\"https:\/\/www.nexoinformativo.mx\/index.php\/2024\/09\/12\/suspension-de-servicio-de-agua-en-lomas-de-casa-blanca-este-viernes-por-trabajos-de-interconexion\/\"},\"wordCount\":233,\"commentCount\":0,\"publisher\":{\"@id\":\"https:\/\/www.nexoinformativo.mx\/#organization\"},\"image\":{\"@id\":\"https:\/\/www.nexoinformativo.mx\/index.php\/2024\/09\/12\/suspension-de-servicio-de-agua-en-lomas-de-casa-blanca-este-viernes-por-trabajos-de-interconexion\/#primaryimage\"},\"thumbnailUrl\":\"https:\/\/www.nexoinformativo.mx\/wp-content\/uploads\/2024\/09\/PHOTO-2024-09-12-13-06-52-e1726169757745.jpg\",\"keywords\":[\"CEAQueretaro\",\"LomasDeCasaBlanca\",\"ObrasQuer\u00e9taro\",\"Quer\u00e9taroSinAgua\"],\"articleSection\":[\"Sucesos\",\"\u00daltima Hora\"],\"inLanguage\":\"es\",\"potentialAction\":[{\"@type\":\"CommentAction\",\"name\":\"Comment\",\"target\":[\"https:\/\/www.nexoinformativo.mx\/index.php\/2024\/09\/12\/suspension-de-servicio-de-agua-en-lomas-de-casa-blanca-este-viernes-por-trabajos-de-interconexion\/#respond\"]}]},{\"@type\":\"WebPage\",\"@id\":\"https:\/\/www.nexoinformativo.mx\/index.php\/2024\/09\/12\/suspension-de-servicio-de-agua-en-lomas-de-casa-blanca-este-viernes-por-trabajos-de-interconexion\/\",\"url\":\"https:\/\/www.nexoinformativo.mx\/index.php\/2024\/09\/12\/suspension-de-servicio-de-agua-en-lomas-de-casa-blanca-este-viernes-por-trabajos-de-interconexion\/\",\"name\":\"Suspensi\u00f3n de servicio de agua en Lomas de Casa Blanca este viernes por trabajos de interconexi\u00f3n | Nexo Informativo Santiago de Quer\u00e9taro\",\"isPartOf\":{\"@id\":\"https:\/\/www.nexoinformativo.mx\/#website\"},\"primaryImageOfPage\":{\"@id\":\"https:\/\/www.nexoinformativo.mx\/index.php\/2024\/09\/12\/suspension-de-servicio-de-agua-en-lomas-de-casa-blanca-este-viernes-por-trabajos-de-interconexion\/#primaryimage\"},\"image\":{\"@id\":\"https:\/\/www.nexoinformativo.mx\/index.php\/2024\/09\/12\/suspension-de-servicio-de-agua-en-lomas-de-casa-blanca-este-viernes-por-trabajos-de-interconexion\/#primaryimage\"},\"thumbnailUrl\":\"https:\/\/www.nexoinformativo.mx\/wp-content\/uploads\/2024\/09\/PHOTO-2024-09-12-13-06-52-e1726169757745.jpg\",\"datePublished\":\"2024-09-12T18:00:33+00:00\",\"dateModified\":\"2024-09-12T19:40:40+00:00\",\"description\":\"Suspensi\u00f3n de servicio de agua en Lomas de Casa Blanca este viernes por trabajos de interconexi\u00f3n\",\"breadcrumb\":{\"@id\":\"https:\/\/www.nexoinformativo.mx\/index.php\/2024\/09\/12\/suspension-de-servicio-de-agua-en-lomas-de-casa-blanca-este-viernes-por-trabajos-de-interconexion\/#breadcrumb\"},\"inLanguage\":\"es\",\"potentialAction\":[{\"@type\":\"ReadAction\",\"target\":[\"https:\/\/www.nexoinformativo.mx\/index.php\/2024\/09\/12\/suspension-de-servicio-de-agua-en-lomas-de-casa-blanca-este-viernes-por-trabajos-de-interconexion\/\"]}]},{\"@type\":\"ImageObject\",\"inLanguage\":\"es\",\"@id\":\"https:\/\/www.nexoinformativo.mx\/index.php\/2024\/09\/12\/suspension-de-servicio-de-agua-en-lomas-de-casa-blanca-este-viernes-por-trabajos-de-interconexion\/#primaryimage\",\"url\":\"https:\/\/www.nexoinformativo.mx\/wp-content\/uploads\/2024\/09\/PHOTO-2024-09-12-13-06-52-e1726169757745.jpg\",\"contentUrl\":\"https:\/\/www.nexoinformativo.mx\/wp-content\/uploads\/2024\/09\/PHOTO-2024-09-12-13-06-52-e1726169757745.jpg\",\"width\":800,\"height\":924},{\"@type\":\"BreadcrumbList\",\"@id\":\"https:\/\/www.nexoinformativo.mx\/index.php\/2024\/09\/12\/suspension-de-servicio-de-agua-en-lomas-de-casa-blanca-este-viernes-por-trabajos-de-interconexion\/#breadcrumb\",\"itemListElement\":[{\"@type\":\"ListItem\",\"position\":1,\"name\":\"Inicio\",\"item\":\"https:\/\/www.nexoinformativo.mx\/\"},{\"@type\":\"ListItem\",\"position\":2,\"name\":\"Suspensi\u00f3n de servicio de agua en Lomas de Casa Blanca este viernes por trabajos de interconexi\u00f3n\"}]},{\"@type\":\"WebSite\",\"@id\":\"https:\/\/www.nexoinformativo.mx\/#website\",\"url\":\"https:\/\/www.nexoinformativo.mx\/\",\"name\":\"Nexo Informativo Santiago de Quer\u00e9taro\",\"description\":\"Explora NexoInformativo y convi\u00e9rtete en parte de una comunidad que valora el conocimiento y la verdad. Tu nexoinformativo es tu puente hacia una comprensi\u00f3n m\u00e1s profunda del mundo que te rodea.\",\"publisher\":{\"@id\":\"https:\/\/www.nexoinformativo.mx\/#organization\"},\"potentialAction\":[{\"@type\":\"SearchAction\",\"target\":{\"@type\":\"EntryPoint\",\"urlTemplate\":\"https:\/\/www.nexoinformativo.mx\/?s={search_term_string}\"},\"query-input\":{\"@type\":\"PropertyValueSpecification\",\"valueRequired\":true,\"valueName\":\"search_term_string\"}}],\"inLanguage\":\"es\"},{\"@type\":\"Organization\",\"@id\":\"https:\/\/www.nexoinformativo.mx\/#organization\",\"name\":\"Nexo Informativo Santiago de Quer\u00e9taro\",\"url\":\"https:\/\/www.nexoinformativo.mx\/\",\"logo\":{\"@type\":\"ImageObject\",\"inLanguage\":\"es\",\"@id\":\"https:\/\/www.nexoinformativo.mx\/#\/schema\/logo\/image\/\",\"url\":\"https:\/\/www.nexoinformativo.mx\/wp-content\/uploads\/2024\/07\/nexoi-trasparente-2.png\",\"contentUrl\":\"https:\/\/www.nexoinformativo.mx\/wp-content\/uploads\/2024\/07\/nexoi-trasparente-2.png\",\"width\":816,\"height\":339,\"caption\":\"Nexo Informativo Santiago de Quer\u00e9taro\"},\"image\":{\"@id\":\"https:\/\/www.nexoinformativo.mx\/#\/schema\/logo\/image\/\"},\"sameAs\":[\"https:\/\/www.facebook.com\/people\/Nexo-Informativo\/61564066885511\/\"]},{\"@type\":\"Person\",\"@id\":\"https:\/\/www.nexoinformativo.mx\/#\/schema\/person\/7749d380ba08c8ca00d7bc76fd907b7d\",\"name\":\"Nexo Informativo\",\"image\":{\"@type\":\"ImageObject\",\"inLanguage\":\"es\",\"@id\":\"https:\/\/www.nexoinformativo.mx\/#\/schema\/person\/image\/\",\"url\":\"https:\/\/secure.gravatar.com\/avatar\/dde2928154642a13d95f87ddf1ea9718fe2b46760a005c53e41ff5ad610704e6?s=96&d=mm&r=g\",\"contentUrl\":\"https:\/\/secure.gravatar.com\/avatar\/dde2928154642a13d95f87ddf1ea9718fe2b46760a005c53e41ff5ad610704e6?s=96&d=mm&r=g\",\"caption\":\"Nexo Informativo\"},\"url\":\"https:\/\/www.nexoinformativo.mx\/index.php\/author\/edicion\/\"}]}<\/script>\n<!-- \/ Yoast SEO plugin. -->","yoast_head_json":{"title":"Suspensi\u00f3n de servicio de agua en Lomas de Casa Blanca este viernes por trabajos de interconexi\u00f3n | Nexo Informativo Santiago de Quer\u00e9taro","description":"Suspensi\u00f3n de servicio de agua en Lomas de Casa Blanca este viernes por trabajos de interconexi\u00f3n","robots":{"index":"index","follow":"follow","max-snippet":"max-snippet:-1","max-image-preview":"max-image-preview:large","max-video-preview":"max-video-preview:-1"},"canonical":"https:\/\/www.nexoinformativo.mx\/index.php\/2024\/09\/12\/suspension-de-servicio-de-agua-en-lomas-de-casa-blanca-este-viernes-por-trabajos-de-interconexion\/","og_locale":"es_MX","og_type":"article","og_title":"Suspensi\u00f3n de servicio de agua en Lomas de Casa Blanca este viernes por trabajos de interconexi\u00f3n | Nexo Informativo Santiago de Quer\u00e9taro","og_description":"Suspensi\u00f3n de servicio de agua en Lomas de Casa Blanca este viernes por trabajos de interconexi\u00f3n","og_url":"https:\/\/www.nexoinformativo.mx\/index.php\/2024\/09\/12\/suspension-de-servicio-de-agua-en-lomas-de-casa-blanca-este-viernes-por-trabajos-de-interconexion\/","og_site_name":"Nexo Informativo Santiago de Quer\u00e9taro","article_publisher":"https:\/\/www.facebook.com\/people\/Nexo-Informativo\/61564066885511\/","article_published_time":"2024-09-12T18:00:33+00:00","article_modified_time":"2024-09-12T19:40:40+00:00","og_image":[{"width":800,"height":924,"url":"https:\/\/www.nexoinformativo.mx\/wp-content\/uploads\/2024\/09\/PHOTO-2024-09-12-13-06-52-e1726169757745.jpg","type":"image\/jpeg"}],"author":"Nexo Informativo","twitter_card":"summary_large_image","twitter_misc":{"Escrito por":"Nexo Informativo","Tiempo de lectura":"2 minutos"},"schema":{"@context":"https:\/\/schema.org","@graph":[{"@type":"Article","@id":"https:\/\/www.nexoinformativo.mx\/index.php\/2024\/09\/12\/suspension-de-servicio-de-agua-en-lomas-de-casa-blanca-este-viernes-por-trabajos-de-interconexion\/#article","isPartOf":{"@id":"https:\/\/www.nexoinformativo.mx\/index.php\/2024\/09\/12\/suspension-de-servicio-de-agua-en-lomas-de-casa-blanca-este-viernes-por-trabajos-de-interconexion\/"},"author":{"name":"Nexo Informativo","@id":"https:\/\/www.nexoinformativo.mx\/#\/schema\/person\/7749d380ba08c8ca00d7bc76fd907b7d"},"headline":"Suspensi\u00f3n de servicio de agua en Lomas de Casa Blanca este viernes por trabajos de interconexi\u00f3n","datePublished":"2024-09-12T18:00:33+00:00","dateModified":"2024-09-12T19:40:40+00:00","mainEntityOfPage":{"@id":"https:\/\/www.nexoinformativo.mx\/index.php\/2024\/09\/12\/suspension-de-servicio-de-agua-en-lomas-de-casa-blanca-este-viernes-por-trabajos-de-interconexion\/"},"wordCount":233,"commentCount":0,"publisher":{"@id":"https:\/\/www.nexoinformativo.mx\/#organization"},"image":{"@id":"https:\/\/www.nexoinformativo.mx\/index.php\/2024\/09\/12\/suspension-de-servicio-de-agua-en-lomas-de-casa-blanca-este-viernes-por-trabajos-de-interconexion\/#primaryimage"},"thumbnailUrl":"https:\/\/www.nexoinformativo.mx\/wp-content\/uploads\/2024\/09\/PHOTO-2024-09-12-13-06-52-e1726169757745.jpg","keywords":["CEAQueretaro","LomasDeCasaBlanca","ObrasQuer\u00e9taro","Quer\u00e9taroSinAgua"],"articleSection":["Sucesos","\u00daltima Hora"],"inLanguage":"es","potentialAction":[{"@type":"CommentAction","name":"Comment","target":["https:\/\/www.nexoinformativo.mx\/index.php\/2024\/09\/12\/suspension-de-servicio-de-agua-en-lomas-de-casa-blanca-este-viernes-por-trabajos-de-interconexion\/#respond"]}]},{"@type":"WebPage","@id":"https:\/\/www.nexoinformativo.mx\/index.php\/2024\/09\/12\/suspension-de-servicio-de-agua-en-lomas-de-casa-blanca-este-viernes-por-trabajos-de-interconexion\/","url":"https:\/\/www.nexoinformativo.mx\/index.php\/2024\/09\/12\/suspension-de-servicio-de-agua-en-lomas-de-casa-blanca-este-viernes-por-trabajos-de-interconexion\/","name":"Suspensi\u00f3n de servicio de agua en Lomas de Casa Blanca este viernes por trabajos de interconexi\u00f3n | Nexo Informativo Santiago de Quer\u00e9taro","isPartOf":{"@id":"https:\/\/www.nexoinformativo.mx\/#website"},"primaryImageOfPage":{"@id":"https:\/\/www.nexoinformativo.mx\/index.php\/2024\/09\/12\/suspension-de-servicio-de-agua-en-lomas-de-casa-blanca-este-viernes-por-trabajos-de-interconexion\/#primaryimage"},"image":{"@id":"https:\/\/www.nexoinformativo.mx\/index.php\/2024\/09\/12\/suspension-de-servicio-de-agua-en-lomas-de-casa-blanca-este-viernes-por-trabajos-de-interconexion\/#primaryimage"},"thumbnailUrl":"https:\/\/www.nexoinformativo.mx\/wp-content\/uploads\/2024\/09\/PHOTO-2024-09-12-13-06-52-e1726169757745.jpg","datePublished":"2024-09-12T18:00:33+00:00","dateModified":"2024-09-12T19:40:40+00:00","description":"Suspensi\u00f3n de servicio de agua en Lomas de Casa Blanca este viernes por trabajos de interconexi\u00f3n","breadcrumb":{"@id":"https:\/\/www.nexoinformativo.mx\/index.php\/2024\/09\/12\/suspension-de-servicio-de-agua-en-lomas-de-casa-blanca-este-viernes-por-trabajos-de-interconexion\/#breadcrumb"},"inLanguage":"es","potentialAction":[{"@type":"ReadAction","target":["https:\/\/www.nexoinformativo.mx\/index.php\/2024\/09\/12\/suspension-de-servicio-de-agua-en-lomas-de-casa-blanca-este-viernes-por-trabajos-de-interconexion\/"]}]},{"@type":"ImageObject","inLanguage":"es","@id":"https:\/\/www.nexoinformativo.mx\/index.php\/2024\/09\/12\/suspension-de-servicio-de-agua-en-lomas-de-casa-blanca-este-viernes-por-trabajos-de-interconexion\/#primaryimage","url":"https:\/\/www.nexoinformativo.mx\/wp-content\/uploads\/2024\/09\/PHOTO-2024-09-12-13-06-52-e1726169757745.jpg","contentUrl":"https:\/\/www.nexoinformativo.mx\/wp-content\/uploads\/2024\/09\/PHOTO-2024-09-12-13-06-52-e1726169757745.jpg","width":800,"height":924},{"@type":"BreadcrumbList","@id":"https:\/\/www.nexoinformativo.mx\/index.php\/2024\/09\/12\/suspension-de-servicio-de-agua-en-lomas-de-casa-blanca-este-viernes-por-trabajos-de-interconexion\/#breadcrumb","itemListElement":[{"@type":"ListItem","position":1,"name":"Inicio","item":"https:\/\/www.nexoinformativo.mx\/"},{"@type":"ListItem","position":2,"name":"Suspensi\u00f3n de servicio de agua en Lomas de Casa Blanca este viernes por trabajos de interconexi\u00f3n"}]},{"@type":"WebSite","@id":"https:\/\/www.nexoinformativo.mx\/#website","url":"https:\/\/www.nexoinformativo.mx\/","name":"Nexo Informativo Santiago de Quer\u00e9taro","description":"Explora NexoInformativo y convi\u00e9rtete en parte de una comunidad que valora el conocimiento y la verdad. Tu nexoinformativo es tu puente hacia una comprensi\u00f3n m\u00e1s profunda del mundo que te rodea.","publisher":{"@id":"https:\/\/www.nexoinformativo.mx\/#organization"},"potentialAction":[{"@type":"SearchAction","target":{"@type":"EntryPoint","urlTemplate":"https:\/\/www.nexoinformativo.mx\/?s={search_term_string}"},"query-input":{"@type":"PropertyValueSpecification","valueRequired":true,"valueName":"search_term_string"}}],"inLanguage":"es"},{"@type":"Organization","@id":"https:\/\/www.nexoinformativo.mx\/#organization","name":"Nexo Informativo Santiago de Quer\u00e9taro","url":"https:\/\/www.nexoinformativo.mx\/","logo":{"@type":"ImageObject","inLanguage":"es","@id":"https:\/\/www.nexoinformativo.mx\/#\/schema\/logo\/image\/","url":"https:\/\/www.nexoinformativo.mx\/wp-content\/uploads\/2024\/07\/nexoi-trasparente-2.png","contentUrl":"https:\/\/www.nexoinformativo.mx\/wp-content\/uploads\/2024\/07\/nexoi-trasparente-2.png","width":816,"height":339,"caption":"Nexo Informativo Santiago de Quer\u00e9taro"},"image":{"@id":"https:\/\/www.nexoinformativo.mx\/#\/schema\/logo\/image\/"},"sameAs":["https:\/\/www.facebook.com\/people\/Nexo-Informativo\/61564066885511\/"]},{"@type":"Person","@id":"https:\/\/www.nexoinformativo.mx\/#\/schema\/person\/7749d380ba08c8ca00d7bc76fd907b7d","name":"Nexo Informativo","image":{"@type":"ImageObject","inLanguage":"es","@id":"https:\/\/www.nexoinformativo.mx\/#\/schema\/person\/image\/","url":"https:\/\/secure.gravatar.com\/avatar\/dde2928154642a13d95f87ddf1ea9718fe2b46760a005c53e41ff5ad610704e6?s=96&d=mm&r=g","contentUrl":"https:\/\/secure.gravatar.com\/avatar\/dde2928154642a13d95f87ddf1ea9718fe2b46760a005c53e41ff5ad610704e6?s=96&d=mm&r=g","caption":"Nexo Informativo"},"url":"https:\/\/www.nexoinformativo.mx\/index.php\/author\/edicion\/"}]}},"_links":{"self":[{"href":"https:\/\/www.nexoinformativo.mx\/index.php\/wp-json\/wp\/v2\/posts\/1886","targetHints":{"allow":["GET"]}}],"collection":[{"href":"https:\/\/www.nexoinformativo.mx\/index.php\/wp-json\/wp\/v2\/posts"}],"about":[{"href":"https:\/\/www.nexoinformativo.mx\/index.php\/wp-json\/wp\/v2\/types\/post"}],"author":[{"embeddable":true,"href":"https:\/\/www.nexoinformativo.mx\/index.php\/wp-json\/wp\/v2\/users\/3"}],"replies":[{"embeddable":true,"href":"https:\/\/www.nexoinformativo.mx\/index.php\/wp-json\/wp\/v2\/comments?post=1886"}],"version-history":[{"count":4,"href":"https:\/\/www.nexoinformativo.mx\/index.php\/wp-json\/wp\/v2\/posts\/1886\/revisions"}],"predecessor-version":[{"id":1889,"href":"https:\/\/www.nexoinformativo.mx\/index.php\/wp-json\/wp\/v2\/posts\/1886\/revisions\/1889"}],"wp:featuredmedia":[{"embeddable":true,"href":"https:\/\/www.nexoinformativo.mx\/index.php\/wp-json\/wp\/v2\/media\/1887"}],"wp:attachment":[{"href":"https:\/\/www.nexoinformativo.mx\/index.php\/wp-json\/wp\/v2\/media?parent=1886"}],"wp:term":[{"taxonomy":"category","embeddable":true,"href":"https:\/\/www.nexoinformativo.mx\/index.php\/wp-json\/wp\/v2\/categories?post=1886"},{"taxonomy":"post_tag","embeddable":true,"href":"https:\/\/www.nexoinformativo.mx\/index.php\/wp-json\/wp\/v2\/tags?post=1886"}],"curies":[{"name":"wp","href":"https:\/\/api.w.org\/{rel}","templated":true}]}}